{"id":112821,"date":"2022-03-23T16:55:45","date_gmt":"2022-03-23T15:55:45","guid":{"rendered":"https:\/\/semmelweis.hu\/hirek\/?p=112821"},"modified":"2022-03-23T16:55:45","modified_gmt":"2022-03-23T15:55:45","slug":"ujabb-allami-elismereseket-vehettek-at-az-egyetem-munkatarsai","status":"publish","type":"post","link":"https:\/\/semmelweis.hu\/hirek\/2022\/03\/23\/ujabb-allami-elismereseket-vehettek-at-az-egyetem-munkatarsai\/","title":{"rendered":"\u00dajabb \u00e1llami elismer\u00e9seket vehettek \u00e1t az egyetem munkat\u00e1rsai"},"content":{"rendered":"<div class=\"lead\">A nemzeti \u00fcnnepet k\u00f6vet\u0151en, m\u00e1rcius 17-\u00e9n \u00fajabb \u00e1llami elismer\u00e9seket adott \u00e1t Schanda Tam\u00e1s, az Innov\u00e1ci\u00f3s \u00e9s Technol\u00f3giai Miniszt\u00e9rium parlamenti \u00e9s strat\u00e9giai \u00e1llamtitk\u00e1ra a Pesti Vigad\u00f3ban. Az egyetemr\u0151l Magyar \u00c9rdemrend tisztikeresztje polg\u00e1ri tagozat kit\u00fcntet\u00e9st kapott dr. Kellermayer Mikl\u00f3s, dr. Masszi Tam\u00e1s, dr. Paulin Ferenc, dr. Szab\u00f3 Attila \u00e9s dr. Zelk\u00f3 Rom\u00e1na. Magyar \u00c9rdemrend Lovagkeresztje polg\u00e1ri tagozat kit\u00fcntet\u00e9sben r\u00e9szes\u00fclt dr. S\u00e1ndor J\u00f3zsef.<\/div>\n<p>A Pesti Vigad\u00f3ban tartott \u00fcnneps\u00e9gen Magyar \u00c9rdemrend tisztikeresztje polg\u00e1ri tagozat kit\u00fcntet\u00e9st kapott a Semmelweis Egyetem \u00f6t munkat\u00e1rsa.<\/p>\n<p>D<span style=\"font-size: 1rem\">r. Kellermayer Mikl\u00f3s orvos, biofizikus, az \u00c1ltal\u00e1nos Orvostudom\u00e1nyi Kar d\u00e9k\u00e1nja, valamint Biofizikai \u00e9s Sug\u00e1rbiol\u00f3giai Int\u00e9zet igazgat\u00f3ja, egyetemi tan\u00e1ra, a Magyar Tudom\u00e1nyos Akad\u00e9mia doktora <\/span>az egyedi molekulam\u00f3dszerek fejleszt\u00e9se \u00e9s alkalmaz\u00e1sa vonatkoz\u00e1s\u00e1ban, valamint a nanobiotechnol\u00f3gia ter\u00fclet\u00e9n folytatott kutat\u00f3i \u00e9s oktat\u00f3i munk\u00e1ja elismer\u00e9sek\u00e9nt vehette \u00e1t a d\u00edjat.\u00a0<\/p>\n<p>Dr. Masszi Tam\u00e1s belgy\u00f3gy\u00e1sz, hematol\u00f3gus, egyetemi tan\u00e1r, az \u00c1ltal\u00e1nos Orvostudom\u00e1nyi Kar oktat\u00e1si d\u00e9k\u00e1nhelyettese, valamint Belgy\u00f3gy\u00e1szati \u00e9s Hematol\u00f3giai Klinika igazgat\u00f3ja, a Bels\u0151 Klinikai T\u00f6mb orvos-f\u0151igazgat\u00f3ja a korszer\u0171 csontvel\u0151-transzplant\u00e1ci\u00f3 egyik meghonos\u00edt\u00f3jak\u00e9nt v\u00e9gzett \u00e9s a s\u00falyos hematol\u00f3giai betegs\u00e9gekben szenved\u0151k megseg\u00edt\u00e9se ir\u00e1nt elk\u00f6telezett gy\u00f3gy\u00edt\u00f3 munk\u00e1ja, valamint a nemzetk\u00f6zi szakmai k\u00f6z\u00e9letben bet\u00f6lt\u00f6tt jelent\u0151s szerepe elismer\u00e9sek\u00e9nt kapta meg a kit\u00fcntet\u00e9st<\/p>\n<p>A sz\u00fcl\u00e9szet-n\u0151gy\u00f3gy\u00e1szat ter\u00fclet\u00e9n, k\u00fcl\u00f6n\u00f6sen a korasz\u00fcl\u00e9s megel\u0151z\u00e9se \u00e9rdek\u00e9ben t\u00f6bb \u00e9vtizede odaad\u00f3an v\u00e9gzett munk\u00e1ja, valamint kiemelked\u0151 oktat\u00f3i tev\u00e9kenys\u00e9ge kapcs\u00e1n d\u00edjazt\u00e1k dr. Paulin Ferenc Batthy\u00e1ny-Strattmann L\u00e1szl\u00f3-d\u00edjas sz\u00fcl\u00e9sz-n\u0151gy\u00f3gy\u00e1szt, az orvostudom\u00e1ny doktor\u00e1t, a Sz\u00fcl\u00e9szeti \u00e9s N\u0151gy\u00f3gy\u00e1szati Klinika professor emeritus\u00e1t \u00e9s kor\u00e1bbi igazgat\u00f3j\u00e1t.\u00a0<\/p>\n<p>Dr. Szab\u00f3 Attila gyermekgy\u00f3gy\u00e1sz, nephrol\u00f3gus, a Magyar Tudom\u00e1nyos Akad\u00e9mia doktora, az egyetem klinikai rektorhelyettese \u00e9s Klinikai K\u00f6zpontj\u00e1nak eln\u00f6ke, valamint az I. Sz. Gyermekgy\u00f3gy\u00e1szati Klinika igazgat\u00f3ja, egyetemi tan\u00e1ra a gyermekeg\u00e9szs\u00e9g\u00fcgy ter\u00fclet\u00e9n v\u00e9gzett kiv\u00e1l\u00f3 sz\u00ednvonal\u00fa klinikai \u00e9s tudom\u00e1nyos munk\u00e1ja, \u00e9rt\u00e9kes oktat\u00f3i \u00e9s tehets\u00e9ggondoz\u00f3 tev\u00e9kenys\u00e9ge, valamint f\u00e1radhatatlan vezet\u0151i \u00e9s szervez\u0151munk\u00e1ja elismer\u00e9sek\u00e9nt vette \u00e1t a d\u00edjat.\u00a0\u00a0<\/p>\n<p>Dr. Zelk\u00f3 Rom\u00e1na gy\u00f3gyszer\u00e9szt, a Magyar Tudom\u00e1nyos Akad\u00e9mia doktor\u00e1t, a Gy\u00f3gyszer\u00e9sztudom\u00e1nyi Kar Egyetemi Gy\u00f3gyszert\u00e1r Gy\u00f3gyszer\u00fcgyi Szervez\u00e9si Int\u00e9zet\u00e9nek egyetemi tan\u00e1ra, int\u00e9zetigazgat\u00f3j\u00e1t kimagasl\u00f3 oktat\u00f3- \u00e9s kutat\u00f3munk\u00e1ja, valamint a Gy\u00f3gyszer\u00e9sztudom\u00e1nyi Kar korszer\u0171 m\u0171k\u00f6dtet\u00e9se \u00e9s szakmai fejleszt\u00e9se \u00e9rdek\u00e9ben v\u00e9gzett, kiemelked\u0151en eredm\u00e9nyes vezet\u0151i \u00e9s oktat\u00e1sir\u00e1ny\u00edt\u00f3i tev\u00e9kenys\u00e9g\u00e9\u00e9rt ismert\u00e9k el.\u00a0\u00a0<\/p>\n<p>Magyar \u00c9rdemrend Lovagkeresztje polg\u00e1ri tagozat kit\u00fcntet\u00e9st \u00edt\u00e9ltek oda a magyar seb\u00e9szet fejleszt\u00e9se \u00e9rdek\u00e9ben t\u00f6bb mint \u00f6t \u00e9vtizeden \u00e1t nagy odaad\u00e1ssal \u00e9s magas sz\u00ednvonalon v\u00e9gzett szakmai munk\u00e1ja, valamint a hazai laparoszk\u00f3pi\u00e1s seb\u00e9szet elind\u00edt\u00e1s\u00e1ban v\u00e1llalt szerepe elismer\u00e9sek\u00e9nt dr. S\u00e1ndor J\u00f3zsef Batthy\u00e1ny-Strattmann L\u00e1szl\u00f3-d\u00edjas seb\u00e9sz, az \u00c1ltal\u00e1nos Orvostudom\u00e1nyi Kar Seb\u00e9szeti, Transzplant\u00e1ci\u00f3s \u00e9s Gasztroenterol\u00f3giai Klinika, Seb\u00e9szeti Tansz\u00e9ki Oktat\u00f3 Csoport nyugalmazott egyetemi tan\u00e1ra, valamint a V\u00e1rosmajori Sz\u00edv- \u00e9s \u00c9rgy\u00f3gy\u00e1szati Klinika K\u00eds\u00e9rletes \u00e9s Seb\u00e9szeti M\u0171t\u00e9ttani Tansz\u00e9k\u00e9nek tudom\u00e1nyos szaktan\u00e1csad\u00f3ja sz\u00e1m\u00e1ra.<\/p>\n<p>A nemzeti \u00fcnnephez kapcsol\u00f3d\u00f3an kor\u00e1bban \u00e1tadott \u00e1llami elismer\u00e9sekr\u0151l sz\u00f3l\u00f3 cikk\u00fcnk <a href=\"https:\/\/semmelweis.hu\/hirek\/2022\/03\/14\/allami-elismeresek-egyetemi-munkatarsaknak-marcius-15-e-alkalmabol\/\">erre a linkre kattintva<\/a> olvashat\u00f3.<\/p>\n<p>B\u00f3di Bernadett<br \/>\nFot\u00f3 forr\u00e1sa: ITM<\/p>\n","protected":false},"excerpt":{"rendered":"<p>A nemzeti \u00fcnnep alkalm\u00e1b\u00f3l hatan kaptak d\u00edjat az egyetemr\u0151l a Pesti Vigad\u00f3ban rendezett \u00fcnneps\u00e9gen. <\/p>\n","protected":false},"author":101282,"featured_media":112825,"comment_status":"closed","ping_status":"closed","sticky":false,"template":"","format":"standard","meta":{"_acf_changed":false,"footnotes":""},"categories":[157,168],"tags":[4070,158],"class_list":["post-112821","post","type-post","status-publish","format-standard","has-post-thumbnail","hentry","category-semmelweis-vilag","category-kiemelt","tag-allami-kituntetes","tag-dijak-kituntetesek"],"acf":[],"_links":{"self":[{"href":"https:\/\/semmelweis.hu\/hirek\/wp-json\/wp\/v2\/posts\/112821","targetHints":{"allow":["GET"]}}],"collection":[{"href":"https:\/\/semmelweis.hu\/hirek\/wp-json\/wp\/v2\/posts"}],"about":[{"href":"https:\/\/semmelweis.hu\/hirek\/wp-json\/wp\/v2\/types\/post"}],"author":[{"embeddable":true,"href":"https:\/\/semmelweis.hu\/hirek\/wp-json\/wp\/v2\/users\/101282"}],"replies":[{"embeddable":true,"href":"https:\/\/semmelweis.hu\/hirek\/wp-json\/wp\/v2\/comments?post=112821"}],"version-history":[{"count":7,"href":"https:\/\/semmelweis.hu\/hirek\/wp-json\/wp\/v2\/posts\/112821\/revisions"}],"predecessor-version":[{"id":112830,"href":"https:\/\/semmelweis.hu\/hirek\/wp-json\/wp\/v2\/posts\/112821\/revisions\/112830"}],"wp:featuredmedia":[{"embeddable":true,"href":"https:\/\/semmelweis.hu\/hirek\/wp-json\/wp\/v2\/media\/112825"}],"wp:attachment":[{"href":"https:\/\/semmelweis.hu\/hirek\/wp-json\/wp\/v2\/media?parent=112821"}],"wp:term":[{"taxonomy":"category","embeddable":true,"href":"https:\/\/semmelweis.hu\/hirek\/wp-json\/wp\/v2\/categories?post=112821"},{"taxonomy":"post_tag","embeddable":true,"href":"https:\/\/semmelweis.hu\/hirek\/wp-json\/wp\/v2\/tags?post=112821"}],"curies":[{"name":"wp","href":"https:\/\/api.w.org\/{rel}","templated":true}]}}