{"id":11253,"date":"2012-05-02T05:39:33","date_gmt":"2012-05-02T05:39:33","guid":{"rendered":"http:\/\/semmelweis-egyetem.hu\/hirek\/?p=11253"},"modified":"2012-06-11T15:18:54","modified_gmt":"2012-06-11T15:18:54","slug":"a-szeles-napok-fokozzak-a-panaszokat-majus-elseje-az-asztma-vilagnapja","status":"publish","type":"post","link":"https:\/\/semmelweis.hu\/hirek\/2012\/05\/02\/a-szeles-napok-fokozzak-a-panaszokat-majus-elseje-az-asztma-vilagnapja\/","title":{"rendered":"A szeles napok fokozz\u00e1k a panaszokat: M\u00e1jus elseje az Asztma Vil\u00e1gnapja"},"content":{"rendered":"<p><a href=\"https:\/\/semmelweis.hu\/mediasarok\/files\/2012\/04\/20110923-IMG_5288.jpg\"><img loading=\"lazy\" decoding=\"async\" class=\"alignright size-medium wp-image-18788\" src=\"https:\/\/semmelweis.hu\/mediasarok\/files\/2012\/04\/20110923-IMG_5288-224x300.jpg\" alt=\"\" width=\"224\" height=\"300\" \/><\/a>Magyarorsz\u00e1gon m\u00e9g mindig megfullad \u00e9vente t\u00f6bb mint 100 beteg asztm\u00e1s roham k\u00f6vetkezt\u00e9ben. Az orsz\u00e1gban negyedmilli\u00f3 nyilv\u00e1ntartott asztm\u00e1s ember \u00e9l, t\u00f6bbs\u00e9g\u00fck betegs\u00e9ge biztosan allergi\u00e1s eredet\u0171. A leveg\u0151 pollentartalm\u00e1t a sz\u00e1razs\u00e1g, a meleg, a naps\u00fct\u00e9s \u00e9s a szeles id\u0151 tov\u00e1bb fokozza.<\/p>\n<p>Az asztm\u00e1sok t\u00f6bbs\u00e9ge nem kellene, hogy v\u00e9dtelen legyen \u2013 emeli ki dr. Losonczy Gy\u00f6rgy, a Semmelweis Egyetem Pulmonol\u00f3giai Klinika igazgat\u00f3ja. Az elm\u00falt 10-15 \u00e9vben sz\u00e9les k\u00f6rben el\u00e9rhet\u0151v\u00e9 v\u00e1ltak a k\u00fcl\u00f6nf\u00e9le inhal\u00e1ci\u00f3s gyullad\u00e1sg\u00e1tl\u00f3 \u00e9s h\u00f6rg\u0151t\u00e1g\u00edt\u00f3 antiasztmatikumok. Az OEP 90%-os t\u00e1mogat\u00e1st biztos\u00edt, ha haszn\u00e1latukat t\u00fcd\u0151gy\u00f3gy\u00e1sz szakorvos javasolja. Azonban szakmai berkekben k\u00f6zismert, hogy az asztm\u00e1s betegeknek csak egy kis t\u00f6red\u00e9ke k\u00f6veti az orvos utas\u00edt\u00e1sait a fenntart\u00f3 antiasztmatikus szereket illet\u0151en \u2013 h\u00edvta fel a figyelmet dr. Losonczy Gy\u00f6rgy a probl\u00e9m\u00e1ra. A t\u00fcnetek teljes gy\u00f3gyszeres kontrollja fontos lenne pollenszezon alatt \u00e9s pollenszezonon k\u00edv\u00fcl is, de sajnos a betegek sokszor kevesebbel is megel\u00e9gszenek. Tavasszal \u2013 vagy m\u00e1r febru\u00e1rban \u2013 \u00e9rdemes kik\u00e9rni az orvos tan\u00e1cs\u00e1t a megel\u0151z\u00e9sr\u0151l, mert m\u00e9g a j\u00f3l be\u00e1ll\u00edtott, kontroll\u00e1lt asztm\u00e1s beteg t\u00fcnetei is biztosan megjelennek, ha a pollenkoncentr\u00e1ci\u00f3 fokozott\u00e1 v\u00e1lik.<\/p>\n<p><a href=\"https:\/\/semmelweis.hu\/mediasarok\/files\/2012\/04\/20110923-IMG_5261.jpg\"><img loading=\"lazy\" decoding=\"async\" class=\"size-medium wp-image-18789 alignleft\" src=\"https:\/\/semmelweis.hu\/mediasarok\/files\/2012\/04\/20110923-IMG_5261-300x200.jpg\" alt=\"\" width=\"300\" height=\"200\" \/><\/a>Az \u00e9rintett betegeket meg kell tan\u00edtani a tudatos t\u00fcnetmegel\u0151z\u0151 magatart\u00e1sra, vagyis arra, hogy a szezonon k\u00edv\u00fcli antiasztmatikus ter\u00e1pia szezonban el\u00e9gtelen. A probl\u00e9m\u00e1val egy\u00fctt lehet \u00e9lni, j\u00f3 p\u00e9lda erre, hogy t\u00f6bb olimpiai bajnok is asztm\u00e1s. Megfelel\u0151en megv\u00e1lasztott \u00e9s nagyobb d\u00f3zisban alkalmazott gy\u00f3gyszerekkel a pollenszezon \u00e1ltal okozott \u00e1llapotroml\u00e1s megel\u0151zhet\u0151. Az asztm\u00e1s betegeknek egy kis h\u00e1nyad\u00e1ban nagyobb d\u00f3zis\u00fa inhal\u00e1ci\u00f3s szerekkel sem lehet uralni a t\u00fcneteket, sz\u00e1mukra k\u00fcl\u00f6n\u00f6sen megfontoland\u00f3 a pollenszezonra val\u00f3 tudatos \u201efelk\u00e9sz\u00fcl\u00e9s\u201d, az orvossal tartott szoros kapcsolat \u00e9s a fenyeget\u0151 t\u00fcnetek felismer\u00e9se. Az allergi\u00e1s asztma bronchiale ma m\u00e1r nem hal\u00e1los, m\u00e9gis csaknem minden harmadik napon megfullad egy beteg. Ahhoz, hogy ez a sz\u00e1m null\u00e1ra cs\u00f6kkenjen, tanul\u00e1si-tan\u00edt\u00e1si folyamatra van sz\u00fcks\u00e9g \u2013 f\u0171zte hozz\u00e1 dr. Losonczy Gy\u00f6rgy.<\/p>\n<p>SzZs<strong><br \/>\n<\/strong><\/p>\n","protected":false},"excerpt":{"rendered":"<p><a href=\"https:\/\/semmelweis.hu\/mediasarok\/files\/2012\/04\/20110923-IMG_5288.jpg\"><\/a> Magyarorsz\u00e1gon m\u00e9g mindig megfullad \u00e9vente t\u00f6bb mint 100 beteg asztm\u00e1s roham k\u00f6vetkezt\u00e9ben. Az orsz\u00e1gban negyedmilli\u00f3 nyilv\u00e1ntartott asztm\u00e1s ember \u00e9l, t\u00f6bbs\u00e9g\u00fck betegs\u00e9ge biztosan allergi\u00e1s eredet\u0171. A leveg\u0151 pollentartalm\u00e1t a sz\u00e1razs\u00e1g, a meleg, a naps\u00fct\u00e9s \u00e9s a szeles id\u0151 tov\u00e1bb fokozza. Az asztm\u00e1sok t\u00f6bbs\u00e9ge nem kellene, hogy v\u00e9dtelen legyen \u2013 emeli ki dr. Losonczy Gy\u00f6rgy, a Semmelweis &hellip;<\/p>\n","protected":false},"author":10,"featured_media":11254,"comment_status":"closed","ping_status":"open","sticky":false,"template":"","format":"standard","meta":{"_acf_changed":false,"footnotes":""},"categories":[154,168],"tags":[162],"class_list":["post-11253","post","type-post","status-publish","format-standard","has-post-thumbnail","hentry","category-egeszseg","category-kiemelt","tag-eletmod-eletmod"],"acf":[],"_links":{"self":[{"href":"https:\/\/semmelweis.hu\/hirek\/wp-json\/wp\/v2\/posts\/11253","targetHints":{"allow":["GET"]}}],"collection":[{"href":"https:\/\/semmelweis.hu\/hirek\/wp-json\/wp\/v2\/posts"}],"about":[{"href":"https:\/\/semmelweis.hu\/hirek\/wp-json\/wp\/v2\/types\/post"}],"author":[{"embeddable":true,"href":"https:\/\/semmelweis.hu\/hirek\/wp-json\/wp\/v2\/users\/10"}],"replies":[{"embeddable":true,"href":"https:\/\/semmelweis.hu\/hirek\/wp-json\/wp\/v2\/comments?post=11253"}],"version-history":[{"count":1,"href":"https:\/\/semmelweis.hu\/hirek\/wp-json\/wp\/v2\/posts\/11253\/revisions"}],"predecessor-version":[{"id":11267,"href":"https:\/\/semmelweis.hu\/hirek\/wp-json\/wp\/v2\/posts\/11253\/revisions\/11267"}],"wp:featuredmedia":[{"embeddable":true,"href":"https:\/\/semmelweis.hu\/hirek\/wp-json\/wp\/v2\/media\/11254"}],"wp:attachment":[{"href":"https:\/\/semmelweis.hu\/hirek\/wp-json\/wp\/v2\/media?parent=11253"}],"wp:term":[{"taxonomy":"category","embeddable":true,"href":"https:\/\/semmelweis.hu\/hirek\/wp-json\/wp\/v2\/categories?post=11253"},{"taxonomy":"post_tag","embeddable":true,"href":"https:\/\/semmelweis.hu\/hirek\/wp-json\/wp\/v2\/tags?post=11253"}],"curies":[{"name":"wp","href":"https:\/\/api.w.org\/{rel}","templated":true}]}}