{"id":112220,"date":"2022-03-11T10:34:26","date_gmt":"2022-03-11T09:34:26","guid":{"rendered":"https:\/\/semmelweis.hu\/hirek\/?p=112220"},"modified":"2022-03-11T18:49:09","modified_gmt":"2022-03-11T17:49:09","slug":"tobbmilliardos-komplex-fejlesztes-elso-uteme-keszult-el-a-varosmajori-sziv-es-ergyogyaszati-klinikan","status":"publish","type":"post","link":"https:\/\/semmelweis.hu\/hirek\/2022\/03\/11\/tobbmilliardos-komplex-fejlesztes-elso-uteme-keszult-el-a-varosmajori-sziv-es-ergyogyaszati-klinikan\/","title":{"rendered":"T\u00f6bbmilli\u00e1rdos, komplex fejleszt\u00e9s els\u0151 \u00fcteme k\u00e9sz\u00fclt el a V\u00e1rosmajori Sz\u00edv- \u00e9s \u00c9rgy\u00f3gy\u00e1szati Klinik\u00e1n"},"content":{"rendered":"<div class=\"lead\">\u00daj, a nyirokseb\u00e9szeti beavatkoz\u00e1s hazai bevezet\u00e9s\u00e9nek helysz\u00ednt biztos\u00edt\u00f3 m\u0171t\u0151vel, vil\u00e1gsz\u00ednvonal\u00fa tudom\u00e1nyos kutat\u00f3laborat\u00f3riummal, valamint orvosi \u00e9s asszisztensi pihen\u0151szob\u00e1kkal b\u0151v\u00fclt az els\u0151 \u00fctemben a Semmelweis Egyetem V\u00e1rosmajori Sz\u00edv- \u00e9s \u00c9rgy\u00f3gy\u00e1szati Klinik\u00e1ja, mely \u00f6sszesen t\u00f6bb mint h\u00e9t \u00e9s f\u00e9lmilli\u00e1rd forintb\u00f3l \u00fajul meg 2022 \u0151sz\u00e9re. A klinika fejleszt\u00e9se ezt k\u00f6vet\u0151en is folytat\u00f3dik: a k\u00f6vetkez\u0151 \u00e9vekben egy \u00faj \u00e9p\u00fcletsz\u00e1rny is meg\u00e9p\u00fcl, amely a legmodernebb diagnosztikai \u00e9s ter\u00e1pi\u00e1s berendez\u00e9sekkel j\u00e1rul hozz\u00e1 a m\u00e1r most Eur\u00f3pa vezet\u0151 int\u00e9zm\u00e9nyei k\u00f6z\u00e9 tartoz\u00f3 klinika oktat\u00f3, kutat\u00f3- \u00e9s gy\u00f3gy\u00edt\u00f3 munk\u00e1j\u00e1hoz.<\/div>\n<p><a href=\"https:\/\/semmelweis.hu\/hirek\/files\/2022\/03\/RS146192_C19A5906-scr.jpg\"><img loading=\"lazy\" decoding=\"async\" class=\"alignright wp-image-112226 size-medium\" src=\"https:\/\/semmelweis.hu\/hirek\/files\/2022\/03\/RS146192_C19A5906-scr-400x267.jpg\" alt=\"\" width=\"400\" height=\"267\" srcset=\"https:\/\/semmelweis.hu\/hirek\/files\/2022\/03\/RS146192_C19A5906-scr-400x267.jpg 400w, https:\/\/semmelweis.hu\/hirek\/files\/2022\/03\/RS146192_C19A5906-scr-900x600.jpg 900w, https:\/\/semmelweis.hu\/hirek\/files\/2022\/03\/RS146192_C19A5906-scr-768x512.jpg 768w, https:\/\/semmelweis.hu\/hirek\/files\/2022\/03\/RS146192_C19A5906-scr-753x502.jpg 753w, https:\/\/semmelweis.hu\/hirek\/files\/2022\/03\/RS146192_C19A5906-scr-203x135.jpg 203w, https:\/\/semmelweis.hu\/hirek\/files\/2022\/03\/RS146192_C19A5906-scr.jpg 1200w\" sizes=\"auto, (max-width: 400px) 100vw, 400px\" \/><\/a>\u201eM\u00e9rf\u00f6ldk\u0151h\u00f6z \u00e9rkezett a Semmelweis Egyetem, \u00e9s annak z\u00e1szl\u00f3shaj\u00f3ja, a V\u00e1rosmajori- Sz\u00edv \u00e9s \u00c9rgy\u00f3gy\u00e1szati Klinika\u201d \u2013 fogalmazott dr. Merkely B\u00e9la rektor, klinikaigazgat\u00f3 azon az esem\u00e9nyen, amelynek keret\u00e9ben h\u00e1rom most lez\u00e1rult, jelent\u0151s fejleszt\u00e9st adtak \u00e1t. A kardiovaszkul\u00e1ris megbeteged\u00e9sek a leggyakoribb n\u00e9pbetegs\u00e9gnek sz\u00e1m\u00edtanak, \u00e9s ezek a vezet\u0151 hal\u00e1lokok Magyarorsz\u00e1gon. Ez\u00e9rt nagyon fontos, hogy eur\u00f3pai szinten is a leger\u0151sebbek k\u00f6z\u00e9 tartozzunk ebben a diszcipl\u00edn\u00e1ban \u2013 hangs\u00falyozta a rektor, aki eml\u00e9keztett: kardiovaszkul\u00e1ris ter\u00fcleten a Semmelweis Egyetem m\u00e1r most <a href=\"https:\/\/semmelweis.hu\/hirek\/2021\/11\/19\/kardiovaszkularis-teruleten-a-vilag-55-legjobb-egyeteme-a-semmelweis\/\" target=\"_blank\" rel=\"noopener\">a vil\u00e1g 55. legjobb int\u00e9zm\u00e9nye<\/a>.<\/p>\n<p><a href=\"https:\/\/semmelweis.hu\/hirek\/files\/2022\/03\/RS146178_C19A5864-scr-1.jpg\"><img loading=\"lazy\" decoding=\"async\" class=\"alignleft wp-image-112253 size-medium\" src=\"https:\/\/semmelweis.hu\/hirek\/files\/2022\/03\/RS146178_C19A5864-scr-1-400x252.jpg\" alt=\"\" width=\"400\" height=\"252\" srcset=\"https:\/\/semmelweis.hu\/hirek\/files\/2022\/03\/RS146178_C19A5864-scr-1-400x252.jpg 400w, https:\/\/semmelweis.hu\/hirek\/files\/2022\/03\/RS146178_C19A5864-scr-1-900x566.jpg 900w, https:\/\/semmelweis.hu\/hirek\/files\/2022\/03\/RS146178_C19A5864-scr-1-768x483.jpg 768w, https:\/\/semmelweis.hu\/hirek\/files\/2022\/03\/RS146178_C19A5864-scr-1-753x474.jpg 753w, https:\/\/semmelweis.hu\/hirek\/files\/2022\/03\/RS146178_C19A5864-scr-1.jpg 1200w\" sizes=\"auto, (max-width: 400px) 100vw, 400px\" \/><\/a>Az elk\u00e9sz\u00fclt beruh\u00e1z\u00e1sokat ismertetve a rektor elmondta: a dr. Gloviczki P\u00e9ter nemzetk\u00f6zi h\u00edr\u0171 \u00e9rseb\u00e9szr\u0151l elnevezett m\u0171t\u0151ben olyan, a mikroseb\u00e9szetet \u00e9s az \u00e9rseb\u00e9szetet kombin\u00e1l\u00f3 rekonstrukci\u00f3s nyirokseb\u00e9szeti beavatkoz\u00e1sokat fognak v\u00e9gezni, amelyek jelenleg eur\u00f3pai szinten is csak n\u00e9h\u00e1ny helyen \u00e9rhet\u0151k el. A klinika V\u00e1rosmajor u. 68. alatti f\u0151\u00e9p\u00fclet\u00e9ben megval\u00f3sul\u00f3 beruh\u00e1z\u00e1s tov\u00e1bbi \u00fctem\u00e9ben a t\u00f6bbi m\u0171t\u0151 is meg\u00fajul \u00e9s l\u00e9trej\u00f6n egy 10 \u00e1gyas transzplant\u00e1ci\u00f3s oszt\u00e1ly, tov\u00e1bb\u00e1 \u00faj oktat\u00e1si terek is alakulnak. Az \u0151sszel z\u00e1rul\u00f3, korm\u00e1nyzati t\u00e1mogat\u00e1sb\u00f3l megval\u00f3sul\u00f3 projekt teljes k\u00f6lts\u00e9ge 3,8 milli\u00e1rd forint, amelyet 1,7 milli\u00e1rd forint \u00e9rt\u00e9k\u0171 eszk\u00f6zfejleszt\u00e9s is k\u00eds\u00e9r.<\/p>\n<p>A Juh\u00e1sz-Nagy S\u00e1ndor Tudom\u00e1nyos Kutat\u00f3 Laborat\u00f3riumban egymilli\u00e1rd forint \u00e9rt\u00e9k\u0171 fel\u00faj\u00edt\u00e1s \u00e9s b\u0151v\u00edt\u00e9s t\u00f6rt\u00e9nt a Nemzeti Sz\u00edvprogram \u00e9s az Innov\u00e1ci\u00f3s \u00e9s Technol\u00f3giai Miniszt\u00e9rium (ITM) t\u00e1mogat\u00e1s\u00e1val. A Hat\u00e1r\u0151r \u00fati K\u00e9palkot\u00f3 Diagnosztikai R\u00e9szleg pedig a t\u00f6bb mint 700 milli\u00f3 forintos KEOP-p\u00e1ly\u00e1zatb\u00f3l megval\u00f3sult fejleszt\u00e9snek k\u00f6sz\u00f6nhet\u0151en \u00fajult meg energetikai szempontb\u00f3l \u2013 ismertette a rektor. A mostani \u00fctem r\u00e9szek\u00e9nt a f\u0151\u00e9p\u00fclet tet\u0151ter\u00e9ben \u00faj orvosi \u00fcgyeleti szob\u00e1kat is kialak\u00edtottak.<\/p>\n<div class=\"fontos_div\">\n<p>A rektor sz\u00f3lt arr\u00f3l is, hogy a klinika a k\u00f6vetkez\u0151 \u00e9vekben tov\u00e1bb b\u0151v\u00fcl: a V\u00e1rosmajor 70. projekt keret\u00e9ben a szomsz\u00e9dos telken egy \u00faj sz\u00e1rny j\u00f6n l\u00e9tre, amelyet z\u00e1rt folyos\u00f3 k\u00f6t majd \u00f6ssze a f\u0151\u00e9p\u00fclettel. Az \u00faj sz\u00e1rnyban egyebek mellett a legkorszer\u0171bb k\u00e9palkot\u00f3 diagnosztikai \u00e9s kat\u00e9terter\u00e1pi\u00e1s berendez\u00e9sek, tov\u00e1bb\u00e1 ambulanci\u00e1k, hallgat\u00f3i terek kapnak majd helyet.<\/p>\n<\/div>\n<p><a href=\"https:\/\/semmelweis.hu\/hirek\/files\/2022\/03\/RS146206_C19A5993-scr.jpg\"><img loading=\"lazy\" decoding=\"async\" class=\"alignleft wp-image-112227 size-medium\" src=\"https:\/\/semmelweis.hu\/hirek\/files\/2022\/03\/RS146206_C19A5993-scr-274x400.jpg\" alt=\"\" width=\"274\" height=\"400\" srcset=\"https:\/\/semmelweis.hu\/hirek\/files\/2022\/03\/RS146206_C19A5993-scr-274x400.jpg 274w, https:\/\/semmelweis.hu\/hirek\/files\/2022\/03\/RS146206_C19A5993-scr-548x800.jpg 548w, https:\/\/semmelweis.hu\/hirek\/files\/2022\/03\/RS146206_C19A5993-scr.jpg 617w\" sizes=\"auto, (max-width: 274px) 100vw, 274px\" \/><\/a>Dr. Hank\u00f3 Bal\u00e1zs, az ITM fels\u0151oktat\u00e1s\u00e9rt felel\u0151s helyettes \u00e1llamtitk\u00e1ra az \u00e1tad\u00f3 \u00fcnneps\u00e9gen kiemelte: nemcsak a Semmelweis Egyetem \u00e9s a V\u00e1rosmajori Sz\u00edv- \u00e9s \u00c9rgy\u00f3gy\u00e1szati Klinika sz\u00e1m\u00e1ra \u00fcnnep a mai nap, hanem az orvos-, eg\u00e9szs\u00e9gtudom\u00e1nyi oktat\u00e1snak, kutat\u00e1snak \u00e9s az eg\u00e9szs\u00e9g\u00fcgynek is. A helyettes \u00e1llamtitk\u00e1r a fejleszt\u00e9sek megval\u00f3sul\u00e1s\u00e1ban kiemelte a korm\u00e1ny Fokozatv\u00e1lt\u00e1s a fels\u0151oktat\u00e1sban programj\u00e1nak szerep\u00e9t, amely \u2013 mint fogalmazott \u2013 \u00fagy poz\u00edcion\u00e1lta az orvos- eg\u00e9szs\u00e9gtudom\u00e1nyi oktat\u00e1st, kutat\u00e1st, betegell\u00e1t\u00e1st, hogy ma az orsz\u00e1g eur\u00f3pai szinten vezet\u0151 a fels\u0151oktat\u00e1si beruh\u00e1z\u00e1sok tekintet\u00e9ben. A k\u00f6vetkez\u0151 \u00e9vekben 2700 milli\u00e1rdos fejleszt\u00e9s \u00e1ll a fels\u0151oktat\u00e1s rendelkez\u00e9s\u00e9re, az orvos- \u00e9s eg\u00e9szs\u00e9gtudom\u00e1nyi kutat\u00e1sokat pedig k\u00fcl\u00f6n alap szolg\u00e1lja \u2013 sorolta dr. Hank\u00f3 Bal\u00e1zs. Eml\u00e9keztetett arra is, hogy a hazai egyetemek egyre kiemeltebb helyen szerepelnek a vil\u00e1grangsorokban, a Semmelweis Egyetem pedig m\u00e1r a legjobb 1 sz\u00e1zal\u00e9kba is beker\u00fclt. \u201eA feladat innent\u0151l nem m\u00e1s, mint hogy a meg\u00fajult infrastrukt\u00far\u00e1t a hallgat\u00f3k, oktat\u00f3k, kutat\u00f3k \u00e9s betegek \u00e9rdek\u00e9ben haszn\u00e1ljuk\u201d \u2013 z\u00e1rta k\u00f6sz\u00f6nt\u0151j\u00e9t.<\/p>\n<p>Az esem\u00e9nyt megnyit\u00f3 besz\u00e9dek ut\u00e1n a bej\u00e1r\u00e1s keret\u00e9ben els\u0151k\u00e9nt a Gloviczki P\u00e9ter M\u0171t\u0151t tekintett\u00e9k meg a r\u00e9sztvev\u0151k, az \u00fcnnep\u00e9lyes \u00e1tad\u00e1s keret\u00e9ben a szalagot dr. Hank\u00f3 Bal\u00e1zs, dr. Merkely B\u00e9la \u00e9s dr. Gloviczki P\u00e9ter v\u00e1gta \u00e1t.<\/p>\n<p><a href=\"https:\/\/semmelweis.hu\/hirek\/files\/2022\/03\/RS146236_C19A6255-scr.jpg\"><img loading=\"lazy\" decoding=\"async\" class=\"aligncenter wp-image-112228 size-full\" src=\"https:\/\/semmelweis.hu\/hirek\/files\/2022\/03\/RS146236_C19A6255-scr.jpg\" alt=\"\" width=\"1200\" height=\"800\" srcset=\"https:\/\/semmelweis.hu\/hirek\/files\/2022\/03\/RS146236_C19A6255-scr.jpg 1200w, https:\/\/semmelweis.hu\/hirek\/files\/2022\/03\/RS146236_C19A6255-scr-400x267.jpg 400w, https:\/\/semmelweis.hu\/hirek\/files\/2022\/03\/RS146236_C19A6255-scr-900x600.jpg 900w, https:\/\/semmelweis.hu\/hirek\/files\/2022\/03\/RS146236_C19A6255-scr-768x512.jpg 768w, https:\/\/semmelweis.hu\/hirek\/files\/2022\/03\/RS146236_C19A6255-scr-753x502.jpg 753w, https:\/\/semmelweis.hu\/hirek\/files\/2022\/03\/RS146236_C19A6255-scr-203x135.jpg 203w\" sizes=\"auto, (max-width: 1200px) 100vw, 1200px\" \/><\/a>Dr. Merkely B\u00e9la a m\u0171t\u0151 n\u00e9vad\u00f3j\u00e1t m\u00e9ltatva hangs\u00falyozta: \u0151 a legnagyobb karriert befutott magyar sz\u00e1rmaz\u00e1s\u00fa \u00e9rseb\u00e9sz, akinek p\u00e1ly\u00e1ja a Semmelweis Egyetemr\u0151l, a V\u00e1rosmajori Klinik\u00e1r\u00f3l indult. A nyirokseb\u00e9szeti beavatkoz\u00e1sok magyar \u00fatt\u00f6r\u0151i k\u00f6z\u00e9 tartozik. Gloviczki professzor az amerikai Mayo Klinika nyugalmazott egyetemi tan\u00e1ra, a vil\u00e1g vezet\u0151 \u00e9rseb\u00e9szeti foly\u00f3irat\u00e1nak, a Journal of Vascular Surgery-nek a f\u0151szerkeszt\u0151je, a Semmelweis Egyetem d\u00edszdoktora, a 2020. \u00e9vi Semmelweis Budapest Award d\u00edjazottja, tov\u00e1bb\u00e1 az int\u00e9zm\u00e9nyt a modellv\u00e1lt\u00e1s \u00f3ta fenntart\u00f3 Nemzeti Eg\u00e9szs\u00e9g\u00fcgyi \u00e9s Orvosk\u00e9pz\u00e9s\u00e9rt Alap\u00edtv\u00e1ny kurat\u00f3rium\u00e1nak tagja. Az elhivatotts\u00e1g, a tisztess\u00e9g, a f\u00e1radhatatlan munka, a gy\u00f3gy\u00edt\u00e1s ir\u00e1nti elk\u00f6telezetts\u00e9g \u00e9s az embers\u00e9g megtestes\u00edt\u0151je \u2013 fogalmazott a rektor.<\/p>\n<p>Dr. Gloviczki P\u00e9ter besz\u00e9d\u00e9ben visszaeml\u00e9kezett arra, hogy 1972-t\u0151l kilenc \u00e9vig dolgozott a V\u00e1rosmajorban. Mint mondta, a klinika kor\u00e1bbi igazgat\u00f3j\u00e1t\u00f3l, dr. Solt\u00e9sz Lajost\u00f3l nemcsak az \u00e9rseb\u00e9szetet \u00e9s az orvos-beteg kapcsolat fontoss\u00e1g\u00e1t tanulta meg, hanem azt is, hogy az \u00e9rseb\u00e9szek az \u00e9rrendszer minden betegs\u00e9g\u00e9t gy\u00f3gy\u00edtj\u00e1k, bele\u00e9rtve az art\u00e9ri\u00e1kat, az akut \u00e9s kr\u00f3nikus v\u00e9n\u00e1s betegs\u00e9geket \u00e9s a leggyakoribb nyirokbetegs\u00e9get, a nyirok\u00f6d\u00e9m\u00e1t (lymphoedema). Ezt a szeml\u00e9letet vitte mag\u00e1val a Mayo Klinik\u00e1ra, a vil\u00e1g vezet\u0151 orvosi int\u00e9zet\u00e9be.<\/p>\n<div class=\"fontos_div\">\n<p>A mikroszk\u00f3pos nyirokseb\u00e9szet hatalmas fejl\u0151d\u00e9sen ment kereszt\u00fcl az elm\u00falt 50 \u00e9vben, \u00e9s ebben a m\u0171t\u0151ben m\u00e1r \u00fan. szupermikroszk\u00f3pos nyirok\u00e9r rekonstrukci\u00f3kat lehet v\u00e9gezni \u2013 hangs\u00falyozta. A vil\u00e1gon t\u00f6bb mint 250 milli\u00f3 ember k\u00fczd a nyirok\u00f6d\u00e9m\u00e1val, a daganatos betegs\u00e9gekkel kezeltek 15 sz\u00e1zal\u00e9ka szenved t\u0151le \u2013 mutatott r\u00e1.<\/p>\n<\/div>\n<p>&#8222;A fejleszt\u00e9s r\u00e9v\u00e9n egy, a jelenleg el\u00e9rhet\u0151 legmodernebb eszk\u00f6z\u00f6kkel ell\u00e1tott nyirokrekonstrukci\u00f3s centrum j\u00f6n l\u00e9tre, ahol a korszer\u0171 nyirokseb\u00e9szeti \u00e9s k\u00e9palkot\u00f3 rendszerek seg\u00edts\u00e9g\u00e9vel \u00e9vente ak\u00e1r 60-80 beavatkoz\u00e1st is v\u00e9gezhet\u00fcnk majd 2022 \u0151sz\u00e9t\u0151l&#8221; \u2013 mondta el honlapunknak dr. Mohos Bal\u00e1zs klinikai szakorvos, aki b\u00e9csi munk\u00e1ja sor\u00e1n szerzett tapasztalatai alapj\u00e1n fogja elind\u00edtani a V\u00e1rosmajori Sz\u00edv- \u00e9s \u00c9rgy\u00f3gy\u00e1szati Klinik\u00e1n a helyre\u00e1ll\u00edt\u00f3 nyirokseb\u00e9szeti m\u0171t\u00e9teket. Eddig a limf\u00f6d\u00e9ma ter\u00e1pi\u00e1j\u00e1ban csak t\u00fcneti kezel\u00e9sre volt lehet\u0151s\u00e9g, a rekonstrukci\u00f3s nyirokm\u0171t\u00e9tek ugyanakkor a nyirok\u00e1raml\u00e1s helyre\u00e1ll\u00edt\u00e1s\u00e1t seg\u00edtik el\u0151, a betegs\u00e9g progresszi\u00f3j\u00e1nak megf\u00e9kez\u00e9s\u00e9vel \u2013 mutatott r\u00e1 a szakember, hozz\u00e1t\u00e9ve, hogy egy-egy ilyen m\u0171t\u00e9t 4-8 \u00f3r\u00e1n \u00e1t tarthat. A magyar betegek jelenleg egyedi m\u00e9lt\u00e1nyoss\u00e1g alap\u00fa t\u00e1mogat\u00e1ssal B\u00e9csben vehetik ig\u00e9nybe ezt a beavatkoz\u00e1st.<\/p>\n\r\n        [slb_exclude]\r\n        <div class=\"row galeria-wrapper mx-0 h-auto\">\r\n            <div class=\"col-9 pl-0 pr-2\">\r\n            <span class=\"gallery-item frame\">\r\n\t\t\t\t<div class=\"galeria-left-img\"><a href=\"https:\/\/semmelweis.hu\/hirek\/files\/2022\/03\/RS146170_3P1A3543-scr.jpg\"><img src=https:\/\/semmelweis.hu\/hirek\/files\/2022\/03\/RS146170_3P1A3543-scr.jpg  \r\n                            alt=\"\" \r\n                            class=\"attachment-sote-gallery-big size-sote-gallery-big\" \r\n                            srcset=\"https:\/\/semmelweis.hu\/hirek\/files\/2022\/03\/RS146170_3P1A3543-scr-400x267.jpg 400w, https:\/\/semmelweis.hu\/hirek\/files\/2022\/03\/RS146170_3P1A3543-scr-900x600.jpg 900w, https:\/\/semmelweis.hu\/hirek\/files\/2022\/03\/RS146170_3P1A3543-scr-768x512.jpg 768w, https:\/\/semmelweis.hu\/hirek\/files\/2022\/03\/RS146170_3P1A3543-scr-753x502.jpg 753w, https:\/\/semmelweis.hu\/hirek\/files\/2022\/03\/RS146170_3P1A3543-scr-203x135.jpg 203w, https:\/\/semmelweis.hu\/hirek\/files\/2022\/03\/RS146170_3P1A3543-scr.jpg 1200w\" ><\/a><\/div>\r\n            <\/span>\r\n\r\n            <\/div>\r\n\r\n\t\t\t<div class=\"col-3 pl-0 pr-0\">\r\n\t\t\t\t<div class=\"galeria-right-img d-flex justify-content-between flex-column h-100 w-100 px-0 mx-0 \">\r\n                <div class=\"galeria-box\">\r\n\t\t\t\t\t<h3 class=\"galeria-title\">Gal\u00e9ria<\/h3>\r\n\t\t\t\t\t<div class=\"galeria-subtitle\">\r\n\r\n\t\t\t\t\t\t<div class=\"galeria-page-counter\"><span>18<\/span>k\u00e9p<\/div>\r\n                    <\/div> <\/div>\r\n                    <span class=\"gallery-item frame d-none d-md-flex\">\r\n\t\t\t\t\t<div class=\"galeria-small-img mt-0\"><a href=\"https:\/\/semmelweis.hu\/hirek\/files\/2022\/03\/RS146202_C19A5964-scr.jpg\"><img src=https:\/\/semmelweis.hu\/hirek\/files\/2022\/03\/RS146202_C19A5964-scr.jpg \r\n                                alt=\"\"  \r\n                                class=\"attachment-sote-gallery-small size-sote-gallery-small\" \r\n                                srcset=\"https:\/\/semmelweis.hu\/hirek\/files\/2022\/03\/RS146202_C19A5964-scr-400x249.jpg 400w, https:\/\/semmelweis.hu\/hirek\/files\/2022\/03\/RS146202_C19A5964-scr-900x561.jpg 900w, https:\/\/semmelweis.hu\/hirek\/files\/2022\/03\/RS146202_C19A5964-scr-768x479.jpg 768w, https:\/\/semmelweis.hu\/hirek\/files\/2022\/03\/RS146202_C19A5964-scr-753x469.jpg 753w, https:\/\/semmelweis.hu\/hirek\/files\/2022\/03\/RS146202_C19A5964-scr.jpg 1200w\" ><\/a><\/div>\r\n                    <\/span>\r\n                    <span class=\"gallery-item frame d-none d-md-flex\">\r\n\t\t\t\t\t<div class=\"galeria-small-img mt-0\"><a href=\"https:\/\/semmelweis.hu\/hirek\/files\/2022\/03\/RS146211_C19A6032-scr.jpg\"><img src=https:\/\/semmelweis.hu\/hirek\/files\/2022\/03\/RS146211_C19A6032-scr.jpg \r\n                                alt=\"\" \r\n                                class=\"attachment-sote-gallery-small size-sote-gallery-small\" \r\n                                srcset=\"https:\/\/semmelweis.hu\/hirek\/files\/2022\/03\/RS146211_C19A6032-scr-400x267.jpg 400w, https:\/\/semmelweis.hu\/hirek\/files\/2022\/03\/RS146211_C19A6032-scr-900x600.jpg 900w, https:\/\/semmelweis.hu\/hirek\/files\/2022\/03\/RS146211_C19A6032-scr-768x512.jpg 768w, https:\/\/semmelweis.hu\/hirek\/files\/2022\/03\/RS146211_C19A6032-scr-753x502.jpg 753w, https:\/\/semmelweis.hu\/hirek\/files\/2022\/03\/RS146211_C19A6032-scr-203x135.jpg 203w, https:\/\/semmelweis.hu\/hirek\/files\/2022\/03\/RS146211_C19A6032-scr.jpg 1200w\" ><\/a><\/div>\r\n                    <\/span>\r\n\r\n                <\/div>\r\n\r\n            <\/div>\r\n\r\n            <span class=\"gallery-item\"><div class=\"hidden\"><a href=\"https:\/\/semmelweis.hu\/hirek\/files\/2022\/03\/RS146237_C19A6263-scr.jpg\">\r\n        <img src=https:\/\/semmelweis.hu\/hirek\/files\/2022\/03\/RS146237_C19A6263-scr.jpg alt=\"\" class=\"attachment-sote-gallery-big size-sote-gallery-big\" srcset=\"https:\/\/semmelweis.hu\/hirek\/files\/2022\/03\/RS146237_C19A6263-scr-400x267.jpg 400w, https:\/\/semmelweis.hu\/hirek\/files\/2022\/03\/RS146237_C19A6263-scr-900x600.jpg 900w, https:\/\/semmelweis.hu\/hirek\/files\/2022\/03\/RS146237_C19A6263-scr-768x512.jpg 768w, https:\/\/semmelweis.hu\/hirek\/files\/2022\/03\/RS146237_C19A6263-scr-753x502.jpg 753w, https:\/\/semmelweis.hu\/hirek\/files\/2022\/03\/RS146237_C19A6263-scr-203x135.jpg 203w, https:\/\/semmelweis.hu\/hirek\/files\/2022\/03\/RS146237_C19A6263-scr.jpg 1200w\" >\r\n        <\/a><\/div><\/span><span class=\"gallery-item\"><div class=\"hidden\"><a href=\"https:\/\/semmelweis.hu\/hirek\/files\/2022\/03\/RS146230_C19A6205-scr.jpg\">\r\n        <img src=https:\/\/semmelweis.hu\/hirek\/files\/2022\/03\/RS146230_C19A6205-scr.jpg alt=\"\" class=\"attachment-sote-gallery-big size-sote-gallery-big\" srcset=\"https:\/\/semmelweis.hu\/hirek\/files\/2022\/03\/RS146230_C19A6205-scr-400x267.jpg 400w, https:\/\/semmelweis.hu\/hirek\/files\/2022\/03\/RS146230_C19A6205-scr-900x600.jpg 900w, https:\/\/semmelweis.hu\/hirek\/files\/2022\/03\/RS146230_C19A6205-scr-768x512.jpg 768w, https:\/\/semmelweis.hu\/hirek\/files\/2022\/03\/RS146230_C19A6205-scr-753x502.jpg 753w, https:\/\/semmelweis.hu\/hirek\/files\/2022\/03\/RS146230_C19A6205-scr-203x135.jpg 203w, https:\/\/semmelweis.hu\/hirek\/files\/2022\/03\/RS146230_C19A6205-scr.jpg 1200w\" >\r\n        <\/a><\/div><\/span><span class=\"gallery-item\"><div class=\"hidden\"><a href=\"https:\/\/semmelweis.hu\/hirek\/files\/2022\/03\/RS146225_C19A6164-scr.jpg\">\r\n        <img src=https:\/\/semmelweis.hu\/hirek\/files\/2022\/03\/RS146225_C19A6164-scr.jpg alt=\"\" class=\"attachment-sote-gallery-big size-sote-gallery-big\" srcset=\"https:\/\/semmelweis.hu\/hirek\/files\/2022\/03\/RS146225_C19A6164-scr-400x267.jpg 400w, https:\/\/semmelweis.hu\/hirek\/files\/2022\/03\/RS146225_C19A6164-scr-900x600.jpg 900w, https:\/\/semmelweis.hu\/hirek\/files\/2022\/03\/RS146225_C19A6164-scr-768x512.jpg 768w, https:\/\/semmelweis.hu\/hirek\/files\/2022\/03\/RS146225_C19A6164-scr-753x502.jpg 753w, https:\/\/semmelweis.hu\/hirek\/files\/2022\/03\/RS146225_C19A6164-scr-203x135.jpg 203w, https:\/\/semmelweis.hu\/hirek\/files\/2022\/03\/RS146225_C19A6164-scr.jpg 1200w\" >\r\n        <\/a><\/div><\/span><span class=\"gallery-item\"><div class=\"hidden\"><a href=\"https:\/\/semmelweis.hu\/hirek\/files\/2022\/03\/RS146240_C19A6284-scr.jpg\">\r\n        <img src=https:\/\/semmelweis.hu\/hirek\/files\/2022\/03\/RS146240_C19A6284-scr.jpg alt=\"\" class=\"attachment-sote-gallery-big size-sote-gallery-big\" srcset=\"https:\/\/semmelweis.hu\/hirek\/files\/2022\/03\/RS146240_C19A6284-scr-400x243.jpg 400w, https:\/\/semmelweis.hu\/hirek\/files\/2022\/03\/RS146240_C19A6284-scr-900x547.jpg 900w, https:\/\/semmelweis.hu\/hirek\/files\/2022\/03\/RS146240_C19A6284-scr-768x467.jpg 768w, https:\/\/semmelweis.hu\/hirek\/files\/2022\/03\/RS146240_C19A6284-scr-753x457.jpg 753w, https:\/\/semmelweis.hu\/hirek\/files\/2022\/03\/RS146240_C19A6284-scr.jpg 1200w\" >\r\n        <\/a><\/div><\/span><span class=\"gallery-item\"><div class=\"hidden\"><a href=\"https:\/\/semmelweis.hu\/hirek\/files\/2022\/03\/RS146169_3P1A3553-scr.jpg\">\r\n        <img src=https:\/\/semmelweis.hu\/hirek\/files\/2022\/03\/RS146169_3P1A3553-scr.jpg alt=\"\" class=\"attachment-sote-gallery-big size-sote-gallery-big\" srcset=\"https:\/\/semmelweis.hu\/hirek\/files\/2022\/03\/RS146169_3P1A3553-scr-400x267.jpg 400w, https:\/\/semmelweis.hu\/hirek\/files\/2022\/03\/RS146169_3P1A3553-scr-900x600.jpg 900w, https:\/\/semmelweis.hu\/hirek\/files\/2022\/03\/RS146169_3P1A3553-scr-768x512.jpg 768w, https:\/\/semmelweis.hu\/hirek\/files\/2022\/03\/RS146169_3P1A3553-scr-753x502.jpg 753w, https:\/\/semmelweis.hu\/hirek\/files\/2022\/03\/RS146169_3P1A3553-scr-203x135.jpg 203w, https:\/\/semmelweis.hu\/hirek\/files\/2022\/03\/RS146169_3P1A3553-scr.jpg 1200w\" >\r\n        <\/a><\/div><\/span><span class=\"gallery-item\"><div class=\"hidden\"><a href=\"https:\/\/semmelweis.hu\/hirek\/files\/2022\/03\/RS146245_C19A6317-scr.jpg\">\r\n        <img src=https:\/\/semmelweis.hu\/hirek\/files\/2022\/03\/RS146245_C19A6317-scr.jpg alt=\"\" class=\"attachment-sote-gallery-big size-sote-gallery-big\" srcset=\"https:\/\/semmelweis.hu\/hirek\/files\/2022\/03\/RS146245_C19A6317-scr-400x267.jpg 400w, https:\/\/semmelweis.hu\/hirek\/files\/2022\/03\/RS146245_C19A6317-scr-900x600.jpg 900w, https:\/\/semmelweis.hu\/hirek\/files\/2022\/03\/RS146245_C19A6317-scr-768x512.jpg 768w, https:\/\/semmelweis.hu\/hirek\/files\/2022\/03\/RS146245_C19A6317-scr-753x502.jpg 753w, https:\/\/semmelweis.hu\/hirek\/files\/2022\/03\/RS146245_C19A6317-scr-203x135.jpg 203w, https:\/\/semmelweis.hu\/hirek\/files\/2022\/03\/RS146245_C19A6317-scr.jpg 1200w\" >\r\n        <\/a><\/div><\/span><span class=\"gallery-item\"><div class=\"hidden\"><a href=\"https:\/\/semmelweis.hu\/hirek\/files\/2022\/03\/RS146255_C19A6393-scr.jpg\">\r\n        <img src=https:\/\/semmelweis.hu\/hirek\/files\/2022\/03\/RS146255_C19A6393-scr.jpg alt=\"\" class=\"attachment-sote-gallery-big size-sote-gallery-big\" srcset=\"https:\/\/semmelweis.hu\/hirek\/files\/2022\/03\/RS146255_C19A6393-scr-400x267.jpg 400w, https:\/\/semmelweis.hu\/hirek\/files\/2022\/03\/RS146255_C19A6393-scr-900x600.jpg 900w, https:\/\/semmelweis.hu\/hirek\/files\/2022\/03\/RS146255_C19A6393-scr-768x512.jpg 768w, https:\/\/semmelweis.hu\/hirek\/files\/2022\/03\/RS146255_C19A6393-scr-753x502.jpg 753w, https:\/\/semmelweis.hu\/hirek\/files\/2022\/03\/RS146255_C19A6393-scr-203x135.jpg 203w, https:\/\/semmelweis.hu\/hirek\/files\/2022\/03\/RS146255_C19A6393-scr.jpg 1200w\" >\r\n        <\/a><\/div><\/span><span class=\"gallery-item\"><div class=\"hidden\"><a href=\"https:\/\/semmelweis.hu\/hirek\/files\/2022\/03\/RS146186_C19A5881-scr.jpg\">\r\n        <img src=https:\/\/semmelweis.hu\/hirek\/files\/2022\/03\/RS146186_C19A5881-scr.jpg alt=\"\" class=\"attachment-sote-gallery-big size-sote-gallery-big\" srcset=\"https:\/\/semmelweis.hu\/hirek\/files\/2022\/03\/RS146186_C19A5881-scr-400x267.jpg 400w, https:\/\/semmelweis.hu\/hirek\/files\/2022\/03\/RS146186_C19A5881-scr-900x600.jpg 900w, https:\/\/semmelweis.hu\/hirek\/files\/2022\/03\/RS146186_C19A5881-scr-768x512.jpg 768w, https:\/\/semmelweis.hu\/hirek\/files\/2022\/03\/RS146186_C19A5881-scr-753x502.jpg 753w, https:\/\/semmelweis.hu\/hirek\/files\/2022\/03\/RS146186_C19A5881-scr-203x135.jpg 203w, https:\/\/semmelweis.hu\/hirek\/files\/2022\/03\/RS146186_C19A5881-scr.jpg 1200w\" >\r\n        <\/a><\/div><\/span><span class=\"gallery-item\"><div class=\"hidden\"><a href=\"https:\/\/semmelweis.hu\/hirek\/files\/2022\/03\/RS146182_C19A5872-scr.jpg\">\r\n        <img src=https:\/\/semmelweis.hu\/hirek\/files\/2022\/03\/RS146182_C19A5872-scr.jpg alt=\"\" class=\"attachment-sote-gallery-big size-sote-gallery-big\" srcset=\"https:\/\/semmelweis.hu\/hirek\/files\/2022\/03\/RS146182_C19A5872-scr-400x267.jpg 400w, https:\/\/semmelweis.hu\/hirek\/files\/2022\/03\/RS146182_C19A5872-scr-900x600.jpg 900w, https:\/\/semmelweis.hu\/hirek\/files\/2022\/03\/RS146182_C19A5872-scr-768x512.jpg 768w, https:\/\/semmelweis.hu\/hirek\/files\/2022\/03\/RS146182_C19A5872-scr-753x502.jpg 753w, https:\/\/semmelweis.hu\/hirek\/files\/2022\/03\/RS146182_C19A5872-scr-203x135.jpg 203w, https:\/\/semmelweis.hu\/hirek\/files\/2022\/03\/RS146182_C19A5872-scr.jpg 1200w\" >\r\n        <\/a><\/div><\/span><span class=\"gallery-item\"><div class=\"hidden\"><a href=\"https:\/\/semmelweis.hu\/hirek\/files\/2022\/03\/RS146178_C19A5864-scr.jpg\">\r\n        <img src=https:\/\/semmelweis.hu\/hirek\/files\/2022\/03\/RS146178_C19A5864-scr.jpg alt=\"\" class=\"attachment-sote-gallery-big size-sote-gallery-big\" srcset=\"https:\/\/semmelweis.hu\/hirek\/files\/2022\/03\/RS146178_C19A5864-scr-400x252.jpg 400w, https:\/\/semmelweis.hu\/hirek\/files\/2022\/03\/RS146178_C19A5864-scr-900x566.jpg 900w, https:\/\/semmelweis.hu\/hirek\/files\/2022\/03\/RS146178_C19A5864-scr-768x483.jpg 768w, https:\/\/semmelweis.hu\/hirek\/files\/2022\/03\/RS146178_C19A5864-scr-753x474.jpg 753w, https:\/\/semmelweis.hu\/hirek\/files\/2022\/03\/RS146178_C19A5864-scr.jpg 1200w\" >\r\n        <\/a><\/div><\/span><span class=\"gallery-item\"><div class=\"hidden\"><a href=\"https:\/\/semmelweis.hu\/hirek\/files\/2022\/03\/RS146249_C19A6345-scr-1.jpg\">\r\n        <img src=https:\/\/semmelweis.hu\/hirek\/files\/2022\/03\/RS146249_C19A6345-scr-1.jpg alt=\"\" class=\"attachment-sote-gallery-big size-sote-gallery-big\" srcset=\"https:\/\/semmelweis.hu\/hirek\/files\/2022\/03\/RS146249_C19A6345-scr-1-400x267.jpg 400w, https:\/\/semmelweis.hu\/hirek\/files\/2022\/03\/RS146249_C19A6345-scr-1-900x600.jpg 900w, https:\/\/semmelweis.hu\/hirek\/files\/2022\/03\/RS146249_C19A6345-scr-1-768x512.jpg 768w, https:\/\/semmelweis.hu\/hirek\/files\/2022\/03\/RS146249_C19A6345-scr-1-753x502.jpg 753w, https:\/\/semmelweis.hu\/hirek\/files\/2022\/03\/RS146249_C19A6345-scr-1-203x135.jpg 203w, https:\/\/semmelweis.hu\/hirek\/files\/2022\/03\/RS146249_C19A6345-scr-1.jpg 1200w\" >\r\n        <\/a><\/div><\/span><span class=\"gallery-item\"><div class=\"hidden\"><a href=\"https:\/\/semmelweis.hu\/hirek\/files\/2022\/03\/RS146166_3P1A3609-scr.jpg\">\r\n        <img src=https:\/\/semmelweis.hu\/hirek\/files\/2022\/03\/RS146166_3P1A3609-scr.jpg alt=\"\" class=\"attachment-sote-gallery-big size-sote-gallery-big\" srcset=\"https:\/\/semmelweis.hu\/hirek\/files\/2022\/03\/RS146166_3P1A3609-scr-400x267.jpg 400w, https:\/\/semmelweis.hu\/hirek\/files\/2022\/03\/RS146166_3P1A3609-scr-900x600.jpg 900w, https:\/\/semmelweis.hu\/hirek\/files\/2022\/03\/RS146166_3P1A3609-scr-768x512.jpg 768w, https:\/\/semmelweis.hu\/hirek\/files\/2022\/03\/RS146166_3P1A3609-scr-753x502.jpg 753w, https:\/\/semmelweis.hu\/hirek\/files\/2022\/03\/RS146166_3P1A3609-scr-203x135.jpg 203w, https:\/\/semmelweis.hu\/hirek\/files\/2022\/03\/RS146166_3P1A3609-scr.jpg 1200w\" >\r\n        <\/a><\/div><\/span><span class=\"gallery-item\"><div class=\"hidden\"><a href=\"https:\/\/semmelweis.hu\/hirek\/files\/2022\/03\/RS146165_3P1A3627-scr.jpg\">\r\n        <img src=https:\/\/semmelweis.hu\/hirek\/files\/2022\/03\/RS146165_3P1A3627-scr.jpg alt=\"\" class=\"attachment-sote-gallery-big size-sote-gallery-big\" srcset=\"https:\/\/semmelweis.hu\/hirek\/files\/2022\/03\/RS146165_3P1A3627-scr-400x267.jpg 400w, https:\/\/semmelweis.hu\/hirek\/files\/2022\/03\/RS146165_3P1A3627-scr-900x600.jpg 900w, https:\/\/semmelweis.hu\/hirek\/files\/2022\/03\/RS146165_3P1A3627-scr-768x512.jpg 768w, https:\/\/semmelweis.hu\/hirek\/files\/2022\/03\/RS146165_3P1A3627-scr-753x502.jpg 753w, https:\/\/semmelweis.hu\/hirek\/files\/2022\/03\/RS146165_3P1A3627-scr-203x135.jpg 203w, https:\/\/semmelweis.hu\/hirek\/files\/2022\/03\/RS146165_3P1A3627-scr.jpg 1200w\" >\r\n        <\/a><\/div><\/span><span class=\"gallery-item\"><div class=\"hidden\"><a href=\"https:\/\/semmelweis.hu\/hirek\/files\/2022\/03\/RS146272_C19A6508-scr.jpg\">\r\n        <img src=https:\/\/semmelweis.hu\/hirek\/files\/2022\/03\/RS146272_C19A6508-scr.jpg alt=\"\" class=\"attachment-sote-gallery-big size-sote-gallery-big\" srcset=\"https:\/\/semmelweis.hu\/hirek\/files\/2022\/03\/RS146272_C19A6508-scr-400x276.jpg 400w, https:\/\/semmelweis.hu\/hirek\/files\/2022\/03\/RS146272_C19A6508-scr-900x622.jpg 900w, https:\/\/semmelweis.hu\/hirek\/files\/2022\/03\/RS146272_C19A6508-scr-768x531.jpg 768w, https:\/\/semmelweis.hu\/hirek\/files\/2022\/03\/RS146272_C19A6508-scr-175x120.jpg 175w, https:\/\/semmelweis.hu\/hirek\/files\/2022\/03\/RS146272_C19A6508-scr-753x520.jpg 753w, https:\/\/semmelweis.hu\/hirek\/files\/2022\/03\/RS146272_C19A6508-scr.jpg 1200w\" >\r\n        <\/a><\/div><\/span><span class=\"gallery-item\"><div class=\"hidden\"><a href=\"https:\/\/semmelweis.hu\/hirek\/files\/2022\/03\/RS146274_C19A6524-scr.jpg\">\r\n        <img src=https:\/\/semmelweis.hu\/hirek\/files\/2022\/03\/RS146274_C19A6524-scr.jpg alt=\"\" class=\"attachment-sote-gallery-big size-sote-gallery-big\" srcset=\"https:\/\/semmelweis.hu\/hirek\/files\/2022\/03\/RS146274_C19A6524-scr-400x267.jpg 400w, https:\/\/semmelweis.hu\/hirek\/files\/2022\/03\/RS146274_C19A6524-scr-900x600.jpg 900w, https:\/\/semmelweis.hu\/hirek\/files\/2022\/03\/RS146274_C19A6524-scr-768x512.jpg 768w, https:\/\/semmelweis.hu\/hirek\/files\/2022\/03\/RS146274_C19A6524-scr-753x502.jpg 753w, https:\/\/semmelweis.hu\/hirek\/files\/2022\/03\/RS146274_C19A6524-scr-203x135.jpg 203w, https:\/\/semmelweis.hu\/hirek\/files\/2022\/03\/RS146274_C19A6524-scr.jpg 1200w\" >\r\n        <\/a><\/div><\/span>\r\n            <\/div>\r\n\r\n            [\/slb_exclude]\r\n\t\n<p>A klinik\u00e1n tartott bej\u00e1r\u00e1s k\u00f6vetkez\u0151 helysz\u00edne, a K\u00e9palkot\u00f3 Diagnosztikai R\u00e9szleg t\u00f6bb mint 700 milli\u00f3 forintos fejleszt\u00e9snek k\u00f6sz\u00f6nhet\u0151en \u00fajult meg energetikai szempontb\u00f3l, melyb\u0151l 565 milli\u00f3 forint k\u00f6zvetlen korm\u00e1nyzati c\u00e9lt\u00e1mogat\u00e1s, m\u00edg a fennmarad\u00f3 \u00f6sszeget az egyetem saj\u00e1t forr\u00e1saib\u00f3l biztos\u00edtotta. \u00daj ny\u00edl\u00e1sz\u00e1r\u00f3kat \u00e9p\u00edtettek be, korszer\u0171 h\u0151szigetel\u00e9st, homlokzatburkolatot, tet\u0151fed\u00e9st kapott a legmodernebb g\u00e9p\u00e9szeti berendez\u00e9sekkel felszerelt \u00e9p\u00fclet.<\/p>\n<div class=\"keretes\">\n<p>Dr. Juh\u00e1sz-Nagy S\u00e1ndor Sz\u00e9chenyi-d\u00edjas professzor, kora meghat\u00e1roz\u00f3 sz\u00edv- \u00e9s kering\u00e9skutat\u00f3ja volt. 1966-ban \u00e9rkezett az akkori V\u00e1rosmajori Klinik\u00e1ra, ahol Kud\u00e1sz J\u00f3zsef igazgat\u00f3 megb\u00edzta egy \u00f6n\u00e1ll\u00f3 kutat\u00f3r\u00e9szleg megszervez\u00e9s\u00e9vel. Ett\u0151l kezdve a V\u00e1rosmajori K\u00eds\u00e9rleti Kutat\u00f3 Laborat\u00f3rium vezet\u0151jek\u00e9nt dolgozott \u00e9s kutatott. Negyven \u00e9ven \u00e1t, \u00e9lete utols\u00f3 \u00e9v\u00e9ig vizsg\u00e1lta ebben az \u00e1ltala alap\u00edtott tudom\u00e1nyos \u201efellegv\u00e1rban\u201d a sz\u00edv- \u00e9s a v\u00e9rkering\u00e9s m\u0171k\u00f6d\u00e9s\u00e9t. Kutat\u00f3k\u00e9nt \u2013 hatalmas tud\u00e1s\u00e1n t\u00fal \u2013 els\u0151sorban az eredeti l\u00e1t\u00e1sm\u00f3d \u00e9s a r\u00e9szleteket szintetiz\u00e1l\u00f3 k\u00e9pess\u00e9g, az \u00f6sszef\u00fcgg\u00e9sek felismer\u00e9s\u00e9nek k\u00e9pess\u00e9ge jellemezte. Tan\u00edt\u00f3mesterk\u00e9nt ezt a szeml\u00e9letm\u00f3dot pr\u00f3b\u00e1lta \u00e1tadni tan\u00edtv\u00e1nyainak, koll\u00e9g\u00e1inak is.<\/p>\n<\/div>\n<p>Az esem\u00e9ny keret\u00e9ben z\u00e1szl\u00f3felvon\u00e1ssal avatt\u00e1k fel a Juh\u00e1sz-Nagy S\u00e1ndor Tudom\u00e1nyos Kutat\u00f3 Laborat\u00f3riumot, ahol teljes \u00e9p\u00edt\u00e9szeti, g\u00e9p\u00e9szeti \u00e9s orvostechnol\u00f3giai fel\u00faj\u00edt\u00e1s \u00e9s b\u0151v\u00edt\u00e9s t\u00f6rt\u00e9nt. Dr. Radovits Tam\u00e1s, a Kardiol\u00f3giai Tansz\u00e9k egyetemi docense elmondta: vil\u00e1gsz\u00ednvonal\u00fa, K\u00f6z\u00e9p-Eur\u00f3p\u00e1ban egyed\u00fcl\u00e1ll\u00f3 tudom\u00e1nyos laborat\u00f3rium val\u00f3sult meg, a kor\u00e1bbi alapter\u00fclet dupl\u00e1j\u00e1n, 600 n\u00e9gyzetm\u00e9teren. A labor egyed\u00fcl\u00e1ll\u00f3 lehet\u0151s\u00e9get ny\u00fajt a sz\u00edv- \u00e9s \u00e9rrendszeri betegs\u00e9gek vizsg\u00e1lat\u00e1hoz, a tet\u0151t\u00e9ri munka\u00e1llom\u00e1sok \u00e9s szemin\u00e1riumi szoba m\u00e9lt\u00f3 k\u00f6r\u00fclm\u00e9nyeket biztos\u00edtanak a kutat\u00f3knak, PhD-hallgat\u00f3knak. A hemodinamikai laborat\u00f3riumi r\u00e9szben k\u00e9t intervenci\u00f3s kardiol\u00f3giai munka\u00e1llamoson a legmodernebb berendez\u00e9sek seg\u00edts\u00e9g\u00e9vel vizsg\u00e1lhat\u00f3k a sz\u00edv- \u00e9s \u00e9rrendszeri betegs\u00e9gek.<\/p>\n<p>Az in vivo vizsg\u00e1latokat korszer\u0171 molekul\u00e1ris biol\u00f3giai, genetikai \u00e9s sz\u00f6vettani laborat\u00f3riumok eg\u00e9sz\u00edtik ki, \u00edgy az infrastrukt\u00fara nemcsak az egyetemi munkat\u00e1rsak sz\u00e1m\u00e1ra ny\u00fajt egyed\u00fcl\u00e1ll\u00f3 lehet\u0151s\u00e9get, hanem hazai \u00e9s nemzetk\u00f6zi akad\u00e9miai partnerek \u00e9s ipari szerepl\u0151k sz\u00e1m\u00e1ra core facilit\u00e1sk\u00e9nt is haszn\u00e1lhat\u00f3.<\/p>\n<p><a href=\"https:\/\/semmelweis.hu\/hirek\/files\/2022\/03\/RS146265_C19A6451-scr.jpg\"><img loading=\"lazy\" decoding=\"async\" class=\"aligncenter wp-image-112223 size-full\" src=\"https:\/\/semmelweis.hu\/hirek\/files\/2022\/03\/RS146265_C19A6451-scr.jpg\" alt=\"\" width=\"1200\" height=\"760\" srcset=\"https:\/\/semmelweis.hu\/hirek\/files\/2022\/03\/RS146265_C19A6451-scr.jpg 1200w, https:\/\/semmelweis.hu\/hirek\/files\/2022\/03\/RS146265_C19A6451-scr-400x253.jpg 400w, https:\/\/semmelweis.hu\/hirek\/files\/2022\/03\/RS146265_C19A6451-scr-900x570.jpg 900w, https:\/\/semmelweis.hu\/hirek\/files\/2022\/03\/RS146265_C19A6451-scr-768x486.jpg 768w, https:\/\/semmelweis.hu\/hirek\/files\/2022\/03\/RS146265_C19A6451-scr-753x477.jpg 753w\" sizes=\"auto, (max-width: 1200px) 100vw, 1200px\" \/><\/a>Az \u00e9p\u00fclet el\u0151tt megkoszor\u00fazt\u00e1k a kutat\u00f3 laborat\u00f3rium n\u00e9vad\u00f3j\u00e1nak, a 2007-ben elhunyt dr. Juh\u00e1sz-Nagy S\u00e1ndor kutat\u00f3professzornak a tisztelet\u00e9re kihelyezett eml\u00e9kt\u00e1bl\u00e1t. Koszor\u00fat helyezett el dr. Hank\u00f3 Bal\u00e1zs, dr. Merkely B\u00e9la, valamint dr. Radovits Tam\u00e1s \u00e9s dr. K\u00e9kesi Violetta egyetemi docens.\u00a0<\/p>\n<p>Dobozi P\u00e1lma, Kov\u00e1cs Eszter, D\u00e1vid Orsolya<br \/>\nFot\u00f3: Barta B\u00e1lint, Kov\u00e1cs Attila &#8211; Semmelweis Egyetem<\/p>\n","protected":false},"excerpt":{"rendered":"<p>\u00daj m\u0171t\u0151t adtak \u00e1t, emellett meg\u00fajult a kutat\u00f3laborat\u00f3rium \u00e9s a K\u00e9palkot\u00f3 Diagnosztikai R\u00e9szleg is. <\/p>\n","protected":false},"author":13,"featured_media":112228,"comment_status":"closed","ping_status":"closed","sticky":false,"template":"","format":"standard","meta":{"_acf_changed":false,"footnotes":""},"categories":[154,168],"tags":[4140],"class_list":["post-112220","post","type-post","status-publish","format-standard","has-post-thumbnail","hentry","category-egeszseg","category-kiemelt","tag-fejlesztes"],"acf":[],"_links":{"self":[{"href":"https:\/\/semmelweis.hu\/hirek\/wp-json\/wp\/v2\/posts\/112220","targetHints":{"allow":["GET"]}}],"collection":[{"href":"https:\/\/semmelweis.hu\/hirek\/wp-json\/wp\/v2\/posts"}],"about":[{"href":"https:\/\/semmelweis.hu\/hirek\/wp-json\/wp\/v2\/types\/post"}],"author":[{"embeddable":true,"href":"https:\/\/semmelweis.hu\/hirek\/wp-json\/wp\/v2\/users\/13"}],"replies":[{"embeddable":true,"href":"https:\/\/semmelweis.hu\/hirek\/wp-json\/wp\/v2\/comments?post=112220"}],"version-history":[{"count":10,"href":"https:\/\/semmelweis.hu\/hirek\/wp-json\/wp\/v2\/posts\/112220\/revisions"}],"predecessor-version":[{"id":112264,"href":"https:\/\/semmelweis.hu\/hirek\/wp-json\/wp\/v2\/posts\/112220\/revisions\/112264"}],"wp:featuredmedia":[{"embeddable":true,"href":"https:\/\/semmelweis.hu\/hirek\/wp-json\/wp\/v2\/media\/112228"}],"wp:attachment":[{"href":"https:\/\/semmelweis.hu\/hirek\/wp-json\/wp\/v2\/media?parent=112220"}],"wp:term":[{"taxonomy":"category","embeddable":true,"href":"https:\/\/semmelweis.hu\/hirek\/wp-json\/wp\/v2\/categories?post=112220"},{"taxonomy":"post_tag","embeddable":true,"href":"https:\/\/semmelweis.hu\/hirek\/wp-json\/wp\/v2\/tags?post=112220"}],"curies":[{"name":"wp","href":"https:\/\/api.w.org\/{rel}","templated":true}]}}