{"id":111951,"date":"2022-03-01T06:00:39","date_gmt":"2022-03-01T05:00:39","guid":{"rendered":"https:\/\/semmelweis.hu\/hirek\/?p=111951"},"modified":"2022-03-01T11:54:01","modified_gmt":"2022-03-01T10:54:01","slug":"akademiai-ifjusagi-dijat-vehetett-at-dr-hosszu-adam","status":"publish","type":"post","link":"https:\/\/semmelweis.hu\/hirek\/2022\/03\/01\/akademiai-ifjusagi-dijat-vehetett-at-dr-hosszu-adam\/","title":{"rendered":"Akad\u00e9miai Ifj\u00fas\u00e1gi D\u00edjat vehetett \u00e1t dr. Hossz\u00fa \u00c1d\u00e1m"},"content":{"rendered":"<div class=\"lead\">Huszonk\u00e9t fiatal kutat\u00f3 vehette \u00e1t a Magyar Tudom\u00e1nyos Akad\u00e9mia nagy hagyom\u00e1ny\u00fa d\u00edj\u00e1t 2022. febru\u00e1r 17-\u00e9n az MTA sz\u00e9kh\u00e1z\u00e1ban. Az id\u00e9n \u00f6tven \u00e9ve alap\u00edtott Akad\u00e9miai Ifj\u00fas\u00e1gi D\u00edjat az \u00e9lettudom\u00e1nyok ter\u00fclet\u00e9n hat kutat\u00f3nak \u00edt\u00e9lt\u00e9k oda, k\u00f6zt\u00fck dr. Hossz\u00fa \u00c1d\u00e1mnak, a Semmelweis Egyetem I. Sz. Gyermekgy\u00f3gy\u00e1szati Klinika tudom\u00e1nyos munkat\u00e1rs\u00e1nak, aki \u201eA vese oxig\u00e9nhi\u00e1nyos k\u00e1rosod\u00e1s\u00e1nak molekul\u00e1ris mechanizmusai \u00e9s \u00faj kezel\u00e9si lehet\u0151s\u00e9gei preklinikai modellekben\u201d c\u00edm\u0171 p\u00e1lyamunk\u00e1j\u00e1\u00e9rt r\u00e9szes\u00fclt az elismer\u00e9sben.<\/div>\n<figure id=\"attachment_111980\" aria-describedby=\"caption-attachment-111980\" style=\"width: 400px\" class=\"wp-caption alignright\"><a href=\"https:\/\/semmelweis.hu\/hirek\/files\/2022\/02\/RS22298_KA-20140909-IMG_6640-husszu-adam-interju-scr.jpg\"><img loading=\"lazy\" decoding=\"async\" class=\"wp-image-111980 size-medium\" src=\"https:\/\/semmelweis.hu\/hirek\/files\/2022\/02\/RS22298_KA-20140909-IMG_6640-husszu-adam-interju-scr-400x267.jpg\" alt=\"\" width=\"400\" height=\"267\" srcset=\"https:\/\/semmelweis.hu\/hirek\/files\/2022\/02\/RS22298_KA-20140909-IMG_6640-husszu-adam-interju-scr-400x267.jpg 400w, https:\/\/semmelweis.hu\/hirek\/files\/2022\/02\/RS22298_KA-20140909-IMG_6640-husszu-adam-interju-scr-900x600.jpg 900w, https:\/\/semmelweis.hu\/hirek\/files\/2022\/02\/RS22298_KA-20140909-IMG_6640-husszu-adam-interju-scr-768x512.jpg 768w, https:\/\/semmelweis.hu\/hirek\/files\/2022\/02\/RS22298_KA-20140909-IMG_6640-husszu-adam-interju-scr-753x502.jpg 753w, https:\/\/semmelweis.hu\/hirek\/files\/2022\/02\/RS22298_KA-20140909-IMG_6640-husszu-adam-interju-scr-203x135.jpg 203w, https:\/\/semmelweis.hu\/hirek\/files\/2022\/02\/RS22298_KA-20140909-IMG_6640-husszu-adam-interju-scr.jpg 950w\" sizes=\"auto, (max-width: 400px) 100vw, 400px\" \/><\/a><figcaption id=\"caption-attachment-111980\" class=\"wp-caption-text\">Fot\u00f3 (kor\u00e1bbi felv\u00e9tel): Kov\u00e1cs Attila &#8211; Semmelweis Egyetem<\/figcaption><\/figure>\n<p>\u201eK\u00fcl\u00f6n\u00f6sen nagy megtiszteltet\u00e9s sz\u00e1momra ez az Akad\u00e9miai Ifj\u00fas\u00e1gi D\u00edj, mert tulajdonk\u00e9ppen az eg\u00e9sz eddigi munk\u00e1ss\u00e1gomat ismerte el egy ilyen nagy preszt\u00edzs\u0171 int\u00e9zm\u00e9ny. Term\u00e9szetesen nagyon \u00f6szt\u00f6nz\u0151 kutat\u00e1saim m\u00e9g magasabb sz\u00ednvonalon t\u00f6rt\u00e9n\u0151 folytat\u00e1s\u00e1ra is\u201d \u2013 fogalmazott az elismer\u00e9s kapcs\u00e1n dr. Hossz\u00fa \u00c1d\u00e1m, hangs\u00falyozva, hogy ugyan egy egy\u00e9ni d\u00edjr\u00f3l van sz\u00f3, a munka nem val\u00f3sulhatott volna meg a dr. Szab\u00f3 Attila klinikaigazgat\u00f3 \u00e1ltal biztos\u00edtott szakmai h\u00e1tt\u00e9r, valamint a kutat\u00f3csoport t\u00e1mogat\u00e1sa n\u00e9lk\u00fcl. A fiatal kutat\u00f3 a dr. Fekete Andrea vezette MTA SE Lend\u00fclet Diab\u00e9tesz Kutat\u00f3csoport tagjak\u00e9nt a vesek\u00e1rosod\u00e1s ter\u00e1pi\u00e1s lehet\u0151s\u00e9geit kutatja imm\u00e1r t\u00edz \u00e9ve, ebb\u0151l \u00edrta PhD-disszert\u00e1ci\u00f3j\u00e1t is.<\/p>\n<p>Mint azt dr. Hossz\u00fa \u00c1d\u00e1m elmondta, a v\u00e9gst\u00e1dium\u00fa vesebetegs\u00e9g nagyon gyakori, a hal\u00e1loz\u00e1sok egyik vezet\u0151 oka, az emelked\u0151 tendencia h\u00e1tter\u00e9ben f\u0151k\u00e9nt a vil\u00e1gszerte t\u00f6bb sz\u00e1zmilli\u00f3 embert \u00e9rint\u0151 civiliz\u00e1ci\u00f3s betegs\u00e9gek, mint a cukorbetegs\u00e9g \u00e9s a magas v\u00e9rnyom\u00e1s n\u00f6vekv\u0151 el\u0151fordul\u00e1sa \u00e1ll.<\/p>\n<div class=\"fontos_div\">\n<p>A betegek sz\u00e1m\u00e1ra k\u00e9t ter\u00e1pi\u00e1s lehet\u0151s\u00e9g \u00e1ll rendelkez\u00e9sre: a vesetranszplant\u00e1ci\u00f3, illetve a dial\u00edzis. A transzplant\u00e1ci\u00f3 egy\u00e9rtelm\u0171en el\u0151ny\u00f6sebb, kedvez\u0151bb hossz\u00fa t\u00e1v\u00fa kimenetellel \u00e9s \u00e9letmin\u0151s\u00e9ggel j\u00e1r, \u00e1m annak sor\u00e1n elker\u00fclhetetlen, hogy oxig\u00e9nhi\u00e1nyos k\u00e1rosod\u00e1s \u00e9rje a ves\u00e9t, emellett a donorhi\u00e1ny komoly probl\u00e9m\u00e1t jelent \u2013 emelte ki.<\/p>\n<\/div>\n<p><a href=\"https:\/\/semmelweis.hu\/hirek\/files\/2022\/02\/akade\u0301miai_di\u0301j-scaled.jpg\"><img loading=\"lazy\" decoding=\"async\" class=\"alignright size-medium wp-image-111954\" src=\"https:\/\/semmelweis.hu\/hirek\/files\/2022\/02\/akade\u0301miai_di\u0301j-300x400.jpg\" alt=\"\" width=\"300\" height=\"400\" srcset=\"https:\/\/semmelweis.hu\/hirek\/files\/2022\/02\/akade\u0301miai_di\u0301j-300x400.jpg 300w, https:\/\/semmelweis.hu\/hirek\/files\/2022\/02\/akade\u0301miai_di\u0301j-600x800.jpg 600w, https:\/\/semmelweis.hu\/hirek\/files\/2022\/02\/akade\u0301miai_di\u0301j-768x1024.jpg 768w, https:\/\/semmelweis.hu\/hirek\/files\/2022\/02\/akade\u0301miai_di\u0301j-1152x1536.jpg 1152w, https:\/\/semmelweis.hu\/hirek\/files\/2022\/02\/akade\u0301miai_di\u0301j-1536x2048.jpg 1536w, https:\/\/semmelweis.hu\/hirek\/files\/2022\/02\/akade\u0301miai_di\u0301j-753x1004.jpg 753w, https:\/\/semmelweis.hu\/hirek\/files\/2022\/02\/akade\u0301miai_di\u0301j-scaled.jpg 1920w\" sizes=\"auto, (max-width: 300px) 100vw, 300px\" \/><\/a>A szakember \u00e9s munkat\u00e1rsai ennek megold\u00e1s\u00e1ra a Sigma-1 receptor szerep\u00e9t \u00e9s lehets\u00e9ges ter\u00e1pi\u00e1s alkalmaz\u00e1s\u00e1t kutatj\u00e1k az akut vesek\u00e1rosod\u00e1sban. A Sigma-1 receport eddig szinte kiz\u00e1r\u00f3lag a k\u00f6zponti idegrendszer kapcs\u00e1n vizsg\u00e1lt\u00e1k, els\u0151k\u00e9nt \u0151k \u00edrt\u00e1k le ezen receptor pontos lokaliz\u00e1ci\u00f3j\u00e1t a ves\u00e9ben, illetve azt is, hogy az oxig\u00e9nhi\u00e1nyos k\u00e1rosod\u00e1s a Sigma-1 receptor aktiv\u00e1ci\u00f3j\u00e1val cs\u00f6kkenthet\u0151. Kifejlesztettek egy transzplant\u00e1ci\u00f3 sor\u00e1n haszn\u00e1lhat\u00f3, Sigma-1 receptort aktiv\u00e1l\u00f3 hat\u00f3anyagot tartalmaz\u00f3 \u00fagynevezett prezerv\u00e1ci\u00f3s folyad\u00e9kot, ami cs\u00f6kkenti a be\u00fcltetend\u0151 vese sz\u00f6veti k\u00e1rosod\u00e1s\u00e1t, emellett a folyad\u00e9k seg\u00edts\u00e9g\u00e9vel tov\u00e1bb lehet t\u00e1rolni a be\u00fcltet\u00e9sre v\u00e1r\u00f3 szervet. Ez a szabadalmaztatott tal\u00e1lm\u00e1ny, melynek dr. Hossz\u00fa \u00c1d\u00e1m t\u00e1rsfeltal\u00e1l\u00f3ja, a k\u00f6zelj\u00f6v\u0151ben forgalomba ker\u00fcl \u00e9s ezzel a mindennapi betegell\u00e1t\u00e1st seg\u00edtheti. \u00a0<\/p>\n<div class=\"keretes w-100\">\n<p>Az Akad\u00e9miai Ifj\u00fas\u00e1gi D\u00edjat a Magyar Tudom\u00e1nyos Akad\u00e9mia f\u0151titk\u00e1ra alap\u00edtotta 1972-ben az akad\u00e9miai tudom\u00e1nyos kutat\u00f3helyeken dolgoz\u00f3, 35 \u00e9v alatti kutat\u00f3k szakmai munk\u00e1j\u00e1nak \u00f6szt\u00f6nz\u00e9s\u00e9re \u00e9s a kiemelked\u0151 tudom\u00e1nyos eredm\u00e9nyek elismer\u00e9s\u00e9re. A d\u00edjra id\u00e9n a teljes magyar fiatal kutat\u00f3i k\u00f6z\u00f6ss\u00e9g p\u00e1ly\u00e1zhatott: int\u00e9zeti, egyetemi \u00e9s k\u00f6zgy\u0171jtem\u00e9nyi kutat\u00f3k egyar\u00e1nt. A b\u00f6lcs\u00e9szet- \u00e9s t\u00e1rsadalomtudom\u00e1nyok, valamint az \u00e9lettudom\u00e1nyok ter\u00fclet\u00e9r\u0151l hat-hat, a matematikai \u00e9s term\u00e9szettudom\u00e1nyok m\u0171vel\u0151i k\u00f6z\u00fcl pedig t\u00edz fiatal kutat\u00f3 nyerte el az elismer\u00e9st.<\/p>\n<\/div>\n<p>B\u00f3di Bernadett<br \/>\nFot\u00f3 forr\u00e1sa (kiemelt k\u00e9p): MTA<\/p>\n","protected":false},"excerpt":{"rendered":"<p>Az I. Sz. Gyermekgy\u00f3gy\u00e1szati Klinika tudom\u00e1nyos munkat\u00e1rsa a vesek\u00e1rosod\u00e1s ter\u00e1pi\u00e1s lehet\u0151s\u00e9geit kutatja imm\u00e1r t\u00edz \u00e9ve. <\/p>\n","protected":false},"author":101282,"featured_media":111952,"comment_status":"closed","ping_status":"closed","sticky":false,"template":"","format":"standard","meta":{"_acf_changed":false,"footnotes":""},"categories":[161,168],"tags":[158],"class_list":["post-111951","post","type-post","status-publish","format-standard","has-post-thumbnail","hentry","category-tudomany","category-kiemelt","tag-dijak-kituntetesek"],"acf":[],"_links":{"self":[{"href":"https:\/\/semmelweis.hu\/hirek\/wp-json\/wp\/v2\/posts\/111951","targetHints":{"allow":["GET"]}}],"collection":[{"href":"https:\/\/semmelweis.hu\/hirek\/wp-json\/wp\/v2\/posts"}],"about":[{"href":"https:\/\/semmelweis.hu\/hirek\/wp-json\/wp\/v2\/types\/post"}],"author":[{"embeddable":true,"href":"https:\/\/semmelweis.hu\/hirek\/wp-json\/wp\/v2\/users\/101282"}],"replies":[{"embeddable":true,"href":"https:\/\/semmelweis.hu\/hirek\/wp-json\/wp\/v2\/comments?post=111951"}],"version-history":[{"count":9,"href":"https:\/\/semmelweis.hu\/hirek\/wp-json\/wp\/v2\/posts\/111951\/revisions"}],"predecessor-version":[{"id":111986,"href":"https:\/\/semmelweis.hu\/hirek\/wp-json\/wp\/v2\/posts\/111951\/revisions\/111986"}],"wp:featuredmedia":[{"embeddable":true,"href":"https:\/\/semmelweis.hu\/hirek\/wp-json\/wp\/v2\/media\/111952"}],"wp:attachment":[{"href":"https:\/\/semmelweis.hu\/hirek\/wp-json\/wp\/v2\/media?parent=111951"}],"wp:term":[{"taxonomy":"category","embeddable":true,"href":"https:\/\/semmelweis.hu\/hirek\/wp-json\/wp\/v2\/categories?post=111951"},{"taxonomy":"post_tag","embeddable":true,"href":"https:\/\/semmelweis.hu\/hirek\/wp-json\/wp\/v2\/tags?post=111951"}],"curies":[{"name":"wp","href":"https:\/\/api.w.org\/{rel}","templated":true}]}}