{"id":111527,"date":"2022-02-17T15:36:40","date_gmt":"2022-02-17T14:36:40","guid":{"rendered":"https:\/\/semmelweis.hu\/hirek\/?p=111527"},"modified":"2026-03-24T08:33:07","modified_gmt":"2026-03-24T07:33:07","slug":"elhunyt-dr-torok-peter","status":"publish","type":"post","link":"https:\/\/semmelweis.hu\/hirek\/2022\/02\/17\/elhunyt-dr-torok-peter\/","title":{"rendered":"Elhunyt dr. T\u00f6r\u00f6k P\u00e9ter"},"content":{"rendered":"<p><strong>\u00c9let\u00e9nek 63. \u00e9v\u00e9ben elhunyt dr. T\u00f6r\u00f6k P\u00e9ter, a Semmelweis Egyetem Ment\u00e1lhigi\u00e9n\u00e9 Int\u00e9zet\u00e9nek kor\u00e1bbi igazgat\u00f3ja<\/strong><\/p>\n<p><em><strong>Nekrol\u00f3g<\/strong><\/em><\/p>\n<p><img loading=\"lazy\" decoding=\"async\" class=\"alignleft size-full wp-image-111528\" src=\"https:\/\/semmelweis.hu\/hirek\/files\/2022\/02\/Torok-Peter_1.jpg\" alt=\"\" width=\"250\" height=\"250\" srcset=\"https:\/\/semmelweis.hu\/hirek\/files\/2022\/02\/Torok-Peter_1.jpg 250w, https:\/\/semmelweis.hu\/hirek\/files\/2022\/02\/Torok-Peter_1-150x150.jpg 150w\" sizes=\"auto, (max-width: 250px) 100vw, 250px\" \/>Megd\u00f6bbenve \u00e9s f\u00e1jdalommal tudatjuk, hogy 2022. febru\u00e1r 11-\u00e9n, 63 \u00e9ves kor\u00e1ban, betegs\u00e9gben elhunyt dr. T\u00f6r\u00f6k P\u00e9ter szociol\u00f3gus,\u00a0<span style=\"font-size: 1rem\">a Semmelweis Egyetem Ment\u00e1lhigi\u00e9n\u00e9 Int\u00e9zet\u00e9nek kor\u00e1bbi igazgat\u00f3ja, a K\u00e1roli G\u00e1sp\u00e1r Reform\u00e1tus Egyetem <\/span><span style=\"font-size: 1rem\">int\u00e9zetvezet\u0151 egyetemi docense.<\/span><\/p>\n<p>P\u00e9ter 2006-2015 k\u00f6z\u00f6tt volt az int\u00e9zet munkat\u00e1rsa, 2008-2013 k\u00f6z\u00f6tt int\u00e9zetigazgat\u00f3ja, 2011-2014 k\u00f6z\u00f6tt az Eg\u00e9szs\u00e9g\u00fcgyi K\u00f6zszolg\u00e1lati Kar d\u00e9k\u00e1nhelyettese. 2012-ben munk\u00e1j\u00e1t Semmelweis Egyetem kiv\u00e1l\u00f3 oktat\u00f3ja d\u00edjjal ismert\u00e9k el. Tudom\u00e1nyos \u00e9rdekl\u0151d\u00e9se k\u00f6z\u00e9ppontj\u00e1ban szoci\u00e1lis, ment\u00e1lhigi\u00e9n\u00e9s, csal\u00e1di k\u00e9rd\u00e9sek \u00e9s roma emberek \u00e9lethelyzetei \u00e1lltak. Sz\u0171kebb kutat\u00e1si ter\u00fclete a vall\u00e1sszociol\u00f3gia ter\u00fclet\u00e9n az \u00faj vall\u00e1si mozgalmak volt. Sz\u00e1mos szakmai \u00e9s k\u00f6z\u00e9leti poz\u00edci\u00f3t t\u00f6lt\u00f6tt be, 2010-2017 k\u00f6z\u00f6tt a Magyar Szociol\u00f3giai T\u00e1rsas\u00e1g Vall\u00e1sszociol\u00f3giai Szakoszt\u00e1ly\u00e1nak eln\u00f6ke, valamint a Religion and Society in Central and Eastern Europe (RASCEE) c. foly\u00f3iratnak alap\u00edt\u00f3 f\u0151szerkeszt\u0151je.<\/p>\n<p>Tudom\u00e1nyos munk\u00e1ss\u00e1ga mellett fontos volt sz\u00e1m\u00e1ra a szem\u00e9lyes hit elm\u00e9ly\u00edt\u00e9se \u00e9s a jezsuita lelkis\u00e9g is, Anthony de Mello k\u00f6nyveinek \u00e9s m\u00e1s lelkis\u00e9gi irodalmak ford\u00edt\u00f3jak\u00e9nt szolg\u00e1lta e ter\u00fcletet. Az ut\u00f3bbi \u00e9vekben a betegs\u00e9gei \u00e9s az ezzel j\u00e1r\u00f3 szenved\u00e9s elvisel\u00e9s\u00e9ben is megmutatkozott, hogy m\u00e9ly \u00e9s szem\u00e9lyes kapcsolatot \u00e1polt Teremt\u0151j\u00e9vel, \u00edgy b\u00e9k\u00e9ben \u00e9s a felt\u00e1mad\u00e1s rem\u00e9ny\u00e9ben t\u00e1vozott el k\u00f6z\u00fcl\u00fcnk.<\/p>\n<p>Eml\u00e9k\u00e9t meg\u0151rizz\u00fck, szellemi \u00f6r\u00f6ks\u00e9g\u00e9t \u00e1poljuk, \u00e9s a k\u00f6z\u00f6sen elkezdett \u00e9s v\u00e9gzett munk\u00e1t folytatjuk!<\/p>\n<p>Semmelweis Egyetem Ment\u00e1lhigi\u00e9n\u00e9 Int\u00e9zet<\/p>\n","protected":false},"excerpt":{"rendered":"<p>\u00c9let\u00e9nek 63. \u00e9v\u00e9ben elhunyt dr. T\u00f6r\u00f6k P\u00e9ter, a Semmelweis Egyetem Ment\u00e1lhigi\u00e9n\u00e9 Int\u00e9zet\u00e9nek kor\u00e1bbi igazgat\u00f3ja<\/p>\n","protected":false},"author":101751,"featured_media":60875,"comment_status":"closed","ping_status":"closed","sticky":false,"template":"","format":"standard","meta":{"_acf_changed":false,"footnotes":""},"categories":[157],"tags":[4108],"class_list":["post-111527","post","type-post","status-publish","format-standard","has-post-thumbnail","hentry","category-semmelweis-vilag","tag-gyaszhir"],"acf":[],"_links":{"self":[{"href":"https:\/\/semmelweis.hu\/hirek\/wp-json\/wp\/v2\/posts\/111527","targetHints":{"allow":["GET"]}}],"collection":[{"href":"https:\/\/semmelweis.hu\/hirek\/wp-json\/wp\/v2\/posts"}],"about":[{"href":"https:\/\/semmelweis.hu\/hirek\/wp-json\/wp\/v2\/types\/post"}],"author":[{"embeddable":true,"href":"https:\/\/semmelweis.hu\/hirek\/wp-json\/wp\/v2\/users\/101751"}],"replies":[{"embeddable":true,"href":"https:\/\/semmelweis.hu\/hirek\/wp-json\/wp\/v2\/comments?post=111527"}],"version-history":[{"count":5,"href":"https:\/\/semmelweis.hu\/hirek\/wp-json\/wp\/v2\/posts\/111527\/revisions"}],"predecessor-version":[{"id":111625,"href":"https:\/\/semmelweis.hu\/hirek\/wp-json\/wp\/v2\/posts\/111527\/revisions\/111625"}],"wp:featuredmedia":[{"embeddable":true,"href":"https:\/\/semmelweis.hu\/hirek\/wp-json\/wp\/v2\/media\/60875"}],"wp:attachment":[{"href":"https:\/\/semmelweis.hu\/hirek\/wp-json\/wp\/v2\/media?parent=111527"}],"wp:term":[{"taxonomy":"category","embeddable":true,"href":"https:\/\/semmelweis.hu\/hirek\/wp-json\/wp\/v2\/categories?post=111527"},{"taxonomy":"post_tag","embeddable":true,"href":"https:\/\/semmelweis.hu\/hirek\/wp-json\/wp\/v2\/tags?post=111527"}],"curies":[{"name":"wp","href":"https:\/\/api.w.org\/{rel}","templated":true}]}}