{"id":111329,"date":"2022-02-12T06:00:54","date_gmt":"2022-02-12T05:00:54","guid":{"rendered":"https:\/\/semmelweis.hu\/hirek\/?p=111329"},"modified":"2022-02-14T16:32:12","modified_gmt":"2022-02-14T15:32:12","slug":"szenior-akademia-fokuszban-a-neuropatia","status":"publish","type":"post","link":"https:\/\/semmelweis.hu\/hirek\/2022\/02\/12\/szenior-akademia-fokuszban-a-neuropatia\/","title":{"rendered":"Szenior Akad\u00e9mia \u2013 f\u00f3kuszban a neurop\u00e1tia"},"content":{"rendered":"<div class=\"lead\">A Szenior Akad\u00e9mia 2022-es tavaszi online szemeszter\u00e9nek els\u0151 alkalm\u00e1n dr. Ar\u00e1nyi Zsuzsanna, a Neurol\u00f3giai Klinika egyetemi tan\u00e1ra a perif\u00e9ri\u00e1s idegek betegs\u00e9geit ismertette az \u00e9rdekl\u0151d\u0151kkel. El\u0151ad\u00e1sa sor\u00e1n besz\u00e9lt t\u00f6bbek k\u00f6z\u00f6tt az idegek m\u0171k\u00f6d\u00e9sr\u0151l, az idegk\u00e1rosod\u00e1s f\u0151 form\u00e1ir\u00f3l: bemutatta a leggyakoribb neurop\u00e1ti\u00e1kat, azok jellemz\u0151 t\u00fcneteit, kezel\u00e9si lehet\u0151s\u00e9geit, valamint kit\u00e9rt a diagnosztik\u00e1ban megjelent \u00fajdons\u00e1gokra is.<\/div>\n<p>A Szenior Akad\u00e9mia hatodik szemeszter\u00e9nek nyit\u00f3 el\u0151ad\u00e1s\u00e1n dr. Ar\u00e1nyi Zsuzsanna, a Neurol\u00f3giai Klinika egyetemi tan\u00e1ra \u201eNeurop\u00e1tia, a perif\u00e9ri\u00e1s idegek betegs\u00e9gei, \u00fajdons\u00e1gok a diagnosztik\u00e1ban\u201d c\u00edm\u0171 el\u0151ad\u00e1s\u00e1ban ismertette, hogy a neurop\u00e1tia vagy idegb\u00e1ntalom a k\u00f6rny\u00e9ki (perif\u00e9ri\u00e1s) idegek betegs\u00e9geit jelenti. Kiemelte, hogy ha egy ideg \u00e9rintetts\u00e9g\u00e9r\u0151l van sz\u00f3, akkor mononeurop\u00e1ti\u00e1r\u00f3l, t\u00f6bb ideg \u00e9rintetts\u00e9g\u00e9n\u00e9l pedig polineurop\u00e1ti\u00e1r\u00f3l besz\u00e9l\u00fcnk. Egy ideg nagyon sok, ak\u00e1r t\u00f6bb ezer idegrostb\u00f3l (axon) \u00e1ll, ezek sz\u00e1ll\u00edtj\u00e1k az inform\u00e1ci\u00f3t, az elektromos inger\u00fcletet \u2013 magyar\u00e1zta. Funkci\u00f3 alapj\u00e1n megk\u00fcl\u00f6nb\u00f6ztet\u00fcnk mozgat\u00f3 \u00e9s \u00e9rz\u0151 idegrostokat; ezek az idegrostok k\u00f6tegekbe szervez\u0151dnek, az egyes k\u00f6tegeket \u00e9s mag\u00e1t az ideget k\u00edv\u00fclr\u0151l er\u0151s, k\u00f6t\u0151sz\u00f6vetes boruk veszi k\u00f6r\u00fcl, amit vel\u0151sh\u00fcvelynek h\u00edvunk, ez tulajdonk\u00e9ppen az idegrostnak a \u201eszigetel\u0151anyaga\u201d. Ha \u00e9p ez a vel\u0151sh\u00fcvely, akkor az inger\u00fcleti vezet\u00e9s is sokkal gyorsabb; a vel\u0151sh\u00fcvely k\u00e1rosod\u00e1sa az idegrostnak a vezet\u00e9si zavar\u00e1t id\u00e9zheti el\u0151 \u2013 mondta el.<\/p>\n<p><a href=\"https:\/\/semmelweis.hu\/hirek\/files\/2022\/02\/RS145569_Szenior-akade\u0301mia_v4_ara\u0301nyi_zsuzsa-scr.jpg\"><img loading=\"lazy\" decoding=\"async\" class=\"aligncenter size-full wp-image-111340\" src=\"https:\/\/semmelweis.hu\/hirek\/files\/2022\/02\/RS145569_Szenior-akade\u0301mia_v4_ara\u0301nyi_zsuzsa-scr.jpg\" alt=\"\" width=\"1200\" height=\"788\" srcset=\"https:\/\/semmelweis.hu\/hirek\/files\/2022\/02\/RS145569_Szenior-akade\u0301mia_v4_ara\u0301nyi_zsuzsa-scr.jpg 1200w, https:\/\/semmelweis.hu\/hirek\/files\/2022\/02\/RS145569_Szenior-akade\u0301mia_v4_ara\u0301nyi_zsuzsa-scr-400x263.jpg 400w, https:\/\/semmelweis.hu\/hirek\/files\/2022\/02\/RS145569_Szenior-akade\u0301mia_v4_ara\u0301nyi_zsuzsa-scr-900x591.jpg 900w, https:\/\/semmelweis.hu\/hirek\/files\/2022\/02\/RS145569_Szenior-akade\u0301mia_v4_ara\u0301nyi_zsuzsa-scr-768x504.jpg 768w, https:\/\/semmelweis.hu\/hirek\/files\/2022\/02\/RS145569_Szenior-akade\u0301mia_v4_ara\u0301nyi_zsuzsa-scr-753x494.jpg 753w\" sizes=\"auto, (max-width: 1200px) 100vw, 1200px\" \/><\/a>Dr. Ar\u00e1nyi Zsuzsanna el\u0151ad\u00e1s\u00e1ban besz\u00e9lt az elektrofiziol\u00f3gi\u00e1r\u00f3l, vagyis az idegek k\u00fcls\u0151, mesters\u00e9ges ingerl\u00e9s\u00e9r\u0151l, ami az idegi betegs\u00e9gek diagnosztik\u00e1j\u00e1nak az alapja. R\u00e1mutatott, hogy az idegek elektromos ingerl\u00e9s\u00e9vel annak \u00f6sszes idegrostja inger\u00fcletbe ker\u00fcl, a v\u00e1lasz vezet\u00e9si sebess\u00e9ge \u00e9s amplit\u00fad\u00f3ja pedig inform\u00e1ci\u00f3t ad az ideg norm\u00e1lis avagy k\u00f3ros m\u0171k\u00f6d\u00e9sr\u0151l. Bemutatta az idegk\u00e1rosod\u00e1s k\u00e9t f\u0151 form\u00e1j\u00e1t: amikor csak a vel\u0151sh\u00fcvely k\u00e1rosodik, p\u00e9ld\u00e1ul k\u00fcls\u0151 nyom\u00e1s hat\u00e1s\u00e1ra, akkor vezet\u00e9si blokk alakul ki. \u00c1tlagosan 4-12 h\u00e9ten bel\u00fcl a vel\u0151sh\u00fcvely spont\u00e1n vissza\u00e9p\u00fcl (ez nem befoly\u00e1solhat\u00f3, nem gyors\u00edthat\u00f3). S\u00falyosabb form\u00e1ja, ha az eg\u00e9sz idegrost k\u00e1rosodik, ilyenkor a megszakadt idegrost sz\u00e9tesik \u00e9s felsz\u00edv\u00f3dik. Mindk\u00e9t esetben a t\u00fcnet az ideg m\u0171k\u00f6d\u00e9s\u00e9nek, az \u00e1ltala ell\u00e1tott izmok, funkci\u00f3k \u00e9s \u00e9rz\u0151 ter\u00fcletnek a kies\u00e9se. Ebben az esetben is van es\u00e9ly a fel\u00e9p\u00fcl\u00e9sre, hiszen a perif\u00e9ri\u00e1s idegek \u2013 szemben a k\u00f6zponti idegrendszeri idegsejtekkel \u2013 k\u00e9pesek a regener\u00e1ci\u00f3ra. Az idegrost a s\u00e9r\u00fcl\u00e9s hely\u00e9n ny\u00falv\u00e1nyokat kezd n\u00f6veszteni, amelyek kin\u0151nek a c\u00e9l fel\u00e9 az \u00fcresen maradt k\u00f6t\u0151sz\u00f6vetes burokban. A regener\u00e1ci\u00f3 felt\u00e9tele, hogy a n\u00f6vekv\u0151 rostok megtal\u00e1lj\u00e1k az utat, ehhez sz\u00fcks\u00e9ges, hogy folytonos legyen az ideg k\u00fcls\u0151 burka \u2013 magyar\u00e1zta. Itt a gy\u00f3gyul\u00e1s ideje t\u00e1vols\u00e1gf\u00fcgg\u0151 \u00e9s nem befoly\u00e1solhat\u00f3. P\u00e9ld\u00e1ul, ha a k\u00f6ny\u00f6kn\u00e9l alakul ki s\u00e9r\u00fcl\u00e9s, \u00e9s a k\u00e9z izmokat kell ell\u00e1tnia a kin\u00f6v\u0151 idegnek, akkor itt a regener\u00e1ci\u00f3s folyamat ak\u00e1r egy \u00e9v is lehet \u2013 mutatott r\u00e1. A k\u00fcls\u0151 idegburok teljes s\u00e9r\u00fcl\u00e9sekor \u00fagynevezett idegvarr\u00e1s seb\u00e9szi beavatkoz\u00e1ssal a burkot egyes\u00edteni tudj\u00e1k.<\/p>\n<p><a href=\"https:\/\/semmelweis.hu\/hirek\/files\/2022\/02\/RS60880_IMG_9318-scr.jpg\"><img loading=\"lazy\" decoding=\"async\" class=\"alignright size-medium wp-image-111341\" src=\"https:\/\/semmelweis.hu\/hirek\/files\/2022\/02\/RS60880_IMG_9318-scr-400x267.jpg\" alt=\"\" width=\"400\" height=\"267\" srcset=\"https:\/\/semmelweis.hu\/hirek\/files\/2022\/02\/RS60880_IMG_9318-scr-400x267.jpg 400w, https:\/\/semmelweis.hu\/hirek\/files\/2022\/02\/RS60880_IMG_9318-scr-900x600.jpg 900w, https:\/\/semmelweis.hu\/hirek\/files\/2022\/02\/RS60880_IMG_9318-scr-768x512.jpg 768w, https:\/\/semmelweis.hu\/hirek\/files\/2022\/02\/RS60880_IMG_9318-scr-753x502.jpg 753w, https:\/\/semmelweis.hu\/hirek\/files\/2022\/02\/RS60880_IMG_9318-scr-203x135.jpg 203w, https:\/\/semmelweis.hu\/hirek\/files\/2022\/02\/RS60880_IMG_9318-scr.jpg 950w\" sizes=\"auto, (max-width: 400px) 100vw, 400px\" \/><\/a>Az el\u0151ad\u00f3 hangs\u00falyozta: a perif\u00e9ri\u00e1s idegek vonatkoz\u00e1s\u00e1ban kor\u00e1bban nem volt lehet\u0151s\u00e9g a k\u00e9palkot\u00e1sra, az elektrofiziol\u00f3gia, vagyis az ingerl\u00e9s volt az egyetlen diagnosztikai lehet\u0151s\u00e9g a betegs\u00e9g meg\u00e1llap\u00edt\u00e1s\u00e1ra.<\/p>\n<p>Az elm\u00falt t\u00edz \u00e9vben ezen e ter\u00fcleten hatalmas el\u0151rel\u00e9p\u00e9s t\u00f6rt\u00e9nt a nagy felbont\u00e1s\u00fa ultrahang, illetve az MR neurogr\u00e1fia bevezet\u00e9s\u00e9vel. Ezek alapjaiban v\u00e1ltoztatt\u00e1k meg a perif\u00e9ri\u00e1s idegrendszeri betegs\u00e9gekkel kapcsolatos ismereteket, illetve a diagnosztik\u00e1t \u2013 emelte ki. Mint elmondta, az idegek k\u00fcl\u00f6n\u00f6sen alkalmasak ultrahangvizsg\u00e1latra, mert fel\u00fcletesen futnak a v\u00e9gtagokon, k\u00f6nnyen hozz\u00e1f\u00e9rhet\u0151ek, a vizsg\u00e1lathoz azonban nagy felbont\u00e1s\u00fa, magas frekvenci\u00e1j\u00fa ultrahang fejre van sz\u00fcks\u00e9g, amellyel az ideg bels\u0151 szerkezete is meg\u00edt\u00e9lhet\u0151 \u2013 tette hozz\u00e1. Sorra vette, hogy milyen param\u00e9tereket vizsg\u00e1lnak az ultrahang sor\u00e1n (m\u00e9ret, folytonoss\u00e1g, k\u00f6rnyez\u0151 strukt\u00far\u00e1k, erezetts\u00e9g).<\/p>\n<p>Bemutatta a neurop\u00e1tia t\u00fcneteit: ha az \u00e9rz\u0151rostok k\u00e1rosodnak, akkor \u00e9g\u0151, nyilall\u00f3, sug\u00e1rz\u00f3 f\u00e1jdalom jelentkezik, de jellegzetes t\u00fcnet m\u00e9g a zsibbad\u00f3, bizserg\u0151, \u00e9g\u0151 \u00e9rz\u00e9s, t\u0171sz\u00far\u00e1sszer\u0171, hangyam\u00e1sz\u00e1sszer\u0171 \u00e9rzetek, szor\u00edt\u00e1s, hideg. De el\u0151fordulhat, hogy cs\u00f6kken az \u00e9rzet egy adott ter\u00fcleten pl. k\u00e9zen vagy l\u00e1bon. Ha pedig a mozgat\u00f3rostok is k\u00e1rosodnak, akkor izomgyenges\u00e9g, b\u00e9nul\u00e1s, izomsorvad\u00e1s alakul ki \u2013 sorolta, hozz\u00e1t\u00e9ve, hogy el\u0151sz\u00f6r az \u00e9rz\u0151, majd a mozgat\u00f3 rostok k\u00e1rosodnak. Sz\u00f3lt a norm\u00e1lis \u00e9s a neurop\u00e1ti\u00e1s f\u00e1jdalom k\u00f6z\u00f6tti k\u00fcl\u00f6nbs\u00e9gekr\u0151l is, majd sorra vette a leggyakoribb neurop\u00e1ti\u00e1kat, \u00fagy, mint a csukl\u00f3 alag\u00fat szindr\u00f3ma vagy a diabeteszes polineurop\u00e1tia, kit\u00e9rve ezek jellemz\u0151 t\u00fcneteire. Hangs\u00falyozta, hogy a cukorbetegs\u00e9g egyik leggyakoribb sz\u00f6v\u0151dm\u00e9nye a neurop\u00e1tia. A cukorbetegek t\u00f6bb mint fel\u00e9n\u00e9l kialakul, ami egy\u00fattal a cukorbetegs\u00e9g els\u0151 t\u00fcnete is lehet \u2013 ismertette, hozz\u00e1t\u00e9ve, hogy a cukorbetegs\u00e9g okozta neurop\u00e1tia a v\u00e9gtagamput\u00e1ci\u00f3k vezet\u0151 oka.<\/p>\n<p>A Szenior Akad\u00e9mia el\u0151ad\u00e1sa visszan\u00e9zhet\u0151 az egyetem\u00a0<a href=\"https:\/\/www.youtube.com\/watch?v=XaYtuinAf1Y\">YouTube-csatorn\u00e1j\u00e1n.<\/a><\/p>\n<div class=\"keretes w-100\">\n<p>Dr. Ar\u00e1nyi Zsuzsanna az MTA doktora, neurol\u00f3gus \u00e9s klinikai neurofiziol\u00f3gus szakorvos, a Semmelweis Orvostudom\u00e1nyi Egyetem elv\u00e9gz\u00e9se \u00f3ta a Semmelweis Egyetem Neurol\u00f3giai Klinik\u00e1j\u00e1nak munkat\u00e1rsa. Jelenleg a Klinikai Neurofiziol\u00f3giai Laborat\u00f3rium \u00e9s a neuromuscularis szakrendel\u00e9s vezet\u0151je. Klinikai neurofiziol\u00f3giai k\u00e9pz\u00e9s\u00e9nek r\u00e9szek\u00e9nt, valamint kutat\u00e1si c\u00e9llal hosszabb id\u0151t t\u00f6lt\u00f6tt Sv\u00e1jcban, a Berni Egyetemen. Kezdeti kutat\u00e1si ter\u00fclete a transcranialis m\u00e1gneses ingerl\u00e9s \u00e9s a hum\u00e1n motoros rendszer vizsg\u00e1lata volt, majd \u00e9rdekl\u0151d\u00e9se az electromyographia \u00e9s a neuromuscularis betegs\u00e9gek, illetve leg\u00fajabban a perif\u00e9ri\u00e1s idegek ultrahang vizsg\u00e1lata fel\u00e9 fordult. Mint az ideg ultrahang, egy forradalmian \u00faj, a neurofiziol\u00f3gi\u00e1t kieg\u00e9sz\u00edt\u0151 diagnosztikai eszk\u00f6z egyik hazai \u00fatt\u00f6r\u0151je elk\u00f6telezett a m\u00f3dszer hazai elterjeszt\u00e9s\u00e9re. A Nemzeti Agykutat\u00e1si Program keret\u00e9n bel\u00fcl az MTA-Semmelweis Egyetem perif\u00e9r\u00e1s idegrendszeri kutat\u00f3csoport vezet\u0151jek\u00e9nt kutat\u00e1si t\u00e1mogat\u00e1sban r\u00e9szes\u00fclt. Sz\u0171kebb kutat\u00e1si ter\u00fclete a neuralgi\u00e1s amyotrophia \u00e9s a mellkas kimeneteli szindr\u00f3ma ultrahang vizsg\u00e1lata. Sz\u00e1mos hazai \u00e9s nemzetk\u00f6zi tudom\u00e1nyos publik\u00e1ci\u00f3 szerz\u0151je \u00e9s hazai, illetve nemzetk\u00f6zi neuromuscularis ultrahang kurzus \u00e9s konferencia megh\u00edvott el\u0151ad\u00f3ja. A Magyar Klinikai Neurofiziol\u00f3giai T\u00e1rsas\u00e1g \u00e9s a Magyar Neurol\u00f3giai T\u00e1rsas\u00e1g vezet\u0151s\u00e9gi tagja, valamint az MTA Klinikai Idegtudom\u00e1nyi Bizotts\u00e1g\u00e1nak \u00e9s az Eur\u00f3pai Neurol\u00f3giai Akad\u00e9mia Neuropathia panelj\u00e9nek tagja.<\/p>\n<\/div>\n<p>B\u00f3di Bernadett<br \/>\nFot\u00f3: Kov\u00e1cs Attila \u2013 Semmelweis Egyetem<\/p>\n<p>&nbsp;<\/p>\n","protected":false},"excerpt":{"rendered":"<p>Dr. Ar\u00e1nyi Zsuzsanna egyetemi tan\u00e1r t\u00f6bbek k\u00f6z\u00f6tt bemutatta a leggyakoribb neurop\u00e1ti\u00e1kat, azok jellemz\u0151 t\u00fcneteit \u00e9s kezel\u00e9seit.<\/p>\n","protected":false},"author":101282,"featured_media":111340,"comment_status":"closed","ping_status":"closed","sticky":false,"template":"","format":"standard","meta":{"_acf_changed":false,"footnotes":""},"categories":[154,168],"tags":[4249],"class_list":["post-111329","post","type-post","status-publish","format-standard","has-post-thumbnail","hentry","category-egeszseg","category-kiemelt","tag-szenior-akademia"],"acf":[],"_links":{"self":[{"href":"https:\/\/semmelweis.hu\/hirek\/wp-json\/wp\/v2\/posts\/111329","targetHints":{"allow":["GET"]}}],"collection":[{"href":"https:\/\/semmelweis.hu\/hirek\/wp-json\/wp\/v2\/posts"}],"about":[{"href":"https:\/\/semmelweis.hu\/hirek\/wp-json\/wp\/v2\/types\/post"}],"author":[{"embeddable":true,"href":"https:\/\/semmelweis.hu\/hirek\/wp-json\/wp\/v2\/users\/101282"}],"replies":[{"embeddable":true,"href":"https:\/\/semmelweis.hu\/hirek\/wp-json\/wp\/v2\/comments?post=111329"}],"version-history":[{"count":9,"href":"https:\/\/semmelweis.hu\/hirek\/wp-json\/wp\/v2\/posts\/111329\/revisions"}],"predecessor-version":[{"id":111414,"href":"https:\/\/semmelweis.hu\/hirek\/wp-json\/wp\/v2\/posts\/111329\/revisions\/111414"}],"wp:featuredmedia":[{"embeddable":true,"href":"https:\/\/semmelweis.hu\/hirek\/wp-json\/wp\/v2\/media\/111340"}],"wp:attachment":[{"href":"https:\/\/semmelweis.hu\/hirek\/wp-json\/wp\/v2\/media?parent=111329"}],"wp:term":[{"taxonomy":"category","embeddable":true,"href":"https:\/\/semmelweis.hu\/hirek\/wp-json\/wp\/v2\/categories?post=111329"},{"taxonomy":"post_tag","embeddable":true,"href":"https:\/\/semmelweis.hu\/hirek\/wp-json\/wp\/v2\/tags?post=111329"}],"curies":[{"name":"wp","href":"https:\/\/api.w.org\/{rel}","templated":true}]}}