{"id":111309,"date":"2022-02-09T14:00:50","date_gmt":"2022-02-09T13:00:50","guid":{"rendered":"https:\/\/semmelweis.hu\/hirek\/?p=111309"},"modified":"2024-02-02T13:00:30","modified_gmt":"2024-02-02T12:00:30","slug":"rekordszamu-eloadas-az-idei-semmelweis-egyetem-online-tudomanyos-diakkori-konferenciajan","status":"publish","type":"post","link":"https:\/\/semmelweis.hu\/hirek\/2022\/02\/09\/rekordszamu-eloadas-az-idei-semmelweis-egyetem-online-tudomanyos-diakkori-konferenciajan\/","title":{"rendered":"Rekordsz\u00e1m\u00fa el\u0151ad\u00e1s az idei Semmelweis Egyetem online Tudom\u00e1nyos Di\u00e1kk\u00f6ri Konferenci\u00e1j\u00e1n"},"content":{"rendered":"<div class=\"lead\">Id\u00e9n els\u0151 alkalommal az egyetem mind a hat kara egyid\u0151ben tartja meg Tudom\u00e1nyos Di\u00e1kk\u00f6ri Konferenci\u00e1j\u00e1t, melyet a j\u00e1rv\u00e1nyhelyzet miatt id\u00e9n is online rendeznek meg. Az esem\u00e9nyen mintegy 45 szekci\u00f3ban k\u00f6zel 400 el\u0151ad\u00e1ssal jelentkeztek a tudom\u00e1nyos di\u00e1kk\u00f6ri hallgat\u00f3k. Az \u00fcnnep\u00e9lyes megnyit\u00f3n t\u00f6bb, a TDK-hoz k\u00f6thet\u0151 elismer\u00e9st is \u00e1tadtak, \u00e9s t\u00f6bbek k\u00f6z\u00f6tt a rektori p\u00e1lyamunk\u00e1k d\u00edjazottjait is bemutatt\u00e1k.<\/div>\n<p><a href=\"https:\/\/semmelweis.hu\/hirek\/files\/2022\/02\/RS145568_C19A1088-scr.jpg\"><img loading=\"lazy\" decoding=\"async\" class=\"alignright wp-image-111324 size-medium\" src=\"https:\/\/semmelweis.hu\/hirek\/files\/2022\/02\/RS145568_C19A1088-scr-400x251.jpg\" alt=\"\" width=\"400\" height=\"251\" srcset=\"https:\/\/semmelweis.hu\/hirek\/files\/2022\/02\/RS145568_C19A1088-scr-400x251.jpg 400w, https:\/\/semmelweis.hu\/hirek\/files\/2022\/02\/RS145568_C19A1088-scr-900x566.jpg 900w, https:\/\/semmelweis.hu\/hirek\/files\/2022\/02\/RS145568_C19A1088-scr-768x483.jpg 768w, https:\/\/semmelweis.hu\/hirek\/files\/2022\/02\/RS145568_C19A1088-scr-753x473.jpg 753w, https:\/\/semmelweis.hu\/hirek\/files\/2022\/02\/RS145568_C19A1088-scr.jpg 1200w\" sizes=\"auto, (max-width: 400px) 100vw, 400px\" \/><\/a>\u201eEgykori TDK-s hallgat\u00f3k\u00e9nt, k\u00e9s\u0151bb oktat\u00f3k\u00e9nt, majd TDT eln\u00f6kk\u00e9nt pontosan tudom, milyen elk\u00f6telez\u0151d\u00e9st \u00e9s \u00e1ldozatos munk\u00e1t k\u00edv\u00e1n a di\u00e1kk\u00f6ri munka\u201d \u2013 fogalmazott megnyit\u00f3 besz\u00e9d\u00e9ben dr. Merkely B\u00e9la rektor, a Tudom\u00e1nyos Di\u00e1kk\u00f6ri Tan\u00e1cs kor\u00e1bbi eln\u00f6ke. Kiemelte: oktat\u00f3k\u00e9nt az egyik legnagyobb felel\u0151ss\u00e9g nemcsak ennek a munk\u00e1nak a seg\u00edt\u00e9se, de a tehets\u00e9gek felismer\u00e9se \u00e9s gondoz\u00e1sa is. A Semmelweis Egyetem fenn\u00e1ll\u00e1s\u00e1nak imm\u00e1r t\u00f6bb mint 250 \u00e9ve sor\u00e1n mindig is kiemelked\u0151 tud\u00e1sk\u00f6zpont, a tehets\u00e9gek b\u00e1zisa \u00e9s k\u00e9pz\u0151helye volt. Olyan tudom\u00e1nyos k\u00f6zeg, amelyben mindenki szabadon felismerheti, kibontakoztathatja k\u00e9pess\u00e9geit, \u00e9s sz\u00f3 szerint korl\u00e1tok n\u00e9lk\u00fcl b\u0151v\u00edtheti ismereteit \u2013 mutatott r\u00e1 a rektor, hozz\u00e1t\u00e9ve: a Tudom\u00e1nyos Di\u00e1kk\u00f6r ennek a szeml\u00e9letnek a legfontosabb int\u00e9zm\u00e9nye, a konferencia a legkiv\u00e1l\u00f3bb f\u00f3ruma.<\/p>\n<blockquote>\n<p>A TDK nemcsak az els\u0151 l\u00e9pcs\u0151fok a tudom\u00e1nyos karrier fel\u00e9 vezet\u0151 \u00faton, de egyed\u00fcl\u00e1ll\u00f3 m\u0171hely is: itt elm\u00e9lyedhetnek v\u00e1lasztott szakter\u00fclet\u00fckben, elsaj\u00e1t\u00edthatj\u00e1k a kutat\u00e1s, a publik\u00e1ci\u00f3 alapjait is<\/p>\n<\/blockquote>\n<p>\u2013 fogalmazott. Szorgalom \u00e9s kitart\u00e1s \u2013 ezekre van sz\u00fcks\u00e9g a kiemelked\u0151 TDK-munk\u00e1k elk\u00e9sz\u00edt\u00e9s\u00e9hez, de ezek \u00e1llnak a legjobb tudom\u00e1nyos publik\u00e1ci\u00f3k, a legragyog\u00f3bb kutat\u00f3i p\u00e1ly\u00e1k m\u00f6g\u00f6tt is.<\/p>\n<p>A tehets\u00e9g megtal\u00e1l\u00e1s\u00e1n\u00e1l, gondoz\u00e1s\u00e1n\u00e1l \u00e9s kibontakoztat\u00e1s\u00e1n\u00e1l nincs szebb, nemesebb \u00e9s felel\u0151ss\u00e9gteljesebb k\u00fcldet\u00e9se egy egyetemnek \u2013 hangs\u00falyozta dr. Merkely B\u00e9la, aki elmondta, id\u00e9n els\u0151 alkalommal az egyetem mind a hat kara egyid\u0151ben tartja konferenci\u00e1j\u00e1t, mintegy 45 szekci\u00f3ban k\u00f6zel 400 el\u0151ad\u00e1s hangzik majd el.<\/p>\n<p><a href=\"https:\/\/semmelweis.hu\/hirek\/files\/2022\/02\/RS145555__P1A9726-scr.jpg\"><img loading=\"lazy\" decoding=\"async\" class=\"alignleft size-medium wp-image-111313\" src=\"https:\/\/semmelweis.hu\/hirek\/files\/2022\/02\/RS145555__P1A9726-scr-267x400.jpg\" alt=\"\" width=\"267\" height=\"400\" srcset=\"https:\/\/semmelweis.hu\/hirek\/files\/2022\/02\/RS145555__P1A9726-scr-267x400.jpg 267w, https:\/\/semmelweis.hu\/hirek\/files\/2022\/02\/RS145555__P1A9726-scr-533x800.jpg 533w, https:\/\/semmelweis.hu\/hirek\/files\/2022\/02\/RS145555__P1A9726-scr.jpg 600w\" sizes=\"auto, (max-width: 267px) 100vw, 267px\" \/><\/a>\u201eA TDK-munka egy olyan hungarikum, mellyel \u00e9lni kell\u201d \u2013 emelte ki besz\u00e9d\u00e9ben dr. Szij\u00e1rt\u00f3 Attila. A Tudom\u00e1nyos Di\u00e1kk\u00f6ri Tan\u00e1cs eln\u00f6ke elmondta, a TDK feladata a lelkes fiatal hallgat\u00f3k b\u00e1tor\u00edt\u00e1sa, felkarol\u00e1sa, hogy megismerkedjenek a tudom\u00e1ny alapvet\u0151 fort\u00e9lyaival, megismerj\u00e9k az utat, hogyan sz\u00fcletnek tudom\u00e1nyos evidenci\u00e1k. Az itt elsaj\u00e1t\u00edtott tudom\u00e1nyos v\u00e9na birtok\u00e1ban sokkal kritikusabban tudj\u00e1k \u00e9rtelmezni a kapott eredm\u00e9nyeket is \u2013 fogalmazott. A tudom\u00e1nyos di\u00e1kk\u00f6ri munka a tehets\u00e9ggondoz\u00e1s egyed\u00fcl\u00e1ll\u00f3 m\u00f3dja, ahol egym\u00e1sra tal\u00e1lhat mester \u00e9s mentor\u00e1lt, oktat\u00f3 \u00e9s hallgat\u00f3. Sokszor \u00e9letre sz\u00f3l\u00f3 kapcsolatok, bar\u00e1ts\u00e1gok sz\u00f6v\u0151dnek ezen tan\u00e1r-di\u00e1k kapcsolatokb\u00f3l. Dr. Szij\u00e1rt\u00f3 Attila kiemelte, hogy a k\u00f6zel k\u00e9t \u00e9ve tart\u00f3 pand\u00e9mia jelentette kih\u00edv\u00e1sokkal terhelt id\u0151szakban a Semmelweis Egyetem oktat\u00f3i \u00e9s hallgat\u00f3i kiv\u00e1l\u00f3an helyt\u00e1lltak. Ezt mi sem bizony\u00edtja jobban, minthogy a vil\u00e1gj\u00e1rv\u00e1ny okozta jelent\u0151s lelki \u00e9s fizik\u00e1lis megterhel\u00e9s ellen\u00e9re az idei konferencia minden id\u0151k legnagyobb l\u00e9tsz\u00e1m\u00fa tudom\u00e1nyos di\u00e1kk\u00f6ri rendezv\u00e9nye \u2013 hangs\u00falyozta, hozz\u00e1t\u00e9ve: mindez nem j\u00f6hetett volna l\u00e9tre azon oktat\u00f3, t\u00e9mavezet\u0151 koll\u00e9g\u00e1k n\u00e9lk\u00fcl, akik az elm\u00falt id\u0151szakban r\u00e1juk nehezed\u0151 fokozott eg\u00e9szs\u00e9g\u00fcgyi terhel\u00e9s \u00e9s megn\u00f6vekedett feladatok mellett is folytatt\u00e1k kutat\u00f3, nevel\u0151 munk\u00e1jukat. K\u00f6sz\u00f6net\u00e9t fejezte ki azon hallgat\u00f3knak is, akik t\u00f6retlen lelkesed\u00e9ssel v\u00e9gezt\u00e9k munk\u00e1jukat a j\u00e1rv\u00e1ny\u00fcgyi int\u00e9zked\u00e9sek jelentette neh\u00e9z k\u00f6r\u00fclm\u00e9nyek mellett is.<\/p>\n<div class=\"fontos_div\">\n<p>A besz\u00e9deket k\u00f6vet\u0151en az \u00fcnnep\u00e9lyes megnyit\u00f3n \u00e1tadt\u00e1k a Semmelweis Egyetem Kiv\u00e1l\u00f3 Tudom\u00e1nyos Di\u00e1kk\u00f6ri Nevel\u0151je, valamint Kiv\u00e1l\u00f3 Di\u00e1kk\u00f6r\u00f6se kit\u00fcntet\u00e9seket, a 2021-ben els\u0151szerz\u0151s publik\u00e1ci\u00f3 megjelen\u00e9s\u00e9\u00e9rt j\u00e1r\u00f3 elismer\u00e9st (a d\u00edjazottak n\u00e9vsora a cikk v\u00e9g\u00e9n olvashat\u00f3). A Richter Gedeon Nyrt. az idei \u00e9vben is a Semmelweis Egyetem TDK Kiemelt T\u00e1mogat\u00f3ja oklevelet kapott. A cerem\u00f3ni\u00e1n ismertett\u00e9k a rektori p\u00e1lyamunka d\u00edjazottjainak list\u00e1j\u00e1t is.<\/p>\n<\/div>\n<p>Ut\u00f3bbi d\u00edjjal kapcsolatban dr. T\u00edm\u00e1r J\u00f3zsef, a B\u00edr\u00e1l\u00f3 Bizotts\u00e1g eln\u00f6ke r\u00e1mutatott: a rektori p\u00e1lyamunka az egyetemre jellemz\u0151, k\u00fcl\u00f6nleges hallgat\u00f3kat t\u00e1mogat\u00f3 rendszer. \u00d6r\u00f6m\u00e9t fejezte ki, hogy id\u00e9n ism\u00e9t k\u00f6zel sz\u00e1z p\u00e1ly\u00e1zat \u00e9rkezett, kiemelve, hogy az els\u0151 d\u00edjat 50 sz\u00e1zal\u00e9kban olyanok nyert\u00e9k meg, akik nemzetk\u00f6zi tudom\u00e1nyos publik\u00e1ci\u00f3val is rendelkeznek. Id\u00e9n 17 els\u0151 \u00e9s ugyanennyi m\u00e1sodik helyezett p\u00e1lyamunk\u00e1t d\u00edjaztak, valamint 13 harmadik helyez\u00e9st osztottak ki.<\/p>\n<p>A d\u00edjazottak n\u00e9vsora <a href=\"https:\/\/semmelweis.hu\/hirek\/files\/2022\/02\/Rektori-palyamunka-dijazottak.pdf\">ezen a linken olvashat\u00f3<\/a> (pdf).<\/p>\n<p>A megnyit\u00f3n dr. D\u0151ri Ferenc, a Parodontol\u00f3giai Klinika egyetemi tan\u00e1ra \u2013 aki Kiv\u00e1l\u00f3 Tudom\u00e1nyos Di\u00e1kk\u00f6ri Nevel\u0151 kit\u00fcntet\u00e9sben r\u00e9szes\u00fclt az esem\u00e9nyen \u2013 tartott el\u0151ad\u00e1st \u201eV\u00e9rlemezke-koncentr\u00e1tumok alkalmaz\u00e1sa a parodont\u00e1lis csontdefektusok kezel\u00e9s\u00e9ben\u201d c\u00edmmel. Ebben \u00f6sszefoglalta, hogy, ha a fog\u00e1gy (paradontium) begyullad \u00e9s kialakul a fog\u00e1gybetegs\u00e9g, akkor a tart\u00f3sz\u00f6vetek fert\u0151z\u0151dnek, le\u00e9p\u00fclnek, mely foglazul\u00e1shoz majd a fog elveszt\u00e9s\u00e9hez vezet. Ez a folyamat m\u00e1r nem visszaford\u00edthat\u00f3, de kezelhet\u0151.<\/p>\n<div class=\"fontos_div\">\n<p>Ismertette a lehets\u00e9ges ter\u00e1pi\u00e1s m\u00f3dokat, melynek r\u00e9szei a konzervat\u00edv kezel\u00e9s, a korrekci\u00f3s kezel\u00e9s f\u00e1zisa, illetve a megtart\u00f3, kontroll kezel\u00e9s f\u00e1zisa. Elmondta, a seb\u00e9szeti beavatkoz\u00e1sok ut\u00e1n k\u00e9t gy\u00f3gyul\u00e1si lehet\u0151s\u00e9g \u00e1ll fent: a repar\u00e1ci\u00f3 (itt csak a folyamat meg\u00e1ll\u00edt\u00e1s\u00e1r\u00f3l van sz\u00f3), valamint a regener\u00e1ci\u00f3, ez esetben lehet\u0151s\u00e9get teremtenek r\u00e1, hogy a paradont\u00e1lis tart\u00f3sz\u00f6vetek is regener\u00e1l\u00f3dhassanak.<\/p>\n<\/div>\n<p>Ez t\u00f6rt\u00e9nhet k\u00fcl\u00f6nb\u00f6z\u0151 mechanikai membr\u00e1nok alkalmaz\u00e1s\u00e1val, ilyenkor egy szervezetbar\u00e1t membr\u00e1nt helyeznek a fog k\u00f6r\u00e9, amely nemcsak el\u0151seg\u00edti a sz\u00f6vetek \u00fajrak\u00e9pz\u0151d\u00e9s\u00e9t, de onnant\u00f3l kezdve k\u00e9pes megv\u00e9deni a fogat a bakteri\u00e1lis fert\u0151z\u00e9sekt\u0151l is.<\/p>\n<p>Bemutatta a m\u00e1r bev\u00e1lt parodont\u00e1lis regenerat\u00edv seb\u00e9szeti m\u00f3dszereket, majd ismertette kutat\u00e1saik l\u00e9nyeg\u00e9t, melyben arra keresik a v\u00e1laszt, hogy ezen elj\u00e1r\u00e1sok mellett kieg\u00e9sz\u00edt\u00e9sk\u00e9pp, m\u00e9g jobban el\u0151seg\u00edtik-e a gy\u00f3gyul\u00e1st bizonyos faktorok. Olyan saj\u00e1t, autol\u00f3g sz\u00f6veteket, anyagokat, eszk\u00f6z\u00f6ket keresnek, amelyekkel p\u00f3tolhat\u00f3k vagy helyettes\u00edthet\u0151k a xenog\u00e9n vagy szintetikus anyagok. P\u00e9ldak\u00e9pp eml\u00edtett egy olyan g\u00e9l \u00e1llag\u00fa plazm\u00e1t, melyet alkalmazva nincs sz\u00fcks\u00e9g viv\u0151, csontp\u00f3tl\u00f3 anyagra. Eddigi eredm\u00e9nyeik biztat\u00f3k, nem volt szignifik\u00e1ns k\u00fcl\u00f6nbs\u00e9g a m\u00e1r bev\u00e1lt m\u00f3dszerek, illetve az \u00e1ltaluk kipr\u00f3b\u00e1lt alternat\u00edv autol\u00f3g anyagok alkalmaz\u00e1sa k\u00f6z\u00f6tt.<\/p>\n<p>B\u00f3di Bernadett<br \/>\nFot\u00f3: Kov\u00e1cs Attila \u2013 Semmelweis Egyetem, Bartha B\u00e1lint<\/p>\n<h2 style=\"text-align: center\">D\u00edjak, elismer\u00e9sek a 2022-es TDK-\u00e1n<\/h2>\n<h5>A Semmelweis Egyetem Kiv\u00e1l\u00f3 Tudom\u00e1nyos Di\u00e1kk\u00f6ri Nevel\u0151je kit\u00fcntet\u00e9s:<\/h5>\n<p>Dr. D\u0151ri Ferenc Istv\u00e1n egyetemi tan\u00e1r, igazgat\u00f3helyettes, n\u00e9met tanulm\u00e1nyi felel\u0151s, Semmelweis Egyetem, Fogorvostudom\u00e1nyi Kar, Parodontol\u00f3giai Klinika<\/p>\n<p>Dr. Hamar P\u00e9ter egyetemi tan\u00e1r, Semmelweis Egyetem, Transzl\u00e1ci\u00f3s Medicina Int\u00e9zet<\/p>\n<p>Herm\u00e1nn\u00e9 Dr. Juh\u00e1sz R\u00e9ka egyetemi docens, Semmelweis Egyetem, Eg\u00e9szs\u00e9gtudom\u00e1nyi Kar, Dietetikai \u00e9s T\u00e1pl\u00e1lkoz\u00e1studom\u00e1nyi Tansz\u00e9k<\/p>\n<p>Dr. Horv\u00e1th Csaba egyetemi tan\u00e1r, Semmelweis Egyetem, \u00c1ltal\u00e1nos Orvostudom\u00e1nyi Kar, Belgy\u00f3gy\u00e1szati \u00e9s Onkol\u00f3giai Klinika<\/p>\n<p>Dr. Mikl\u00f3s Zsuzsanna egyetemi adjunktus, tanulm\u00e1nyi felel\u0151s helyettes, Semmelweis Egyetem, Transzl\u00e1ci\u00f3s Medicina Int\u00e9zet<\/p>\n<p>Dr. Nemes B\u00e1lint egyetemi tan\u00e1rseg\u00e9d, Semmelweis Egyetem, Fogorvostudom\u00e1nyi Kar, Gyermekfog\u00e1szati \u00e9s Fogszab\u00e1lyoz\u00e1si Klinika<\/p>\n<h5>A Semmelweis Egyetem Kiv\u00e1l\u00f3 Di\u00e1kk\u00f6r\u00f6sei kit\u00fcntet\u00e9s:<\/h5>\n<p>Dr. B\u00e1tai Bence <br \/>\nT\u00e9mavezet\u0151: dr. B\u00f6d\u00f6r Csaba, tudom\u00e1nyos f\u0151munkat\u00e1rs, I. Sz. Patol\u00f3giai \u00e9s K\u00eds\u00e9rleti R\u00e1kkutat\u00f3 Int\u00e9zet<\/p>\n<p>Dr. Farkas Ferenc Bal\u00e1zs <br \/>\nT\u00e9mavezet\u0151k: dr. Szab\u00f3 D\u00f3ra, egyetemi tan\u00e1r, klinikaigazgat\u00f3, Orvosi Mikrobiol\u00f3gia Int\u00e9zet, dr. Kov\u00e1cs Attila, egyetemi adjunktus, V\u00e1rosmajori Sz\u00edv- \u00e9s \u00c9rgy\u00f3gy\u00e1szati Klinika<\/p>\n<p>Gyenes G\u00e1bor<br \/>\nT\u00e9mavezet\u0151k: dr. Feith Helga Judit, habilit\u00e1lt f\u00f5\u0151iskolai tan\u00e1r, tansz\u00e9kvezet\u0151, T\u00e1rsadalomtudom\u00e1nyi Tansz\u00e9k; dr. P\u00e1ndics Tam\u00e1s, f\u0151iskolai docens, tansz\u00e9kvezet\u0151, K\u00f6zeg\u00e9szs\u00e9gtudom\u00e1nyi Tansz\u00e9k<\/p>\n<p>Dr. K\u00e1lm\u00e1n Marcell <br \/>\nT\u00e9mavezet\u0151: dr. \u00c1br\u00e1m Emese egyetemi tan\u00e1rseg\u00e9d, SE Fogp\u00f3tl\u00e1stani Klinika<\/p>\n<p>Dr. Kisp\u00e1l Erika <br \/>\nT\u00e9mavezet\u0151k: dr. Kov\u00e1cs Attila PhD egyetemi adjunktus, dr. Tokodi M\u00e1rton PhD egyetemi tan\u00e1rseg\u00e9d<\/p>\n<p>Dr. L\u00e9vay Kl\u00e1ra <br \/>\nT\u00e9mavezet\u0151k: dr. Szij\u00e1rt\u00f3 Attila, egyetemi tan\u00e1r, Seb\u00e9szeti, Transzplant\u00e1ci\u00f3s \u00e9s Gasztroenterol\u00f3giai Klinika, dr. F\u00fcl\u00f6p Andr\u00e1s, egyetemi adjunktus, Seb\u00e9szeti, Transzplant\u00e1ci\u00f3s \u00e9s Gasztroenterol\u00f3giai Klinika<\/p>\n<p>Dr. Nyir\u0151 Judit <br \/>\nT\u00e9mavezet\u0151k: dr. Heged\u0171s Katalin, egyetemi docens, SE Magatart\u00e1studom\u00e1nyi Int\u00e9zet; dr. Hauser P\u00e9ter, vezet\u0151 f\u0151orvos, Velkey L\u00e1szl\u00f3 Gyermekeg\u00e9szs\u00e9g\u00fcgyi K\u00f6zpont; dr. Horv\u00e1th Orsolya, gyermekgy\u00f3gy\u00e1sz, DPC Gyermekhematol\u00f3giai \u00e9s \u0150ssejt-transzplant\u00e1ci\u00f3s oszt\u00e1ly, dr. Kriv\u00e1n Gergely, oszt\u00e1lyvezet\u0151 f\u0151orvos, DPC Gyermekhematol\u00f3giai \u00e9s \u0150ssejt-transzplant\u00e1ci\u00f3s oszt\u00e1ly<\/p>\n<p>Dr. Stark Kl\u00e1ra Aliz <br \/>\nT\u00e9mavezet\u0151: dr. Radovits Tam\u00e1s, egyetemi docens, V\u00e1rosmajori Sz\u00edv- \u00e9s \u00c9rgy\u00f3gy\u00e1szati Klinika<\/p>\n<p>Dr. V\u00e1rallyay Anett Anna <br \/>\nT\u00e9mavezet\u0151: dr. Z\u00e1dori Zolt\u00e1n, egyetemi docens, SE \u00c1OK Farmakol\u00f3giai \u00e9s Farmakoter\u00e1pi\u00e1s Int\u00e9zet<\/p>\n<p>Varga Loretta <br \/>\nT\u00e9mavezet\u0151k: dr. Feith Helga Judit, f\u0151iskolai docens, tansz\u00e9kvezet\u0151, SE ETK T\u00e1rsadalomtudom\u00e1nyi Tansz\u00e9k; dr. P\u00e1ndics Tam\u00e1s, f\u0151iskolai docens, tansz\u00e9kvezet\u0151, SE ETK K\u00f6zeg\u00e9szs\u00e9gtudom\u00e1nyi Tansz\u00e9k<\/p>\n<p>Dr. Vir\u00e1g-Tulassay Eszter <br \/>\nT\u00e9mavezet\u0151k: dr. Ol\u00e1h Attila, egyetemi tan\u00e1rseg\u00e9d, V\u00e1rosmajori Sz\u00edv- \u00e9s \u00c9rgy\u00f3gy\u00e1szati Klinika; dr. Radovits Tam\u00e1s, egyetemi docens, V\u00e1rosmajori Sz\u00edv- \u00e9s \u00c9rgy\u00f3gy\u00e1szati Klinika<\/p>\n<p>Dr. Zsarn\u00f3czay Emese <br \/>\nT\u00e9mavezet\u0151k: dr. Nagy Anik\u00f3 Ilona, egyetemi adjunktus, V\u00e1rosmajori Sz\u00edv- \u00e9s \u00c9rgy\u00f3gy\u00e1szati Klinika; dr. Simon Judit, rezidens, Orvosi K\u00e9palkot\u00f3 Klinika; dr. Maurovich Horvat P\u00e1l, egyetemi docens, Orvosi K\u00e9palkot\u00f3 Klinika; dr. Banga P\u00e9ter, egyetemi adjunktus, V\u00e1rosmajori Sz\u00edv- \u00e9s \u00c9rgy\u00f3gy\u00e1szati Klinika; dr. Magyar M\u00e1t\u00e9, rezidens, Orvosi K\u00e9palkot\u00f3 Klinika<\/p>\n<h5>A 2021. \u00e9vben els\u0151szerz\u0151s publik\u00e1ci\u00f3 megjelen\u00e9s\u00e9\u00e9rt j\u00e1r\u00f3 kit\u00fcntet\u00e9s:<\/h5>\n<p>Berente Dalida Borb\u00e1la<br \/>\nT\u00e9mavezet\u0151: dr. Horv\u00e1th Andr\u00e1s Attila \u00e9s dr. Kamondi Anita<\/p>\n<p>Dr. Farkas Ferenc Bal\u00e1zs<strong><br \/>\n<\/strong>T\u00e9mavezet\u0151: dr. Szab\u00f3 D\u00f3ra<\/p>\n<p>Gy\u00f6ngy\u00f6si Helga<br \/>\nT\u00e9mavezet\u0151: dr. Nemcsik J\u00e1nos<\/p>\n<p>Jewel Ju Ea Kim\u00a0<br \/>\nT\u00e9mavezet\u0151: dr. G\u00e1bor Lotz, dr. \u00c9va Kocsm\u00e1r<\/p>\n<p>Kardos Anna S\u00e1ra <br \/>\nT\u00e9mavezet\u0151k: dr. Simon Judit \u00e9s dr. Maurovich-Horvat P\u00e1l<\/p>\n<p>Pint\u00e9r Anna Veronika<br \/>\nT\u00e9mavezet\u0151: dr Alp\u00e1r Al\u00e1n<\/p>\n<p>Szab\u00f3 Istv\u00e1n Viktor<br \/>\nT\u00e9mavezet\u0151k: dr. Simon Judit, dr. Maurovich-Horvat P\u00e1l<\/p>\n","protected":false},"excerpt":{"rendered":"<p>Az \u00fcnnep\u00e9lyes megnyit\u00f3n t\u00f6bb, a tudom\u00e1nyos di\u00e1kk\u00f6rh\u00f6z k\u00f6thet\u0151 elismer\u00e9st is \u00e1tadtak.<\/p>\n","protected":false},"author":101282,"featured_media":111318,"comment_status":"closed","ping_status":"closed","sticky":false,"template":"","format":"standard","meta":{"_acf_changed":false,"footnotes":""},"categories":[3533,168],"tags":[273,4104],"class_list":["post-111309","post","type-post","status-publish","format-standard","has-post-thumbnail","hentry","category-hallgatok-oktatas","category-kiemelt","tag-tdk","tag-tdk-sorozat"],"acf":[],"_links":{"self":[{"href":"https:\/\/semmelweis.hu\/hirek\/wp-json\/wp\/v2\/posts\/111309","targetHints":{"allow":["GET"]}}],"collection":[{"href":"https:\/\/semmelweis.hu\/hirek\/wp-json\/wp\/v2\/posts"}],"about":[{"href":"https:\/\/semmelweis.hu\/hirek\/wp-json\/wp\/v2\/types\/post"}],"author":[{"embeddable":true,"href":"https:\/\/semmelweis.hu\/hirek\/wp-json\/wp\/v2\/users\/101282"}],"replies":[{"embeddable":true,"href":"https:\/\/semmelweis.hu\/hirek\/wp-json\/wp\/v2\/comments?post=111309"}],"version-history":[{"count":10,"href":"https:\/\/semmelweis.hu\/hirek\/wp-json\/wp\/v2\/posts\/111309\/revisions"}],"predecessor-version":[{"id":111333,"href":"https:\/\/semmelweis.hu\/hirek\/wp-json\/wp\/v2\/posts\/111309\/revisions\/111333"}],"wp:featuredmedia":[{"embeddable":true,"href":"https:\/\/semmelweis.hu\/hirek\/wp-json\/wp\/v2\/media\/111318"}],"wp:attachment":[{"href":"https:\/\/semmelweis.hu\/hirek\/wp-json\/wp\/v2\/media?parent=111309"}],"wp:term":[{"taxonomy":"category","embeddable":true,"href":"https:\/\/semmelweis.hu\/hirek\/wp-json\/wp\/v2\/categories?post=111309"},{"taxonomy":"post_tag","embeddable":true,"href":"https:\/\/semmelweis.hu\/hirek\/wp-json\/wp\/v2\/tags?post=111309"}],"curies":[{"name":"wp","href":"https:\/\/api.w.org\/{rel}","templated":true}]}}