{"id":110694,"date":"2022-01-19T06:00:26","date_gmt":"2022-01-19T05:00:26","guid":{"rendered":"https:\/\/semmelweis.hu\/hirek\/?p=110694"},"modified":"2022-01-20T15:20:50","modified_gmt":"2022-01-20T14:20:50","slug":"rengeteg-erdeklodot-vonzott-a-semmelweis-egyetem-standja-az-educatio-kiallitason","status":"publish","type":"post","link":"https:\/\/semmelweis.hu\/hirek\/2022\/01\/19\/rengeteg-erdeklodot-vonzott-a-semmelweis-egyetem-standja-az-educatio-kiallitason\/","title":{"rendered":"Rengeteg \u00e9rdekl\u0151d\u0151t vonzott a Semmelweis Egyetem standja az Educatio ki\u00e1ll\u00edt\u00e1son"},"content":{"rendered":"<div class=\"lead\"><strong>A Semmelweis Egyetem is r\u00e9szt vett a 22. Educatio Nemzetk\u00f6zi Oktat\u00e1si Szakki\u00e1ll\u00edt\u00e1son, ahol az el\u0151z\u0151 rendezv\u00e9nyeken megszokottn\u00e1l is nagyobb standdal v\u00e1rt\u00e1k a leend\u0151 felv\u00e9teliz\u0151ket. Az int\u00e9zm\u00e9ny mind a hat kara ir\u00e1nt nagy volt az \u00e9rdekl\u0151d\u00e9s, a legt\u00f6bbeket a hallgat\u00f3i \u00e9let \u00e9s az egyes k\u00e9pz\u00e9sek kih\u00edv\u00e1sai \u00e9rdekelt\u00e9k, de a szelfig\u00e9p is n\u00e9pszer\u0171 volt a l\u00e1togat\u00f3k k\u00f6r\u00e9ben. <\/strong><\/div>\n<p>A 19 \u00e9ves Eszter a Szeksz\u00e1rdi Garay J\u00e1nos Gimn\u00e1zium 12. \u00e9vfolyamos di\u00e1kja. A Pet\u0151 Andr\u00e1s Kar (PAK) konduktor-k\u00e9pz\u00e9se ir\u00e1nt \u00e9rdekl\u0151dve kereste fel az egyetem standj\u00e1t, els\u0151sorban az alkalmass\u00e1gi vizsg\u00e1val kapcsolatban voltak k\u00e9rd\u00e9sei, de mint honlapunknak elmondta, j\u00f3 volt besz\u00e9lgetni a PAK-on tanul\u00f3 hallgat\u00f3kkal is, akik megosztott\u00e1k vele tapasztalataikat. \u201eM\u00e1r anyuk\u00e1m is szeretett volna ide j\u00e1rni, \u00e9s unokan\u0151v\u00e9rem is \u00e9rdekl\u0151d\u00f6tt a ter\u00fclet ir\u00e1nt. Engem is nagyon vonz az itt foly\u00f3 k\u00e9pz\u00e9s, hiszen szeretek gyerekekkel foglalkozni \u00e9s seg\u00edteni m\u00e1sokon, nagyon rem\u00e9lem, hogy siker\u00fcl majd beker\u00fcln\u00f6m\u201d \u2013 magyar\u00e1zta, hozz\u00e1t\u00e9ve: a k\u00e9pz\u00e9st az els\u0151 helyen tervezi megjel\u00f6lni.<\/p>\n\r\n        [slb_exclude]\r\n        <div class=\"row galeria-wrapper mx-0 h-auto\">\r\n            <div class=\"col-9 pl-0 pr-2\">\r\n            <span class=\"gallery-item frame\">\r\n\t\t\t\t<div class=\"galeria-left-img\"><a href=\"https:\/\/semmelweis.hu\/hirek\/files\/2022\/01\/RS144916_C19A6457-scr.jpg\"><img src=https:\/\/semmelweis.hu\/hirek\/files\/2022\/01\/RS144916_C19A6457-scr.jpg  \r\n                            alt=\"\" \r\n                            class=\"attachment-sote-gallery-big size-sote-gallery-big\" \r\n                            srcset=\"https:\/\/semmelweis.hu\/hirek\/files\/2022\/01\/RS144916_C19A6457-scr-400x267.jpg 400w, https:\/\/semmelweis.hu\/hirek\/files\/2022\/01\/RS144916_C19A6457-scr-900x600.jpg 900w, https:\/\/semmelweis.hu\/hirek\/files\/2022\/01\/RS144916_C19A6457-scr-768x512.jpg 768w, https:\/\/semmelweis.hu\/hirek\/files\/2022\/01\/RS144916_C19A6457-scr-753x502.jpg 753w, https:\/\/semmelweis.hu\/hirek\/files\/2022\/01\/RS144916_C19A6457-scr-203x135.jpg 203w, https:\/\/semmelweis.hu\/hirek\/files\/2022\/01\/RS144916_C19A6457-scr.jpg 1200w\" ><\/a><\/div>\r\n            <\/span>\r\n\r\n            <\/div>\r\n\r\n\t\t\t<div class=\"col-3 pl-0 pr-0\">\r\n\t\t\t\t<div class=\"galeria-right-img d-flex justify-content-between flex-column h-100 w-100 px-0 mx-0 \">\r\n                <div class=\"galeria-box\">\r\n\t\t\t\t\t<h3 class=\"galeria-title\">Gal\u00e9ria<\/h3>\r\n\t\t\t\t\t<div class=\"galeria-subtitle\">\r\n\r\n\t\t\t\t\t\t<div class=\"galeria-page-counter\"><span>13<\/span>k\u00e9p<\/div>\r\n                    <\/div> <\/div>\r\n                    <span class=\"gallery-item frame d-none d-md-flex\">\r\n\t\t\t\t\t<div class=\"galeria-small-img mt-0\"><a href=\"https:\/\/semmelweis.hu\/hirek\/files\/2022\/01\/RS144958_C19A6729-scr.jpg\"><img src=https:\/\/semmelweis.hu\/hirek\/files\/2022\/01\/RS144958_C19A6729-scr.jpg \r\n                                alt=\"\"  \r\n                                class=\"attachment-sote-gallery-small size-sote-gallery-small\" \r\n                                srcset=\"https:\/\/semmelweis.hu\/hirek\/files\/2022\/01\/RS144958_C19A6729-scr-400x267.jpg 400w, https:\/\/semmelweis.hu\/hirek\/files\/2022\/01\/RS144958_C19A6729-scr-900x600.jpg 900w, https:\/\/semmelweis.hu\/hirek\/files\/2022\/01\/RS144958_C19A6729-scr-768x512.jpg 768w, https:\/\/semmelweis.hu\/hirek\/files\/2022\/01\/RS144958_C19A6729-scr-753x502.jpg 753w, https:\/\/semmelweis.hu\/hirek\/files\/2022\/01\/RS144958_C19A6729-scr-203x135.jpg 203w, https:\/\/semmelweis.hu\/hirek\/files\/2022\/01\/RS144958_C19A6729-scr.jpg 1200w\" ><\/a><\/div>\r\n                    <\/span>\r\n                    <span class=\"gallery-item frame d-none d-md-flex\">\r\n\t\t\t\t\t<div class=\"galeria-small-img mt-0\"><a href=\"https:\/\/semmelweis.hu\/hirek\/files\/2022\/01\/RS144908_C19A6395-scr.jpg\"><img src=https:\/\/semmelweis.hu\/hirek\/files\/2022\/01\/RS144908_C19A6395-scr.jpg \r\n                                alt=\"\" \r\n                                class=\"attachment-sote-gallery-small size-sote-gallery-small\" \r\n                                srcset=\"https:\/\/semmelweis.hu\/hirek\/files\/2022\/01\/RS144908_C19A6395-scr-400x267.jpg 400w, https:\/\/semmelweis.hu\/hirek\/files\/2022\/01\/RS144908_C19A6395-scr-900x600.jpg 900w, https:\/\/semmelweis.hu\/hirek\/files\/2022\/01\/RS144908_C19A6395-scr-768x512.jpg 768w, https:\/\/semmelweis.hu\/hirek\/files\/2022\/01\/RS144908_C19A6395-scr-753x502.jpg 753w, https:\/\/semmelweis.hu\/hirek\/files\/2022\/01\/RS144908_C19A6395-scr-203x135.jpg 203w, https:\/\/semmelweis.hu\/hirek\/files\/2022\/01\/RS144908_C19A6395-scr.jpg 1200w\" ><\/a><\/div>\r\n                    <\/span>\r\n\r\n                <\/div>\r\n\r\n            <\/div>\r\n\r\n            <span class=\"gallery-item\"><div class=\"hidden\"><a href=\"https:\/\/semmelweis.hu\/hirek\/files\/2022\/01\/RS144955_C19A6695-scr.jpg\">\r\n        <img src=https:\/\/semmelweis.hu\/hirek\/files\/2022\/01\/RS144955_C19A6695-scr.jpg alt=\"\" class=\"attachment-sote-gallery-big size-sote-gallery-big\" srcset=\"https:\/\/semmelweis.hu\/hirek\/files\/2022\/01\/RS144955_C19A6695-scr-400x267.jpg 400w, https:\/\/semmelweis.hu\/hirek\/files\/2022\/01\/RS144955_C19A6695-scr-900x600.jpg 900w, https:\/\/semmelweis.hu\/hirek\/files\/2022\/01\/RS144955_C19A6695-scr-768x512.jpg 768w, https:\/\/semmelweis.hu\/hirek\/files\/2022\/01\/RS144955_C19A6695-scr-753x502.jpg 753w, https:\/\/semmelweis.hu\/hirek\/files\/2022\/01\/RS144955_C19A6695-scr-203x135.jpg 203w, https:\/\/semmelweis.hu\/hirek\/files\/2022\/01\/RS144955_C19A6695-scr.jpg 1200w\" >\r\n        <\/a><\/div><\/span><span class=\"gallery-item\"><div class=\"hidden\"><a href=\"https:\/\/semmelweis.hu\/hirek\/files\/2022\/01\/RS144949_C19A6658-scr.jpg\">\r\n        <img src=https:\/\/semmelweis.hu\/hirek\/files\/2022\/01\/RS144949_C19A6658-scr.jpg alt=\"\" class=\"attachment-sote-gallery-big size-sote-gallery-big\" srcset=\"https:\/\/semmelweis.hu\/hirek\/files\/2022\/01\/RS144949_C19A6658-scr-400x267.jpg 400w, https:\/\/semmelweis.hu\/hirek\/files\/2022\/01\/RS144949_C19A6658-scr-900x600.jpg 900w, https:\/\/semmelweis.hu\/hirek\/files\/2022\/01\/RS144949_C19A6658-scr-768x512.jpg 768w, https:\/\/semmelweis.hu\/hirek\/files\/2022\/01\/RS144949_C19A6658-scr-753x502.jpg 753w, https:\/\/semmelweis.hu\/hirek\/files\/2022\/01\/RS144949_C19A6658-scr-203x135.jpg 203w, https:\/\/semmelweis.hu\/hirek\/files\/2022\/01\/RS144949_C19A6658-scr.jpg 1200w\" >\r\n        <\/a><\/div><\/span><span class=\"gallery-item\"><div class=\"hidden\"><a href=\"https:\/\/semmelweis.hu\/hirek\/files\/2022\/01\/RS144933_C19A6519-scr.jpg\">\r\n        <img src=https:\/\/semmelweis.hu\/hirek\/files\/2022\/01\/RS144933_C19A6519-scr.jpg alt=\"\" class=\"attachment-sote-gallery-big size-sote-gallery-big\" srcset=\"https:\/\/semmelweis.hu\/hirek\/files\/2022\/01\/RS144933_C19A6519-scr-400x267.jpg 400w, https:\/\/semmelweis.hu\/hirek\/files\/2022\/01\/RS144933_C19A6519-scr-900x600.jpg 900w, https:\/\/semmelweis.hu\/hirek\/files\/2022\/01\/RS144933_C19A6519-scr-768x512.jpg 768w, https:\/\/semmelweis.hu\/hirek\/files\/2022\/01\/RS144933_C19A6519-scr-753x502.jpg 753w, https:\/\/semmelweis.hu\/hirek\/files\/2022\/01\/RS144933_C19A6519-scr-203x135.jpg 203w, https:\/\/semmelweis.hu\/hirek\/files\/2022\/01\/RS144933_C19A6519-scr.jpg 1200w\" >\r\n        <\/a><\/div><\/span><span class=\"gallery-item\"><div class=\"hidden\"><a href=\"https:\/\/semmelweis.hu\/hirek\/files\/2022\/01\/RS144931_C19A6512-scr.jpg\">\r\n        <img src=https:\/\/semmelweis.hu\/hirek\/files\/2022\/01\/RS144931_C19A6512-scr.jpg alt=\"\" class=\"attachment-sote-gallery-big size-sote-gallery-big\" srcset=\"https:\/\/semmelweis.hu\/hirek\/files\/2022\/01\/RS144931_C19A6512-scr-400x267.jpg 400w, https:\/\/semmelweis.hu\/hirek\/files\/2022\/01\/RS144931_C19A6512-scr-900x600.jpg 900w, https:\/\/semmelweis.hu\/hirek\/files\/2022\/01\/RS144931_C19A6512-scr-768x512.jpg 768w, https:\/\/semmelweis.hu\/hirek\/files\/2022\/01\/RS144931_C19A6512-scr-753x502.jpg 753w, https:\/\/semmelweis.hu\/hirek\/files\/2022\/01\/RS144931_C19A6512-scr-203x135.jpg 203w, https:\/\/semmelweis.hu\/hirek\/files\/2022\/01\/RS144931_C19A6512-scr.jpg 1200w\" >\r\n        <\/a><\/div><\/span><span class=\"gallery-item\"><div class=\"hidden\"><a href=\"https:\/\/semmelweis.hu\/hirek\/files\/2022\/01\/RS144930_C19A6509-scr.jpg\">\r\n        <img src=https:\/\/semmelweis.hu\/hirek\/files\/2022\/01\/RS144930_C19A6509-scr.jpg alt=\"\" class=\"attachment-sote-gallery-big size-sote-gallery-big\" srcset=\"https:\/\/semmelweis.hu\/hirek\/files\/2022\/01\/RS144930_C19A6509-scr-400x267.jpg 400w, https:\/\/semmelweis.hu\/hirek\/files\/2022\/01\/RS144930_C19A6509-scr-900x600.jpg 900w, https:\/\/semmelweis.hu\/hirek\/files\/2022\/01\/RS144930_C19A6509-scr-768x512.jpg 768w, https:\/\/semmelweis.hu\/hirek\/files\/2022\/01\/RS144930_C19A6509-scr-753x502.jpg 753w, https:\/\/semmelweis.hu\/hirek\/files\/2022\/01\/RS144930_C19A6509-scr-203x135.jpg 203w, https:\/\/semmelweis.hu\/hirek\/files\/2022\/01\/RS144930_C19A6509-scr.jpg 1200w\" >\r\n        <\/a><\/div><\/span><span class=\"gallery-item\"><div class=\"hidden\"><a href=\"https:\/\/semmelweis.hu\/hirek\/files\/2022\/01\/RS144928_C19A6503-scr.jpg\">\r\n        <img src=https:\/\/semmelweis.hu\/hirek\/files\/2022\/01\/RS144928_C19A6503-scr.jpg alt=\"\" class=\"attachment-sote-gallery-big size-sote-gallery-big\" srcset=\"https:\/\/semmelweis.hu\/hirek\/files\/2022\/01\/RS144928_C19A6503-scr-400x267.jpg 400w, https:\/\/semmelweis.hu\/hirek\/files\/2022\/01\/RS144928_C19A6503-scr-900x600.jpg 900w, https:\/\/semmelweis.hu\/hirek\/files\/2022\/01\/RS144928_C19A6503-scr-768x512.jpg 768w, https:\/\/semmelweis.hu\/hirek\/files\/2022\/01\/RS144928_C19A6503-scr-753x502.jpg 753w, https:\/\/semmelweis.hu\/hirek\/files\/2022\/01\/RS144928_C19A6503-scr-203x135.jpg 203w, https:\/\/semmelweis.hu\/hirek\/files\/2022\/01\/RS144928_C19A6503-scr.jpg 1200w\" >\r\n        <\/a><\/div><\/span><span class=\"gallery-item\"><div class=\"hidden\"><a href=\"https:\/\/semmelweis.hu\/hirek\/files\/2022\/01\/RS144926_C19A6497-scr.jpg\">\r\n        <img src=https:\/\/semmelweis.hu\/hirek\/files\/2022\/01\/RS144926_C19A6497-scr.jpg alt=\"\" class=\"attachment-sote-gallery-big size-sote-gallery-big\" srcset=\"https:\/\/semmelweis.hu\/hirek\/files\/2022\/01\/RS144926_C19A6497-scr-400x267.jpg 400w, https:\/\/semmelweis.hu\/hirek\/files\/2022\/01\/RS144926_C19A6497-scr-900x600.jpg 900w, https:\/\/semmelweis.hu\/hirek\/files\/2022\/01\/RS144926_C19A6497-scr-768x512.jpg 768w, https:\/\/semmelweis.hu\/hirek\/files\/2022\/01\/RS144926_C19A6497-scr-753x502.jpg 753w, https:\/\/semmelweis.hu\/hirek\/files\/2022\/01\/RS144926_C19A6497-scr-203x135.jpg 203w, https:\/\/semmelweis.hu\/hirek\/files\/2022\/01\/RS144926_C19A6497-scr.jpg 1200w\" >\r\n        <\/a><\/div><\/span><span class=\"gallery-item\"><div class=\"hidden\"><a href=\"https:\/\/semmelweis.hu\/hirek\/files\/2022\/01\/RS144924_C19A6490-scr.jpg\">\r\n        <img src=https:\/\/semmelweis.hu\/hirek\/files\/2022\/01\/RS144924_C19A6490-scr.jpg alt=\"\" class=\"attachment-sote-gallery-big size-sote-gallery-big\" srcset=\"https:\/\/semmelweis.hu\/hirek\/files\/2022\/01\/RS144924_C19A6490-scr-400x267.jpg 400w, https:\/\/semmelweis.hu\/hirek\/files\/2022\/01\/RS144924_C19A6490-scr-900x600.jpg 900w, https:\/\/semmelweis.hu\/hirek\/files\/2022\/01\/RS144924_C19A6490-scr-768x512.jpg 768w, https:\/\/semmelweis.hu\/hirek\/files\/2022\/01\/RS144924_C19A6490-scr-753x502.jpg 753w, https:\/\/semmelweis.hu\/hirek\/files\/2022\/01\/RS144924_C19A6490-scr-203x135.jpg 203w, https:\/\/semmelweis.hu\/hirek\/files\/2022\/01\/RS144924_C19A6490-scr.jpg 1200w\" >\r\n        <\/a><\/div><\/span><span class=\"gallery-item\"><div class=\"hidden\"><a href=\"https:\/\/semmelweis.hu\/hirek\/files\/2022\/01\/RS144918_C19A6463-scr.jpg\">\r\n        <img src=https:\/\/semmelweis.hu\/hirek\/files\/2022\/01\/RS144918_C19A6463-scr.jpg alt=\"\" class=\"attachment-sote-gallery-big size-sote-gallery-big\" srcset=\"https:\/\/semmelweis.hu\/hirek\/files\/2022\/01\/RS144918_C19A6463-scr-400x267.jpg 400w, https:\/\/semmelweis.hu\/hirek\/files\/2022\/01\/RS144918_C19A6463-scr-900x600.jpg 900w, https:\/\/semmelweis.hu\/hirek\/files\/2022\/01\/RS144918_C19A6463-scr-768x512.jpg 768w, https:\/\/semmelweis.hu\/hirek\/files\/2022\/01\/RS144918_C19A6463-scr-753x502.jpg 753w, https:\/\/semmelweis.hu\/hirek\/files\/2022\/01\/RS144918_C19A6463-scr-203x135.jpg 203w, https:\/\/semmelweis.hu\/hirek\/files\/2022\/01\/RS144918_C19A6463-scr.jpg 1200w\" >\r\n        <\/a><\/div><\/span><span class=\"gallery-item\"><div class=\"hidden\"><a href=\"https:\/\/semmelweis.hu\/hirek\/files\/2022\/01\/RS144912_C19A6445-scr.jpg\">\r\n        <img src=https:\/\/semmelweis.hu\/hirek\/files\/2022\/01\/RS144912_C19A6445-scr.jpg alt=\"\" class=\"attachment-sote-gallery-big size-sote-gallery-big\" srcset=\"https:\/\/semmelweis.hu\/hirek\/files\/2022\/01\/RS144912_C19A6445-scr-400x267.jpg 400w, https:\/\/semmelweis.hu\/hirek\/files\/2022\/01\/RS144912_C19A6445-scr-900x600.jpg 900w, https:\/\/semmelweis.hu\/hirek\/files\/2022\/01\/RS144912_C19A6445-scr-768x512.jpg 768w, https:\/\/semmelweis.hu\/hirek\/files\/2022\/01\/RS144912_C19A6445-scr-753x502.jpg 753w, https:\/\/semmelweis.hu\/hirek\/files\/2022\/01\/RS144912_C19A6445-scr-203x135.jpg 203w, https:\/\/semmelweis.hu\/hirek\/files\/2022\/01\/RS144912_C19A6445-scr.jpg 1200w\" >\r\n        <\/a><\/div><\/span>\r\n            <\/div>\r\n\r\n            [\/slb_exclude]\r\n\t\n<p>A 18 \u00e9ves Vikt\u00f3ria a f\u0151v\u00e1rosi Veres P\u00e9ter Gimn\u00e1ziumb\u00f3l \u00e9rkezett. Sokat besz\u00e9lgetett a Gy\u00f3gyszer\u00e9sztudom\u00e1nyi Kar pultj\u00e1n\u00e1l t\u00e1j\u00e9koztat\u00e1st ny\u00fajt\u00f3 H\u00d6K-\u00f6s hallgat\u00f3kkal. \u201eNagyon \u00e9rdekel a gy\u00f3gyszer\u00e9szet, kifejezetten az\u00e9rt j\u00f6ttem az Educati\u00f3ra, hogy min\u00e9l t\u00f6bbet megtudjak az itt foly\u00f3 k\u00e9pz\u00e9sr\u0151l. Sok hasznos inform\u00e1ci\u00f3t osztottak meg velem, elmondt\u00e1k p\u00e9ld\u00e1ul, hogy sok neh\u00e9z tant\u00e1rgy van, de mindegyik teljes\u00edthet\u0151. Szint\u00e9n mes\u00e9ltek a k\u00e9pz\u00e9s ut\u00e1ni \u00e9letr\u0151l, hogy mihez kezdhetek az itt megszerzett diplom\u00e1val\u201d \u2013 fogalmazott.<\/p>\n<p>A 17 \u00e9ves \u00c1ron az ELTE Bolyai J\u00e1nos Gyakorl\u00f3 \u00c1ltal\u00e1nos Iskola \u00e9s Gimn\u00e1ziumban tanul, az orvos- \u00e9s eg\u00e9szs\u00e9gtudom\u00e1nyok ir\u00e1nt pedig csal\u00e1di ind\u00edttat\u00e1sb\u00f3l kezdett \u00e9rdekl\u0151dni. Az \u00c1ltal\u00e1nos Orvostudom\u00e1nyi Kar standj\u00e1n\u00e1l k\u00e9rdezett az egyetemr\u0151l. \u201e\u00c9desany\u00e1m \u00e1pol\u00f3, \u0151 javasolta, hogy tal\u00e1n a belgy\u00f3gy\u00e1szat vagy a seb\u00e9szet illene hozz\u00e1m \u2013 emellett m\u00e9g az onkol\u00f3gia is \u00e9rdekesnek t\u0171nik\u201d \u2013 fejtette ki. Mint elmondta, els\u0151 helyen az int\u00e9zm\u00e9ny \u00e1ltal\u00e1nos orvosi k\u00e9pz\u00e9s\u00e9t jel\u00f6li meg, de a Gy\u00f3gyszer\u00e9sztudom\u00e1nyi Kar is szerepel majd list\u00e1j\u00e1n. \u201eM\u00e1r \u00e1ltal\u00e1nos iskol\u00e1sk\u00e9nt kin\u00e9ztem az egyetemet, nemcsak az\u00e9rt, mert elismert a neve, de az\u00e9rt is, mert remek\u00fcl felszerelt, az itt szerzett diplom\u00e1t pedig mindenhol elfogadj\u00e1k\u201d \u2013 tette hozz\u00e1.<\/p>\n<blockquote>\n<p>Ha valaki orvos, fogorvos, gy\u00f3gyszer\u00e9sz, konduktor vagy eg\u00e9szs\u00e9g\u00fcgyi szakember szeretne lenni, azt tapasztalataim szerint m\u00e1r kor\u00e1bban eld\u00f6nt\u00f6tte. T\u00f6bbs\u00e9g\u00fck pedig a felv\u00e9teli el\u0151tt \u00e1llva a legjobb oktat\u00e1st, a legjobb kutat\u00e1si lehet\u0151s\u00e9get biztos\u00edt\u00f3 egyetemet keresi. Ami a Semmelweis Egyetem mellett sz\u00f3l, hogy a rangsorok szerint is ez a legjobb orvos- \u00e9s eg\u00e9szs\u00e9gtudom\u00e1nyi k\u00e9pz\u00e9st ny\u00fajt\u00f3 magyar egyetem, amely nemzetk\u00f6zileg is elismert. Az itt foly\u00f3 tudom\u00e1nyos munka rendk\u00edv\u00fcl magas sz\u00ednvonal\u00fa, az orsz\u00e1g legkiv\u00e1l\u00f3bb professzorai dolgoznak az int\u00e9zm\u00e9nyben<\/p>\n<\/blockquote>\n<p><a href=\"https:\/\/semmelweis.hu\/hirek\/files\/2022\/01\/RS144988_C19A7142-scr.jpg\"><img loading=\"lazy\" decoding=\"async\" class=\"alignleft size-medium wp-image-110713\" src=\"https:\/\/semmelweis.hu\/hirek\/files\/2022\/01\/RS144988_C19A7142-scr-400x245.jpg\" alt=\"\" width=\"400\" height=\"245\" srcset=\"https:\/\/semmelweis.hu\/hirek\/files\/2022\/01\/RS144988_C19A7142-scr-400x245.jpg 400w, https:\/\/semmelweis.hu\/hirek\/files\/2022\/01\/RS144988_C19A7142-scr-900x551.jpg 900w, https:\/\/semmelweis.hu\/hirek\/files\/2022\/01\/RS144988_C19A7142-scr-768x470.jpg 768w, https:\/\/semmelweis.hu\/hirek\/files\/2022\/01\/RS144988_C19A7142-scr-753x461.jpg 753w, https:\/\/semmelweis.hu\/hirek\/files\/2022\/01\/RS144988_C19A7142-scr-620x380.jpg 620w, https:\/\/semmelweis.hu\/hirek\/files\/2022\/01\/RS144988_C19A7142-scr.jpg 1200w\" sizes=\"auto, (max-width: 400px) 100vw, 400px\" \/><\/a>\u2013 fogalmazott dr. Merkely B\u00e9la a Semmelweis Egyetem standj\u00e1n\u00e1l. A rektor kiemelte: a pand\u00e9mia m\u00e9g jobban r\u00e1ir\u00e1ny\u00edtotta a figyelmet erre a ter\u00fcletre, megbecs\u00fcltebb\u00e9 v\u00e1lt az eg\u00e9szs\u00e9g\u00fcgyben dolgoz\u00f3k munk\u00e1ja, \u00e9s az orvos-, eg\u00e9szs\u00e9gtudom\u00e1nyi k\u00e9pz\u0151helyek reput\u00e1ci\u00f3ja is tov\u00e1bb emelkedett, amely a felv\u00e9teliz\u0151 fiatalok d\u00f6nt\u00e9s\u00e9re is hat\u00e1ssal lehet. Jelent\u0151sen n\u00f6vekednek a kutat\u00e1si lehet\u0151s\u00e9gek is, ebb\u0151l pedig az egyetemre beker\u00fcl\u0151k is profit\u00e1lhatnak \u2013 tette hozz\u00e1. Dr. Merkely B\u00e9la visszaeml\u00e9kezett saj\u00e1t p\u00e1lyav\u00e1laszt\u00e1s\u00e1ra is: a n\u00e9gyoszt\u00e1lyos gimn\u00e1zium harmadik oszt\u00e1ly\u00e1ban, f\u00e9l\u00e9vkor d\u00f6nt\u00f6tte el, hogy nem k\u00f6zgazd\u00e1sz, hanem orvos szeretne lenni. \u201eMegv\u00e1ltoztattam a fakult\u00e1ci\u00f3mat biol\u00f3gi\u00e1ra \u00e9s fizik\u00e1ra, budapesti lakosk\u00e9nt pedig fel sem mer\u00fclt, hogy m\u00e1shova jelentkezzek \u2013 els\u0151re felv\u00e9telt nyertem, \u00e9s az\u00f3ta is a Semmelweis Egyetemen \u00bbtanulok\u00ab \u00e9s dolgozom\u201d \u2013 mutatott r\u00e1.<\/p>\n<p><a href=\"https:\/\/semmelweis.hu\/hirek\/files\/2022\/01\/RS144975_C19A6910-scr.jpg\"><img loading=\"lazy\" decoding=\"async\" class=\"alignright size-medium wp-image-110710\" src=\"https:\/\/semmelweis.hu\/hirek\/files\/2022\/01\/RS144975_C19A6910-scr-400x267.jpg\" alt=\"\" width=\"400\" height=\"267\" srcset=\"https:\/\/semmelweis.hu\/hirek\/files\/2022\/01\/RS144975_C19A6910-scr-400x267.jpg 400w, https:\/\/semmelweis.hu\/hirek\/files\/2022\/01\/RS144975_C19A6910-scr-900x600.jpg 900w, https:\/\/semmelweis.hu\/hirek\/files\/2022\/01\/RS144975_C19A6910-scr-768x512.jpg 768w, https:\/\/semmelweis.hu\/hirek\/files\/2022\/01\/RS144975_C19A6910-scr-753x502.jpg 753w, https:\/\/semmelweis.hu\/hirek\/files\/2022\/01\/RS144975_C19A6910-scr-203x135.jpg 203w, https:\/\/semmelweis.hu\/hirek\/files\/2022\/01\/RS144975_C19A6910-scr.jpg 1200w\" sizes=\"auto, (max-width: 400px) 100vw, 400px\" \/><\/a>A ki\u00e1ll\u00edt\u00e1sra kil\u00e1togat\u00f3 dr. Pavlik L\u00edvia kancell\u00e1r kiemelte: \u00f3ri\u00e1si a bizalom az egyetem ir\u00e1nt, ami az oktat\u00e1s \u00e9s betegell\u00e1t\u00e1s sor\u00e1n is elengedhetetlen\u00fcl fontos. \u201eEls\u0151sorban azoknak aj\u00e1nlom k\u00e9pz\u00e9seinket \u00e9s az orvos- \u00e9s eg\u00e9szs\u00e9gtudom\u00e1nyokat, akik el\u00e9g elk\u00f6telezettek, \u00e9s egy olyan hivat\u00e1sra v\u00e1gynak, amellyel a t\u00e1rsadalmat szolg\u00e1lhatj\u00e1k. Fontos, hogy az ilyen ind\u00edttat\u00e1s mellett meglegyen a k\u00e9pess\u00e9g is az ismeretek befogad\u00e1s\u00e1ra \u2013 ha ezek megvannak, a Semmelweis Egyetemen minden rendelkez\u00e9sre \u00e1ll, hogy valaki a lehet\u0151 legjobb\u00e1 v\u00e1lhasson a v\u00e1lasztott hivat\u00e1s\u00e1ban\u201d \u2013 h\u00fazta al\u00e1. Dr. Pavlik L\u00edvia szerint az eg\u00e9szs\u00e9g\u00fcgyben dolgoz\u00f3k t\u00e1rsadalmi preszt\u00edzse eddig is magas volt, az elm\u00falt \u00e9v int\u00e9zked\u00e9seinek k\u00f6sz\u00f6nhet\u0151en pedig az anyagi elismer\u00e9s is tov\u00e1bb n\u00f6vekedett, \u00edgy a j\u00f6v\u0151ben v\u00e1rhat\u00f3an m\u00e9g t\u00f6bben l\u00e1thatj\u00e1k ebben a p\u00e1ly\u00e1ban a j\u00f6v\u0151beni boldogul\u00e1sukat.<\/p>\n<p><a href=\"https:\/\/semmelweis.hu\/hirek\/files\/2022\/01\/IMG_4733-scaled.jpg\"><img loading=\"lazy\" decoding=\"async\" class=\"alignleft size-medium wp-image-110711\" src=\"https:\/\/semmelweis.hu\/hirek\/files\/2022\/01\/IMG_4733-400x300.jpg\" alt=\"\" width=\"400\" height=\"300\" srcset=\"https:\/\/semmelweis.hu\/hirek\/files\/2022\/01\/IMG_4733-400x300.jpg 400w, https:\/\/semmelweis.hu\/hirek\/files\/2022\/01\/IMG_4733-900x675.jpg 900w, https:\/\/semmelweis.hu\/hirek\/files\/2022\/01\/IMG_4733-768x576.jpg 768w, https:\/\/semmelweis.hu\/hirek\/files\/2022\/01\/IMG_4733-1536x1152.jpg 1536w, https:\/\/semmelweis.hu\/hirek\/files\/2022\/01\/IMG_4733-2048x1536.jpg 2048w, https:\/\/semmelweis.hu\/hirek\/files\/2022\/01\/IMG_4733-753x565.jpg 753w\" sizes=\"auto, (max-width: 400px) 100vw, 400px\" \/><\/a>Dr. Hermann P\u00e9ter oktat\u00e1si rektorhelyettes r\u00e1mutatott: nemcsak a rangsorokban elfoglalt el\u0151kel\u0151 helye miatt sz\u00e1m\u00edt vonz\u00f3nak az egyetem az orvos- \u00e9s eg\u00e9szs\u00e9gtudom\u00e1nyok ir\u00e1nt \u00e9rdekl\u0151d\u0151 felv\u00e9teliz\u0151knek, hanem a gyakorlati oktat\u00e1s miatt is. \u201eA tov\u00e1bbtanul\u00e1si pontsz\u00e1mokat tekintve az int\u00e9zm\u00e9ny minden szakter\u00fclete messze megel\u0151zi a t\u00f6bbi hazai egyetemet, ennek is k\u00f6sz\u00f6nhet\u0151, hogy a felv\u00e9teliz\u0151k jellemz\u0151en az els\u0151 helyen jel\u00f6lik meg a Semmelweis Egyetemet\u201d \u2013 emelte ki. A rektorhelyettes szerint az Educatio ki\u00e1ll\u00edt\u00e1son sokan konkr\u00e9t k\u00e9rd\u00e9sekkel kerest\u00e9k fel az int\u00e9zm\u00e9ny standj\u00e1t. \u201eVoltak, akiket a v\u00e1rhat\u00f3 pontsz\u00e1mok \u00e9rdekelt\u00e9k, m\u00e1sok arr\u00f3l szerettek volna t\u00f6bbet megtudni, mi v\u00e1r itt r\u00e1juk, miket kell majd tanulni, milyen az egyetemi \u00e9let, vagy \u00e9pp mekkora a t\u00e1vols\u00e1g az egyes k\u00e9pz\u00e9si helyek k\u00f6z\u00f6tt, hogyan n\u00e9znek ki a kampuszaink\u201d \u2013 tette hozz\u00e1. Dr. Hermann P\u00e9ter felh\u00edvta a figyelmet az egyetem janu\u00e1r 27-i online ny\u00edlt napj\u00e1ra is, mely sor\u00e1n a virtu\u00e1lis szob\u00e1kban nemcsak az egyes karok, szakk\u00e9pz\u0151 iskol\u00e1k \u00e9s tehets\u00e9ggondoz\u00f3 programok mutatkoznak be, de a hallgat\u00f3k, sz\u00fcl\u0151k \u00e9s tan\u00e1rok feltehetik k\u00e9rd\u00e9seiket is, valamint exkluz\u00edv kisfilmek seg\u00edts\u00e9g\u00e9vel betekinthetnek p\u00e9ld\u00e1ul a gy\u00f3gyszerk\u00e9sz\u00edt\u00e9s munk\u00e1lataiba vagy egy fogorvosi beavatkoz\u00e1sba is.<\/p>\n<p><a href=\"https:\/\/semmelweis.hu\/hirek\/files\/2022\/01\/RS144938_C19A6570-scr.jpg\"><img loading=\"lazy\" decoding=\"async\" class=\"alignright size-medium wp-image-110712\" src=\"https:\/\/semmelweis.hu\/hirek\/files\/2022\/01\/RS144938_C19A6570-scr-400x267.jpg\" alt=\"\" width=\"400\" height=\"267\" srcset=\"https:\/\/semmelweis.hu\/hirek\/files\/2022\/01\/RS144938_C19A6570-scr-400x267.jpg 400w, https:\/\/semmelweis.hu\/hirek\/files\/2022\/01\/RS144938_C19A6570-scr-900x600.jpg 900w, https:\/\/semmelweis.hu\/hirek\/files\/2022\/01\/RS144938_C19A6570-scr-768x512.jpg 768w, https:\/\/semmelweis.hu\/hirek\/files\/2022\/01\/RS144938_C19A6570-scr-753x502.jpg 753w, https:\/\/semmelweis.hu\/hirek\/files\/2022\/01\/RS144938_C19A6570-scr-203x135.jpg 203w, https:\/\/semmelweis.hu\/hirek\/files\/2022\/01\/RS144938_C19A6570-scr.jpg 1200w\" sizes=\"auto, (max-width: 400px) 100vw, 400px\" \/><\/a>\u201eMindegyik karunk ir\u00e1nt nagy az \u00e9rdekl\u0151d\u00e9s, a leend\u0151 felv\u00e9teliz\u0151ket legink\u00e1bb az \u00e9rdekli, milyen elv\u00e1r\u00e1soknak kell megfelelni\u00fck az egyetemen, vagy \u00e9pp mennyire k\u00f6nny\u0171 a beilleszked\u00e9s. Term\u00e9szetesen mindenkit meg tudunk nyugtatni ezzel kapcsolatban, hiszen az els\u0151 \u00e9vekben kimondottan nagy hangs\u00falyt fektet arra az egyetem, \u00e9s a Hallgat\u00f3i \u00d6nkorm\u00e1nyzat (H\u00d6K) is, hogy az itt tanul\u00f3k hamar otthon \u00e9rezz\u00e9k magukat, megismerj\u00e9k az int\u00e9zm\u00e9nyt \u00e9s alkalmazkodni tudjanak a k\u00f6r\u00fclm\u00e9nyekhez\u201d \u2013 emelte ki Tripolszky B\u00e1lint. A H\u00d6K eln\u00f6ke szerint az egyetem h\u00e1rmas jelszava \u2013 az oktat\u00e1s, kutat\u00e1s-innov\u00e1ci\u00f3, betegell\u00e1t\u00e1s \u2013 tov\u00e1bb n\u00f6veli az int\u00e9zm\u00e9ny vonzerej\u00e9t a felv\u00e9teliz\u0151k k\u00f6r\u00e9ben, hiszen \u00e1ltal\u00e1ban olyanok adj\u00e1k be ide a jelentkez\u00e9s\u00fcket, akik \u00fagy szeretn\u00e9k seg\u00edteni embert\u00e1rsaikat \u00e9s a magyar t\u00e1rsadalmat, hogy k\u00f6zben r\u00e9szt k\u00edv\u00e1nnak venni a h\u00e1rmas tev\u00e9kenys\u00e9g valamelyik\u00e9ben. \u201eA t\u00e1rsadalom minden szegmens\u00e9hez eljutott, hogy a Semmelweis Polg\u00e1rok milyen \u00f3ri\u00e1si szerepet v\u00e1llaltak a koronav\u00edrus elleni harcban. Sokan \u00e9rdekl\u0151dtek a ki\u00e1ll\u00edt\u00e1son arr\u00f3l, hogyan tudott ennyi hallgat\u00f3 \u00f6nk\u00e9ntesen r\u00e9szt venni a j\u00e1rv\u00e1ny elleni k\u00fczdelemben \u2013 mindez annak k\u00f6sz\u00f6nhet\u0151en val\u00f3sulhatott meg, hogy egy rendk\u00edv\u00fcl \u00f6sszetart\u00f3 k\u00f6z\u00f6ss\u00e9g vagyunk\u201d \u2013 mutatott r\u00e1 Tripolszky B\u00e1lint.<\/p>\n<div class=\"keretes w-100\">\n<div id=\"GroupWiseSection_1642520363000_szabo.adam2@semmelweis-univ.hu_276DCC8015AE0000B4706F6437386235_\" class=\"GroupWiseMessageBody active\">\n<div id=\"GroupWiseSection_1642520021000_fekete-obreczany.eva@semmelweis-univ.hu_62C52181046E0000B4706F6437386235_\" class=\"GroupWiseMessageBody\">\n<h5>Els\u0151 \u00e9v a Semmelweisen &#8211; hallgat\u00f3i tapasztalatok<\/h5>\n<\/div>\n<\/div>\n<p><a href=\"https:\/\/semmelweis.hu\/hirek\/files\/2022\/01\/RS145030_C19A7915-scr.jpg\"><img loading=\"lazy\" decoding=\"async\" class=\"alignright wp-image-110797 size-medium\" src=\"https:\/\/semmelweis.hu\/hirek\/files\/2022\/01\/RS145030_C19A7915-scr-279x400.jpg\" alt=\"\" width=\"279\" height=\"400\" srcset=\"https:\/\/semmelweis.hu\/hirek\/files\/2022\/01\/RS145030_C19A7915-scr-279x400.jpg 279w, https:\/\/semmelweis.hu\/hirek\/files\/2022\/01\/RS145030_C19A7915-scr-558x800.jpg 558w, https:\/\/semmelweis.hu\/hirek\/files\/2022\/01\/RS145030_C19A7915-scr.jpg 628w\" sizes=\"auto, (max-width: 279px) 100vw, 279px\" \/><\/a>Kov\u00e1cs Karina, az \u00c1OK els\u0151\u00e9ves hallgat\u00f3ja szerint az egyetemen t\u00f6bbet kell tanulni, mint a k\u00f6z\u00e9piskol\u00e1kban, \u00e1m tapasztalata szerint szinte mindenkinek siker\u00fcl hozz\u00e1szokni az \u00faj k\u00f6r\u00fclm\u00e9nyekhez. \u201eRengeteg elfoglalts\u00e1gom van az egyetem mellett, a hobbijaimon k\u00edv\u00fcl a csal\u00e1dommal \u00e9s a bar\u00e1taimmal is igyekszem id\u0151t t\u00f6lteni, m\u00e9gis mindegyik vizsg\u00e1m j\u00f3 eredm\u00e9nnyel siker\u00fclt. Az egyik bar\u00e1tn\u0151m v\u00e1logatott \u00fasz\u00f3, \u0151 szint\u00e9n napi t\u00f6bb edz\u00e9s mellett vizsg\u00e1zott le\u201d \u2013 magyar\u00e1zta. Hozz\u00e1tette: sok felv\u00e9teliz\u0151 fej\u00e9ben \u00e9l az a k\u00e9p, hogy a vizsgaid\u0151szak rettent\u0151en neh\u00e9z \u00e9s csak szuperk\u00e9pess\u00e9gekkel lehet diplom\u00e1t szerezni, de ez nincs \u00edgy. \u201eEgyik vizsg\u00e1ztat\u00f3nak sem az a c\u00e9lja, hogy megbuktassa a hallgat\u00f3kat \u2013 remek oktat\u00f3ink vannak, rengeteg seg\u00e9danyagot kapunk a tanul\u00e1shoz, az int\u00e9zetek pedig konzult\u00e1ci\u00f3kkal igyekszenek seg\u00edteni a felk\u00e9sz\u00fcl\u00e9st\u201d \u2013 mutatott r\u00e1. Felh\u00edvta a figyelmet az egyetem \u00e9s a hallgat\u00f3i szervezetek \u00e1ltal szervezett szabadid\u0151s \u00e9s kultur\u00e1lis programokra, bulikra \u00e9s esem\u00e9nyekre is. \u201eAz int\u00e9zm\u00e9ny arra buzd\u00edt minket, hogy akt\u00edvan t\u00f6lts\u00fck el a szabadid\u0151nket, hogy t\u00f6bb ter\u00fcleten is tapasztalatokkal rendelkez\u0151, felel\u0151s \u00e9rtelmis\u00e9geik legy\u00fcnk, \u00e9s ne tanul\u00f3robotok\u201d \u2013 fogalmazott.<\/p>\n<p><a href=\"https:\/\/semmelweis.hu\/hirek\/files\/2022\/01\/IMG_0986.jpeg\"><img loading=\"lazy\" decoding=\"async\" class=\"alignright size-medium wp-image-110799\" src=\"https:\/\/semmelweis.hu\/hirek\/files\/2022\/01\/IMG_0986-345x400.jpeg\" alt=\"\" width=\"345\" height=\"400\" srcset=\"https:\/\/semmelweis.hu\/hirek\/files\/2022\/01\/IMG_0986-345x400.jpeg 345w, https:\/\/semmelweis.hu\/hirek\/files\/2022\/01\/IMG_0986-690x800.jpeg 690w, https:\/\/semmelweis.hu\/hirek\/files\/2022\/01\/IMG_0986-768x891.jpeg 768w, https:\/\/semmelweis.hu\/hirek\/files\/2022\/01\/IMG_0986-753x874.jpeg 753w, https:\/\/semmelweis.hu\/hirek\/files\/2022\/01\/IMG_0986.jpeg 880w\" sizes=\"auto, (max-width: 345px) 100vw, 345px\" \/><\/a>Oszoli Mariann a FOK els\u0151\u00e9ves hallgat\u00f3ja szerint a j\u00f3 tanulm\u00e1nyi eredm\u00e9nyek kulcsa a min\u0151s\u00e9gi tanul\u00e1s \u00e9s nem annak mennyis\u00e9ge. \u201eA Kispesti K\u00e1rolyi Mih\u00e1ly Magyar-Spanyol Tannyelv\u0171 Gimn\u00e1ziumb\u00f3l \u00e9rkeztem, ahol hozz\u00e1szoktam a magas elv\u00e1r\u00e1sokhoz. \u00dagy \u00e9rzem, az egyetemen nem kell sokkal t\u00f6bbet tanulni, ink\u00e1bb csak m\u00e1shogy kell k\u00e9sz\u00fclni: fontos, hogy j\u00f3l beosszuk az id\u0151nket \u00e9s koncentr\u00e1ltan tanuljunk. Ilyenkor ne telefonozzunk vagy sz\u00e1m\u00edt\u00f3g\u00e9pezz\u00fcnk, csak az anyagra \u00f6sszpontos\u00edtsunk\u201d \u2013 magyar\u00e1zta. Hozz\u00e1tette: minden tan\u00e1r nagyon seg\u00edt\u0151k\u00e9sz, \u00edgy kifejezetten \u00e9lvezte a sz\u00f3beli vizsg\u00e1it is, az olyan nehezebbnek mondott t\u00e1rgyban, mint az anat\u00f3mia pedig remek gyakorlatvezet\u0151je van, aki a leadott lecke mellett a hallgat\u00f3k lelk\u00e9vel is foglalkozik. \u201eA tanulm\u00e1nyaim mellett van id\u0151m a csal\u00e1domra \u00e9s a bar\u00e1taimra is. S\u0151t, a Semmelweis r\u00f6plabdacsapat\u00e1ban is j\u00e1tszom \u2013 mindenkinek aj\u00e1nlom az egyetem melletti sportol\u00e1st, hiszen a ment\u00e1lis eg\u00e9szs\u00e9g legal\u00e1bb olyan fontos, mint a vizsgaeredm\u00e9nyek\u201d \u2013 emelte ki.<\/p>\n<\/div>\n<p>Az int\u00e9zm\u00e9ny janu\u00e1r 27-\u00e9n 9 \u00f3r\u00e1t\u00f3l a Semmelweis Online Ny\u00edlt Napon is v\u00e1rja a k\u00f6z\u00e9piskol\u00e1sokat \u00e9s sz\u00fcleiket. A rendezv\u00e9nyen bemutatkozik az int\u00e9zm\u00e9ny mind a hat kara, k\u00f6z\u00e9pfok\u00fa szakk\u00e9pz\u0151 iskol\u00e1i \u00e9s tehets\u00e9ggondoz\u00f3 programjai. Az \u00e9rdekl\u0151d\u0151k interakt\u00edv el\u0151ad\u00e1sok, f\u00f3rumok, kisfilmek r\u00e9v\u00e9n ismerhetik meg a k\u00e9pz\u00e9seket \u00e9s a Zoom programon kereszt\u00fcl \u00e9l\u0151ben is feltehetik k\u00e9rd\u00e9seiket. <a href=\"https:\/\/semmelweis.hu\/felvetelizoknek\/nyiltnap\/\">A program \u00e9s a regisztr\u00e1ci\u00f3 erre a linkre kattintva \u00e9rhet\u0151 el.<\/a><\/p>\n<p>Az Educatio ki\u00e1ll\u00edt\u00e1s alkalm\u00e1b\u00f3l elk\u00e9sz\u00fclt a Semmelweis \u00dajs\u00e1g Felv\u00e9teli k\u00fcl\u00f6nsz\u00e1ma is, amely <a href=\"https:\/\/www.semmelweiskiado.hu\/termek\/1765\/semmelweis-egyetem\/xxiii-evfolyam-1-kulonszam-2022-januar-educatio-2022\">el\u00e9rhet\u0151 erre a linkre kattintva<\/a>.<\/p>\n<p>Szab\u00f3 \u00c1d\u00e1m<br \/>\nFot\u00f3: R\u00e9thly D\u00e1vid, Kov\u00e1cs Attila \u2013 Semmelweis Egyetem<\/p>\n","protected":false},"excerpt":{"rendered":"<p>A legt\u00f6bbeket a hallgat\u00f3i \u00e9let \u00e9s az egyes k\u00e9pz\u00e9sek kih\u00edv\u00e1sai \u00e9rdekelt\u00e9k.<\/p>\n","protected":false},"author":101751,"featured_media":110713,"comment_status":"closed","ping_status":"closed","sticky":false,"template":"","format":"standard","meta":{"_acf_changed":false,"footnotes":""},"categories":[3533,168],"tags":[1415],"class_list":["post-110694","post","type-post","status-publish","format-standard","has-post-thumbnail","hentry","category-hallgatok-oktatas","category-kiemelt","tag-educatio"],"acf":[],"_links":{"self":[{"href":"https:\/\/semmelweis.hu\/hirek\/wp-json\/wp\/v2\/posts\/110694","targetHints":{"allow":["GET"]}}],"collection":[{"href":"https:\/\/semmelweis.hu\/hirek\/wp-json\/wp\/v2\/posts"}],"about":[{"href":"https:\/\/semmelweis.hu\/hirek\/wp-json\/wp\/v2\/types\/post"}],"author":[{"embeddable":true,"href":"https:\/\/semmelweis.hu\/hirek\/wp-json\/wp\/v2\/users\/101751"}],"replies":[{"embeddable":true,"href":"https:\/\/semmelweis.hu\/hirek\/wp-json\/wp\/v2\/comments?post=110694"}],"version-history":[{"count":7,"href":"https:\/\/semmelweis.hu\/hirek\/wp-json\/wp\/v2\/posts\/110694\/revisions"}],"predecessor-version":[{"id":110800,"href":"https:\/\/semmelweis.hu\/hirek\/wp-json\/wp\/v2\/posts\/110694\/revisions\/110800"}],"wp:featuredmedia":[{"embeddable":true,"href":"https:\/\/semmelweis.hu\/hirek\/wp-json\/wp\/v2\/media\/110713"}],"wp:attachment":[{"href":"https:\/\/semmelweis.hu\/hirek\/wp-json\/wp\/v2\/media?parent=110694"}],"wp:term":[{"taxonomy":"category","embeddable":true,"href":"https:\/\/semmelweis.hu\/hirek\/wp-json\/wp\/v2\/categories?post=110694"},{"taxonomy":"post_tag","embeddable":true,"href":"https:\/\/semmelweis.hu\/hirek\/wp-json\/wp\/v2\/tags?post=110694"}],"curies":[{"name":"wp","href":"https:\/\/api.w.org\/{rel}","templated":true}]}}