{"id":110616,"date":"2022-01-14T06:00:32","date_gmt":"2022-01-14T05:00:32","guid":{"rendered":"https:\/\/semmelweis.hu\/hirek\/?p=110616"},"modified":"2022-01-28T09:38:32","modified_gmt":"2022-01-28T08:38:32","slug":"harom-evtized-643-sorsfordito-beavatkozas-az-egyetemen-30-eves-a-hazai-szivtranszplantacio","status":"publish","type":"post","link":"https:\/\/semmelweis.hu\/hirek\/2022\/01\/14\/harom-evtized-643-sorsfordito-beavatkozas-az-egyetemen-30-eves-a-hazai-szivtranszplantacio\/","title":{"rendered":"H\u00e1rom \u00e9vtized, 643 sorsford\u00edt\u00f3 beavatkoz\u00e1s: harminc\u00e9ves a hazai sz\u00edv\u00e1t\u00fcltet\u00e9s"},"content":{"rendered":"<div class=\"lead\">A napokban v\u00e9gezt\u00e9k el a 643. sz\u00edv\u00e1t\u00fcltet\u00e9st a Semmelweis Egyetem V\u00e1rosmajori Sz\u00edv- \u00e9s \u00c9rgy\u00f3gy\u00e1szati Klinik\u00e1j\u00e1n. Magyarorsz\u00e1gon az els\u0151 ilyen beavatkoz\u00e1st 1992. janu\u00e1r 3-\u00e1n itt hajtott\u00e1k v\u00e9gre dr. Szab\u00f3 Zolt\u00e1n akkori klinikaigazgat\u00f3 vezet\u00e9s\u00e9vel, amelyet h\u00e1rom tov\u00e1bbi transzplant\u00e1ci\u00f3 k\u00f6vetett m\u00e9g abban az \u00e9vben. Az elm\u00falt h\u00e1rom \u00e9vtizedben a klinika Eur\u00f3pa egyik vezet\u0151 sz\u00edvtranszplant\u00e1ci\u00f3s centrum\u00e1v\u00e1 v\u00e1lt. A jubileum alkalm\u00e1b\u00f3l k\u00e9sz\u00fclt cikk\u00fcnkben a sz\u00edv\u00e1t\u00fcltet\u00e9sek hazai t\u00f6rt\u00e9nete mellett bemutatjuk a klinik\u00e1n ut\u00f3gondozott transzplant\u00e1ltak k\u00f6z\u00fcl azt a p\u00e1cienst, aki a legr\u00e9gebben kapott \u00faj sz\u00edvet.<\/div>\n<p><a href=\"https:\/\/semmelweis.hu\/hirek\/files\/2022\/01\/RS144773_C19A5446-scr.jpg\"><img loading=\"lazy\" decoding=\"async\" class=\"size-medium wp-image-110618 alignleft\" src=\"https:\/\/semmelweis.hu\/hirek\/files\/2022\/01\/RS144773_C19A5446-scr-400x267.jpg\" alt=\"\" width=\"400\" height=\"267\" srcset=\"https:\/\/semmelweis.hu\/hirek\/files\/2022\/01\/RS144773_C19A5446-scr-400x267.jpg 400w, https:\/\/semmelweis.hu\/hirek\/files\/2022\/01\/RS144773_C19A5446-scr-900x600.jpg 900w, https:\/\/semmelweis.hu\/hirek\/files\/2022\/01\/RS144773_C19A5446-scr-768x512.jpg 768w, https:\/\/semmelweis.hu\/hirek\/files\/2022\/01\/RS144773_C19A5446-scr-753x502.jpg 753w, https:\/\/semmelweis.hu\/hirek\/files\/2022\/01\/RS144773_C19A5446-scr-203x135.jpg 203w, https:\/\/semmelweis.hu\/hirek\/files\/2022\/01\/RS144773_C19A5446-scr.jpg 1200w\" sizes=\"auto, (max-width: 400px) 100vw, 400px\" \/><\/a>Hoffer Kriszti\u00e1n november v\u00e9g\u00e9n \u00fcnnepelte \u201em\u00e1sodik sz\u00fclet\u00e9snapj\u00e1t\u201d, sz\u00edvtranszplant\u00e1ci\u00f3j\u00e1nak 24. \u00e9vfordul\u00f3j\u00e1t. Ilyenkor minden \u00e9vben ugyan\u00fagy torta ker\u00fcl az asztalra, mint a rendes sz\u00fclet\u00e9snapokon, \u00e9s ha teheti, sz\u00fcleivel \u00e9s testv\u00e9r\u00e9vel egy\u00fctt m\u00e9csest is gy\u00fajt a Fiumei \u00fati s\u00edrkertben a n\u00e9vtelen donorok eml\u00e9k\u00e9re emelt kopjaf\u00e1n\u00e1l. \u00a0<\/p>\n<p>A sorsford\u00edt\u00f3 sz\u00edvtranszplant\u00e1ci\u00f3t 1997. november 29-\u00e9n v\u00e9gezte el az akkor 18 \u00e9ves Kriszti\u00e1nn\u00e1l dr. Bodor Elek professzor a V\u00e1rosmajori Sz\u00edv- \u00e9s \u00c9rgy\u00f3gy\u00e1szati Klinik\u00e1n. A fiatalember a beavatkoz\u00e1st megel\u0151z\u0151en m\u00e1sf\u00e9l \u00e9vig k\u00f3rh\u00e1zi \u00e1gyban fek\u00fcdt az Orsz\u00e1gos Kardiol\u00f3giai Int\u00e9zetben, szinte mozg\u00e1sk\u00e9ptelen\u00fcl \u2013 olyan rossz \u00e1llapotban volt, hogy ez id\u0151 alatt 38 kil\u00f3sra fogyott \u00e9s t\u00f6bbsz\u00f6r \u00fajra kellett \u00e9leszteni.<\/p>\n<blockquote>\n<p>A transzplant\u00e1ci\u00f3 ut\u00e1n, l\u00e1tva a r\u00e9gi, kivett sz\u00edvem \u00e1llapot\u00e1t, az orvosom azt mondta a sz\u00fcleimnek, csoda, hogy \u00e9letben voltam m\u00e9g, \u00e9s meg\u00e9lhettem az \u00e1t\u00fcltet\u00e9st, mert orvosi k\u00e9ptelens\u00e9g egy ilyen sz\u00edvvel \u00e9lni<\/p>\n<\/blockquote>\n<p>\u2013 eml\u00e9kszik vissza a most 44 \u00e9ves f\u00e9rfi. Az, hogy ez m\u00e9gis megt\u00f6rt\u00e9nt, tal\u00e1n a csal\u00e1dban \u201eh\u00edres\u201d akaratoss\u00e1g\u00e1nak is k\u00f6sz\u00f6nhet\u0151. Ez vitte el\u0151re m\u00e1r gyermekkor\u00e1ban is, amikor velesz\u00fcletett sz\u00edvbetegs\u00e9ge miatt kicsit mindig f\u00e1rad\u00e9konyabb volt a t\u00f6bbiekn\u00e9l, de m\u00e9gis t\u00far\u00e1zott, focizott, napi szinten konditerembe j\u00e1rt, \u00e9s ez seg\u00edtette az \u00e1t\u00fcltet\u00e9s ut\u00e1n is. Mint mes\u00e9li, a transzplant\u00e1ci\u00f3t k\u00f6vet\u0151en jelent\u0151sen javult az \u00e9letmin\u0151s\u00e9ge, ugyanakkor sok id\u0151be telt, mire visszanyerte a fizikai er\u0151nl\u00e9t\u00e9t, \u00e9s nem k\u00f6nny\u0171 sz\u00e1m\u00e1ra az sem, hogy sz\u00edv\u00e1t\u00fcltetettk\u00e9nt kell a feln\u0151tt \u00e9let\u00e9t fel\u00e9p\u00edtenie.<\/p>\n<p><strong>Rangid\u0151sek k\u00f6z\u00f6tt a 24 \u00e9ves \u00faj sz\u00edvvel<\/strong><\/p>\n<p><a href=\"https:\/\/semmelweis.hu\/hirek\/files\/2022\/01\/RS144775_C19A5465-scr.jpg\"><img loading=\"lazy\" decoding=\"async\" class=\"alignright size-medium wp-image-110619\" src=\"https:\/\/semmelweis.hu\/hirek\/files\/2022\/01\/RS144775_C19A5465-scr-400x267.jpg\" alt=\"\" width=\"400\" height=\"267\" srcset=\"https:\/\/semmelweis.hu\/hirek\/files\/2022\/01\/RS144775_C19A5465-scr-400x267.jpg 400w, https:\/\/semmelweis.hu\/hirek\/files\/2022\/01\/RS144775_C19A5465-scr-900x600.jpg 900w, https:\/\/semmelweis.hu\/hirek\/files\/2022\/01\/RS144775_C19A5465-scr-768x512.jpg 768w, https:\/\/semmelweis.hu\/hirek\/files\/2022\/01\/RS144775_C19A5465-scr-753x502.jpg 753w, https:\/\/semmelweis.hu\/hirek\/files\/2022\/01\/RS144775_C19A5465-scr-203x135.jpg 203w, https:\/\/semmelweis.hu\/hirek\/files\/2022\/01\/RS144775_C19A5465-scr.jpg 1200w\" sizes=\"auto, (max-width: 400px) 100vw, 400px\" \/><\/a>Hoffer Kriszti\u00e1n 24 \u00e9ves \u00faj sz\u00edv\u00e9vel rangid\u0151s abban a k\u00f6z\u00f6ss\u00e9g m\u00e9di\u00e1s csoportban, ahol m\u00e1s sz\u00edvtranszplant\u00e1ltakkal tartja a kapcsolatot. Ez felel\u0151ss\u00e9g is, mint mondja, hiszen fontos sz\u00e1m\u00e1ra, hogy p\u00e9ld\u00e1t \u00e9s rem\u00e9nyt tudjon adni a sorst\u00e1rsaknak, valamint az \u00e1t\u00fcltet\u00e9sre v\u00e1r\u00f3knak. Ahhoz, hogy a transzplant\u00e1ci\u00f3 ut\u00e1n 24 \u00e9vvel is j\u00f3 eg\u00e9szs\u00e9gben \u00e9ljen pszich\u00e9sen \u00e9s fizikailag, nagyon fontos a sport. \u00c9ppen ez\u00e9rt a tavalyi \u00e9vben kezdem\u00e9nyez\u00e9s\u00e9re egy kis csapattal t\u00f6bb hazai tavat is k\u00f6rbeker\u00e9kp\u00e1roztak, voltak a Velencei-t\u00f3n\u00e1l, a Tisza-t\u00f3n\u00e1l \u00e9s csin\u00e1ltak egy kisebb balatoni k\u00f6rt is \u2013 id\u00e9zi fel, a k\u00fcl\u00f6nb\u00f6z\u0151 utak sor\u00e1n begy\u0171jt\u00f6tt h\u0171t\u0151m\u00e1gneseket mutatva. Az idei tervek k\u00f6z\u00f6tt van egy t\u00f6bb napos Fert\u0151-t\u00f3- \u00e9s egy teljes Balaton-ker\u00fcl\u00e9s, amelyre szeretne m\u00e9g t\u00f6bb sorst\u00e1rsat mag\u00e1val vinni.<\/p>\n<figure id=\"attachment_110620\" aria-describedby=\"caption-attachment-110620\" style=\"width: 256px\" class=\"wp-caption alignleft\"><a href=\"https:\/\/semmelweis.hu\/hirek\/files\/2022\/01\/RS144786_1_B-scr.jpg\"><img loading=\"lazy\" decoding=\"async\" class=\"wp-image-110620 size-medium\" src=\"https:\/\/semmelweis.hu\/hirek\/files\/2022\/01\/RS144786_1_B-scr-256x400.jpg\" alt=\"\" width=\"256\" height=\"400\" srcset=\"https:\/\/semmelweis.hu\/hirek\/files\/2022\/01\/RS144786_1_B-scr-256x400.jpg 256w, https:\/\/semmelweis.hu\/hirek\/files\/2022\/01\/RS144786_1_B-scr-513x800.jpg 513w, https:\/\/semmelweis.hu\/hirek\/files\/2022\/01\/RS144786_1_B-scr.jpg 577w\" sizes=\"auto, (max-width: 256px) 100vw, 256px\" \/><\/a><figcaption id=\"caption-attachment-110620\" class=\"wp-caption-text\">Sz\u00edvtranszplant\u00e1ci\u00f3 a V\u00e1rosmajorban &#8211; a kezdetek<\/figcaption><\/figure>\n<p>Hoffer Kriszti\u00e1n a legr\u00e9gebbi sz\u00edvtranszplant\u00e1lt, akinek az ut\u00f3gondoz\u00e1s\u00e1t is a Semmelweis Egyetem V\u00e1rosmajori Sz\u00edv- \u00e9s \u00c9rgy\u00f3gy\u00e1szati Klinik\u00e1j\u00e1n v\u00e9gzik. Az els\u0151 hazai sz\u00edv\u00e1t\u00fcltet\u00e9s itt t\u00f6rt\u00e9nt meg 30 \u00e9vvel ezel\u0151tt, 1992. janu\u00e1r 3-\u00e1n, amelyet t\u00f6bb \u00e9ves koncentr\u00e1lt el\u0151k\u00e9sz\u00edt\u0151 munka el\u0151z\u00f6tt meg. A k\u00fclf\u00f6ldi tanulm\u00e1nyutak ut\u00e1n, el\u0151sz\u00f6r halottakon gyakoroltak, kivett\u00e9k majd visszavarrt\u00e1k a sz\u00edvet, k\u00e9s\u0151bb kuty\u00e1kat oper\u00e1ltak sz\u00edvmotor seg\u00edts\u00e9g\u00e9vel. \u201e25-30 n\u0151v\u00e9rt, asszisztenst k\u00e9sz\u00edtett\u00fcnk fel arra, hogy el tudj\u00e1k l\u00e1tni a mindenkori transzplant\u00e1ltat percr\u0151l percre, \u00f3r\u00e1r\u00f3l \u00f3r\u00e1ra. Ki kellett dolgozni egy p\u00e1rsz\u00e1z oldalas k\u00f6nyvet is, melyben a transzplant\u00e1ci\u00f3 protokollj\u00e1t r\u00f6gz\u00edtett\u00fck\u201d \u2013 <a href=\"https:\/\/semmelweis.hu\/hirek\/2012\/01\/17\/gyerekek-ez-mukodik-az-elso-hazai-szivatultetes-tortenete\/\" target=\"_blank\" rel=\"noopener\">id\u00e9zte fel egy kor\u00e1bbi cikk\u00fcnkben<\/a> az els\u0151 magyarorsz\u00e1gi sz\u00edv\u00e1t\u00fcltet\u00e9st elv\u00e9gz\u0151, 2015-ben elhunyt dr. Szab\u00f3 Zolt\u00e1n sz\u00edvseb\u00e9sz professzor. <\/p>\n<p>Az els\u0151 hazai sz\u00edv\u00e1t\u00fcltetett beteg Schwartz S\u00e1ndor volt, aki 28 \u00e9vet \u00e9lt \u00faj sz\u00edv\u00e9vel, 56 \u00e9ves kor\u00e1ban, 2019 november\u00e9ben hunyt el.<\/p>\n<p>\u201eA m\u0171t\u00e9t ut\u00e1n m\u00e1snap, egy szombati reggelen m\u00e1r ki is h\u00fazhattuk a tubust \u00e9s le tudtuk kapcsolni a l\u00e9legeztet\u0151 g\u00e9pet. Ezt k\u00f6vet\u0151en vittem S\u00e1ndornak egy poh\u00e1r narancslevelet, \u00e9s azt gondoltam nyugodt het\u00fcnk lesz. Megegyezt\u00fcnk ugyanis arr\u00f3l, hogy egy h\u00e9tig nem hozzuk nyilv\u00e1noss\u00e1gra a m\u0171t\u00e9tet, nem akartunk addig, m\u00edg a beteg nincs teljesen rendben, elkapkodva bejelent\u00e9st tenni. A val\u00f3s\u00e1gban azonban kicsit m\u00e1sk\u00e9nt alakultak a dolgok. H\u00e9tf\u0151 reggel f\u00e9l h\u00e9tkor cs\u00f6rg\u00f6tt a telefon, Surj\u00e1n L\u00e1szl\u00f3 akkori eg\u00e9szs\u00e9g\u00fcgyi miniszter \u00e9rdekl\u0151d\u00f6tt, azt\u00e1n a j\u00f6tt a sajt\u00f3 is, m\u00e9g aznap d\u00e9lel\u0151tt volt olyan \u00fajs\u00e1g\u00edr\u00f3, aki a klinika ker\u00edt\u00e9s\u00e9n \u00e1tm\u00e1szva pr\u00f3b\u00e1lt inform\u00e1ci\u00f3hoz jutni\u201d \u2013 id\u00e9zte fel a kezdeteket az eml\u00edtett kor\u00e1bbi cikk\u00fcnkben dr. Szab\u00f3 Zolt\u00e1n.<\/p>\n<p><strong>Seb\u00e9szi brav\u00far 30 \u00e9vvel ezel\u0151tt<\/strong><\/p>\n<p>Az az\u00f3ta eltelt 30 \u00e9vben 643 sz\u00edvtranszplant\u00e1ci\u00f3t v\u00e9geztek a V\u00e1rosmajori Sz\u00edv- \u00e9s \u00c9rgy\u00f3gy\u00e1szati Klinik\u00e1n. 2007-ben elindult Magyarorsz\u00e1gon a gyermekek sz\u00edv\u00e1t\u00fcltet\u00e9se is a Gottsegen Gy\u00f6rgy Orsz\u00e1gos Kardiol\u00f3giai Int\u00e9zetben (mai nev\u00e9n Gottsegen Gy\u00f6rgy Orsz\u00e1gos Kardiovaszkul\u00e1ris Int\u00e9zet), ahol az\u00f3ta 72-en kaptak \u00faj sz\u00edvet, \u00edgy a hazai \u00e1t\u00fcltet\u00e9sek sz\u00e1ma meghaladja a 700-at.<\/p>\n<p><a href=\"https:\/\/semmelweis.hu\/hirek\/files\/2022\/01\/RS144869_C19A4583-scr.jpg\"><img loading=\"lazy\" decoding=\"async\" class=\"alignleft size-medium wp-image-110621\" src=\"https:\/\/semmelweis.hu\/hirek\/files\/2022\/01\/RS144869_C19A4583-scr-267x400.jpg\" alt=\"\" width=\"267\" height=\"400\" srcset=\"https:\/\/semmelweis.hu\/hirek\/files\/2022\/01\/RS144869_C19A4583-scr-267x400.jpg 267w, https:\/\/semmelweis.hu\/hirek\/files\/2022\/01\/RS144869_C19A4583-scr-533x800.jpg 533w, https:\/\/semmelweis.hu\/hirek\/files\/2022\/01\/RS144869_C19A4583-scr.jpg 600w\" sizes=\"auto, (max-width: 267px) 100vw, 267px\" \/><\/a>\u201e30 \u00e9vvel ezel\u0151tt egy seb\u00e9szeti brav\u00far volt az els\u0151 sz\u00edvtranszplant\u00e1ci\u00f3, \u00e9s ahhoz, hogy ez megt\u00f6rt\u00e9nhessen, hatalmas \u00e9s \u00fatt\u00f6r\u0151 szervez\u0151munk\u00e1ra is sz\u00fcks\u00e9g volt. Kellett m\u00e9g hozz\u00e1 b\u00e1tors\u00e1g a seb\u00e9sz r\u00e9sz\u00e9r\u0151l, hogy meg akarta csin\u00e1lni \u00e9s meg is csin\u00e1lta az els\u0151 ilyen hazai beavatkoz\u00e1st, \u00e9s kellett b\u00e1tors\u00e1g a beteg r\u00e9sz\u00e9r\u0151l is, hogy n\u00e1la v\u00e9gezzenek els\u0151k\u00e9nt Magyarorsz\u00e1gon sz\u00edv\u00e1t\u00fcltet\u00e9st\u201d \u2013 mutat r\u00e1 dr. Szabolcs Zolt\u00e1n, a V\u00e1rosmajori Sz\u00edv- \u00e9s \u00c9rgy\u00f3gy\u00e1szati Klinika egyetemi tan\u00e1ra. Mint felid\u00e9zte, dr. Szab\u00f3 Zolt\u00e1nt\u00f3l nyugd\u00edjba vonul\u00e1sa ut\u00e1n, 1993-t\u00f3l dr. Bodor Elek vette \u00e1t a staf\u00e9tabotot, az \u0151 \u00e9rdeme, hogy komplex program lett a sz\u00edvtranszplant\u00e1ci\u00f3 k\u00f6r\u00fcl. Dr. Szabolcs Zolt\u00e1n ezt k\u00f6vet\u0151en 2003-t\u00f3l ir\u00e1ny\u00edtotta a sz\u00edvtranszplant\u00e1ci\u00f3s programot, \u00e9s maga is t\u00f6bb mint 120 sz\u00edv\u00e1t\u00fcltet\u00e9st v\u00e9gzett.<\/p>\n<p>A seb\u00e9szi technik\u00e1ban sz\u00e1mottev\u0151 v\u00e1ltoz\u00e1s nem t\u00f6rt\u00e9nt megl\u00e1t\u00e1sa szerint az elm\u00falt 30 \u00e9vben. Jelent\u0151sen a m\u0171t\u00e9t l\u00e9nyegi r\u00e9sz\u00e9nek ideje sem lett sokkal r\u00f6videbb: az els\u0151 \u00e1t\u00fcltet\u00e9s 2 \u00e9s f\u00e9l \u00f3r\u00e1n \u00e1t tartott, ez a rutin megszerz\u00e9s\u00e9vel m\u00e1ra k\u00f6r\u00fclbel\u00fcl 2 \u00f3r\u00e1ra cs\u00f6kkent. A legnagyobb v\u00e1ltoz\u00e1st a program \u00e9s a betegek szempontj\u00e1b\u00f3l az orsz\u00e1gos szint\u0171 v\u00e1r\u00f3lista \u00e9s donorkoordin\u00e1ci\u00f3 kialak\u00edt\u00e1sa, valamint a kil\u00f6k\u0151d\u00e9st g\u00e1tl\u00f3 immunszuppressz\u00edv ter\u00e1pia fejl\u0151d\u00e9se \u00e9s az ut\u00f3gondoz\u00e1s fontoss\u00e1g\u00e1nak felismer\u00e9se hozta el. Ma Magyarorsz\u00e1gon az \u00e9v minden napj\u00e1n k\u00f6r\u00fclbel\u00fcl 60 beteg van a v\u00e1r\u00f3list\u00e1n, akik olyan v\u00e9gst\u00e1dium\u00fa sz\u00edvel\u00e9gtelens\u00e9gben szenvednek, hogy csak a transzplant\u00e1ci\u00f3 jelenthet sz\u00e1mukra megold\u00e1st.<\/p>\n<div class=\"fontos_div\">\n<p>Dr. Szabolcs Zolt\u00e1n hangs\u00falyozta: a sz\u00edvtranszplant\u00e1ci\u00f3s program csapatmunka, siker\u00e9hez ak\u00e1r 100-120 ember \u00f6sszehangolt munk\u00e1j\u00e1ra van sz\u00fcks\u00e9g, a takar\u00edt\u00f3t\u00f3l a donor gondoz\u00e1s\u00e1t v\u00e9gz\u0151k\u00f6n, a sz\u00edv-t\u00fcd\u0151 motor kezel\u0151j\u00e9n \u00e1t a sz\u00edvseb\u00e9szig, valamint a transzplant\u00e1ci\u00f3s programot seg\u00edt\u0151 sz\u00e1mos t\u00e1rsszakma k\u00e9pvisel\u0151\u00e9jig.<\/p>\n<\/div>\n<p>A transzplant\u00e1ci\u00f3 \u00f6t st\u00e1ci\u00f3b\u00f3l \u00e1ll, ezeknek kell egym\u00e1sba kapaszkodnia, hogy mind a program, mind az egyedi \u00e1t\u00fcltet\u00e9sek sikeresek legyenek. Az els\u0151 l\u00e9p\u00e9s a donormenedzsment, amely sor\u00e1n az agyhalott donort \u00fagy kell kezelni, mint b\u00e1rmelyik intenz\u00edv oszt\u00e1lyon fekv\u0151 beteget, annak \u00e9rdek\u00e9ben, hogy szerveivel m\u00e1sok \u00e9let\u00e9t meg lehessen menteni. K\u00f6vetkez\u0151 l\u00e9p\u00e9s a recipiens, a szervet kap\u00f3 beteg megfelel\u0151 kiv\u00e1laszt\u00e1sa, majd a donorszerv kiv\u00e9tele \u00e9s behelyez\u00e9se. A m\u0171t\u00e9tet magas szint\u0171 intenz\u00edv ter\u00e1pi\u00e1s posztoperat\u00edv kezel\u00e9s k\u00f6veti, ami s\u00falyos esetekben ak\u00e1r hetekig-h\u00f3napokig is tarthat, az ut\u00f3gondoz\u00e1s pedig az \u00e9rintett eg\u00e9sz \u00e9let\u00e9t v\u00e9gigk\u00eds\u00e9ri. (Dr. Szabolcs Zolt\u00e1n a k\u00f6zelm\u00faltban a Szenior Akad\u00e9mi\u00e1n a sz\u00edvtranszplant\u00e1ci\u00f3r\u00f3l tartott el\u0151ad\u00e1st, <a href=\"https:\/\/semmelweis.hu\/hirek\/2021\/12\/18\/szenior-akademia-fokuszban-a-szivtraszplantacio\/\" target=\"_blank\" rel=\"noopener\">err\u0151l sz\u00f3l\u00f3 cikk\u00fcnk ide kattintva olvashat\u00f3<\/a>.)<\/p>\n<p><strong>A V\u00e1rosmajor, mint Eur\u00f3pa vezet\u0151 sz\u00edvtranszplant\u00e1ci\u00f3s k\u00f6zpontja<\/strong><\/p>\n<p><a href=\"https:\/\/semmelweis.hu\/hirek\/files\/2022\/01\/RS144881_C19A4767-scr.jpg\"><img loading=\"lazy\" decoding=\"async\" class=\"alignleft size-medium wp-image-110622\" src=\"https:\/\/semmelweis.hu\/hirek\/files\/2022\/01\/RS144881_C19A4767-scr-267x400.jpg\" alt=\"\" width=\"267\" height=\"400\" srcset=\"https:\/\/semmelweis.hu\/hirek\/files\/2022\/01\/RS144881_C19A4767-scr-267x400.jpg 267w, https:\/\/semmelweis.hu\/hirek\/files\/2022\/01\/RS144881_C19A4767-scr-533x800.jpg 533w, https:\/\/semmelweis.hu\/hirek\/files\/2022\/01\/RS144881_C19A4767-scr.jpg 600w\" sizes=\"auto, (max-width: 267px) 100vw, 267px\" \/><\/a>\u201eAz elm\u00falt 30 \u00e9v alatt t\u00f6bb \u00e1llom\u00e1son kereszt\u00fcl eljutottunk oda, hogy Eur\u00f3pa egyik vezet\u0151 sz\u00edvtranszplant\u00e1ci\u00f3s centrum\u00e1v\u00e1 v\u00e1lt a V\u00e1rosmajori Sz\u00edv- \u00e9s \u00c9rgy\u00f3gy\u00e1szati Klinika. Minden l\u00e9p\u00e9snek megvolt a maga kulcsmomentuma, kiemelten fontos volt ugyanakkor az els\u0151, amelyet dr. Szab\u00f3 Zolt\u00e1n tett meg. Az \u00e1ltala v\u00e9gzett \u00fatt\u00f6r\u0151 munka n\u00e9lk\u00fcl nem lenn\u00e9nek meg azok az eredm\u00e9nyeink, amikre ma b\u00fcszk\u00e9k lehet\u00fcnk\u201d \u2013 hangs\u00falyozta dr. Merkely B\u00e9la klinikaigazgat\u00f3, a Semmelweis Egyetem rektora. Mint visszaeml\u00e9kezett, m\u00e9g f\u00e9l \u00e9ve sem dolgozott a klinik\u00e1n, mikor folyos\u00f3i pletyk\u00e1kb\u00f3l hallotta, hogy \u00e9ppen zajlik az els\u0151 sz\u00edv\u00e1t\u00fcltet\u00e9s. Fiatal, k\u00edv\u00e1ncsi orvosk\u00e9nt siker\u00fclt bejutnia a m\u0171t\u0151be, \u00e9s amit ott l\u00e1tott, egy \u00e9letre meghat\u00e1roz\u00f3 \u00e9lm\u00e9ny volt sz\u00e1m\u00e1ra. Az akkori team tagja volt dr. Szabolcs Zolt\u00e1n is, \u0151 varrta \u00f6ssze a b\u0151rt az \u00faj sz\u00edv be\u00fcltet\u00e9se ut\u00e1n.<\/p>\n<p>A rektor kiemelte: a sz\u00edvtranszplant\u00e1ci\u00f3s program szempontj\u00e1b\u00f3l fontos l\u00e9p\u00e9s, hogy 2012-t\u0151l m\u00e1r egy egys\u00e9ges klinik\u00e1n zajlik a beavatkoz\u00e1s (ekkor j\u00f6tt l\u00e9tre a szakter\u00fcletek egyes\u00edt\u00e9s\u00e9vel a v\u00e1rosmajori klinika a ma ismert form\u00e1ban), \u00e9s megalakult a transzplant\u00e1ci\u00f3s intenz\u00edv oszt\u00e1ly, ami kifejezetten a m\u0171sz\u00edvkezel\u00e9sek \u00e9s a sz\u00edv\u00e1t\u00fcltet\u00e9sek c\u00e9lj\u00e1t szolg\u00e1lja. A m\u0171t\u00e9ti aktivit\u00e1s n\u00f6vel\u00e9s\u00e9ben fontos l\u00e9p\u00e9s volt 2013-ban az Eurotransplanthoz val\u00f3 csatlakoz\u00e1s, valamint a m\u0171sz\u00edv-program elind\u00edt\u00e1sa.<\/p>\n<div class=\"fontos_div\">\n<p>A hum\u00e1ner\u0151forr\u00e1s fejl\u0151d\u00e9s\u00e9vel eljutottunk oda, hogy dedik\u00e1lt, t\u00f6bb mint 20 f\u0151b\u0151l \u00e1ll\u00f3 sz\u00edvtranszplant\u00e1ci\u00f3s orvos-team\u00fcnk alakult sz\u00edvseb\u00e9sz, aneszteziol\u00f3gus, intenz\u00edv specialista, kardiol\u00f3gus, belgy\u00f3gy\u00e1sz, immunol\u00f3gus, rehabilit\u00e1ci\u00f3s szakember r\u00e9szv\u00e9tel\u00e9vel. A fejleszt\u00e9si folyamat koron\u00e1ja pedig egy \u00faj, kifejezetten a sz\u00edvtranszplant\u00e1ltak m\u0171t\u00e9t ut\u00e1ni ell\u00e1t\u00e1s\u00e1t biztos\u00edt\u00f3, 10 egy\u00e1gyas szob\u00e1b\u00f3l \u00e1ll\u00f3 posztoperat\u00edv transzplant\u00e1ci\u00f3s oszt\u00e1ly, amely a 11 \u00e9ve megl\u00e9v\u0151, nyolc\u00e1gyas, magas sz\u00ednvonalon felszerelt, speci\u00e1lis m\u0171sz\u00edv \u00e9s sz\u00edvtranszplant\u00e1ci\u00f3s intenz\u00edv oszt\u00e1ly mellett j\u00f6n l\u00e9tre \u2013 mondta el dr. Merkely B\u00e9la. Az \u00faj oszt\u00e1ly m\u00e9g az id\u00e9n elk\u00e9sz\u00fcl, \u00e9s ezzel minden tekintetben Eur\u00f3pa cs\u00facssz\u00ednvonal\u00e1t tudjuk biztos\u00edtani \u2013 tette hozz\u00e1. \u00a0<\/p>\n<\/div>\n<p>Nagyon sokat fejl\u0151d\u00f6tt a kering\u00e9st\u00e1mogat\u00e1s is, jelenleg 10-12 olyan beteg van a v\u00e1r\u00f3list\u00e1n, akik tart\u00f3s m\u0171sz\u00edvvel \u00e9lnek, az instabil \u00e1llapotban l\u00e9v\u0151 betegek pedig \u00e1tmeneti m\u0171sz\u00edvet kaphatnak. Nem v\u00e9letlen, hogy a V\u00e1rosmajor az ECMO (extracorpor\u00e1lis membr\u00e1n oxigeniz\u00e1tor) kezel\u00e9s b\u00e1sty\u00e1ja, amit a COVID-19 alatt is bizony\u00edtott \u2013 mutatott r\u00e1 a rektor.<\/p>\n\r\n        [slb_exclude]\r\n        <div class=\"row galeria-wrapper mx-0 h-auto\">\r\n            <div class=\"col-9 pl-0 pr-2\">\r\n            <span class=\"gallery-item frame\">\r\n\t\t\t\t<div class=\"galeria-left-img\"><a href=\"https:\/\/semmelweis.hu\/hirek\/files\/2022\/01\/RS144631_C19A4849-scr.jpg\"><img src=https:\/\/semmelweis.hu\/hirek\/files\/2022\/01\/RS144631_C19A4849-scr.jpg  \r\n                            alt=\"\" \r\n                            class=\"attachment-sote-gallery-big size-sote-gallery-big\" \r\n                            srcset=\"https:\/\/semmelweis.hu\/hirek\/files\/2022\/01\/RS144631_C19A4849-scr-400x267.jpg 400w, https:\/\/semmelweis.hu\/hirek\/files\/2022\/01\/RS144631_C19A4849-scr-900x600.jpg 900w, https:\/\/semmelweis.hu\/hirek\/files\/2022\/01\/RS144631_C19A4849-scr-768x512.jpg 768w, https:\/\/semmelweis.hu\/hirek\/files\/2022\/01\/RS144631_C19A4849-scr-753x502.jpg 753w, https:\/\/semmelweis.hu\/hirek\/files\/2022\/01\/RS144631_C19A4849-scr-203x135.jpg 203w, https:\/\/semmelweis.hu\/hirek\/files\/2022\/01\/RS144631_C19A4849-scr.jpg 1200w\" ><\/a><\/div>\r\n            <\/span>\r\n\r\n            <\/div>\r\n\r\n\t\t\t<div class=\"col-3 pl-0 pr-0\">\r\n\t\t\t\t<div class=\"galeria-right-img d-flex justify-content-between flex-column h-100 w-100 px-0 mx-0 \">\r\n                <div class=\"galeria-box\">\r\n\t\t\t\t\t<h3 class=\"galeria-title\">Gal\u00e9ria<\/h3>\r\n\t\t\t\t\t<div class=\"galeria-subtitle\">\r\n\r\n\t\t\t\t\t\t<div class=\"galeria-page-counter\"><span>8<\/span>k\u00e9p<\/div>\r\n                    <\/div> <\/div>\r\n                    <span class=\"gallery-item frame d-none d-md-flex\">\r\n\t\t\t\t\t<div class=\"galeria-small-img mt-0\"><a href=\"https:\/\/semmelweis.hu\/hirek\/files\/2022\/01\/RS144643_C19A4892-scr.jpg\"><img src=https:\/\/semmelweis.hu\/hirek\/files\/2022\/01\/RS144643_C19A4892-scr.jpg \r\n                                alt=\"\"  \r\n                                class=\"attachment-sote-gallery-small size-sote-gallery-small\" \r\n                                srcset=\"https:\/\/semmelweis.hu\/hirek\/files\/2022\/01\/RS144643_C19A4892-scr-400x267.jpg 400w, https:\/\/semmelweis.hu\/hirek\/files\/2022\/01\/RS144643_C19A4892-scr-900x600.jpg 900w, https:\/\/semmelweis.hu\/hirek\/files\/2022\/01\/RS144643_C19A4892-scr-768x512.jpg 768w, https:\/\/semmelweis.hu\/hirek\/files\/2022\/01\/RS144643_C19A4892-scr-753x502.jpg 753w, https:\/\/semmelweis.hu\/hirek\/files\/2022\/01\/RS144643_C19A4892-scr-203x135.jpg 203w, https:\/\/semmelweis.hu\/hirek\/files\/2022\/01\/RS144643_C19A4892-scr.jpg 1200w\" ><\/a><\/div>\r\n                    <\/span>\r\n                    <span class=\"gallery-item frame d-none d-md-flex\">\r\n\t\t\t\t\t<div class=\"galeria-small-img mt-0\"><a href=\"https:\/\/semmelweis.hu\/hirek\/files\/2022\/01\/RS144660_C19A4968-scr.jpg\"><img src=https:\/\/semmelweis.hu\/hirek\/files\/2022\/01\/RS144660_C19A4968-scr.jpg \r\n                                alt=\"\" \r\n                                class=\"attachment-sote-gallery-small size-sote-gallery-small\" \r\n                                srcset=\"https:\/\/semmelweis.hu\/hirek\/files\/2022\/01\/RS144660_C19A4968-scr-400x267.jpg 400w, https:\/\/semmelweis.hu\/hirek\/files\/2022\/01\/RS144660_C19A4968-scr-900x600.jpg 900w, https:\/\/semmelweis.hu\/hirek\/files\/2022\/01\/RS144660_C19A4968-scr-768x512.jpg 768w, https:\/\/semmelweis.hu\/hirek\/files\/2022\/01\/RS144660_C19A4968-scr-753x502.jpg 753w, https:\/\/semmelweis.hu\/hirek\/files\/2022\/01\/RS144660_C19A4968-scr-203x135.jpg 203w, https:\/\/semmelweis.hu\/hirek\/files\/2022\/01\/RS144660_C19A4968-scr.jpg 1200w\" ><\/a><\/div>\r\n                    <\/span>\r\n\r\n                <\/div>\r\n\r\n            <\/div>\r\n\r\n            <span class=\"gallery-item\"><div class=\"hidden\"><a href=\"https:\/\/semmelweis.hu\/hirek\/files\/2022\/01\/RS144677_C19A5042-scr.jpg\">\r\n        <img src=https:\/\/semmelweis.hu\/hirek\/files\/2022\/01\/RS144677_C19A5042-scr.jpg alt=\"\" class=\"attachment-sote-gallery-big size-sote-gallery-big\" srcset=\"https:\/\/semmelweis.hu\/hirek\/files\/2022\/01\/RS144677_C19A5042-scr-400x267.jpg 400w, https:\/\/semmelweis.hu\/hirek\/files\/2022\/01\/RS144677_C19A5042-scr-900x600.jpg 900w, https:\/\/semmelweis.hu\/hirek\/files\/2022\/01\/RS144677_C19A5042-scr-768x512.jpg 768w, https:\/\/semmelweis.hu\/hirek\/files\/2022\/01\/RS144677_C19A5042-scr-753x502.jpg 753w, https:\/\/semmelweis.hu\/hirek\/files\/2022\/01\/RS144677_C19A5042-scr-203x135.jpg 203w, https:\/\/semmelweis.hu\/hirek\/files\/2022\/01\/RS144677_C19A5042-scr.jpg 1200w\" >\r\n        <\/a><\/div><\/span><span class=\"gallery-item\"><div class=\"hidden\"><a href=\"https:\/\/semmelweis.hu\/hirek\/files\/2022\/01\/RS144634_C19A4857-scr.jpg\">\r\n        <img src=https:\/\/semmelweis.hu\/hirek\/files\/2022\/01\/RS144634_C19A4857-scr.jpg alt=\"\" class=\"attachment-sote-gallery-big size-sote-gallery-big\" srcset=\"https:\/\/semmelweis.hu\/hirek\/files\/2022\/01\/RS144634_C19A4857-scr-400x267.jpg 400w, https:\/\/semmelweis.hu\/hirek\/files\/2022\/01\/RS144634_C19A4857-scr-900x600.jpg 900w, https:\/\/semmelweis.hu\/hirek\/files\/2022\/01\/RS144634_C19A4857-scr-768x512.jpg 768w, https:\/\/semmelweis.hu\/hirek\/files\/2022\/01\/RS144634_C19A4857-scr-753x502.jpg 753w, https:\/\/semmelweis.hu\/hirek\/files\/2022\/01\/RS144634_C19A4857-scr-203x135.jpg 203w, https:\/\/semmelweis.hu\/hirek\/files\/2022\/01\/RS144634_C19A4857-scr.jpg 1200w\" >\r\n        <\/a><\/div><\/span><span class=\"gallery-item\"><div class=\"hidden\"><a href=\"https:\/\/semmelweis.hu\/hirek\/files\/2022\/01\/RS144691_C19A5106-scr.jpg\">\r\n        <img src=https:\/\/semmelweis.hu\/hirek\/files\/2022\/01\/RS144691_C19A5106-scr.jpg alt=\"\" class=\"attachment-sote-gallery-big size-sote-gallery-big\" srcset=\"https:\/\/semmelweis.hu\/hirek\/files\/2022\/01\/RS144691_C19A5106-scr-267x400.jpg 267w, https:\/\/semmelweis.hu\/hirek\/files\/2022\/01\/RS144691_C19A5106-scr-533x800.jpg 533w, https:\/\/semmelweis.hu\/hirek\/files\/2022\/01\/RS144691_C19A5106-scr.jpg 600w\" >\r\n        <\/a><\/div><\/span><span class=\"gallery-item\"><div class=\"hidden\"><a href=\"https:\/\/semmelweis.hu\/hirek\/files\/2022\/01\/RS144696_C19A5129-scr.jpg\">\r\n        <img src=https:\/\/semmelweis.hu\/hirek\/files\/2022\/01\/RS144696_C19A5129-scr.jpg alt=\"\" class=\"attachment-sote-gallery-big size-sote-gallery-big\" srcset=\"https:\/\/semmelweis.hu\/hirek\/files\/2022\/01\/RS144696_C19A5129-scr-400x267.jpg 400w, https:\/\/semmelweis.hu\/hirek\/files\/2022\/01\/RS144696_C19A5129-scr-900x600.jpg 900w, https:\/\/semmelweis.hu\/hirek\/files\/2022\/01\/RS144696_C19A5129-scr-768x512.jpg 768w, https:\/\/semmelweis.hu\/hirek\/files\/2022\/01\/RS144696_C19A5129-scr-753x502.jpg 753w, https:\/\/semmelweis.hu\/hirek\/files\/2022\/01\/RS144696_C19A5129-scr-203x135.jpg 203w, https:\/\/semmelweis.hu\/hirek\/files\/2022\/01\/RS144696_C19A5129-scr.jpg 1200w\" >\r\n        <\/a><\/div><\/span><span class=\"gallery-item\"><div class=\"hidden\"><a href=\"https:\/\/semmelweis.hu\/hirek\/files\/2022\/01\/RS144728_C19A5331-scr.jpg\">\r\n        <img src=https:\/\/semmelweis.hu\/hirek\/files\/2022\/01\/RS144728_C19A5331-scr.jpg alt=\"\" class=\"attachment-sote-gallery-big size-sote-gallery-big\" srcset=\"https:\/\/semmelweis.hu\/hirek\/files\/2022\/01\/RS144728_C19A5331-scr-400x267.jpg 400w, https:\/\/semmelweis.hu\/hirek\/files\/2022\/01\/RS144728_C19A5331-scr-900x600.jpg 900w, https:\/\/semmelweis.hu\/hirek\/files\/2022\/01\/RS144728_C19A5331-scr-768x512.jpg 768w, https:\/\/semmelweis.hu\/hirek\/files\/2022\/01\/RS144728_C19A5331-scr-753x502.jpg 753w, https:\/\/semmelweis.hu\/hirek\/files\/2022\/01\/RS144728_C19A5331-scr-203x135.jpg 203w, https:\/\/semmelweis.hu\/hirek\/files\/2022\/01\/RS144728_C19A5331-scr.jpg 1200w\" >\r\n        <\/a><\/div><\/span>\r\n            <\/div>\r\n\r\n            [\/slb_exclude]\r\n\t\n<p>Magyarorsz\u00e1g nemzetk\u00f6zi \u00f6sszehasonl\u00edt\u00e1sban az 5-6. helyen \u00e1ll az egymilli\u00f3 lakosra jut\u00f3 sz\u00edv\u00e1t\u00fcltet\u00e9sek sz\u00e1m\u00e1ban, a V\u00e1rosmajori Sz\u00edv- \u00e9s \u00c9rgy\u00f3gy\u00e1szati Klinika 2019-re pedig eur\u00f3pai szinten el\u00e9rte a m\u00e1sodik helyez\u00e9st a legt\u00f6bbet transzplant\u00e1l\u00f3 centrumok sor\u00e1ban. A COVID-19 j\u00e1rv\u00e1ny nemzetk\u00f6zi szinten a szerv\u00e1t\u00fcltet\u00e9sek sz\u00e1m\u00e1nak cs\u00f6kken\u00e9s\u00e9t vonta maga ut\u00e1n, \u00e1m k\u00e9sz a klinika arra, hogy a pand\u00e9mia lecsendesed\u00e9s\u00e9vel ism\u00e9t a lehet\u0151 legmagasabb sz\u00e1mban v\u00e9gezze a sz\u00edvtranszplant\u00e1ci\u00f3s beavatkoz\u00e1sokat.<\/p>\n<p>Dobozi P\u00e1lma<br \/>\nFot\u00f3: Kov\u00e1cs Attila \u2013 Semmelweis Egyetem<\/p>\n","protected":false},"excerpt":{"rendered":"<p>Cikk\u00fcnkben bemutatjuk a klinik\u00e1n ut\u00f3gondozott transzplant\u00e1ltak k\u00f6z\u00fcl azt a p\u00e1cienst is, aki a legr\u00e9gebben kapott \u00faj sz\u00edvet.<\/p>\n","protected":false},"author":13,"featured_media":110625,"comment_status":"closed","ping_status":"closed","sticky":false,"template":"","format":"standard","meta":{"_acf_changed":false,"footnotes":""},"categories":[154,168],"tags":[1393],"class_list":["post-110616","post","type-post","status-publish","format-standard","has-post-thumbnail","hentry","category-egeszseg","category-kiemelt","tag-szivtranszplantacio"],"acf":[],"_links":{"self":[{"href":"https:\/\/semmelweis.hu\/hirek\/wp-json\/wp\/v2\/posts\/110616","targetHints":{"allow":["GET"]}}],"collection":[{"href":"https:\/\/semmelweis.hu\/hirek\/wp-json\/wp\/v2\/posts"}],"about":[{"href":"https:\/\/semmelweis.hu\/hirek\/wp-json\/wp\/v2\/types\/post"}],"author":[{"embeddable":true,"href":"https:\/\/semmelweis.hu\/hirek\/wp-json\/wp\/v2\/users\/13"}],"replies":[{"embeddable":true,"href":"https:\/\/semmelweis.hu\/hirek\/wp-json\/wp\/v2\/comments?post=110616"}],"version-history":[{"count":12,"href":"https:\/\/semmelweis.hu\/hirek\/wp-json\/wp\/v2\/posts\/110616\/revisions"}],"predecessor-version":[{"id":163669,"href":"https:\/\/semmelweis.hu\/hirek\/wp-json\/wp\/v2\/posts\/110616\/revisions\/163669"}],"wp:featuredmedia":[{"embeddable":true,"href":"https:\/\/semmelweis.hu\/hirek\/wp-json\/wp\/v2\/media\/110625"}],"wp:attachment":[{"href":"https:\/\/semmelweis.hu\/hirek\/wp-json\/wp\/v2\/media?parent=110616"}],"wp:term":[{"taxonomy":"category","embeddable":true,"href":"https:\/\/semmelweis.hu\/hirek\/wp-json\/wp\/v2\/categories?post=110616"},{"taxonomy":"post_tag","embeddable":true,"href":"https:\/\/semmelweis.hu\/hirek\/wp-json\/wp\/v2\/tags?post=110616"}],"curies":[{"name":"wp","href":"https:\/\/api.w.org\/{rel}","templated":true}]}}