{"id":110462,"date":"2022-01-08T07:00:03","date_gmt":"2022-01-08T06:00:03","guid":{"rendered":"https:\/\/semmelweis.hu\/hirek\/?p=110462"},"modified":"2022-01-17T16:15:04","modified_gmt":"2022-01-17T15:15:04","slug":"a-semmelweis-egyetem-munkatarsai-beadtak-az-500-ezredik-koronavirus-elleni-vedooltast-az-otodik-hullam-kuszoben","status":"publish","type":"post","link":"https:\/\/semmelweis.hu\/hirek\/2022\/01\/08\/a-semmelweis-egyetem-munkatarsai-beadtak-az-500-ezredik-koronavirus-elleni-vedooltast-az-otodik-hullam-kuszoben\/","title":{"rendered":"Beadt\u00e1k az 500 ezredik vakcin\u00e1t a Semmelweis Egyetemen az \u00f6t\u00f6dik hull\u00e1m kezdet\u00e9ig"},"content":{"rendered":"<div class=\"lead\">A harmadik olt\u00e1s felv\u00e9tel\u00e9nek fontoss\u00e1g\u00e1ra h\u00edvta fel a figyelmet dr. Merkely B\u00e9la az omikron vari\u00e1ns rendk\u00edv\u00fcli fert\u0151z\u0151k\u00e9pess\u00e9ge miatt. Mint hangs\u00falyozta: a vakcina az oltottak eset\u00e9ben v\u00e1rhat\u00f3an megszel\u00edd\u00edti a v\u00edrus okozta k\u00f3rk\u00e9pet, v\u00e9d\u0151hat\u00e1sa stabilan magas szint\u0171 a s\u00falyos lefoly\u00e1s\u00fa megbeteged\u00e9s kialakul\u00e1sa ellen, jelent\u0151sen cs\u00f6kkenti a k\u00f3rh\u00e1zba ker\u00fcl\u00e9s, illetve a hal\u00e1los kimenetel\u0171 fert\u0151z\u00e9s kock\u00e1zat\u00e1t. Ugyanakkor a rektor felh\u00edvta a figyelmet arra, hogy a 65 \u00e9v felettiek, az onkol\u00f3giai, kardiol\u00f3giai \u00e9s cukorbetegs\u00e9ggel, valamint a jelent\u0151s t\u00fals\u00fallyal k\u00fczd\u0151k nehezebben tudj\u00e1k legy\u0151zni a betegs\u00e9get. A v\u00edrus kor\u00e1bbin\u00e1l gyorsabb terjed\u00e9se miatt az esetsz\u00e1mok robban\u00e1sszer\u0171 n\u00f6veked\u00e9s\u00e9re kell sz\u00e1m\u00edtani, az oltatlanok pedig m\u00e9g nagyobb vesz\u00e9lynek vannak kit\u00e9ve, mint eddig. A rektor annak kapcs\u00e1n nyilatkozott honlapunknak, hogy a Semmelweis Egyetem munkat\u00e1rsai 2022. janu\u00e1r 7-\u00e9n beadt\u00e1k az 500 ezredik koronav\u00edrus elleni v\u00e9d\u0151olt\u00e1st.<\/div>\n<p>\u201eA Semmelweis Egyetem sz\u00e1m\u00e1ra kezdett\u0151l fogva priorit\u00e1s volt az olt\u00e1sok biztos\u00edt\u00e1sa, hiszen ez az egyetlen eszk\u00f6z, amivel k\u00f6z\u00e9pt\u00e1von legy\u0151zhetj\u00fck a COVID-19 j\u00e1rv\u00e1nyt. \u00c9ppen ez\u00e9rt munkat\u00e1rsaim f\u00e1radts\u00e1got nem ismerve mindig is k\u00e9szen \u00e1lltak az olt\u00f3pontokon a feladat elv\u00e9gz\u00e9s\u00e9re\u201d \u2013 hangs\u00falyozta dr. Merkely B\u00e9la rektor annak kapcs\u00e1n, hogy 2022. janu\u00e1r 7-\u00e9n adt\u00e1k be az 500 ezredik koronav\u00edrus elleni v\u00e9d\u0151olt\u00e1st az egyetem munkat\u00e1rsai.<\/p>\n<p><a href=\"https:\/\/semmelweis.hu\/hirek\/files\/2022\/01\/RS128530_C19A6282-scr-1.jpg\"><img loading=\"lazy\" decoding=\"async\" class=\"alignleft size-medium wp-image-110468\" src=\"https:\/\/semmelweis.hu\/hirek\/files\/2022\/01\/RS128530_C19A6282-scr-1-400x267.jpg\" alt=\"\" width=\"400\" height=\"267\" srcset=\"https:\/\/semmelweis.hu\/hirek\/files\/2022\/01\/RS128530_C19A6282-scr-1-400x267.jpg 400w, https:\/\/semmelweis.hu\/hirek\/files\/2022\/01\/RS128530_C19A6282-scr-1-900x600.jpg 900w, https:\/\/semmelweis.hu\/hirek\/files\/2022\/01\/RS128530_C19A6282-scr-1-768x512.jpg 768w, https:\/\/semmelweis.hu\/hirek\/files\/2022\/01\/RS128530_C19A6282-scr-1-753x502.jpg 753w, https:\/\/semmelweis.hu\/hirek\/files\/2022\/01\/RS128530_C19A6282-scr-1-203x135.jpg 203w, https:\/\/semmelweis.hu\/hirek\/files\/2022\/01\/RS128530_C19A6282-scr-1.jpg 1200w\" sizes=\"auto, (max-width: 400px) 100vw, 400px\" \/><\/a>A rektor eml\u00e9keztetett arra, hogy a j\u00e1rv\u00e1ny els\u0151 k\u00e9t hull\u00e1m\u00e1t a vuhani, a harmadikat a brit, a negyediket a delta vari\u00e1ns okozta. Mint fogalmazott: \u00farr\u00e1 tudtunk lenni a negyedik hull\u00e1mon, ugyanakkor kijelenthetj\u00fck, hogy a rendk\u00edv\u00fcl fert\u0151z\u0151k\u00e9pes omikron vari\u00e1ns megjelen\u00e9s\u00e9vel \u00e9s elterjed\u00e9s\u00e9vel elkezd\u0151d\u00f6tt az \u00f6t\u00f6dik hull\u00e1m. B\u00e1r ez ar\u00e1nyaiban kev\u00e9sb\u00e9 okoz s\u00falyos lefoly\u00e1s\u00fa betegs\u00e9get, de kiemelked\u0151 fert\u0151z\u0151k\u00e9pess\u00e9ge miatt az esetsz\u00e1mok jelent\u0151s n\u00f6veked\u00e9s\u00e9vel kell sz\u00e1molnunk Magyarorsz\u00e1gon is, ak\u00e1r napi t\u00f6bb t\u00edzezerre felmehet az \u00faj megbeteged\u00e9sek sz\u00e1ma, \u00e9s ez\u00e9rt \u00f6sszess\u00e9g\u00e9ben a s\u00falyos esetek sz\u00e1ma is emelkedni fog. Ebben a helyzetben kiemelten fontos, hogy min\u00e9l nagyobb legyen a lakoss\u00e1g \u00e1toltotts\u00e1ga.<\/p>\n<div class=\"fontos_div\">\n<p>\u201eMindenkit buzd\u00edtok a 3. olt\u00e1s felv\u00e9tel\u00e9re, mert csak ezzel lehet es\u00e9ly\u00fcnk az eg\u00e9szs\u00e9g \u00e9s a munkak\u00e9pess\u00e9g meg\u0151rz\u00e9s\u00e9re\u201d \u2013 emelte ki a rektor. Dr. Merkely B\u00e9la r\u00e1mutatott: a nemzetk\u00f6zi tapasztalatokb\u00f3l az l\u00e1that\u00f3, hogy a vakcin\u00e1k a kor\u00e1bbi vari\u00e1nsokhoz k\u00e9pest az omikron eset\u00e9ben kev\u00e9sb\u00e9 ny\u00fajtanak v\u00e9delmet mag\u00e1val a fert\u0151z\u00e9ssel szemben, ugyanakkor ha kialakul az oltottakn\u00e1l a COVID-19, az jellemz\u0151en csak enyh\u00e9bb lefoly\u00e1s\u00fa, szezon\u00e1lis fels\u0151l\u00e9g\u00fati k\u00f3rk\u00e9p form\u00e1j\u00e1ban jelenik meg, \u00e9s nem a szervezetet komplexen \u00e9rint\u0151 s\u00falyos betegs\u00e9gk\u00e9nt.<\/p>\n<\/div>\n<p>Ez\u00e9rt mindannyian sz\u00e1mos olyan emberrel fogunk tal\u00e1lkozni a k\u00f6vetkez\u0151 hetekben, akik t\u00fcnetmentesen hordozz\u00e1k a fert\u0151z\u00e9st. A vakcina megszel\u00edd\u00edti a v\u00edrus okozta k\u00f3rk\u00e9pet, v\u00e9d\u0151hat\u00e1sa a lakoss\u00e1g jelent\u0151s r\u00e9sz\u00e9n\u00e9l stabilan \u00e9s magas szinten biztos\u00edtja a s\u00falyos lefoly\u00e1s\u00fa megbeteged\u00e9s elleni v\u00e9delmet \u2013 fogalmazott. Ugyanakkor a 65 \u00e9v felettiek, az onkol\u00f3giai betegek, a magas v\u00e9rnyom\u00e1ssal, kardiol\u00f3giai \u00e9s cukorbetegs\u00e9ggel k\u00fczd\u0151k, valamint a jelent\u0151s t\u00fals\u00fallyal rendelkez\u0151k az olt\u00e1s felv\u00e9tele ellen\u00e9re is nehezebben tudj\u00e1k majd legy\u0151zni a v\u00edrust. Eset\u00fckben tal\u00e1n m\u00e9g a kor\u00e1bbiakn\u00e1l is fontosabb a vakcin\u00e1ci\u00f3 \u2013 emelte ki a rektor.<\/p>\n<blockquote>\n<p>A teljes k\u00f6r\u0171, azaz h\u00e1rom olt\u00e1s legfontosabb el\u0151nye teh\u00e1t, hogy minim\u00e1lisra cs\u00f6kkenti a s\u00falyos lefoly\u00e1s\u00fa megbeteged\u00e9s kialakul\u00e1s\u00e1t, a k\u00f3rh\u00e1zba ker\u00fcl\u00e9s \u00e9s a hal\u00e1loz\u00e1s rizik\u00f3j\u00e1t<\/p>\n<\/blockquote>\n<p>\u2013 tette egy\u00e9rtelm\u0171v\u00e9.<\/p>\n<p><a href=\"https:\/\/semmelweis.hu\/hirek\/files\/2022\/01\/RS140590_C19A1323-scr.jpg\"><img loading=\"lazy\" decoding=\"async\" class=\"alignleft size-medium wp-image-110464\" src=\"https:\/\/semmelweis.hu\/hirek\/files\/2022\/01\/RS140590_C19A1323-scr-400x259.jpg\" alt=\"\" width=\"400\" height=\"259\" srcset=\"https:\/\/semmelweis.hu\/hirek\/files\/2022\/01\/RS140590_C19A1323-scr-400x259.jpg 400w, https:\/\/semmelweis.hu\/hirek\/files\/2022\/01\/RS140590_C19A1323-scr-900x583.jpg 900w, https:\/\/semmelweis.hu\/hirek\/files\/2022\/01\/RS140590_C19A1323-scr-768x497.jpg 768w, https:\/\/semmelweis.hu\/hirek\/files\/2022\/01\/RS140590_C19A1323-scr-753x488.jpg 753w, https:\/\/semmelweis.hu\/hirek\/files\/2022\/01\/RS140590_C19A1323-scr.jpg 1200w\" sizes=\"auto, (max-width: 400px) 100vw, 400px\" \/><\/a>Dr. Merkely B\u00e9la felid\u00e9zte: 2020. december 26-\u00e1n az orsz\u00e1gban els\u0151k k\u00f6z\u00f6tt kezd\u0151d\u00f6tt meg az egyetemen a vakcin\u00e1ci\u00f3, \u00e9s ezt k\u00f6vet\u0151en is mindig azonnal reag\u00e1lt az int\u00e9zm\u00e9ny az olthat\u00f3k k\u00f6r\u00e9nek b\u0151v\u00fcl\u00e9s\u00e9re. 2021. janu\u00e1r 7-\u00e9n indult el a szoci\u00e1lis int\u00e9zm\u00e9nyek \u00e9s id\u0151sotthonok lak\u00f3inak \u00e9s dolgoz\u00f3inak olt\u00e1sa, amely a f\u0151v\u00e1rosban a Semmelweis Egyetem feladata volt. 2021. febru\u00e1r 4-e \u00f3ta folyik a csal\u00e1dorvosok \u00e1ltal beutalt olt\u00e1sra jogosultak vakcin\u00e1ci\u00f3ja is, 2021. m\u00e1rcius 27-t\u0151l pedig hazai szinten els\u0151k\u00e9nt a Semmelweis Egyetem oltotta a v\u00e1rand\u00f3sokat \u00e9s szoptat\u00f3 \u00e9desany\u00e1kat. 2021. j\u00fanius 14-\u00e9n az els\u0151k k\u00f6z\u00f6tt kezdte meg az int\u00e9zm\u00e9ny a 12-15 \u00e9vesek, december 15-t\u0151l pedig az 5-11 \u00e9v k\u00f6z\u00f6ttiek olt\u00e1s\u00e1t. A m\u00falt \u00e9v november\u00e9ben \u00e9s december\u00e9ben megszervezett olt\u00e1si akci\u00f3heteken megemelt kapacit\u00e1ssal v\u00e1rt\u00e1k a lakoss\u00e1got az egyetemi olt\u00f3pontok. Az eg\u00e9szs\u00e9g\u00fcgyben dolgoz\u00f3 egyetemi munkat\u00e1rsak k\u00f6r\u00e9ben sz\u00e1z sz\u00e1zal\u00e9kos az \u00e1toltotts\u00e1g, \u00e9s a 3. olt\u00e1s felv\u00e9tel\u00e9nek ar\u00e1nya is ezt k\u00f6zel\u00edti.<\/p>\n<div class=\"fontos_div\">\n<p>Dr. Merkely B\u00e9la hangs\u00falyozta: a Semmelweis Egyetem a kezdetekt\u0151l fogva a legmesszemen\u0151bbig elt\u00f6k\u00e9lt a v\u00edrus elleni harcban minden fronton, a megel\u0151z\u00e9sben, a tan\u00e1csad\u00e1sban \u00e9s a betegek kezel\u00e9s\u00e9ben egyar\u00e1nt. Az olt\u00e1si hajland\u00f3s\u00e1g n\u00f6vel\u00e9s\u00e9ben dr. Merkely B\u00e9la kulcsfontoss\u00e1g\u00fanak tartja az \u00e9rthet\u0151, szakmai alap\u00fa kommunik\u00e1ci\u00f3t, amelyet az egyetem kezdetekt\u0151l k\u00f6vetett.<\/p>\n<\/div>\n<p>Az infod\u00e9mia, a v\u00edrussal kapcsolatos \u00e1lh\u00edrek, a zavart kelt\u0151 inform\u00e1ci\u00f3k gyeng\u00edtik a j\u00e1rv\u00e1ny elleni v\u00e9dekez\u00e9st, az olt\u00e1sellenes er\u0151ket er\u0151s\u00edtik \u00e9s cs\u00f6kkentik az olt\u00e1si hajland\u00f3s\u00e1got, ennek k\u00f6vetkezt\u00e9ben pedig n\u00f6velik a s\u00falyos megbeteged\u00e9sek \u00e9s hal\u00e1loz\u00e1sok sz\u00e1m\u00e1t. \u00c9ppen ez\u00e9rt kiemelt jelent\u0151s\u00e9g\u0171, hogy a lakoss\u00e1g hiteles forr\u00e1sokb\u00f3l t\u00e1j\u00e9koz\u00f3djon.<\/p>\n<p>A rektor \u00fagy fogalmazott, rem\u00e9li, a 2022-es \u00e9v \u00f6sszess\u00e9g\u00e9ben k\u00f6nnyebb lesz, mint az el\u0151z\u0151, \u00e9s arra sz\u00e1m\u00edt, hogy az omikron vari\u00e1ns elhozza a j\u00e1rv\u00e1ny v\u00e9gs\u0151 lecsendesed\u00e9s\u00e9t, de ehhez is arra van sz\u00fcks\u00e9g, hogy min\u00e9l t\u00f6bben felvegy\u00e9k az olt\u00e1st.<\/p>\n<p>Az egyetem h\u00e1rom olt\u00f3pontj\u00e1n tov\u00e1bbra is v\u00e1rj\u00e1k az els\u0151, az elmaradt m\u00e1sodik vagy a harmadik olt\u00e1sra jelentkez\u0151ket.<br \/>\nRegisztr\u00e1lni a <a href=\"https:\/\/vakcinainfo.gov.hu\/\" target=\"_blank\" rel=\"noopener\">vakcinainfo.gov.hu<\/a> fel\u00fcleten lehet, id\u0151pontfoglal\u00e1s (a regisztr\u00e1ci\u00f3 ut\u00e1n) <a href=\"https:\/\/www.eeszt.gov.hu\/hu\/web\/guest\/covid-oltas-idopontfoglalas\" target=\"_blank\" rel=\"noopener\">az EESZT fel\u00fcleten<\/a> \u00e9rhet\u0151 el. Ezen k\u00edv\u00fcl janu\u00e1rban is lesznek orsz\u00e1gos szint\u0171 olt\u00e1si akci\u00f3k, amikor el\u0151zetes id\u0151pontfoglal\u00e1s n\u00e9lk\u00fcl \u00e9s helysz\u00edni regisztr\u00e1ci\u00f3val lehet menni olt\u00e1sra. <a href=\"https:\/\/vakcinainfo.gov.hu\/hirek\/januarban-tobb-oltasi-akcio-is-lesz\" target=\"_blank\" rel=\"noopener\">Ezekr\u0151l ide kattintva olvashat\u00f3 b\u0151vebb inform\u00e1ci\u00f3. <\/a><\/p>\n<div class=\"keretes w-100\">\n<p>A Semmelweis Egyetem olt\u00f3pontjainak el\u00e9rhet\u0151s\u00e9ge:<\/p>\n<p><strong>V\u00e1rosmajori Sz\u00edv- \u00e9s \u00c9rgy\u00f3gy\u00e1szati Klinika<br \/>\n<\/strong>C\u00edm: 1122 Budapest, V\u00e1rosmajor utca 68.<strong><br \/>\n<\/strong>Olt\u00f3pont nyitva tart\u00e1sa: h\u00e9tf\u0151-vas\u00e1rnap 07:00-15.00<br \/>\nOrsz\u00e1gos olt\u00e1si akci\u00f3napokon a<a href=\"https:\/\/vakcinainfo.gov.hu\/hirek\/januarban-tobb-oltasi-akcio-is-lesz\" target=\"_blank\" rel=\"noopener\">z al\u00e1bbi fel\u00fcleten megadottak szerint.<\/a><strong><br \/>\n<\/strong>Megk\u00f6zel\u00edthet\u0151 a V\u00e1rosmajor utcai f\u0151bej\u00e1rat melletti alagsori \u201cMent\u0151bej\u00e1r\u00f3\u201d fel\u0151l.<\/p>\n<p><strong style=\"font-size: 1rem\">I. Sz. Gyermekgy\u00f3gy\u00e1szati Klinika<\/strong><\/p>\n<p>C\u00edm: 1083 Budapest, B\u00f3kay utca 54.<strong><br \/>\n<\/strong>Olt\u00f3pont nyitva tart\u00e1sa: h\u00e9tf\u0151-p\u00e9ntek 08:00-16:00<br \/>\n<strong>Az olt\u00f3ponton az 5-11 \u00e9vesek olt\u00e1sa folyik EESZT-ben t\u00f6rt\u00e9nt el\u0151zetes id\u0151pontfoglal\u00e1s alapj\u00e1n. <\/strong><br \/>\nBej\u00e1rat a T\u00f6m\u0151 utca fel\u0151l.<\/p>\n<p><strong>Semmelweis Egyetem Szakrendel\u0151 Int\u00e9zet<br \/>\n<\/strong>C\u00edm: 1085 Budapest, St\u00e1hly u. 9.<strong><br \/>\n<\/strong>Olt\u00f3pont nyitva tart\u00e1sa: h\u00e9tf\u0151-szerda 07:00-14:00<br \/>\nA janu\u00e1ri orsz\u00e1gos olt\u00e1si akci\u00f3napokon: cs\u00fct\u00f6rt\u00f6k-p\u00e9ntek 07.00-18.00, szombat 10.00-18.00<strong><br \/>\n<\/strong>Megk\u00f6zel\u00edthet\u0151 a Szakrendel\u0151 Int\u00e9zet f\u0151bej\u00e1rat\u00e1n\u00e1l kapott \u00fatmutat\u00e1s szerint.<\/p>\n<\/div>\n","protected":false},"excerpt":{"rendered":"<p>A 3. olt\u00e1s fontoss\u00e1g\u00e1ra h\u00edvta fel dr. Merkely B\u00e9la a figyelmet az omikron vari\u00e1ns rendk\u00edv\u00fcli fert\u0151z\u0151k\u00e9pess\u00e9ge miatt. <\/p>\n","protected":false},"author":13,"featured_media":110465,"comment_status":"closed","ping_status":"closed","sticky":false,"template":"","format":"standard","meta":{"_acf_changed":false,"footnotes":""},"categories":[154,168],"tags":[4273,4257],"class_list":["post-110462","post","type-post","status-publish","format-standard","has-post-thumbnail","hentry","category-egeszseg","category-kiemelt","tag-covid-oltas","tag-koronavirus"],"acf":[],"_links":{"self":[{"href":"https:\/\/semmelweis.hu\/hirek\/wp-json\/wp\/v2\/posts\/110462","targetHints":{"allow":["GET"]}}],"collection":[{"href":"https:\/\/semmelweis.hu\/hirek\/wp-json\/wp\/v2\/posts"}],"about":[{"href":"https:\/\/semmelweis.hu\/hirek\/wp-json\/wp\/v2\/types\/post"}],"author":[{"embeddable":true,"href":"https:\/\/semmelweis.hu\/hirek\/wp-json\/wp\/v2\/users\/13"}],"replies":[{"embeddable":true,"href":"https:\/\/semmelweis.hu\/hirek\/wp-json\/wp\/v2\/comments?post=110462"}],"version-history":[{"count":10,"href":"https:\/\/semmelweis.hu\/hirek\/wp-json\/wp\/v2\/posts\/110462\/revisions"}],"predecessor-version":[{"id":110488,"href":"https:\/\/semmelweis.hu\/hirek\/wp-json\/wp\/v2\/posts\/110462\/revisions\/110488"}],"wp:featuredmedia":[{"embeddable":true,"href":"https:\/\/semmelweis.hu\/hirek\/wp-json\/wp\/v2\/media\/110465"}],"wp:attachment":[{"href":"https:\/\/semmelweis.hu\/hirek\/wp-json\/wp\/v2\/media?parent=110462"}],"wp:term":[{"taxonomy":"category","embeddable":true,"href":"https:\/\/semmelweis.hu\/hirek\/wp-json\/wp\/v2\/categories?post=110462"},{"taxonomy":"post_tag","embeddable":true,"href":"https:\/\/semmelweis.hu\/hirek\/wp-json\/wp\/v2\/tags?post=110462"}],"curies":[{"name":"wp","href":"https:\/\/api.w.org\/{rel}","templated":true}]}}