{"id":11036,"date":"2012-04-13T07:17:50","date_gmt":"2012-04-13T05:17:50","guid":{"rendered":"http:\/\/semmelweis-egyetem.hu\/hirek\/?p=11036"},"modified":"2018-02-14T10:11:24","modified_gmt":"2018-02-14T09:11:24","slug":"negyven-ev-a-pszichiatriai-betegsegek-jobb-megismerese-erdekeben","status":"publish","type":"post","link":"https:\/\/semmelweis.hu\/hirek\/2012\/04\/13\/negyven-ev-a-pszichiatriai-betegsegek-jobb-megismerese-erdekeben\/","title":{"rendered":"Negyven \u00e9v a pszichi\u00e1triai betegs\u00e9gek jobb megismer\u00e9se \u00e9rdek\u00e9ben"},"content":{"rendered":"<p><a href=\"https:\/\/semmelweis.hu\/hirek\/files\/2012\/04\/rihmer1.jpg\"><img loading=\"lazy\" decoding=\"async\" class=\"alignleft size-medium wp-image-11038\" src=\"https:\/\/semmelweis.hu\/hirek\/files\/2012\/04\/rihmer1-199x300.jpg\" alt=\"\" width=\"199\" height=\"300\" srcset=\"https:\/\/semmelweis.hu\/hirek\/files\/2012\/04\/rihmer1-199x300.jpg 199w, https:\/\/semmelweis.hu\/hirek\/files\/2012\/04\/rihmer1-266x400.jpg 266w, https:\/\/semmelweis.hu\/hirek\/files\/2012\/04\/rihmer1.jpg 355w\" sizes=\"auto, (max-width: 199px) 100vw, 199px\" \/><\/a>Nemcsak negyven \u00e9ves klinikai \u00e9s 35 \u00e9ves oktat\u00f3i, kutat\u00f3i munk\u00e1ss\u00e1g\u00e1nak sz\u00f3l ez a d\u00edj, hanem k\u00f6zvetlen munkat\u00e1rsainak, valamint mag\u00e1nak a pszichi\u00e1tri\u00e1nak is az elismer\u00e9se, \u00e9s \u00fajabb bizony\u00edt\u00e9k arra, hogy a pszichi\u00e1tri\u00e1t is lehet tudom\u00e1nyosan m\u0171velni &#8211; mondja dr. Rihmer Zolt\u00e1n professzor, a Semmelweis Egyetem Klinikai \u00e9s Kutat\u00e1si Ment\u00e1lhigi\u00e9n\u00e9s Oszt\u00e1ly\u00e1nak tudom\u00e1nyos igazgat\u00f3ja arra a k\u00e9rd\u00e9sre, mit jelent sz\u00e1m\u00e1ra a k\u00f6zelm\u00faltban megkapott Sz\u00e9chenyi-d\u00edj. A pszichi\u00e1ter, neurol\u00f3gus szakorvos, az MTA doktora, c\u00edmzetes egyetemi tan\u00e1r a ked\u00e9ly- \u00e9s szorong\u00e1sos betegs\u00e9gek klinikai, valamint biol\u00f3giai kutat\u00e1s\u00e1ban v\u00e9gzett, hat\u00e1rainkon t\u00fal is sz\u00e1mon tartott tudom\u00e1nyos munk\u00e1ss\u00e1ga, gy\u00f3gy\u00edt\u00f3, publik\u00e1ci\u00f3s, oktat\u00f3i \u00e9s szakmaszervez\u0151i tev\u00e9kenys\u00e9ge elismer\u00e9sek\u00e9nt kapta a kit\u00fcntet\u00e9st.<\/p>\n<p>A pszichi\u00e1triai betegs\u00e9gek, els\u0151sorban a depresszi\u00f3, n\u00e9pbetegs\u00e9gnek sz\u00e1m\u00edtanak Magyarorsz\u00e1gon, ak\u00e1rcsak Eur\u00f3pa t\u00f6bbi orsz\u00e1g\u00e1ban. Az orvosi \u00e9rtelemben vett depresszi\u00f3 gyakoris\u00e1ga Magyarorsz\u00e1gon minden \u00e9vben 7-8 sz\u00e1zal\u00e9k, \u00e9s ez megegyezik a hasonl\u00f3 \u00e9g\u00f6v alatt elhelyezked\u0151 orsz\u00e1gok adataival. Dr. Rihmer Zolt\u00e1n kutat\u00e1sainak egyik f\u0151 ir\u00e1nya egy olyan rendszer kialak\u00edt\u00e1sa volt, amelynek seg\u00edts\u00e9g\u00e9vel nagy val\u00f3sz\u00edn\u0171s\u00e9ggel el\u0151re jelezhet\u0151, hogy egy depresszi\u00f3s betegn\u00e9l mekkora az \u00f6ngyilkoss\u00e1g rizik\u00f3ja. \u201eAz \u00f6ngyilkoss\u00e1gban meghaltak t\u00f6bb mint k\u00e9tharmada nem kezelt depresszi\u00f3ban szenved. Ugyanakkor a depresszi\u00f3s betegek d\u00f6nt\u0151 t\u00f6bbs\u00e9ge nem lesz \u00f6ngyilkos, teh\u00e1t a depresszi\u00f3 \u00e9s \u00f6ngyilkoss\u00e1g kapcsolata egy viszonylag sz\u0171k csoportra korl\u00e1toz\u00f3dik. Min\u00e9l s\u00falyosabb a depresszi\u00f3, min\u00e9l nagyobb a szorong\u00e1s-szint \u00e9s a rem\u00e9nytelens\u00e9g, ann\u00e1l nagyobb az \u00f6ngyilkoss\u00e1g vesz\u00e9lye, de a pszichoszoci\u00e1lis t\u00e9nyez\u0151knek is fontos szerep\u00fck van\u201d \u2013 magyar\u00e1zza a szakember.<\/p>\n<p>A gyermekkori negat\u00edv \u00e9letesem\u00e9nyek, \u00edgy p\u00e9ld\u00e1ul a fizikai vagy szexu\u00e1lis ab\u00fazus, a feln\u0151ttkori provok\u00e1l\u00f3 \u00e9letesem\u00e9nyek, p\u00e9ld\u00e1ul akut vesztes\u00e9gek vagy munkan\u00e9lk\u00fclis\u00e9g is szerepet j\u00e1tszanak az \u00f6ngyilkos magatart\u00e1s kialakul\u00e1s\u00e1ban, els\u0151sorban a depresszi\u00f3s betegekn\u00e9l. F\u00e9rfiakn\u00e1l k\u00f6r\u00fclbel\u00fcl h\u00e1romszor gyakoribb az \u00f6ngyilkoss\u00e1g, mint n\u0151kn\u00e9l. \u201eTeh\u00e1t, ha egy f\u00e9rfi depresszi\u00f3s betegr\u0151l van sz\u00f3, aki munkan\u00e9lk\u00fcli \u00e9s csal\u00e1di kapcsolatai t\u00f6nkrementek, n\u00f6vekszik az \u00f6ngyilkoss\u00e1g vesz\u00e9lye, mivel a rizik\u00f3faktorok \u00f6sszead\u00f3dnak, egym\u00e1st er\u0151s\u00edtik\u201d \u2013 mondja a professzor.<\/p>\n<p>Az elm\u00falt 25 \u00e9vben egy\u00e9bk\u00e9nt Magyarorsz\u00e1gon k\u00f6zel 50 sz\u00e1zal\u00e9kkal cs\u00f6kkent az \u00f6ngyilkoss\u00e1g, b\u00e1r az ut\u00f3bbi 4 \u00e9vben enyhe emelked\u00e9s tapasztalhat\u00f3. Ez a nagy cs\u00f6kken\u00e9s r\u00e9szben a pszichi\u00e1triai betegek jobb kezel\u00e9s\u00e9nek k\u00f6sz\u00f6nhet\u0151 \u2013 mutat r\u00e1 a szakember, hozz\u00e1t\u00e9ve, hogy az elm\u00falt k\u00e9t \u00e9s f\u00e9l \u00e9vtizedben \u2013 lesz\u00e1m\u00edtva az ut\u00f3bbi \u00e9veket &#8211; a szakemberek, a gondoz\u00f3int\u00e9zetek \u00e9s a lelki els\u0151seg\u00e9ly telefonszolg\u00e1latok sz\u00e1ma is fokozatosan n\u0151tt. A 25 \u00e9vvel ezel\u0151ttihez k\u00e9pest 14-szeres\u00e9re emelkedett az antidepressz\u00e1ns szerek forgalma, ami dr. Rihmer Zolt\u00e1n szerint azt jelzi, hogy ennyivel t\u00f6bb beteg ker\u00fclt be a pszichi\u00e1triai ell\u00e1t\u00f3rendszerbe.<\/p>\n<figure id=\"attachment_11039\" aria-describedby=\"caption-attachment-11039\" style=\"width: 540px\" class=\"wp-caption aligncenter\"><a href=\"https:\/\/semmelweis.hu\/hirek\/files\/2012\/04\/rihmer-2.jpg\"><img loading=\"lazy\" decoding=\"async\" class=\"size-large wp-image-11039 \" src=\"https:\/\/semmelweis.hu\/hirek\/files\/2012\/04\/rihmer-2-600x400.jpg\" alt=\"\" width=\"540\" height=\"360\" srcset=\"https:\/\/semmelweis.hu\/hirek\/files\/2012\/04\/rihmer-2-600x400.jpg 600w, https:\/\/semmelweis.hu\/hirek\/files\/2012\/04\/rihmer-2-300x200.jpg 300w\" sizes=\"auto, (max-width: 540px) 100vw, 540px\" \/><\/a><figcaption id=\"caption-attachment-11039\" class=\"wp-caption-text\">Fot\u00f3k: D. Kiss Bal\u00e1zs<\/figcaption><\/figure>\n<p>A pszichi\u00e1ter emellett sokat foglalkozott a depresszi\u00f3s betegs\u00e9gek pontosabb diagn\u00f3zis\u00e1val, ami a ter\u00e1pia t\u00f6k\u00e9letes\u00edt\u00e9s\u00e9nek az alapja. \u201eA depresszi\u00f3 nem egys\u00e9ges betegs\u00e9g, rendk\u00edv\u00fcl k\u00fcl\u00f6nb\u00f6z\u0151 lehet a klinikai megjelen\u00e9se. M\u00e1s-m\u00e1s fajta depresszi\u00f3k m\u00e1s-m\u00e1s gy\u00f3gyszerre, gy\u00f3gym\u00f3dra reag\u00e1lnak. Bizonyos t\u00edpus\u00fa depresszi\u00f3k eset\u00e9n a kognit\u00edv ter\u00e1pia is hat\u00e9kony, de a legjobb eredm\u00e9nyt a gy\u00f3gyszeres \u00e9s pszichoter\u00e1pi\u00e1s gy\u00f3gym\u00f3dok kombin\u00e1ci\u00f3ja adja. Nincs univerz\u00e1lis antidepressz\u00e1ns, \u00e9s n\u00e9ha nagyon neh\u00e9z megtal\u00e1lni a megfelel\u0151 kezel\u00e9st, a szem\u00e9lyre szabott ter\u00e1pi\u00e1t.\u201d Mint hangs\u00falyozta, a depresszi\u00f3 elleni szerek egyes betegs\u00e9gcsoportokban kev\u00e9sb\u00e9, m\u00e1s depresszi\u00f3 form\u00e1kban viszont (\u00e9s ez a gyakoribb) nagyon j\u00f3l hatnak. \u00a0Kimutatt\u00e1k, hogy a bipol\u00e1ris depresszi\u00f3 egy bizonyos alcsoportj\u00e1ban teljesen m\u00e1s ter\u00e1pi\u00e1ra &#8211; p\u00e9ld\u00e1ul hangulatstabiliz\u00e1l\u00f3 gy\u00f3gyszerekre &#8211; van sz\u00fcks\u00e9g. Ezt a kis betegs\u00e9gcsoportot dr. Rihmer Zolt\u00e1nnak amerikai, olasz \u00e9s magyar kolleg\u00e1kkal siker\u00fclt r\u00e9szletesen k\u00f6r\u00fcl\u00edrni.<\/p>\n<p>Dr. Rihmer Zolt\u00e1n terveir\u0151l azt mondja, m\u00e9g legal\u00e1bb t\u00edz \u00e9vig szeretne gy\u00f3gy\u00edt\u00e1ssal, kutat\u00e1ssal \u00e9s oktat\u00e1ssal foglalkozni; az \u00f6ngyilkoss\u00e1g megel\u0151z\u00e9s\u00e9vel, a depresszi\u00f3 \u00e9s az \u00f6ngyilkoss\u00e1g \u00f6sszef\u00fcgg\u00e9seivel kapcsolatos vizsg\u00e1latait szeretn\u00e9 tov\u00e1bbvinni \u00e9s finom\u00edtani. A m\u00e1sik ter\u00fclet, amely most \u00e9l\u00e9nken foglalkoztatja, a placebo k\u00e9rd\u00e9s, amely nemcsak a pszichi\u00e1tria, de az eg\u00e9sz orvostudom\u00e1ny egyik legnagyobb rejt\u00e9lye. DP<\/p>\n","protected":false},"excerpt":{"rendered":"<p><a href=\"https:\/\/semmelweis.hu\/hirek\/files\/2012\/04\/rihmer1.jpg\"><\/a> Nemcsak negyven \u00e9ves klinikai \u00e9s 35 \u00e9ves oktat\u00f3i, kutat\u00f3i munk\u00e1ss\u00e1g\u00e1nak sz\u00f3l ez a d\u00edj, hanem k\u00f6zvetlen munkat\u00e1rsainak, valamint mag\u00e1nak a pszichi\u00e1tri\u00e1nak is az elismer\u00e9se, \u00e9s \u00fajabb bizony\u00edt\u00e9k arra, hogy a pszichi\u00e1tri\u00e1t is lehet tudom\u00e1nyosan m\u0171velni &#8211; mondja dr. Rihmer Zolt\u00e1n professzor, a Semmelweis Egyetem Klinikai \u00e9s Kutat\u00e1si Ment\u00e1lhigi\u00e9n\u00e9s Oszt\u00e1ly\u00e1nak tudom\u00e1nyos igazgat\u00f3ja arra a k\u00e9rd\u00e9sre, mit &hellip;<\/p>\n","protected":false},"author":13,"featured_media":11039,"comment_status":"closed","ping_status":"open","sticky":false,"template":"","format":"standard","meta":{"_acf_changed":false,"footnotes":""},"categories":[157,168],"tags":[3996,158],"class_list":["post-11036","post","type-post","status-publish","format-standard","has-post-thumbnail","hentry","category-semmelweis-vilag","category-kiemelt","tag-interju","tag-dijak-kituntetesek"],"acf":[],"_links":{"self":[{"href":"https:\/\/semmelweis.hu\/hirek\/wp-json\/wp\/v2\/posts\/11036","targetHints":{"allow":["GET"]}}],"collection":[{"href":"https:\/\/semmelweis.hu\/hirek\/wp-json\/wp\/v2\/posts"}],"about":[{"href":"https:\/\/semmelweis.hu\/hirek\/wp-json\/wp\/v2\/types\/post"}],"author":[{"embeddable":true,"href":"https:\/\/semmelweis.hu\/hirek\/wp-json\/wp\/v2\/users\/13"}],"replies":[{"embeddable":true,"href":"https:\/\/semmelweis.hu\/hirek\/wp-json\/wp\/v2\/comments?post=11036"}],"version-history":[{"count":2,"href":"https:\/\/semmelweis.hu\/hirek\/wp-json\/wp\/v2\/posts\/11036\/revisions"}],"predecessor-version":[{"id":11042,"href":"https:\/\/semmelweis.hu\/hirek\/wp-json\/wp\/v2\/posts\/11036\/revisions\/11042"}],"wp:featuredmedia":[{"embeddable":true,"href":"https:\/\/semmelweis.hu\/hirek\/wp-json\/wp\/v2\/media\/11039"}],"wp:attachment":[{"href":"https:\/\/semmelweis.hu\/hirek\/wp-json\/wp\/v2\/media?parent=11036"}],"wp:term":[{"taxonomy":"category","embeddable":true,"href":"https:\/\/semmelweis.hu\/hirek\/wp-json\/wp\/v2\/categories?post=11036"},{"taxonomy":"post_tag","embeddable":true,"href":"https:\/\/semmelweis.hu\/hirek\/wp-json\/wp\/v2\/tags?post=11036"}],"curies":[{"name":"wp","href":"https:\/\/api.w.org\/{rel}","templated":true}]}}