{"id":110171,"date":"2021-12-23T07:11:11","date_gmt":"2021-12-23T06:11:11","guid":{"rendered":"https:\/\/semmelweis.hu\/hirek\/?p=110171"},"modified":"2021-12-23T09:17:05","modified_gmt":"2021-12-23T08:17:05","slug":"gabor-denes-dijjal-tuntettek-ki-dr-maurovich-horvat-palt-az-orvosi-kepalkoto-klinika-igazgatojat","status":"publish","type":"post","link":"https:\/\/semmelweis.hu\/hirek\/2021\/12\/23\/gabor-denes-dijjal-tuntettek-ki-dr-maurovich-horvat-palt-az-orvosi-kepalkoto-klinika-igazgatojat\/","title":{"rendered":"G\u00e1bor D\u00e9nes-d\u00edjjal t\u00fcntett\u00e9k ki dr. Maurovich Horvat P\u00e1lt, az Orvosi K\u00e9palkot\u00f3 Klinika igazgat\u00f3j\u00e1t"},"content":{"rendered":"<div class=\"lead\">\n<p>Dr. Maurovich Horvat P\u00e1l a Harvard Egyetemen \u00e9s a Semmelweis Egyetemen el\u00e9rt jelent\u0151s kutat\u00e1si eredm\u00e9nyei\u00e9rt, a koszor\u00fa\u00e9r-betegs\u00e9g CT-vizsg\u00e1latai ter\u00fclet\u00e9n bevezetett, nemzetk\u00f6zi szinten is elismert \u00faj\u00edt\u00e1sai\u00e9rt G\u00e1bor D\u00e9nes-d\u00edjat nyert el. Az Orvosi K\u00e9palkot\u00f3 Klinika igazgat\u00f3ja a rangos kit\u00fcntet\u00e9s kapcs\u00e1n honlapunknak hangs\u00falyozta: kiemelten fontosnak tartja az egyetem innovat\u00edv szeml\u00e9let\u00e9t, amely t\u00e1mogatja a leg\u00fajabb technol\u00f3gi\u00e1k haszn\u00e1lat\u00e1t.<\/p>\n<\/div>\n<p>Az \u00e9vente nyilv\u00e1nosan meghirdetett felh\u00edv\u00e1s alapj\u00e1n felterjesztett szakemberek k\u00f6z\u00fcl a Novofer Alap\u00edtv\u00e1ny kurat\u00f3riuma v\u00e1lasztja ki azokat, akik a l\u00e9trehozott m\u0171szaki-szellemi alkot\u00e1sok bevezet\u00e9s\u00e9vel, fejleszt\u00e9si eredm\u00e9nyeikkel, az innov\u00e1ci\u00f3 infrastruktur\u00e1lis h\u00e1tter\u00e9nek megteremt\u00e9s\u00e9vel, a feln\u00f6v\u0151 gener\u00e1ci\u00f3 kreat\u00edv gondolkod\u00e1s\u00e1nak fejleszt\u00e9s\u00e9vel, a szakmai ismeretek magas sz\u00ednvonal\u00fa \u00e1tad\u00e1s\u00e1val maguk is tev\u00e9kenyen hozz\u00e1j\u00e1rultak a gazdas\u00e1g sikeresebb\u00e9 t\u00e9tel\u00e9hez \u2013 olvashat\u00f3 a d\u00edjr\u00f3l <a href=\"https:\/\/www.gabordenes.hu\/\">az alap\u00edtv\u00e1ny honlapj\u00e1n<\/a>.<\/p>\n<div class=\"fontos_div\">\n<p>Dr. Maurovich Horvat P\u00e1l az indokl\u00e1s szerint a Harvard Egyetemen \u00e9s a Semmelweis Egyetemen el\u00e9rt jelent\u0151s kutat\u00e1si eredm\u00e9nyei\u00e9rt, a CT alap\u00fa koszor\u00fa\u00e9r-betegs\u00e9g diagnosztika ter\u00fclet\u00e9n bevezetett, nemzetk\u00f6zi szinten is elismert \u00faj\u00edt\u00e1sai\u00e9rt, t\u00f6bbek k\u00f6z\u00f6tt a diagnosztikus elj\u00e1r\u00e1sok pontosabb\u00e1 t\u00e9tele \u00e9rdek\u00e9ben a k\u00e9palkot\u00e1s \u00e9s a kock\u00e1zatbecsl\u00e9s ter\u00fclet\u00e9n alkalmazott kardiol\u00f3giai \u00e9s radiol\u00f3giai innovat\u00edv m\u00f3dszerek bevezet\u00e9s\u00e9\u00e9rt nyerte el az elismer\u00e9st.<\/p>\n<\/div>\n<p><a href=\"https:\/\/semmelweis.hu\/hirek\/files\/2021\/12\/RS100990_IMG_0825-scr.jpg\"><img loading=\"lazy\" decoding=\"async\" class=\"alignleft size-medium wp-image-110251\" src=\"https:\/\/semmelweis.hu\/hirek\/files\/2021\/12\/RS100990_IMG_0825-scr-288x400.jpg\" alt=\"\" width=\"288\" height=\"400\" srcset=\"https:\/\/semmelweis.hu\/hirek\/files\/2021\/12\/RS100990_IMG_0825-scr-288x400.jpg 288w, https:\/\/semmelweis.hu\/hirek\/files\/2021\/12\/RS100990_IMG_0825-scr.jpg 540w\" sizes=\"auto, (max-width: 288px) 100vw, 288px\" \/><\/a>\u201eKutat\u00e1saim f\u00f3kusz\u00e1ban a koron\u00e1riaplakkok pontos le\u00edr\u00e1sa \u00e9s a szem\u00e9lyre szabott rizik\u00f3becsl\u00e9s \u00e1ll. Ezekkel el\u0151sz\u00f6r 2008-2010 k\u00f6z\u00f6tt a bostoni Harvard Egyetemen kezdtem foglalkozni, majd itthon a V\u00e1rosmajori Sz\u00edv- \u00e9s \u00c9rgy\u00f3gy\u00e1szati Klinik\u00e1n. 2013-ban kutat\u00f3csoportommal elnyert\u00fck az MTA \u201eLend\u00fclet\u201d programj\u00e1nak t\u00e1mogat\u00e1s\u00e1t \u2013 c\u00e9lunk a kardiovaszkul\u00e1ris rizik\u00f3becsl\u00e9s pontos\u00edt\u00e1sa volt az ehhez sz\u00fcks\u00e9ges pontos \u00e9s megb\u00edzhat\u00f3 adatgy\u0171jt\u00e9s seg\u00edts\u00e9g\u00e9vel\u201d \u2013 magyar\u00e1zta honlapunknak adott interj\u00faban dr. Maurovich Horvat P\u00e1l. Mint kit\u00e9rt r\u00e1, siker\u00fclt kifejleszteni\u00fck egy olyan adatgy\u0171jt\u0151 platformot, amely illeszkedik a klinikai munka napi rutinj\u00e1ba, \u00edgy a tudom\u00e1nyos ig\u00e9ny\u0171 adatgy\u0171jt\u00e9st maguk az orvosok v\u00e9gzik. \u201eA v\u00e1rosmajori klinika sz\u00edv-CT regiszter\u00e9ben t\u00f6bb t\u00edzezer beteg adata szerepel, az inform\u00e1ci\u00f3kat pedig az\u00f3ta is standardiz\u00e1lt m\u00f3don, struktur\u00e1ltan gy\u0171jtj\u00fck \u2013 ezek nemcsak tudom\u00e1nyos megfigyel\u00e9sekre, k\u00fcl\u00f6nb\u00f6z\u0151 \u00f6sszef\u00fcgg\u00e9sek kutat\u00e1s\u00e1ra alkalmasak, de sz\u00e1mos nemzetk\u00f6zi projekt sor\u00e1n is haszn\u00e1lhat\u00f3ak\u201d \u2013 tette hozz\u00e1. Az egyik ilyen kutat\u00e1s sor\u00e1n annak a lehet\u0151s\u00e9g\u00e9t vizsg\u00e1lj\u00e1k, mik\u00e9nt lehet mag\u00e1n a CT-felv\u00e9telen leletez\u00e9st v\u00e9gezni: a radiol\u00f3giai k\u00e9pen bejel\u00f6lt elt\u00e9r\u00e9seket \u00fagynevezett c\u00edmk\u00e9zett adatokk\u00e1 alak\u00edtj\u00e1k, amelyeket mesters\u00e9ges intelligencia tan\u00edt\u00e1s\u00e1ra lehet alkalmazni. Emellett dr. Maurovich Horvat P\u00e1l nev\u00e9hez k\u00f6thet\u0151ek \u00faj radiol\u00f3giai jelek le\u00edr\u00e1sai is. \u201eEzek k\u00f6z\u00fcl a legismertebb a \u2019napkin ring\u2019, azaz \u2019asztalkend\u0151 gy\u0171r\u0171\u2019 jel, amely egy olyan, nagy rizik\u00f3j\u00fa koszor\u00fa\u00e9r-plakkra utal, amely nagyobb val\u00f3sz\u00edn\u0171s\u00e9ggel okoz sz\u00edvinfarktust\u201d \u2013 mutatott r\u00e1. Kutat\u00f3csoportj\u00e1val els\u0151k k\u00f6z\u00f6tt v\u00e9geztek koszor\u00fa\u00e9r CT-adatokon radiomikai anal\u00edziseket, amely lehet\u0151v\u00e9 teszi a koszor\u00fa\u00e9r-plakkok szerkezet\u00e9nek pontosabb megismer\u00e9s\u00e9t. \u00daj\u00edt\u00e1sai k\u00f6z\u00fcl kiemelkedik m\u00e9g az Orvosi K\u00e9palkot\u00f3 Klinik\u00e1n kialak\u00edtott MR-alap\u00fa stroke-ell\u00e1t\u00e1s. A standard, CT-alap\u00fa stroke-ell\u00e1t\u00e1s helyett MR-alap\u00fa ell\u00e1t\u00e1st alak\u00edtottunk ki, melynek k\u00f6sz\u00f6nhet\u0151en m\u00e9g t\u00f6bben kaphatnak szem\u00e9lyre szabott stroke-ter\u00e1pi\u00e1t, hiszen ez a vizsg\u00e1lat sokkal pontosabb diagn\u00f3zist biztos\u00edt \u2013 emelte ki, hozz\u00e1t\u00e9ve: Magyarorsz\u00e1gon els\u0151k\u00e9nt az Orvosi K\u00e9palkot\u00f3 Klinik\u00e1n vezett\u00e9k be mindezt a napi rutinba.<\/p>\n<p><a href=\"https:\/\/semmelweis.hu\/hirek\/files\/2021\/12\/RS128770_C19A6406-scr.jpg\"><img loading=\"lazy\" decoding=\"async\" class=\"alignleft size-medium wp-image-110252\" src=\"https:\/\/semmelweis.hu\/hirek\/files\/2021\/12\/RS128770_C19A6406-scr-400x267.jpg\" alt=\"\" width=\"400\" height=\"267\" srcset=\"https:\/\/semmelweis.hu\/hirek\/files\/2021\/12\/RS128770_C19A6406-scr-400x267.jpg 400w, https:\/\/semmelweis.hu\/hirek\/files\/2021\/12\/RS128770_C19A6406-scr-900x600.jpg 900w, https:\/\/semmelweis.hu\/hirek\/files\/2021\/12\/RS128770_C19A6406-scr-768x512.jpg 768w, https:\/\/semmelweis.hu\/hirek\/files\/2021\/12\/RS128770_C19A6406-scr-753x502.jpg 753w, https:\/\/semmelweis.hu\/hirek\/files\/2021\/12\/RS128770_C19A6406-scr-203x135.jpg 203w, https:\/\/semmelweis.hu\/hirek\/files\/2021\/12\/RS128770_C19A6406-scr.jpg 1200w\" sizes=\"auto, (max-width: 400px) 100vw, 400px\" \/><\/a>Dr. Maurovich Horvat P\u00e1l a j\u00f6v\u0151beli terveir\u0151l elmondta: c\u00e9lja egy adatalap\u00fa, modern k\u00e9palkot\u00f3 klinika kialak\u00edt\u00e1sa, amelyben a mesters\u00e9ges intelligenci\u00e1t (MI), a neur\u00e1lis h\u00e1l\u00f3kat rutinszer\u0171en haszn\u00e1lj\u00e1k a betegel\u0151jegyz\u00e9st\u0151l kezdve eg\u00e9szen a diagnosztik\u00e1ig. \u201eAz MI-t m\u00e1r most is t\u00f6bb helyen alkalmazzuk, \u00e9s sz\u00e1mtalan kutat\u00e1st v\u00e9gz\u00fcnk a t\u00e9m\u00e1ban: az egyik ilyen sor\u00e1n COVID-betegek t\u00fcd\u0151gyullad\u00e1s\u00e1nak kiterjed\u00e9s\u00e9t, m\u00edg egy m\u00e1sik vizsg\u00e1latunkban a betegek koszor\u00fa\u00e9r-betegs\u00e9g\u00e9nek st\u00e1tusz\u00e1t becs\u00fclj\u00fck meg neur\u00e1lis h\u00e1l\u00f3k seg\u00edts\u00e9g\u00e9vel\u201d \u2013 tette hozz\u00e1. Amint azt dr. Maurovich Horvat P\u00e1l kiemelte, a d\u00edjaz\u00e1s\u00e1hoz vezet\u0151 kutat\u00e1sok sor\u00e1n kiemelten fontosnak tartja az egyetem innovat\u00edv szeml\u00e9let\u00e9t, amely t\u00e1mogatja a leg\u00fajabb technol\u00f3gi\u00e1k haszn\u00e1lat\u00e1t, \u00edgy biztos\u00edtja, hogy az int\u00e9zm\u00e9ny versenyk\u00e9pes maradjon. Hasonl\u00f3an fontosnak tartja az egyes szervezeti egys\u00e9gek k\u00f6z\u00f6tti egy\u00fcttm\u0171k\u00f6d\u00e9st, a transzl\u00e1ci\u00f3s kutat\u00e1st, valamint a fiatalok t\u00e1mogat\u00e1s\u00e1t.<\/p>\n<blockquote>\n<p>A Semmelweis Egyetemen lehet\u0151s\u00e9g van a kor\u00e1bban megszerzett tud\u00e1s b\u0151v\u00edt\u00e9s\u00e9re \u00e9s tov\u00e1bbvitel\u00e9re is. Mindezt az \u00e9n p\u00e9ld\u00e1m is bizony\u00edtja: a Harvard Egyetemr\u0151l j\u00f6ttem haza a Semmelweisre, \u00e9s nem b\u00e1ntam meg. Nemcsak tov\u00e1bb tudtam folytatni kutat\u00e1saimat, de vil\u00e1gsz\u00ednvonal\u00fa g\u00e9peken dolgozhattam kutat\u00f3csoportommal, amihez a megfelel\u0151 t\u00e1mogat\u00e1st is megkaptam<\/p>\n<\/blockquote>\n<p>\u2013 h\u00fazta al\u00e1.\u00a0<\/p>\n<p>A 2021-es G\u00e1bor D\u00e9nes-d\u00edjak \u00fcnnep\u00e9lyes \u00e1tad\u00e1s\u00e1t a j\u00e1rv\u00e1nyhelyzet miatt a szervez\u0151k elhalasztott\u00e1k. A hagyom\u00e1nyosan az Orsz\u00e1gh\u00e1z falai k\u00f6z\u00f6tt rendezett esem\u00e9nyt 2022 tavasz\u00e1n tervezik megtartani a d\u00edjazottakat bemutat\u00f3 sajt\u00f3k\u00f6zlem\u00e9ny szerint. A G\u00e1bor D\u00e9nes-d\u00edjjal id\u00e9n hat k\u00fcl\u00f6nb\u00f6z\u0151 szakter\u00fcleteket k\u00e9pvisel\u0151 szakembereket t\u00fcntettek ki.<\/p>\n<div class=\"keretes w-100\">\n<p>Dr. Maurovich Horvat P\u00e1l habilit\u00e1lt egyetemi docens, az MTA doktora, kardiol\u00f3gus \u00e9s radiol\u00f3gus szakorvos, a Semmelweis Egyetem Orvosi K\u00e9palkot\u00f3 Klinik\u00e1j\u00e1nak igazgat\u00f3ja, a Radiol\u00f3gia Tansz\u00e9k vezet\u0151je, az MTA-SE Kardiovaszkul\u00e1ris K\u00e9palkot\u00f3 Kutat\u00f3csoport vezet\u0151je, a Magyar Kardiol\u00f3gusok T\u00e1rsas\u00e1g\u00e1nak, valamint az Eur\u00f3pai Kardiovaszkul\u00e1ris K\u00e9palkot\u00f3 T\u00e1rsas\u00e1g aleln\u00f6ke. Tudom\u00e1nyos munk\u00e1ja els\u0151sorban transzl\u00e1ci\u00f3s jelleg\u0171 klinikai kutat\u00e1s. Kutat\u00f3csoportja a koszor\u00fa\u00e9r-betegs\u00e9g modern k\u00e9palkot\u00f3 elj\u00e1r\u00e1sokkal t\u00f6rt\u00e9n\u0151 jellemz\u00e9s\u00e9vel, egy\u00e9nre szabott sz\u00edv- \u00e9s \u00e9rrendszeri kock\u00e1zatbecsl\u00e9ssel, valamint g\u00e9pi tanul\u00e1sra \u00e9p\u00fcl\u0151 k\u00e9pi diagnosztikai alkalmaz\u00e1sok fejleszt\u00e9s\u00e9vel foglalkozik. Tudom\u00e1nyos eredm\u00e9nyeir\u0151l t\u00f6bb mint 190 angol nyelv\u0171 k\u00f6zlem\u00e9nyben sz\u00e1molt be, amelyek \u00f6sszes\u00edtett impakt faktora meghaladja a 800-at, k\u00f6zlem\u00e9nyeit t\u00f6bb mint 8000 alkalommal id\u00e9zt\u00e9k \u2013 olvashat\u00f3 a d\u00edj kapcs\u00e1n kiadott sajt\u00f3anyagban.<\/p>\n<\/div>\n<p>Pogr\u00e1nyi P\u00e9ter, Szab\u00f3 \u00c1d\u00e1m<br \/>\n<span style=\"font-size: 1rem\">Fot\u00f3: Kov\u00e1cs Attila \u2013 Semmelweis Egyetem<\/span><\/p>\n","protected":false},"excerpt":{"rendered":"<p>A d\u00edjjal els\u0151 sorban a CT-alap\u00fa koszor\u00fa\u00e9r-betegs\u00e9g diagnosztika ter\u00fclet\u00e9n bevezetett, nemzetk\u00f6zi szinten is elismert \u00faj\u00edt\u00e1sait ismert\u00e9k el.<\/p>\n","protected":false},"author":101081,"featured_media":110253,"comment_status":"closed","ping_status":"closed","sticky":false,"template":"","format":"standard","meta":{"_acf_changed":false,"footnotes":""},"categories":[157,168],"tags":[158],"class_list":["post-110171","post","type-post","status-publish","format-standard","has-post-thumbnail","hentry","category-semmelweis-vilag","category-kiemelt","tag-dijak-kituntetesek"],"acf":[],"_links":{"self":[{"href":"https:\/\/semmelweis.hu\/hirek\/wp-json\/wp\/v2\/posts\/110171","targetHints":{"allow":["GET"]}}],"collection":[{"href":"https:\/\/semmelweis.hu\/hirek\/wp-json\/wp\/v2\/posts"}],"about":[{"href":"https:\/\/semmelweis.hu\/hirek\/wp-json\/wp\/v2\/types\/post"}],"author":[{"embeddable":true,"href":"https:\/\/semmelweis.hu\/hirek\/wp-json\/wp\/v2\/users\/101081"}],"replies":[{"embeddable":true,"href":"https:\/\/semmelweis.hu\/hirek\/wp-json\/wp\/v2\/comments?post=110171"}],"version-history":[{"count":11,"href":"https:\/\/semmelweis.hu\/hirek\/wp-json\/wp\/v2\/posts\/110171\/revisions"}],"predecessor-version":[{"id":110282,"href":"https:\/\/semmelweis.hu\/hirek\/wp-json\/wp\/v2\/posts\/110171\/revisions\/110282"}],"wp:featuredmedia":[{"embeddable":true,"href":"https:\/\/semmelweis.hu\/hirek\/wp-json\/wp\/v2\/media\/110253"}],"wp:attachment":[{"href":"https:\/\/semmelweis.hu\/hirek\/wp-json\/wp\/v2\/media?parent=110171"}],"wp:term":[{"taxonomy":"category","embeddable":true,"href":"https:\/\/semmelweis.hu\/hirek\/wp-json\/wp\/v2\/categories?post=110171"},{"taxonomy":"post_tag","embeddable":true,"href":"https:\/\/semmelweis.hu\/hirek\/wp-json\/wp\/v2\/tags?post=110171"}],"curies":[{"name":"wp","href":"https:\/\/api.w.org\/{rel}","templated":true}]}}