{"id":109921,"date":"2021-12-13T14:00:39","date_gmt":"2021-12-13T13:00:39","guid":{"rendered":"https:\/\/semmelweis.hu\/hirek\/?p=109921"},"modified":"2021-12-14T08:08:32","modified_gmt":"2021-12-14T07:08:32","slug":"webkameran-lathatjak-korszulott-babajukat-a-karantenban-levo-szulok-a-semmelweis-egyetemen","status":"publish","type":"post","link":"https:\/\/semmelweis.hu\/hirek\/2021\/12\/13\/webkameran-lathatjak-korszulott-babajukat-a-karantenban-levo-szulok-a-semmelweis-egyetemen\/","title":{"rendered":"Webkamer\u00e1n l\u00e1thatj\u00e1k korasz\u00fcl\u00f6tt bab\u00e1jukat a karant\u00e9nban l\u00e9v\u0151 sz\u00fcl\u0151k a Semmelweis Egyetemen"},"content":{"rendered":"<div class=\"lead\">A koronav\u00edrussal fert\u0151z\u00f6tt sz\u00fcl\u0151k az inkub\u00e1torokba szerelt webkamera seg\u00edts\u00e9g\u00e9vel tarthatj\u00e1k a kapcsolatot korasz\u00fcl\u00f6tt gyermek\u00fckkel a Semmelweis Egyetemen. A most ki\u00e9p\u00edtett rendszeren kereszt\u00fcl a sz\u00fcl\u0151k \u00e9s \u00fajsz\u00fcl\u00f6ttek k\u00f6lcs\u00f6n\u00f6sen hallj\u00e1k egym\u00e1s hangj\u00e1t, mindez seg\u00edti a k\u00f6t\u0151d\u00e9s kialakul\u00e1s\u00e1t, a tejelv\u00e1laszt\u00e1st, valamint az \u00fajsz\u00fcl\u00f6tt fejl\u0151d\u00e9s\u00e9t is \u2013 mondta dr. N\u00e1dor Csaba, az egyetem Sz\u00fcl\u00e9szeti \u00e9s N\u0151gy\u00f3gy\u00e1szati Klinik\u00e1j\u00e1nak oszt\u00e1lyvezet\u0151je.<\/div>\n<p>A Semmelweis Egyetem Sz\u00fcl\u00e9szeti \u00e9s N\u0151gy\u00f3gy\u00e1szati Klinika \u00dcll\u0151i \u00fati R\u00e9szleg Korasz\u00fcl\u00f6tt Intenz\u00edv Oszt\u00e1ly\u00e1n (PIC) a nap 24 \u00f3r\u00e1j\u00e1ban szabadon egy\u00fctt lehetnek \u00fajsz\u00fcl\u00f6ttjeikkel a sz\u00fcl\u0151k a j\u00e1rv\u00e1ny\u00fcgyi el\u0151\u00edr\u00e1sokat betartva. A koronav\u00edrussal fert\u0151z\u00f6tt, sz\u00fcl\u00e9s ut\u00e1n elk\u00fcl\u00f6n\u00edtett \u00e9desany\u00e1k azonban szem\u00e9lyesen nem l\u00e1thatj\u00e1k kisbab\u00e1jukat, \u00e9s a karant\u00e9nban l\u00e9v\u0151 \u00e9desap\u00e1k sem l\u00e1togathatj\u00e1k \u0151ket. Ezen seg\u00edt az int\u00e9zm\u00e9ny Korasz\u00fcl\u00f6tt Intenz\u00edv Oszt\u00e1ly\u00e1nak kezdem\u00e9nyez\u00e9se.<\/p>\n<p><a href=\"https:\/\/semmelweis.hu\/hirek\/files\/2021\/12\/RS143559_C19A8524-scr.jpg\"><img loading=\"lazy\" decoding=\"async\" class=\"alignright wp-image-109933 size-medium\" src=\"https:\/\/semmelweis.hu\/hirek\/files\/2021\/12\/RS143559_C19A8524-scr-400x259.jpg\" alt=\"\" width=\"400\" height=\"259\" srcset=\"https:\/\/semmelweis.hu\/hirek\/files\/2021\/12\/RS143559_C19A8524-scr-400x259.jpg 400w, https:\/\/semmelweis.hu\/hirek\/files\/2021\/12\/RS143559_C19A8524-scr-900x584.jpg 900w, https:\/\/semmelweis.hu\/hirek\/files\/2021\/12\/RS143559_C19A8524-scr-768x498.jpg 768w, https:\/\/semmelweis.hu\/hirek\/files\/2021\/12\/RS143559_C19A8524-scr-753x488.jpg 753w, https:\/\/semmelweis.hu\/hirek\/files\/2021\/12\/RS143559_C19A8524-scr.jpg 1200w\" sizes=\"auto, (max-width: 400px) 100vw, 400px\" \/><\/a>\u201eA rendk\u00edv\u00fcli helyzetben lev\u0151 sz\u00fcl\u0151k az inkub\u00e1torra felszerelt kamer\u00e1n, webes kapcsolattal l\u00e1thatj\u00e1k gyermekeiket a nap b\u00e1rmely szak\u00e1ban. A rendszer \u00fagy ad lehet\u0151s\u00e9get a meghitt pillanatok meg\u00e9l\u00e9s\u00e9re a csal\u00e1dnak \u2013 l\u00e1tj\u00e1k \u00e9s hallj\u00e1k is egym\u00e1st a felek \u2013, hogy k\u00f6zben a betegbiztons\u00e1gi \u00e9s szem\u00e9lyis\u00e9gi jogokat is garant\u00e1lja, hiszen kiz\u00e1r\u00f3lag a sz\u00fcl\u0151k rendelkezhetnek hozz\u00e1f\u00e9r\u00e9ssel a kamer\u00e1hoz\u201d \u2013 ismertette dr. N\u00e1dor Csaba, a Korasz\u00fcl\u00f6tt Intenz\u00edv Oszt\u00e1ly vezet\u0151je.<\/p>\n<p>A klinika Korsz\u00fcl\u00f6tt Intenz\u00edv Oszt\u00e1ly\u00e1n a koronav\u00edrussal fert\u0151z\u00f6tt kismam\u00e1kat a sz\u00fcl\u00e9st k\u00f6vet\u0151en elk\u00fcl\u00f6n\u00edtik. Ha a baba is igazolt Covid-19 fert\u0151z\u00e9sben szenved, akkor \u0151t a PIC-en bel\u00fcl is izol\u00e1ci\u00f3s helyis\u00e9gben elk\u00fcl\u00f6n\u00edtve \u00e1polj\u00e1k. Az \u00e9desany\u00e1k \u2013 amint \u00e1llapotuk lehet\u0151v\u00e9 teszi \u2013 elhagyhatj\u00e1k a klinik\u00e1t, de el\u0151fordulhat, hogy a korasz\u00fcl\u00f6tt bab\u00e1k eset\u00e9ben a sz\u00fclet\u00e9st\u0151l az otthonukba bocs\u00e1t\u00e1sig t\u00f6bb h\u00e9t, egy kilogramm s\u00faly alatti csecsem\u0151k eset\u00e9ben ak\u00e1r t\u00f6bb h\u00f3nap is eltelhet.<\/p>\n<blockquote>\n<p>Nagyon h\u00e1l\u00e1sak a koronav\u00edrussal fert\u0151z\u00f6tt sz\u00fcl\u0151k a babafigyel\u0151-kamera bevezet\u00e9s\u00e9\u00e9rt. Lelki t\u00e1maszt ny\u00fajt \u00e9s az aggodalmakat is cs\u00f6kkenti, hogy az elv\u00e1lasztotts\u00e1g ellen\u00e9re m\u00e9gis korl\u00e1toz\u00e1sok n\u00e9lk\u00fcl l\u00e1thatj\u00e1k a gyermek\u00fcket addig is, am\u00edg v\u00e9gre \u00fajra fizikailag is egy\u00fctt lehetnek<\/p>\n<\/blockquote>\n<p><span style=\"font-size: 1rem\">\u2013 emelte ki dr. N\u00e1dor Csaba.<\/span><\/p>\n<p>A korasz\u00fcl\u00f6tt bab\u00e1k eset\u00e9ben k\u00fcl\u00f6n\u00f6sen fontos az anyatejes t\u00e1pl\u00e1l\u00e1s, mindaz pedig az \u00e9desany\u00e1k tejelv\u00e1laszt\u00e1s\u00e1ra is kedvez\u0151 \u00e9lettani hat\u00e1st gyakorol, hogy akkor l\u00e1thatj\u00e1k bab\u00e1jukat, amikor csak szeretn\u00e9k.\u00a0<\/p>\n<div class=\"keretes\">\n<p>\u201eNagyon h\u00e1l\u00e1s vagyok, hogy ha \u00e9l\u0151ben nem is, de a webkamer\u00e1n kereszt\u00fcl l\u00e1thatom a november v\u00e9g\u00e9n sz\u00fcletett ikerl\u00e1nyaimat \u00e9s azt a fantasztikus t\u00f6r\u0151d\u00e9st, ami a korasz\u00fcl\u00f6tt oszt\u00e1lyon k\u00f6rbeveszi \u0151ket\u201d \u2013 mes\u00e9li egy \u00e9rintett \u00e9desapa, akinek feles\u00e9ge a koronav\u00edrus-fert\u0151z\u00e9s miatt a v\u00e1rtn\u00e1l el\u0151bb, cs\u00e1sz\u00e1rmetsz\u00e9ssel hozta vil\u00e1gra a gyermekeket. \u201eMivel k\u00f6zben \u00e9n is elkaptam a v\u00edrust, n\u00e1lunk igazi csal\u00e1degyes\u00edt\u00e9st tesz lehet\u0151v\u00e9 a kamera, hiszen \u00edgy az otthon l\u00e9v\u0151 h\u00e1rom\u00e9ves kisl\u00e1nyunkkal egy\u00fctt mindketten l\u00e1thatjuk a klinik\u00e1n fekv\u0151 \u00e9desanyj\u00e1t \u00e9s a kistestv\u00e9reit is. Ugyan ap\u00e1s sz\u00fcl\u00e9sre k\u00e9sz\u00fclt\u00fcnk, de a v\u00edrus miatt sajnos nem adatott meg az arany\u00f3ra, helyette azonban ez\u00fcstnapokat kaptunk. Felemel\u0151, hogy l\u00e1thatjuk, milyen sz\u00e9pen fejl\u0151dnek a kisl\u00e1nyok, ez valamelyest k\u00e1rp\u00f3tol benn\u00fcnket az elmaradt ap\u00e1s sz\u00fcl\u00e9s\u00e9rt, \u00e9s er\u0151t is mer\u00edthet\u00fcnk ezekb\u0151l az alkalmakb\u00f3l\u201d \u2013 osztotta meg t\u00f6rt\u00e9net\u00fcket az \u00e9desapa.<\/p>\n<\/div>\n<p>\u201eNagyon fontos az \u00fajsz\u00fcl\u00f6ttek v\u00e9delme a Covid-19 fert\u0151z\u00e9s ellen, ennek jelenleg ismert m\u00f3djai az anyatejes t\u00e1pl\u00e1l\u00e1s \u2013 hiszen az anyatejjel ellenanyagokat kap a baba a koronav\u00edrussal szemben \u2013 \u00e9s a f\u00e9szekimmunit\u00e1s, vagyis hogy a bab\u00e1val \u00e9rintkez\u0151 csal\u00e1dtagok mindegyike legyen beoltva a koronav\u00edrus ellen. Ennek kiemelked\u0151 a jelent\u0151s\u00e9ge\u201d \u2013 emelte ki a f\u0151orvos.<\/p>\n<p>A webkamer\u00e1t egyel\u0151re csak a fert\u0151z\u00f6tt sz\u00fcl\u0151k \u00e9s bab\u00e1k kapcsolattart\u00e1s\u00e1hoz haszn\u00e1lj\u00e1k, az eg\u00e9szs\u00e9ges any\u00e1k \u00e9s ap\u00e1k az \u00e9rv\u00e9nyes rendeletekkel \u00f6sszhangban a j\u00e1rv\u00e1nyid\u0151szakban is v\u00e1ltozatlanul egy\u00fctt lehetnek korasz\u00fcl\u00f6tt bab\u00e1jukkal a nap 24 \u00f3r\u00e1j\u00e1ban.\u00a0 Azoknak a sz\u00fcl\u0151knek, akiknek a gyermeke hosszabb \u00e1pol\u00e1sra szorul, \u00e9s esetleg t\u00e1volabb \u00e9lnek, ez\u00e9rt nem tudj\u00e1k minden nap l\u00e1togatni a kisbab\u00e1jukat, a webkamer\u00e1s megold\u00e1s k\u00e9s\u0151bb, a v\u00edrus lecseng\u00e9se ut\u00e1n is j\u00f3 szolg\u00e1latot tehet.<\/p>\n<p>A Korasz\u00fcl\u00f6tt Intenz\u00edv Oszt\u00e1lyon az \u0150rk\u00f6d\u0151 Web\u00e1ruh\u00e1z vezet\u0151je, Bang\u00f3 Mih\u00e1ly felaj\u00e1nl\u00e1s\u00e1b\u00f3l jelenleg nyolc webkamera \u00e1ll rendelkez\u00e9sre, melyek haszn\u00e1lat\u00e1hoz a sz\u00fcks\u00e9ges technikai-informatikai seg\u00edts\u00e9get az egyetem munkat\u00e1rsai biztos\u00edtott\u00e1k.<\/p>\n<p>&nbsp;<\/p>\n\r\n        [slb_exclude]\r\n        <div class=\"row galeria-wrapper mx-0 h-auto\">\r\n            <div class=\"col-9 pl-0 pr-2\">\r\n            <span class=\"gallery-item frame\">\r\n\t\t\t\t<div class=\"galeria-left-img\"><a href=\"https:\/\/semmelweis.hu\/hirek\/files\/2021\/12\/RS143564_C19A8550-scr.jpg\"><img src=https:\/\/semmelweis.hu\/hirek\/files\/2021\/12\/RS143564_C19A8550-scr.jpg  \r\n                            alt=\"\" \r\n                            class=\"attachment-sote-gallery-big size-sote-gallery-big\" \r\n                            srcset=\"https:\/\/semmelweis.hu\/hirek\/files\/2021\/12\/RS143564_C19A8550-scr-400x267.jpg 400w, https:\/\/semmelweis.hu\/hirek\/files\/2021\/12\/RS143564_C19A8550-scr-900x600.jpg 900w, https:\/\/semmelweis.hu\/hirek\/files\/2021\/12\/RS143564_C19A8550-scr-768x512.jpg 768w, https:\/\/semmelweis.hu\/hirek\/files\/2021\/12\/RS143564_C19A8550-scr-753x502.jpg 753w, https:\/\/semmelweis.hu\/hirek\/files\/2021\/12\/RS143564_C19A8550-scr-203x135.jpg 203w, https:\/\/semmelweis.hu\/hirek\/files\/2021\/12\/RS143564_C19A8550-scr.jpg 1200w\" ><\/a><\/div>\r\n            <\/span>\r\n\r\n            <\/div>\r\n\r\n\t\t\t<div class=\"col-3 pl-0 pr-0\">\r\n\t\t\t\t<div class=\"galeria-right-img d-flex justify-content-between flex-column h-100 w-100 px-0 mx-0 \">\r\n                <div class=\"galeria-box\">\r\n\t\t\t\t\t<h3 class=\"galeria-title\">Gal\u00e9ria<\/h3>\r\n\t\t\t\t\t<div class=\"galeria-subtitle\">\r\n\r\n\t\t\t\t\t\t<div class=\"galeria-page-counter\"><span>10<\/span>k\u00e9p<\/div>\r\n                    <\/div> <\/div>\r\n                    <span class=\"gallery-item frame d-none d-md-flex\">\r\n\t\t\t\t\t<div class=\"galeria-small-img mt-0\"><a href=\"https:\/\/semmelweis.hu\/hirek\/files\/2021\/12\/RS143575_C19A8596-scr-1.jpg\"><img src=https:\/\/semmelweis.hu\/hirek\/files\/2021\/12\/RS143575_C19A8596-scr-1.jpg \r\n                                alt=\"\"  \r\n                                class=\"attachment-sote-gallery-small size-sote-gallery-small\" \r\n                                srcset=\"https:\/\/semmelweis.hu\/hirek\/files\/2021\/12\/RS143575_C19A8596-scr-1-400x267.jpg 400w, https:\/\/semmelweis.hu\/hirek\/files\/2021\/12\/RS143575_C19A8596-scr-1-900x600.jpg 900w, https:\/\/semmelweis.hu\/hirek\/files\/2021\/12\/RS143575_C19A8596-scr-1-768x512.jpg 768w, https:\/\/semmelweis.hu\/hirek\/files\/2021\/12\/RS143575_C19A8596-scr-1-753x502.jpg 753w, https:\/\/semmelweis.hu\/hirek\/files\/2021\/12\/RS143575_C19A8596-scr-1-203x135.jpg 203w, https:\/\/semmelweis.hu\/hirek\/files\/2021\/12\/RS143575_C19A8596-scr-1.jpg 1200w\" ><\/a><\/div>\r\n                    <\/span>\r\n                    <span class=\"gallery-item frame d-none d-md-flex\">\r\n\t\t\t\t\t<div class=\"galeria-small-img mt-0\"><a href=\"https:\/\/semmelweis.hu\/hirek\/files\/2021\/12\/RS143525_C19A8405-scr.jpg\"><img src=https:\/\/semmelweis.hu\/hirek\/files\/2021\/12\/RS143525_C19A8405-scr.jpg \r\n                                alt=\"\" \r\n                                class=\"attachment-sote-gallery-small size-sote-gallery-small\" \r\n                                srcset=\"https:\/\/semmelweis.hu\/hirek\/files\/2021\/12\/RS143525_C19A8405-scr-400x253.jpg 400w, https:\/\/semmelweis.hu\/hirek\/files\/2021\/12\/RS143525_C19A8405-scr-900x570.jpg 900w, https:\/\/semmelweis.hu\/hirek\/files\/2021\/12\/RS143525_C19A8405-scr-768x486.jpg 768w, https:\/\/semmelweis.hu\/hirek\/files\/2021\/12\/RS143525_C19A8405-scr-753x477.jpg 753w, https:\/\/semmelweis.hu\/hirek\/files\/2021\/12\/RS143525_C19A8405-scr.jpg 1200w\" ><\/a><\/div>\r\n                    <\/span>\r\n\r\n                <\/div>\r\n\r\n            <\/div>\r\n\r\n            <span class=\"gallery-item\"><div class=\"hidden\"><a href=\"https:\/\/semmelweis.hu\/hirek\/files\/2021\/12\/RS143532_C19A8430-scr-1.jpg\">\r\n        <img src=https:\/\/semmelweis.hu\/hirek\/files\/2021\/12\/RS143532_C19A8430-scr-1.jpg alt=\"\" class=\"attachment-sote-gallery-big size-sote-gallery-big\" srcset=\"https:\/\/semmelweis.hu\/hirek\/files\/2021\/12\/RS143532_C19A8430-scr-1-400x267.jpg 400w, https:\/\/semmelweis.hu\/hirek\/files\/2021\/12\/RS143532_C19A8430-scr-1-900x600.jpg 900w, https:\/\/semmelweis.hu\/hirek\/files\/2021\/12\/RS143532_C19A8430-scr-1-768x512.jpg 768w, https:\/\/semmelweis.hu\/hirek\/files\/2021\/12\/RS143532_C19A8430-scr-1-753x502.jpg 753w, https:\/\/semmelweis.hu\/hirek\/files\/2021\/12\/RS143532_C19A8430-scr-1-203x135.jpg 203w, https:\/\/semmelweis.hu\/hirek\/files\/2021\/12\/RS143532_C19A8430-scr-1.jpg 1200w\" >\r\n        <\/a><\/div><\/span><span class=\"gallery-item\"><div class=\"hidden\"><a href=\"https:\/\/semmelweis.hu\/hirek\/files\/2021\/12\/RS143538_C19A8447-scr.jpg\">\r\n        <img src=https:\/\/semmelweis.hu\/hirek\/files\/2021\/12\/RS143538_C19A8447-scr.jpg alt=\"\" class=\"attachment-sote-gallery-big size-sote-gallery-big\" srcset=\"https:\/\/semmelweis.hu\/hirek\/files\/2021\/12\/RS143538_C19A8447-scr-400x267.jpg 400w, https:\/\/semmelweis.hu\/hirek\/files\/2021\/12\/RS143538_C19A8447-scr-900x600.jpg 900w, https:\/\/semmelweis.hu\/hirek\/files\/2021\/12\/RS143538_C19A8447-scr-768x512.jpg 768w, https:\/\/semmelweis.hu\/hirek\/files\/2021\/12\/RS143538_C19A8447-scr-753x502.jpg 753w, https:\/\/semmelweis.hu\/hirek\/files\/2021\/12\/RS143538_C19A8447-scr-203x135.jpg 203w, https:\/\/semmelweis.hu\/hirek\/files\/2021\/12\/RS143538_C19A8447-scr.jpg 1200w\" >\r\n        <\/a><\/div><\/span><span class=\"gallery-item\"><div class=\"hidden\"><a href=\"https:\/\/semmelweis.hu\/hirek\/files\/2021\/12\/RS143547_C19A8480-scr.jpg\">\r\n        <img src=https:\/\/semmelweis.hu\/hirek\/files\/2021\/12\/RS143547_C19A8480-scr.jpg alt=\"\" class=\"attachment-sote-gallery-big size-sote-gallery-big\" srcset=\"https:\/\/semmelweis.hu\/hirek\/files\/2021\/12\/RS143547_C19A8480-scr-400x267.jpg 400w, https:\/\/semmelweis.hu\/hirek\/files\/2021\/12\/RS143547_C19A8480-scr-900x600.jpg 900w, https:\/\/semmelweis.hu\/hirek\/files\/2021\/12\/RS143547_C19A8480-scr-768x512.jpg 768w, https:\/\/semmelweis.hu\/hirek\/files\/2021\/12\/RS143547_C19A8480-scr-753x502.jpg 753w, https:\/\/semmelweis.hu\/hirek\/files\/2021\/12\/RS143547_C19A8480-scr-203x135.jpg 203w, https:\/\/semmelweis.hu\/hirek\/files\/2021\/12\/RS143547_C19A8480-scr.jpg 1200w\" >\r\n        <\/a><\/div><\/span><span class=\"gallery-item\"><div class=\"hidden\"><a href=\"https:\/\/semmelweis.hu\/hirek\/files\/2021\/12\/RS143552_C19A8493-scr.jpg\">\r\n        <img src=https:\/\/semmelweis.hu\/hirek\/files\/2021\/12\/RS143552_C19A8493-scr.jpg alt=\"\" class=\"attachment-sote-gallery-big size-sote-gallery-big\" srcset=\"https:\/\/semmelweis.hu\/hirek\/files\/2021\/12\/RS143552_C19A8493-scr-400x267.jpg 400w, https:\/\/semmelweis.hu\/hirek\/files\/2021\/12\/RS143552_C19A8493-scr-900x600.jpg 900w, https:\/\/semmelweis.hu\/hirek\/files\/2021\/12\/RS143552_C19A8493-scr-768x512.jpg 768w, https:\/\/semmelweis.hu\/hirek\/files\/2021\/12\/RS143552_C19A8493-scr-753x502.jpg 753w, https:\/\/semmelweis.hu\/hirek\/files\/2021\/12\/RS143552_C19A8493-scr-203x135.jpg 203w, https:\/\/semmelweis.hu\/hirek\/files\/2021\/12\/RS143552_C19A8493-scr.jpg 1200w\" >\r\n        <\/a><\/div><\/span><span class=\"gallery-item\"><div class=\"hidden\"><a href=\"https:\/\/semmelweis.hu\/hirek\/files\/2021\/12\/RS143557_C19A8514-scr.jpg\">\r\n        <img src=https:\/\/semmelweis.hu\/hirek\/files\/2021\/12\/RS143557_C19A8514-scr.jpg alt=\"\" class=\"attachment-sote-gallery-big size-sote-gallery-big\" srcset=\"https:\/\/semmelweis.hu\/hirek\/files\/2021\/12\/RS143557_C19A8514-scr-400x267.jpg 400w, https:\/\/semmelweis.hu\/hirek\/files\/2021\/12\/RS143557_C19A8514-scr-900x600.jpg 900w, https:\/\/semmelweis.hu\/hirek\/files\/2021\/12\/RS143557_C19A8514-scr-768x512.jpg 768w, https:\/\/semmelweis.hu\/hirek\/files\/2021\/12\/RS143557_C19A8514-scr-753x502.jpg 753w, https:\/\/semmelweis.hu\/hirek\/files\/2021\/12\/RS143557_C19A8514-scr-203x135.jpg 203w, https:\/\/semmelweis.hu\/hirek\/files\/2021\/12\/RS143557_C19A8514-scr.jpg 1200w\" >\r\n        <\/a><\/div><\/span><span class=\"gallery-item\"><div class=\"hidden\"><a href=\"https:\/\/semmelweis.hu\/hirek\/files\/2021\/12\/RS143544_C19A8467-scr.jpg\">\r\n        <img src=https:\/\/semmelweis.hu\/hirek\/files\/2021\/12\/RS143544_C19A8467-scr.jpg alt=\"\" class=\"attachment-sote-gallery-big size-sote-gallery-big\" srcset=\"https:\/\/semmelweis.hu\/hirek\/files\/2021\/12\/RS143544_C19A8467-scr-400x267.jpg 400w, https:\/\/semmelweis.hu\/hirek\/files\/2021\/12\/RS143544_C19A8467-scr-900x600.jpg 900w, https:\/\/semmelweis.hu\/hirek\/files\/2021\/12\/RS143544_C19A8467-scr-768x512.jpg 768w, https:\/\/semmelweis.hu\/hirek\/files\/2021\/12\/RS143544_C19A8467-scr-753x502.jpg 753w, https:\/\/semmelweis.hu\/hirek\/files\/2021\/12\/RS143544_C19A8467-scr-203x135.jpg 203w, https:\/\/semmelweis.hu\/hirek\/files\/2021\/12\/RS143544_C19A8467-scr.jpg 1200w\" >\r\n        <\/a><\/div><\/span><span class=\"gallery-item\"><div class=\"hidden\"><a href=\"https:\/\/semmelweis.hu\/hirek\/files\/2021\/12\/RS143566_C19A8558-scr.jpg\">\r\n        <img src=https:\/\/semmelweis.hu\/hirek\/files\/2021\/12\/RS143566_C19A8558-scr.jpg alt=\"\" class=\"attachment-sote-gallery-big size-sote-gallery-big\" srcset=\"https:\/\/semmelweis.hu\/hirek\/files\/2021\/12\/RS143566_C19A8558-scr-400x267.jpg 400w, https:\/\/semmelweis.hu\/hirek\/files\/2021\/12\/RS143566_C19A8558-scr-900x600.jpg 900w, https:\/\/semmelweis.hu\/hirek\/files\/2021\/12\/RS143566_C19A8558-scr-768x512.jpg 768w, https:\/\/semmelweis.hu\/hirek\/files\/2021\/12\/RS143566_C19A8558-scr-753x502.jpg 753w, https:\/\/semmelweis.hu\/hirek\/files\/2021\/12\/RS143566_C19A8558-scr-203x135.jpg 203w, https:\/\/semmelweis.hu\/hirek\/files\/2021\/12\/RS143566_C19A8558-scr.jpg 1200w\" >\r\n        <\/a><\/div><\/span>\r\n            <\/div>\r\n\r\n            [\/slb_exclude]\r\n\t\n<p>D\u00e1vid Orsolya<br \/>\nFot\u00f3: Semmelweis Egyetem \u2013 Kov\u00e1cs Attila\u00a0<\/p>\n","protected":false},"excerpt":{"rendered":"<p>A koronav\u00edrussal fert\u0151z\u00f6tt sz\u00fcl\u0151k az inkub\u00e1torokba szerelt webkamera seg\u00edts\u00e9g\u00e9vel tarthatj\u00e1k a kapcsolatot gyermek\u00fckkel.<\/p>\n","protected":false},"author":101748,"featured_media":109936,"comment_status":"closed","ping_status":"closed","sticky":false,"template":"","format":"standard","meta":{"_acf_changed":false,"footnotes":""},"categories":[154,168],"tags":[4260],"class_list":["post-109921","post","type-post","status-publish","format-standard","has-post-thumbnail","hentry","category-egeszseg","category-kiemelt","tag-koronavirus-betegellatas"],"acf":[],"_links":{"self":[{"href":"https:\/\/semmelweis.hu\/hirek\/wp-json\/wp\/v2\/posts\/109921","targetHints":{"allow":["GET"]}}],"collection":[{"href":"https:\/\/semmelweis.hu\/hirek\/wp-json\/wp\/v2\/posts"}],"about":[{"href":"https:\/\/semmelweis.hu\/hirek\/wp-json\/wp\/v2\/types\/post"}],"author":[{"embeddable":true,"href":"https:\/\/semmelweis.hu\/hirek\/wp-json\/wp\/v2\/users\/101748"}],"replies":[{"embeddable":true,"href":"https:\/\/semmelweis.hu\/hirek\/wp-json\/wp\/v2\/comments?post=109921"}],"version-history":[{"count":7,"href":"https:\/\/semmelweis.hu\/hirek\/wp-json\/wp\/v2\/posts\/109921\/revisions"}],"predecessor-version":[{"id":109977,"href":"https:\/\/semmelweis.hu\/hirek\/wp-json\/wp\/v2\/posts\/109921\/revisions\/109977"}],"wp:featuredmedia":[{"embeddable":true,"href":"https:\/\/semmelweis.hu\/hirek\/wp-json\/wp\/v2\/media\/109936"}],"wp:attachment":[{"href":"https:\/\/semmelweis.hu\/hirek\/wp-json\/wp\/v2\/media?parent=109921"}],"wp:term":[{"taxonomy":"category","embeddable":true,"href":"https:\/\/semmelweis.hu\/hirek\/wp-json\/wp\/v2\/categories?post=109921"},{"taxonomy":"post_tag","embeddable":true,"href":"https:\/\/semmelweis.hu\/hirek\/wp-json\/wp\/v2\/tags?post=109921"}],"curies":[{"name":"wp","href":"https:\/\/api.w.org\/{rel}","templated":true}]}}