{"id":109631,"date":"2021-12-06T14:59:06","date_gmt":"2021-12-06T13:59:06","guid":{"rendered":"https:\/\/semmelweis.hu\/hirek\/?p=109631"},"modified":"2021-12-06T15:02:36","modified_gmt":"2021-12-06T14:02:36","slug":"dijakat-kaptak-az-egyetem-munkatarsai-es-hallgatoi-a-35-otdk-zaroulesen","status":"publish","type":"post","link":"https:\/\/semmelweis.hu\/hirek\/2021\/12\/06\/dijakat-kaptak-az-egyetem-munkatarsai-es-hallgatoi-a-35-otdk-zaroulesen\/","title":{"rendered":"D\u00edjakat kaptak az egyetem munkat\u00e1rsai \u00e9s hallgat\u00f3i a 35. OTDK z\u00e1r\u00f3\u00fcl\u00e9s\u00e9n"},"content":{"rendered":"<div class=\"lead\">A Semmelweis Egyetem k\u00e9t hallgat\u00f3ja, Kotmayer Lili \u00e9s B\u00e1tai Bence Pro Scientia Arany\u00e9rmet vehettek \u00e1t november 24-\u00e9n a 35. Orsz\u00e1gos Tudom\u00e1nyos Di\u00e1kk\u00f6ri Konferencia (OTDK) lez\u00e1r\u00e1sak\u00e9nt rendezett kit\u00fcntet\u00e9s \u00e1tad\u00f3 \u00fcnnepi \u00fcl\u00e9sen. A rendezv\u00e9nyen Mestertan\u00e1r Arany\u00e9rmet kapott dr. Szij\u00e1rt\u00f3 Attila, a Tudom\u00e1nyos Di\u00e1kk\u00f6ri Tan\u00e1csa (TDT) eln\u00f6ke, a Seb\u00e9szeti, Transzplant\u00e1ci\u00f3s \u00e9s Gasztroenterol\u00f3giai Klinika igazgat\u00f3ja, valamint dr. Radovits Tam\u00e1s, a Tudom\u00e1nyos Di\u00e1kk\u00f6ri Tan\u00e1csa (TDT) aleln\u00f6ke, a Kardiol\u00f3giai Tansz\u00e9k egyetemi tan\u00e1ra.<\/div>\n<p>Az Orsz\u00e1gos Tudom\u00e1nyos Di\u00e1kk\u00f6ri Tan\u00e1cs (OTDT) \u00fcnnepi z\u00e1r\u00f3\u00fcl\u00e9s\u00e9t a Magyar Tudom\u00e1nyos Akad\u00e9mia (MTA) D\u00edszterm\u00e9ben rendezt\u00e9k meg november 24-\u00e9n, ahol Orvos- \u00e9s Eg\u00e9szs\u00e9gtudom\u00e1nyi Szekci\u00f3ban Pro Scientia Arany\u00e9rmet vehetett \u00e1t az \u00c1ltal\u00e1nos Orvostudom\u00e1nyi Kar k\u00e9t hallgat\u00f3ja, Kotmayer Lili \u00e9s B\u00e1tai Bence. A Pro Scientia \u00e9s Pro Arte Arany\u00e9rmekre azok a hallgat\u00f3k p\u00e1ly\u00e1zhatnak, akik az OTDK-n tagozati els\u0151 helyez\u00e9st \u00e9rtek el.<\/p>\n<p>Az OTDT 49 Mestertan\u00e1r Arany\u00e9rmet is oda\u00edt\u00e9lt azoknak az oktat\u00f3knak, akik munk\u00e1ja jelent\u0151sen hozz\u00e1j\u00e1rult a tudom\u00e1nyos di\u00e1kk\u00f6ri tev\u00e9kenys\u00e9g \u00e9s az abban r\u00e9szt vev\u0151 hallgat\u00f3k siker\u00e9hez. A kit\u00fcntet\u00e9sre az int\u00e9zm\u00e9nyek jel\u00f6lhetik azokat, akik hosszabb ideje seg\u00edtik a fiatal kutat\u00f3k munk\u00e1j\u00e1t. 2021-ben 90 Mestertan\u00e1r jel\u00f6l\u00e9s \u00e9rkezett 19 int\u00e9zm\u00e9nyb\u0151l. A szakmai bizotts\u00e1gok \u00e1ltal felterjesztett 64 jel\u00f6ltb\u0151l 49-en kapj\u00e1k meg 2021-ben az elismer\u00e9st, k\u00f6zt\u00fck dr. Szij\u00e1rt\u00f3 Attila, a Tudom\u00e1nyos Di\u00e1kk\u00f6ri Tan\u00e1cs (TDT) eln\u00f6ke, a Seb\u00e9szeti, Transzplant\u00e1ci\u00f3s \u00e9s Gasztroenterol\u00f3giai Klinika igazgat\u00f3ja, valamint dr. Radovits Tam\u00e1s, a Tudom\u00e1nyos Di\u00e1kk\u00f6ri Tan\u00e1cs (TDT) aleln\u00f6ke, a Kardiol\u00f3giai Tansz\u00e9k egyetemi tan\u00e1ra.<\/p>\n<p>Az \u00fcnneps\u00e9gen \u00e1tadt\u00e1k a Honoris Causa Pro Scientia Arany\u00e9rmet, a Kommunik\u00e1ci\u00f3s D\u00edjat, a M\u00e1ri\u00e1s Antal Eml\u00e9k\u00e9rmet, valamint kiosztott\u00e1k az OTDT \u00dcgyvezet\u0151 Eln\u00f6ks\u00e9g\u00e9nek a TDK-t t\u00e1mogat\u00f3, kiemelked\u0151 munk\u00e1ss\u00e1got elismer\u0151 kit\u00fcntet\u00e9st, a mozgalom szimb\u00f3lum\u00e1t megjelen\u00edt\u0151 OTDT Arany Kit\u0171z\u0151ket is.<\/p>\n<p>B\u00f3di Bernadett<br \/>\nKiemelt k\u00e9p (illusztr\u00e1ci\u00f3): Kov\u00e1cs Attila &#8211; Semmelweis Egyetem<\/p>\n<p>&nbsp;<\/p>\n","protected":false},"excerpt":{"rendered":"<p>A rendezv\u00e9ny keret\u00e9ben Mestertan\u00e1r, illetve Pro Scientia Arany\u00e9rmeket vehettek \u00e1t.<\/p>\n","protected":false},"author":101282,"featured_media":109698,"comment_status":"closed","ping_status":"closed","sticky":false,"template":"","format":"standard","meta":{"_acf_changed":false,"footnotes":""},"categories":[3533,168],"tags":[158],"class_list":["post-109631","post","type-post","status-publish","format-standard","has-post-thumbnail","hentry","category-hallgatok-oktatas","category-kiemelt","tag-dijak-kituntetesek"],"acf":[],"_links":{"self":[{"href":"https:\/\/semmelweis.hu\/hirek\/wp-json\/wp\/v2\/posts\/109631","targetHints":{"allow":["GET"]}}],"collection":[{"href":"https:\/\/semmelweis.hu\/hirek\/wp-json\/wp\/v2\/posts"}],"about":[{"href":"https:\/\/semmelweis.hu\/hirek\/wp-json\/wp\/v2\/types\/post"}],"author":[{"embeddable":true,"href":"https:\/\/semmelweis.hu\/hirek\/wp-json\/wp\/v2\/users\/101282"}],"replies":[{"embeddable":true,"href":"https:\/\/semmelweis.hu\/hirek\/wp-json\/wp\/v2\/comments?post=109631"}],"version-history":[{"count":5,"href":"https:\/\/semmelweis.hu\/hirek\/wp-json\/wp\/v2\/posts\/109631\/revisions"}],"predecessor-version":[{"id":109726,"href":"https:\/\/semmelweis.hu\/hirek\/wp-json\/wp\/v2\/posts\/109631\/revisions\/109726"}],"wp:featuredmedia":[{"embeddable":true,"href":"https:\/\/semmelweis.hu\/hirek\/wp-json\/wp\/v2\/media\/109698"}],"wp:attachment":[{"href":"https:\/\/semmelweis.hu\/hirek\/wp-json\/wp\/v2\/media?parent=109631"}],"wp:term":[{"taxonomy":"category","embeddable":true,"href":"https:\/\/semmelweis.hu\/hirek\/wp-json\/wp\/v2\/categories?post=109631"},{"taxonomy":"post_tag","embeddable":true,"href":"https:\/\/semmelweis.hu\/hirek\/wp-json\/wp\/v2\/tags?post=109631"}],"curies":[{"name":"wp","href":"https:\/\/api.w.org\/{rel}","templated":true}]}}