{"id":109592,"date":"2021-12-01T06:00:57","date_gmt":"2021-12-01T05:00:57","guid":{"rendered":"https:\/\/semmelweis.hu\/hirek\/?p=109592"},"modified":"2021-12-01T14:28:52","modified_gmt":"2021-12-01T13:28:52","slug":"az-autizmus-terapias-lehetosegeinek-javitasara-indult-vizsgalat-a-semmelweis-egyetemen","status":"publish","type":"post","link":"https:\/\/semmelweis.hu\/hirek\/2021\/12\/01\/az-autizmus-terapias-lehetosegeinek-javitasara-indult-vizsgalat-a-semmelweis-egyetemen\/","title":{"rendered":"Az autizmus ter\u00e1pi\u00e1s lehet\u0151s\u00e9geinek jav\u00edt\u00e1s\u00e1ra indult vizsg\u00e1lat a Semmelweis Egyetemen"},"content":{"rendered":"<div class=\"lead\">A Semmelweis Egyetem Pszichi\u00e1triai \u00e9s Pszichoter\u00e1pi\u00e1s Klinik\u00e1j\u00e1nak kutat\u00f3i az autizmus spektrum zavar pszichol\u00f3giai \u00e9s neurobiol\u00f3giai alapjainak jobb meg\u00e9rt\u00e9s\u00e9t \u00e9s a ter\u00e1pi\u00e1s lehet\u0151s\u00e9gek jav\u00edt\u00e1s\u00e1t t\u0171zt\u00e9k ki c\u00e9lul. Ennek jegy\u00e9ben egy elektronenkefalogr\u00e1fi\u00e1s (EEG) vizsg\u00e1lathoz \u00e9s egy online k\u00e9rd\u0151\u00edves felm\u00e9r\u00e9shez v\u00e1rj\u00e1k autizmussal \u00e9rintett \u00e9s neurotipikus, vagyis szok\u00e1sos m\u00f3don fejl\u0151d\u0151 idegrendszer\u0171 szem\u00e9lyek jelentkez\u00e9s\u00e9t.<\/div>\n<p>A 32 \u00e9ves P\u00e9ternek mindig neh\u00e9zs\u00e9get okozott, hogy bar\u00e1tokat tal\u00e1ljon, oszt\u00e1lyt\u00e1rsai k\u00f6z\u00f6tt soha nem \u00e9rezte j\u00f3l mag\u00e1t, munkahely\u00e9n sem ment a beilleszked\u00e9s, p\u00e1rkapcsolata pedig m\u00e9g nem volt. Szorong\u00e1sos panaszai miatt fordult pszichol\u00f3gushoz, de a kezel\u00e9s nem hozta meg a v\u00e1rt eredm\u00e9nyt, ez\u00e9rt a szakember tan\u00e1cs\u00e1ra kivizsg\u00e1l\u00e1son vett r\u00e9szt, amely sor\u00e1n autizmus spektrum zavart \u00e9s depresszi\u00f3t \u00e1llap\u00edtottak meg n\u00e1la. Ezut\u00e1n \u00fajabb neh\u00e9zs\u00e9gekkel szembes\u00fclt, ugyanis a diagn\u00f3zisok birtok\u00e1ban sem volt vil\u00e1gos, hogy milyen seg\u00edts\u00e9get is kaphatna probl\u00e9m\u00e1ira.<\/p>\n<p>Jelenlegi tud\u00e1sunk szerint az autizmus spektrum zavar az idegrendszer szok\u00e1sost\u00f3l elt\u00e9r\u0151 fejl\u0151d\u00e9se k\u00f6vetkezt\u00e9ben alakul ki, a lakoss\u00e1g 1-2 sz\u00e1zal\u00e9k\u00e1t \u00e9rinti, \u00e9s gyakran t\u00e1rsul szorong\u00e1ssal, depresszi\u00f3val vagy m\u00e1s pszich\u00e9s betegs\u00e9gekkel. Az autizmussal kapcsolatos szeml\u00e9let v\u00e1ltoz\u00e1sa miatt ma m\u00e1r sokan vannak, akikn\u00e9l az enyh\u00e9bb t\u00fcnetek \u00e9s a j\u00f3 besz\u00e9dk\u00e9szs\u00e9g miatt csak feln\u0151ttkorban der\u00fcl ki, hogy a \u201espektrumon vannak\u201d. Az \u0151 eset\u00fckben a gy\u00f3gypedag\u00f3giai fejleszt\u00e9s \u00f6nmag\u00e1ban nem mindig c\u00e9lravezet\u0151 \u00e9s \u00e1ltal\u00e1ban nem is el\u00e9rhet\u0151. Az \u00e9rzelmi t\u00fcnetek felm\u00e9r\u00e9s\u00e9t \u00e9s kezel\u00e9s\u00e9t azonban gyakran neh\u00e9zz\u00e9 teszi, hogy az autizmussal \u00e9l\u0151k nem mindig tudj\u00e1k felismerni \u00e9s elmondani saj\u00e1t \u00e9rzelmi \u00e1llapotukat. \u00a0A Semmelweis Egyetem Pszichi\u00e1triai \u00e9s Pszichoter\u00e1pi\u00e1s Klinik\u00e1j\u00e1nak kutat\u00f3i az autizmus spektrum zavar pszichol\u00f3giai \u00e9s neurobiol\u00f3giai alapjainak jobb meg\u00e9rt\u00e9s\u00e9t \u00e9s ennek seg\u00edts\u00e9g\u00e9vel a ter\u00e1pi\u00e1s lehet\u0151s\u00e9gek jav\u00edt\u00e1s\u00e1t t\u0171zt\u00e9k ki c\u00e9lul, \u00e9s vizsg\u00e1lataikba r\u00e9sztvev\u0151k jelentkez\u00e9s\u00e9t v\u00e1rj\u00e1k.<a href=\"https:\/\/semmelweis.hu\/hirek\/files\/2021\/11\/RS30700_KA-20150303-IMG_6683-eeg-scr.jpg\"><img loading=\"lazy\" decoding=\"async\" class=\"aligncenter wp-image-109593 size-full\" src=\"https:\/\/semmelweis.hu\/hirek\/files\/2021\/11\/RS30700_KA-20150303-IMG_6683-eeg-scr.jpg\" alt=\"\" width=\"950\" height=\"633\" srcset=\"https:\/\/semmelweis.hu\/hirek\/files\/2021\/11\/RS30700_KA-20150303-IMG_6683-eeg-scr.jpg 950w, https:\/\/semmelweis.hu\/hirek\/files\/2021\/11\/RS30700_KA-20150303-IMG_6683-eeg-scr-400x267.jpg 400w, https:\/\/semmelweis.hu\/hirek\/files\/2021\/11\/RS30700_KA-20150303-IMG_6683-eeg-scr-900x600.jpg 900w, https:\/\/semmelweis.hu\/hirek\/files\/2021\/11\/RS30700_KA-20150303-IMG_6683-eeg-scr-768x512.jpg 768w, https:\/\/semmelweis.hu\/hirek\/files\/2021\/11\/RS30700_KA-20150303-IMG_6683-eeg-scr-753x502.jpg 753w, https:\/\/semmelweis.hu\/hirek\/files\/2021\/11\/RS30700_KA-20150303-IMG_6683-eeg-scr-203x135.jpg 203w\" sizes=\"auto, (max-width: 950px) 100vw, 950px\" \/><\/a>A kutat\u00f3csoport, melynek vezet\u0151i dr. Czobor P\u00e1l, a Pszichi\u00e1triai \u00e9s Pszichoter\u00e1pi\u00e1s Klinika egyetemi docense \u00e9s dr. Kakuszi Brigitta, a klinika tudom\u00e1nyos munkat\u00e1rsa nemzetk\u00f6zi viszonylatban is \u00fatt\u00f6r\u0151nek sz\u00e1m\u00edt\u00f3 m\u00f3dszer seg\u00edts\u00e9g\u00e9vel k\u00e9t r\u00e9sztvev\u0151 agyi tev\u00e9kenys\u00e9g\u00e9t regisztr\u00e1lj\u00e1k egy id\u0151ben. Vizsg\u00e1latukban egy-egy autista \u00e9s neurotipikus (\u00edgy nevezik azt, akinek szok\u00e1sos m\u00f3don fejl\u0151dik az idegrendszere) szem\u00e9ly egym\u00e1st\u00f3l elv\u00e1lasztva, de egy id\u0151ben sz\u00e1m\u00edt\u00f3g\u00e9pes feladatokat old meg, mik\u00f6zben visszajelz\u00e9st kapnak egym\u00e1s teljes\u00edtm\u00e9ny\u00e9r\u0151l. Agyi tev\u00e9kenys\u00e9g\u00fcket k\u00e9t, egyenk\u00e9nt 256 csatorn\u00e1s EEG r\u00f6gz\u00edti (a m\u00f3dszer teljesen f\u00e1jdalommentes). A vizsg\u00e1lat v\u00e1rhat\u00f3 eredm\u00e9nyei, azon t\u00fal, hogy az autizmusban \u00e9szlelhet\u0151 t\u00e1rsas megismer\u00e9si neh\u00e9zs\u00e9gek biol\u00f3giai h\u00e1tter\u00e9nek jobb meg\u00e9rt\u00e9s\u00e9t seg\u00edtik, hozz\u00e1j\u00e1rulhatnak ezen neh\u00e9zs\u00e9gek neurofeedback (a neur\u00e1lis tev\u00e9kenys\u00e9g visszajelz\u00e9s\u00e9n alapul\u00f3) kezel\u00e9si m\u00f3dszereinek kidolgoz\u00e1s\u00e1hoz is. <br \/>\nA vizsg\u00e1lathoz 2022. j\u00fanius 30-ig lehet csatlakozni. \u00c9rdekl\u0151dni, illetve jelentkezni az al\u00e1bbi email c\u00edmen lehet: kakuszi.brigitta@med.semmelweis-univ.hu.<\/p>\n<p>A Pszichi\u00e1triai \u00e9s Pszichoter\u00e1pi\u00e1s Klinika m\u00e1sik vizsg\u00e1lat\u00e1ban dr. Farkas Kinga adjunktus \u00e9s kutat\u00f3csoportja online k\u00e9rd\u0151\u00edves felm\u00e9r\u00e9s\u00fckh\u00f6z v\u00e1rj\u00e1k nagysz\u00e1m\u00fa neurotipikus, autista \u00e9s \u00f6nmagukn\u00e1l autizmust felt\u00e9telez\u0151 szem\u00e9ly jelentkez\u00e9s\u00e9t 2022. janu\u00e1r v\u00e9g\u00e9ig. Vizsg\u00e1latukban olyan k\u00e9rd\u0151\u00edvcsomag \u00f6ssze\u00e1ll\u00edt\u00e1s\u00e1t tervezik, aminek a napi rutinba val\u00f3 bevezet\u00e9se el\u0151seg\u00edten\u00e9 az autizmushoz gyakran t\u00e1rsul\u00f3 ment\u00e1lis betegs\u00e9gek (pl. depresszi\u00f3, szorong\u00e1s) felismer\u00e9s\u00e9t \u00e9s hat\u00e9kony gy\u00f3gyszeres vagy pszichoter\u00e1pi\u00e1s kezel\u00e9s\u00e9t.\u00a0 A felm\u00e9r\u00e9s emellett a t\u00e1rsas kapcsolatokra, valamint \u00f6nmagunk \u00e9s a k\u00fclvil\u00e1g \u00e9rz\u00e9kel\u00e9s\u00e9nek saj\u00e1toss\u00e1gaira vonatkoz\u00f3 k\u00e9rd\u00e9seket is tartalmaz, mely az \u00e1llapot jobb meg\u00e9rt\u00e9s\u00e9ben \u00e9s az \u00e9rintettek hat\u00e9konyabb t\u00e1mogat\u00e1s\u00e1ban ny\u00fajthat t\u00e1mpontot a szakemberek sz\u00e1m\u00e1ra. <br \/>\nA k\u00e9rd\u0151\u00edv ide kattintva \u00e9rhet\u0151 el. <a href=\"https:\/\/autizmuskutatas2021.formr.org\/\">https:\/\/autizmuskutatas2021.formr.org\/<\/a><\/p>\n<p>Dr. Szuromi B\u00e1lint, Pszichi\u00e1triai \u00e9s Pszichoter\u00e1pi\u00e1s Klinika<br \/>\nFot\u00f3: Kov\u00e1cs Attila &#8211;\u00a0 Semmelweis Egyetem (illusztr\u00e1ci\u00f3)<\/p>\n","protected":false},"excerpt":{"rendered":"<p>A c\u00e9l az autizmus spektrum zavar pszichol\u00f3giai \u00e9s neurobiol\u00f3giai alapjainak jobb meg\u00e9rt\u00e9se, a ter\u00e1pi\u00e1s lehet\u0151s\u00e9gek jav\u00edt\u00e1sa.<\/p>\n","protected":false},"author":101751,"featured_media":109593,"comment_status":"closed","ping_status":"closed","sticky":false,"template":"","format":"standard","meta":{"_acf_changed":false,"footnotes":""},"categories":[154,168],"tags":[],"class_list":["post-109592","post","type-post","status-publish","format-standard","has-post-thumbnail","hentry","category-egeszseg","category-kiemelt"],"acf":[],"_links":{"self":[{"href":"https:\/\/semmelweis.hu\/hirek\/wp-json\/wp\/v2\/posts\/109592","targetHints":{"allow":["GET"]}}],"collection":[{"href":"https:\/\/semmelweis.hu\/hirek\/wp-json\/wp\/v2\/posts"}],"about":[{"href":"https:\/\/semmelweis.hu\/hirek\/wp-json\/wp\/v2\/types\/post"}],"author":[{"embeddable":true,"href":"https:\/\/semmelweis.hu\/hirek\/wp-json\/wp\/v2\/users\/101751"}],"replies":[{"embeddable":true,"href":"https:\/\/semmelweis.hu\/hirek\/wp-json\/wp\/v2\/comments?post=109592"}],"version-history":[{"count":4,"href":"https:\/\/semmelweis.hu\/hirek\/wp-json\/wp\/v2\/posts\/109592\/revisions"}],"predecessor-version":[{"id":109613,"href":"https:\/\/semmelweis.hu\/hirek\/wp-json\/wp\/v2\/posts\/109592\/revisions\/109613"}],"wp:featuredmedia":[{"embeddable":true,"href":"https:\/\/semmelweis.hu\/hirek\/wp-json\/wp\/v2\/media\/109593"}],"wp:attachment":[{"href":"https:\/\/semmelweis.hu\/hirek\/wp-json\/wp\/v2\/media?parent=109592"}],"wp:term":[{"taxonomy":"category","embeddable":true,"href":"https:\/\/semmelweis.hu\/hirek\/wp-json\/wp\/v2\/categories?post=109592"},{"taxonomy":"post_tag","embeddable":true,"href":"https:\/\/semmelweis.hu\/hirek\/wp-json\/wp\/v2\/tags?post=109592"}],"curies":[{"name":"wp","href":"https:\/\/api.w.org\/{rel}","templated":true}]}}