{"id":108608,"date":"2021-11-10T09:21:47","date_gmt":"2021-11-10T08:21:47","guid":{"rendered":"https:\/\/semmelweis.hu\/hirek\/?p=108608"},"modified":"2021-11-10T10:01:02","modified_gmt":"2021-11-10T09:01:02","slug":"uj-csucskategorias-keszulekek-segiti-a-betegellatast-az-orvosi-kepalkoto-klinikan","status":"publish","type":"post","link":"https:\/\/semmelweis.hu\/hirek\/2021\/11\/10\/uj-csucskategorias-keszulekek-segiti-a-betegellatast-az-orvosi-kepalkoto-klinikan\/","title":{"rendered":"\u00daj, cs\u00facskateg\u00f3ri\u00e1s k\u00e9sz\u00fcl\u00e9kek seg\u00edtik a betegell\u00e1t\u00e1st az Orvosi K\u00e9palkot\u00f3 Klinik\u00e1n"},"content":{"rendered":"<div class=\"lead\">K\u00e9t, mesters\u00e9ges intelligencia alkalmaz\u00e1sokkal ell\u00e1tott r\u00f6ntgenberendez\u00e9ssel, egy \u00faj, a legmodernebb eml\u0151diagnosztik\u00e1t biztos\u00edt\u00f3 mammogr\u00e1fi\u00e1s k\u00e9sz\u00fcl\u00e9kkel, valamint egy DSA (digit\u00e1lis szubtrakci\u00f3s angiogr\u00e1fia) laborat\u00f3riummal b\u0151v\u00fclt a k\u00f6zelm\u00faltban az Orvosi K\u00e9palkot\u00f3 Klinika (OKK). A t\u00f6bb sz\u00e1zmilli\u00f3 forint \u00e9rt\u00e9k\u0171 fejleszt\u00e9st bej\u00e1r\u00e1s keret\u00e9ben tekintette meg dr. Merkely B\u00e9la rektor, dr. Szab\u00f3 Attila klinikai rektorhelyettes, dr. Pavlik L\u00edvia kancell\u00e1r, valamint t\u00f6bb m\u00e1s egyetemi vezet\u0151 dr. Maurovich Horvat P\u00e1l klinikaigazgat\u00f3 vezet\u00e9s\u00e9vel.<\/div>\n<p><a href=\"https:\/\/semmelweis.hu\/hirek\/files\/2021\/11\/RS141767_C19A8866-scr.jpg\"><img loading=\"lazy\" decoding=\"async\" class=\"alignleft size-medium wp-image-108609\" src=\"https:\/\/semmelweis.hu\/hirek\/files\/2021\/11\/RS141767_C19A8866-scr-400x267.jpg\" alt=\"\" width=\"400\" height=\"267\" srcset=\"https:\/\/semmelweis.hu\/hirek\/files\/2021\/11\/RS141767_C19A8866-scr-400x267.jpg 400w, https:\/\/semmelweis.hu\/hirek\/files\/2021\/11\/RS141767_C19A8866-scr-900x600.jpg 900w, https:\/\/semmelweis.hu\/hirek\/files\/2021\/11\/RS141767_C19A8866-scr-768x512.jpg 768w, https:\/\/semmelweis.hu\/hirek\/files\/2021\/11\/RS141767_C19A8866-scr-753x502.jpg 753w, https:\/\/semmelweis.hu\/hirek\/files\/2021\/11\/RS141767_C19A8866-scr-203x135.jpg 203w, https:\/\/semmelweis.hu\/hirek\/files\/2021\/11\/RS141767_C19A8866-scr.jpg 1200w\" sizes=\"auto, (max-width: 400px) 100vw, 400px\" \/><\/a>\u201eEgy komprehenz\u00edv k\u00e9palkot\u00f3 diagnosztikai k\u00f6zpont j\u00f6tt l\u00e9tre az Orvosi K\u00e9palkot\u00f3 Klinik\u00e1n dr. Maurovich Horvat P\u00e1l vezet\u00e9s\u00e9vel az elm\u00falt k\u00e9t \u00e9v alatt\u201d \u2013 emelte ki a bej\u00e1r\u00e1s sor\u00e1n dr. Merkely B\u00e9la rektor. Hozz\u00e1tette: az elm\u00falt h\u00f3napokban mintegy 600 milli\u00f3 forint \u00e9rt\u00e9k\u0171 fejleszt\u00e9s t\u00f6rt\u00e9nt a klinik\u00e1n, a radiol\u00f3gia nemzetk\u00f6zi napj\u00e1ra szervezett l\u00e1togat\u00e1son ennek egyes elemeit tekintett\u00e9k meg. A rektornak, dr. Szab\u00f3 Attila klinikai rektorhelyettesnek, Klinikai K\u00f6zpont eln\u00f6knek, dr. Pavlik L\u00edvia kancell\u00e1rnak, valamint t\u00f6bb m\u00e1s egyetemi vezet\u0151nek dr. Maurovich Horvat P\u00e1l klinikaigazgat\u00f3 mutatta be az \u00fajgener\u00e1ci\u00f3s r\u00f6ntgenberendez\u00e9seket, a mammogr\u00e1fi\u00e1s k\u00e9sz\u00fcl\u00e9ket, valamint a d\u00f6nt\u0151en onkol\u00f3giai t\u00edpus\u00fa intervenci\u00f3kra specializ\u00e1l\u00f3dott DSA-labort.\u00a0 \u00a0\u00a0<\/p>\n<p>A vil\u00e1gon az els\u0151k k\u00f6z\u00f6tt a Semmelweis Egyetem Orvosi K\u00e9palkot\u00f3 Klinik\u00e1j\u00e1n \u00e9rhet\u0151 el az a k\u00e9t \u00faj r\u00f6ntgenk\u00e9sz\u00fcl\u00e9k, amely mesters\u00e9ges intelligencia alkalmaz\u00e1s\u00e1val jelenleg nyolc k\u00fcl\u00f6nb\u00f6z\u0151 t\u00fcd\u0151elv\u00e1ltoz\u00e1st k\u00e9pes automatikusan azonos\u00edtani a mellkasr\u00f6ntgen-felv\u00e9teleken.<\/p>\n<blockquote>\n<p>A mesters\u00e9ges intelligenci\u00e1val t\u00e1mogatott k\u00e9palkot\u00e1s gyorsabb \u00e9s pontosabb leletez\u00e9st tesz lehet\u0151v\u00e9, \u00e9s ezzel egyid\u0151ben cs\u00f6kkenti a radiol\u00f3guskoll\u00e9g\u00e1k munkaterhel\u00e9s\u00e9t<\/p>\n<\/blockquote>\n<p>\u2013 emelte ki dr. Maurovich Horvat P\u00e1l.<\/p>\n<p>Az \u00faj r\u00f6ntgenk\u00e9sz\u00fcl\u00e9kek k\u00e9pesek nagy sebess\u00e9ggel t\u00f6bb felv\u00e9telb\u0151l \u00f6sszef\u0171z\u00f6tt k\u00e9pek k\u00e9sz\u00edt\u00e9s\u00e9re, amellyel a teljes gerinc egy k\u00e9pen elemezhet\u0151, valamint t\u00f6bb felv\u00e9telb\u0151l \u00e1ll\u00f3 h\u00e1romdimenzi\u00f3s, \u00fagynevezett tomoszint\u00e9zis (r\u00e9tegfelv\u00e9tel) vizsg\u00e1latokra is lehet\u0151s\u00e9g ny\u00edlik. A hagyom\u00e1nyos r\u00f6ntgenk\u00e9pek mellett kett\u0151s energi\u00e1j\u00fa k\u00e9pek is k\u00e9sz\u00edthet\u0151k, vagyis a l\u00e1gyr\u00e9szek \u00e9s a csontszerkezet elk\u00fcl\u00f6n\u00edt\u00e9s\u00e9t, azok pontosabb meg\u00edt\u00e9l\u00e9s\u00e9t is seg\u00edtik \u2013 ismertette dr. Gyebn\u00e1r J\u00e1nos, az OKK Radiol\u00f3gia Tansz\u00e9k klinikai f\u0151orvosa. Hozz\u00e1tette, az \u00faj r\u00f6ntgenk\u00e9sz\u00fcl\u00e9kek speci\u00e1lis szoftvere (Thoracic Care Suite) r\u00e9v\u00e9n sz\u00e1mos t\u00fcd\u0151elv\u00e1ltoz\u00e1st k\u00e9pesek automatikusan felismerni a mellkasfelv\u00e9teleken, k\u00f6zt\u00fck p\u00e9ld\u00e1ul a t\u00fcd\u0151daganatokat, meszesed\u00e9seket, fibr\u00f3zist vagy ak\u00e1r a mellkasi folyad\u00e9kgy\u00fclemet. Ez a szoftver Eur\u00f3p\u00e1ban, klinikai k\u00f6rnyezetben els\u0151k\u00e9nt a Semmelweis Egyetem OKK-n m\u0171k\u00f6dik.<\/p>\n\r\n        [slb_exclude]\r\n        <div class=\"row galeria-wrapper mx-0 h-auto\">\r\n            <div class=\"col-9 pl-0 pr-2\">\r\n            <span class=\"gallery-item frame\">\r\n\t\t\t\t<div class=\"galeria-left-img\"><a href=\"https:\/\/semmelweis.hu\/hirek\/files\/2021\/11\/RS141782_C19A8932-scr.jpg\"><img src=https:\/\/semmelweis.hu\/hirek\/files\/2021\/11\/RS141782_C19A8932-scr.jpg  \r\n                            alt=\"\" \r\n                            class=\"attachment-sote-gallery-big size-sote-gallery-big\" \r\n                            srcset=\"https:\/\/semmelweis.hu\/hirek\/files\/2021\/11\/RS141782_C19A8932-scr-400x267.jpg 400w, https:\/\/semmelweis.hu\/hirek\/files\/2021\/11\/RS141782_C19A8932-scr-900x600.jpg 900w, https:\/\/semmelweis.hu\/hirek\/files\/2021\/11\/RS141782_C19A8932-scr-768x512.jpg 768w, https:\/\/semmelweis.hu\/hirek\/files\/2021\/11\/RS141782_C19A8932-scr-753x502.jpg 753w, https:\/\/semmelweis.hu\/hirek\/files\/2021\/11\/RS141782_C19A8932-scr-203x135.jpg 203w, https:\/\/semmelweis.hu\/hirek\/files\/2021\/11\/RS141782_C19A8932-scr.jpg 1200w\" ><\/a><\/div>\r\n            <\/span>\r\n\r\n            <\/div>\r\n\r\n\t\t\t<div class=\"col-3 pl-0 pr-0\">\r\n\t\t\t\t<div class=\"galeria-right-img d-flex justify-content-between flex-column h-100 w-100 px-0 mx-0 \">\r\n                <div class=\"galeria-box\">\r\n\t\t\t\t\t<h3 class=\"galeria-title\">Gal\u00e9ria<\/h3>\r\n\t\t\t\t\t<div class=\"galeria-subtitle\">\r\n\r\n\t\t\t\t\t\t<div class=\"galeria-page-counter\"><span>9<\/span>k\u00e9p<\/div>\r\n                    <\/div> <\/div>\r\n                    <span class=\"gallery-item frame d-none d-md-flex\">\r\n\t\t\t\t\t<div class=\"galeria-small-img mt-0\"><a href=\"https:\/\/semmelweis.hu\/hirek\/files\/2021\/11\/RS141756_C19A8830-scr.jpg\"><img src=https:\/\/semmelweis.hu\/hirek\/files\/2021\/11\/RS141756_C19A8830-scr.jpg \r\n                                alt=\"\"  \r\n                                class=\"attachment-sote-gallery-small size-sote-gallery-small\" \r\n                                srcset=\"https:\/\/semmelweis.hu\/hirek\/files\/2021\/11\/RS141756_C19A8830-scr-400x267.jpg 400w, https:\/\/semmelweis.hu\/hirek\/files\/2021\/11\/RS141756_C19A8830-scr-900x600.jpg 900w, https:\/\/semmelweis.hu\/hirek\/files\/2021\/11\/RS141756_C19A8830-scr-768x512.jpg 768w, https:\/\/semmelweis.hu\/hirek\/files\/2021\/11\/RS141756_C19A8830-scr-753x502.jpg 753w, https:\/\/semmelweis.hu\/hirek\/files\/2021\/11\/RS141756_C19A8830-scr-203x135.jpg 203w, https:\/\/semmelweis.hu\/hirek\/files\/2021\/11\/RS141756_C19A8830-scr.jpg 1200w\" ><\/a><\/div>\r\n                    <\/span>\r\n                    <span class=\"gallery-item frame d-none d-md-flex\">\r\n\t\t\t\t\t<div class=\"galeria-small-img mt-0\"><a href=\"https:\/\/semmelweis.hu\/hirek\/files\/2021\/11\/RS141757_C19A8832-scr.jpg\"><img src=https:\/\/semmelweis.hu\/hirek\/files\/2021\/11\/RS141757_C19A8832-scr.jpg \r\n                                alt=\"\" \r\n                                class=\"attachment-sote-gallery-small size-sote-gallery-small\" \r\n                                srcset=\"https:\/\/semmelweis.hu\/hirek\/files\/2021\/11\/RS141757_C19A8832-scr-400x267.jpg 400w, https:\/\/semmelweis.hu\/hirek\/files\/2021\/11\/RS141757_C19A8832-scr-900x600.jpg 900w, https:\/\/semmelweis.hu\/hirek\/files\/2021\/11\/RS141757_C19A8832-scr-768x512.jpg 768w, https:\/\/semmelweis.hu\/hirek\/files\/2021\/11\/RS141757_C19A8832-scr-753x502.jpg 753w, https:\/\/semmelweis.hu\/hirek\/files\/2021\/11\/RS141757_C19A8832-scr-203x135.jpg 203w, https:\/\/semmelweis.hu\/hirek\/files\/2021\/11\/RS141757_C19A8832-scr.jpg 1200w\" ><\/a><\/div>\r\n                    <\/span>\r\n\r\n                <\/div>\r\n\r\n            <\/div>\r\n\r\n            <span class=\"gallery-item\"><div class=\"hidden\"><a href=\"https:\/\/semmelweis.hu\/hirek\/files\/2021\/11\/RS141759_C19A8835-scr.jpg\">\r\n        <img src=https:\/\/semmelweis.hu\/hirek\/files\/2021\/11\/RS141759_C19A8835-scr.jpg alt=\"\" class=\"attachment-sote-gallery-big size-sote-gallery-big\" srcset=\"https:\/\/semmelweis.hu\/hirek\/files\/2021\/11\/RS141759_C19A8835-scr-400x267.jpg 400w, https:\/\/semmelweis.hu\/hirek\/files\/2021\/11\/RS141759_C19A8835-scr-900x600.jpg 900w, https:\/\/semmelweis.hu\/hirek\/files\/2021\/11\/RS141759_C19A8835-scr-768x512.jpg 768w, https:\/\/semmelweis.hu\/hirek\/files\/2021\/11\/RS141759_C19A8835-scr-753x502.jpg 753w, https:\/\/semmelweis.hu\/hirek\/files\/2021\/11\/RS141759_C19A8835-scr-203x135.jpg 203w, https:\/\/semmelweis.hu\/hirek\/files\/2021\/11\/RS141759_C19A8835-scr.jpg 1200w\" >\r\n        <\/a><\/div><\/span><span class=\"gallery-item\"><div class=\"hidden\"><a href=\"https:\/\/semmelweis.hu\/hirek\/files\/2021\/11\/RS141778_C19A8917-scr.jpg\">\r\n        <img src=https:\/\/semmelweis.hu\/hirek\/files\/2021\/11\/RS141778_C19A8917-scr.jpg alt=\"\" class=\"attachment-sote-gallery-big size-sote-gallery-big\" srcset=\"https:\/\/semmelweis.hu\/hirek\/files\/2021\/11\/RS141778_C19A8917-scr-400x267.jpg 400w, https:\/\/semmelweis.hu\/hirek\/files\/2021\/11\/RS141778_C19A8917-scr-900x600.jpg 900w, https:\/\/semmelweis.hu\/hirek\/files\/2021\/11\/RS141778_C19A8917-scr-768x512.jpg 768w, https:\/\/semmelweis.hu\/hirek\/files\/2021\/11\/RS141778_C19A8917-scr-753x502.jpg 753w, https:\/\/semmelweis.hu\/hirek\/files\/2021\/11\/RS141778_C19A8917-scr-203x135.jpg 203w, https:\/\/semmelweis.hu\/hirek\/files\/2021\/11\/RS141778_C19A8917-scr.jpg 1200w\" >\r\n        <\/a><\/div><\/span><span class=\"gallery-item\"><div class=\"hidden\"><a href=\"https:\/\/semmelweis.hu\/hirek\/files\/2021\/11\/RS141787_C19A8944-scr-1.jpg\">\r\n        <img src=https:\/\/semmelweis.hu\/hirek\/files\/2021\/11\/RS141787_C19A8944-scr-1.jpg alt=\"\" class=\"attachment-sote-gallery-big size-sote-gallery-big\" srcset=\"https:\/\/semmelweis.hu\/hirek\/files\/2021\/11\/RS141787_C19A8944-scr-1-400x267.jpg 400w, https:\/\/semmelweis.hu\/hirek\/files\/2021\/11\/RS141787_C19A8944-scr-1-900x600.jpg 900w, https:\/\/semmelweis.hu\/hirek\/files\/2021\/11\/RS141787_C19A8944-scr-1-768x512.jpg 768w, https:\/\/semmelweis.hu\/hirek\/files\/2021\/11\/RS141787_C19A8944-scr-1-753x502.jpg 753w, https:\/\/semmelweis.hu\/hirek\/files\/2021\/11\/RS141787_C19A8944-scr-1-203x135.jpg 203w, https:\/\/semmelweis.hu\/hirek\/files\/2021\/11\/RS141787_C19A8944-scr-1.jpg 1200w\" >\r\n        <\/a><\/div><\/span><span class=\"gallery-item\"><div class=\"hidden\"><a href=\"https:\/\/semmelweis.hu\/hirek\/files\/2021\/11\/RS141792_C19A8965-scr.jpg\">\r\n        <img src=https:\/\/semmelweis.hu\/hirek\/files\/2021\/11\/RS141792_C19A8965-scr.jpg alt=\"\" class=\"attachment-sote-gallery-big size-sote-gallery-big\" srcset=\"https:\/\/semmelweis.hu\/hirek\/files\/2021\/11\/RS141792_C19A8965-scr-400x267.jpg 400w, https:\/\/semmelweis.hu\/hirek\/files\/2021\/11\/RS141792_C19A8965-scr-900x600.jpg 900w, https:\/\/semmelweis.hu\/hirek\/files\/2021\/11\/RS141792_C19A8965-scr-768x512.jpg 768w, https:\/\/semmelweis.hu\/hirek\/files\/2021\/11\/RS141792_C19A8965-scr-753x502.jpg 753w, https:\/\/semmelweis.hu\/hirek\/files\/2021\/11\/RS141792_C19A8965-scr-203x135.jpg 203w, https:\/\/semmelweis.hu\/hirek\/files\/2021\/11\/RS141792_C19A8965-scr.jpg 1200w\" >\r\n        <\/a><\/div><\/span><span class=\"gallery-item\"><div class=\"hidden\"><a href=\"https:\/\/semmelweis.hu\/hirek\/files\/2021\/11\/RS141776_C19A8914-scr.jpg\">\r\n        <img src=https:\/\/semmelweis.hu\/hirek\/files\/2021\/11\/RS141776_C19A8914-scr.jpg alt=\"\" class=\"attachment-sote-gallery-big size-sote-gallery-big\" srcset=\"https:\/\/semmelweis.hu\/hirek\/files\/2021\/11\/RS141776_C19A8914-scr-400x267.jpg 400w, https:\/\/semmelweis.hu\/hirek\/files\/2021\/11\/RS141776_C19A8914-scr-900x600.jpg 900w, https:\/\/semmelweis.hu\/hirek\/files\/2021\/11\/RS141776_C19A8914-scr-768x512.jpg 768w, https:\/\/semmelweis.hu\/hirek\/files\/2021\/11\/RS141776_C19A8914-scr-753x502.jpg 753w, https:\/\/semmelweis.hu\/hirek\/files\/2021\/11\/RS141776_C19A8914-scr-203x135.jpg 203w, https:\/\/semmelweis.hu\/hirek\/files\/2021\/11\/RS141776_C19A8914-scr.jpg 1200w\" >\r\n        <\/a><\/div><\/span><span class=\"gallery-item\"><div class=\"hidden\"><a href=\"https:\/\/semmelweis.hu\/hirek\/files\/2021\/11\/RS141789_C19A8948-scr.jpg\">\r\n        <img src=https:\/\/semmelweis.hu\/hirek\/files\/2021\/11\/RS141789_C19A8948-scr.jpg alt=\"\" class=\"attachment-sote-gallery-big size-sote-gallery-big\" srcset=\"https:\/\/semmelweis.hu\/hirek\/files\/2021\/11\/RS141789_C19A8948-scr-400x267.jpg 400w, https:\/\/semmelweis.hu\/hirek\/files\/2021\/11\/RS141789_C19A8948-scr-900x600.jpg 900w, https:\/\/semmelweis.hu\/hirek\/files\/2021\/11\/RS141789_C19A8948-scr-768x512.jpg 768w, https:\/\/semmelweis.hu\/hirek\/files\/2021\/11\/RS141789_C19A8948-scr-753x502.jpg 753w, https:\/\/semmelweis.hu\/hirek\/files\/2021\/11\/RS141789_C19A8948-scr-203x135.jpg 203w, https:\/\/semmelweis.hu\/hirek\/files\/2021\/11\/RS141789_C19A8948-scr.jpg 1200w\" >\r\n        <\/a><\/div><\/span>\r\n            <\/div>\r\n\r\n            [\/slb_exclude]\r\n\t\n<p>A mesters\u00e9ges intelligencia algoritmus a koronav\u00edrus-fert\u0151z\u00e9s, a tuberkul\u00f3zis, illetve a t\u00fcd\u0151gyullad\u00e1sra utal\u00f3 jelek felismer\u00e9s\u00e9hez is hozz\u00e1j\u00e1rul. A k\u00e9sz\u00fcl\u00e9kkel azok az elt\u00e9r\u00e9sek \u00e9s gyan\u00fas t\u00fcd\u0151ter\u00fcletek is azonos\u00edthat\u00f3k, amelyek szabad szemmel m\u00e9g nehezen felismerhet\u0151ek, \u00edgy m\u00e1r korai szakaszban felh\u00edvj\u00e1k a figyelmet a potenci\u00e1lis elv\u00e1ltoz\u00e1sra.<\/p>\n<p>A berendez\u00e9sekhez \u00fajonnan beszerzett m\u00e1sik szoftver az \u00fagynevezett Critical Care Suite \u2013 Pneumotrax, amelynek s\u00fcrg\u0151ss\u00e9gi, illetve kritikus helyzetekben van jelent\u0151s\u00e9ge a l\u00e9gmell felismer\u00e9s\u00e9ben. A vil\u00e1gszerte csak n\u00e9h\u00e1ny int\u00e9zm\u00e9nyben \u2013 k\u00f6zt\u00fck a Semmelweis Egyetemen \u2013 el\u00e9rhet\u0151 alkalmaz\u00e1s azonnal ki\u00e9rt\u00e9keli a felv\u00e9telt, m\u00e9g miel\u0151tt a leletez\u0151 orvos l\u00e1tn\u00e1, \u00e9s eredm\u00e9ny\u00e9t azonnal megjelen\u00edti a monitoron.<\/p>\n<p>A klinika a k\u00e9t \u00faj, 200 milli\u00f3 forint \u00f6ssz\u00e9rt\u00e9k\u0171 r\u00f6ntgeng\u00e9pet az Operat\u00edv T\u00f6rzs t\u00e1mogat\u00e1s\u00e1val, p\u00e9nz\u00fcgyminiszt\u00e9riumi finansz\u00edroz\u00e1ssal szerezte be.<\/p>\n<p>A Semmelweis Egyetem Orvosi K\u00e9palkot\u00f3 Klinika Eml\u0151diagnosztikai R\u00e9szleg\u00e9n 2021 szeptember\u00e9ben \u00fczembe helyeztek egy, a legmodernebb eml\u0151diagnosztik\u00e1t, \u00fagynevezett 3D-vez\u00e9relt tomoszint\u00e9zist (r\u00e9tegfelv\u00e9telt) lehet\u0151v\u00e9 tev\u0151 k\u00e9sz\u00fcl\u00e9ket (Hologic 3Dimensions) is. Ez a t\u00edpus\u00fa tomoszint\u00e9zis rendszer jelenleg a vil\u00e1gon el\u00e9rhet\u0151 legmegb\u00edzhat\u00f3bb \u00e9s legkorszer\u0171bb diagnosztikai eml\u0151vizsg\u00e1lat. \u00dajdons\u00e1ga a berendez\u00e9shez kapcsol\u00f3d\u00f3 szabadalomban rejlik: a hajl\u00edtott kompresszi\u00f3s lemez teljes m\u00e9rt\u00e9kben k\u00f6veti az eml\u0151 alakj\u00e1t, teh\u00e1t kompatibilis minden m\u00e9ret\u0171 \u00e9s form\u00e1j\u00fa eml\u0151vel, nem okoz k\u00e9pi torz\u00edt\u00e1st, ugyanakkor a besug\u00e1rz\u00e1si d\u00f3zis nem n\u00f6vekszik, \u00e9s kevesebb kellemetlens\u00e9ggel j\u00e1r. A tomoszint\u00e9zis sor\u00e1n a r\u00f6ntgensug\u00e1rforr\u00e1s az eml\u0151 feletti \u00edvet k\u00f6vetve mozog, mik\u00f6zben 15 fokos sz\u00f6gtartom\u00e1nyban gy\u0171jt adatokat. Ezekb\u0151l sz\u00e1m\u00edt\u00f3g\u00e9pes szoftver seg\u00edts\u00e9g\u00e9vel eml\u0151nk\u00e9nt \u2013 az eml\u0151 m\u00e9ret\u00e9t\u0151l f\u00fcgg\u0151en \u00e9s ir\u00e1nyonk\u00e9nt \u2013 maximum 15 k\u00e9pet k\u00e9sz\u00edt, m\u00edg a hagyom\u00e1nyos mammogr\u00e1fia sor\u00e1n eml\u0151nk\u00e9nt k\u00e9t k\u00e9p k\u00e9sz\u00fcl \u2013 emelte ki dr. T\u00f3th M\u00f3nika, az Eml\u0151diagnosztikai R\u00e9szleg klinikai f\u0151orvosa.<\/p>\n<div class=\"fontos_div\">\n<p>A tomoszint\u00e9zist v\u00e9gz\u0151 k\u00e9sz\u00fcl\u00e9k a jelenleg rendelkez\u00e9sre \u00e1ll\u00f3 leggyorsabb \u00e9s legmodernebb technol\u00f3gia, amellyel a nagy felbont\u00e1s\u00fa, h\u00e1romdimenzi\u00f3s k\u00e9pek r\u00e9v\u00e9n ak\u00e1r 20-60 %-kal t\u00f6bb eml\u0151r\u00e1k ismerhet\u0151 fel a hagyom\u00e1nyos mammogr\u00e1fi\u00e1hoz k\u00e9pest. A saj\u00e1t klinikai forr\u00e1sb\u00f3l v\u00e1s\u00e1rolt, k\u00f6zel 100 milli\u00f3 forintos k\u00e9sz\u00fcl\u00e9kkel, annak gyorsas\u00e1ga miatt t\u00f6bb beteg vizsg\u00e1lat\u00e1t lehet ugyanannyi id\u0151 alatt elv\u00e9gezni, \u00e9s a diagn\u00f3zis fel\u00e1ll\u00edt\u00e1sa is sokkal biztons\u00e1gosabb \u2013 tette hozz\u00e1 dr. Maurovich Horvat P\u00e1l klinikaigazgat\u00f3.<\/p>\n<\/div>\n<p>A bej\u00e1r\u00e1s sor\u00e1n megtekintett\u00e9k a klinika n\u00e9h\u00e1ny h\u00f3napja m\u0171k\u00f6d\u0151 DSA (digit\u00e1lis szubtrakci\u00f3s angiogr\u00e1fia) laborat\u00f3rium\u00e1t, ahol d\u00f6nt\u0151en onkol\u00f3giai t\u00edpus\u00fa intervenci\u00f3kat v\u00e9geznek, kieg\u00e9sz\u00edtve a V\u00e1rosmajori Sz\u00edv- \u00e9s \u00c9rgy\u00f3gy\u00e1szati Klinika profilj\u00e1t. Dr. Nemes Bal\u00e1zs, a V\u00e1rosmajori Klinika Intervenci\u00f3s Radiol\u00f3giai Tansz\u00e9k\u00e9nek vezet\u0151je elmondta, a fontosabb, itt v\u00e9gezhet\u0151 beavatkoz\u00e1sok k\u00f6z\u00e9 tartozik egyebek mellett a m\u00e1jdaganatok, a m\u00e9hart\u00e9ria \u00e9s a prosztataart\u00e9ria emboliz\u00e1ci\u00f3ja. Ennek sor\u00e1n kat\u00e9terrel jutnak el az adott k\u00f3ros elt\u00e9r\u00e9sig, \u00e9s elz\u00e1rj\u00e1k az oda fut\u00f3 ereket, daganatos betegs\u00e9gn\u00e9l pedig gy\u00f3gyszert kibocs\u00e1t\u00f3 eszk\u00f6z\u00f6ket is be tudnak juttatni.<\/p>\n<div class=\"keretes w-100\">\n<div dir=\"ltr\">\n<div class=\"gmail_default\"><b>Vil\u00e1gels\u0151 IT megold\u00e1s a Semmelweis Egyetemen <\/b><\/div>\n<\/div>\n<p>\nMindezeken t\u00fal szint\u00e9n az Operat\u00edv T\u00f6rzs t\u00e1mogat\u00e1s\u00e1val egy 80 milli\u00f3 forint \u00e9rt\u00e9k\u0171 szoftvercsomagot is beszerzett az OKK, amely a teljes egyetemet \u00f6sszek\u00f6ti egy platformra k\u00e9palkot\u00e1s szempontj\u00e1b\u00f3l. A vil\u00e1gels\u0151k\u00e9nt a klinik\u00e1n haszn\u00e1lt Philips Concerto leletez\u0151 radiol\u00f3giai munka\u00e1llom\u00e1s leg\u00fajabb verzi\u00f3ja hat\u00e9kony seg\u00edts\u00e9get ny\u00fajt t\u00f6bbek k\u00f6z\u00f6tt a COVID-19 betegek k\u00fcl\u00f6nb\u00f6z\u0151 klinikai egys\u00e9gek k\u00f6z\u00f6tt t\u00f6rt\u00e9n\u0151 gyors \u00e9s megb\u00edzhat\u00f3 ell\u00e1t\u00e1s\u00e1ra. Ez az informatikai fejleszt\u00e9s is szerves r\u00e9sze az OKK mesters\u00e9ges intelligenci\u00e1ra \u00e9p\u00fcl\u0151 innovat\u00edv strat\u00e9gi\u00e1j\u00e1nak \u2013 hangs\u00falyozta az igazgat\u00f3.<\/p>\n<\/div>\n<p>D\u00e1vid Orsolya, Dobozi P\u00e1lma<br \/>\nKov\u00e1cs Attila &#8211; Semmelweis Egyetem<\/p>\n","protected":false},"excerpt":{"rendered":"<p>Mammogr\u00e1fi\u00e1val \u00e9s mesters\u00e9ges intelligencia alkalmaz\u00e1sokkal ell\u00e1tott r\u00f6ntgenberendez\u00e9sekkel b\u0151v\u00fclt t\u00f6bbek k\u00f6z\u00f6tt a klinika. <\/p>\n","protected":false},"author":13,"featured_media":108618,"comment_status":"closed","ping_status":"closed","sticky":false,"template":"","format":"standard","meta":{"_acf_changed":false,"footnotes":""},"categories":[154,168],"tags":[],"class_list":["post-108608","post","type-post","status-publish","format-standard","has-post-thumbnail","hentry","category-egeszseg","category-kiemelt"],"acf":[],"_links":{"self":[{"href":"https:\/\/semmelweis.hu\/hirek\/wp-json\/wp\/v2\/posts\/108608","targetHints":{"allow":["GET"]}}],"collection":[{"href":"https:\/\/semmelweis.hu\/hirek\/wp-json\/wp\/v2\/posts"}],"about":[{"href":"https:\/\/semmelweis.hu\/hirek\/wp-json\/wp\/v2\/types\/post"}],"author":[{"embeddable":true,"href":"https:\/\/semmelweis.hu\/hirek\/wp-json\/wp\/v2\/users\/13"}],"replies":[{"embeddable":true,"href":"https:\/\/semmelweis.hu\/hirek\/wp-json\/wp\/v2\/comments?post=108608"}],"version-history":[{"count":8,"href":"https:\/\/semmelweis.hu\/hirek\/wp-json\/wp\/v2\/posts\/108608\/revisions"}],"predecessor-version":[{"id":108630,"href":"https:\/\/semmelweis.hu\/hirek\/wp-json\/wp\/v2\/posts\/108608\/revisions\/108630"}],"wp:featuredmedia":[{"embeddable":true,"href":"https:\/\/semmelweis.hu\/hirek\/wp-json\/wp\/v2\/media\/108618"}],"wp:attachment":[{"href":"https:\/\/semmelweis.hu\/hirek\/wp-json\/wp\/v2\/media?parent=108608"}],"wp:term":[{"taxonomy":"category","embeddable":true,"href":"https:\/\/semmelweis.hu\/hirek\/wp-json\/wp\/v2\/categories?post=108608"},{"taxonomy":"post_tag","embeddable":true,"href":"https:\/\/semmelweis.hu\/hirek\/wp-json\/wp\/v2\/tags?post=108608"}],"curies":[{"name":"wp","href":"https:\/\/api.w.org\/{rel}","templated":true}]}}