{"id":108281,"date":"2021-11-01T06:00:07","date_gmt":"2021-11-01T05:00:07","guid":{"rendered":"https:\/\/semmelweis.hu\/hirek\/?p=108281"},"modified":"2021-11-21T17:03:39","modified_gmt":"2021-11-21T16:03:39","slug":"latogatasi-tilalom-a-semmelweis-egyetemen","status":"publish","type":"post","link":"https:\/\/semmelweis.hu\/hirek\/2021\/11\/01\/latogatasi-tilalom-a-semmelweis-egyetemen\/","title":{"rendered":"L\u00e1togat\u00e1si tilalom a Semmelweis Egyetemen"},"content":{"rendered":"<p>A november 1-j\u00e9t\u0151l orsz\u00e1gosan elrendelt l\u00e1togat\u00e1si tilalom a Semmelweis Egyetem betegell\u00e1t\u00f3 int\u00e9zm\u00e9nyeire is vonatkozik.<\/p>\n<p>A klinik\u00e1kon fekv\u0151 betegekr\u0151l k\u00f6zvetlen hozz\u00e1tartoz\u00f3ik, munkanapokon 12.00 \u00e9s 16.00 \u00f3ra k\u00f6z\u00f6tt kaphatnak inform\u00e1ci\u00f3t a <strong>06 1 459 1500-as telefonsz\u00e1mon. <\/strong><\/p>\n<p>A vonal gyakran lehet foglalt a t\u00falterhelts\u00e9g miatt, ez\u00e9rt a Semmelweis Egyetem arra k\u00e9ri az \u00e9rintetteteket, hogy betegenk\u00e9nt, naponta csak egy hozz\u00e1tartoz\u00f3 telefon\u00e1ljon.<\/p>\n<p>S\u00falyos-kritikus \u00e1llapot\u00fa, hossz\u00fa ideje az egyetemen fekv\u0151 beteg eset\u00e9n a klinika igazgat\u00f3ja egyedileg adhat, alkalmank\u00e9nt 1-1 hozz\u00e1tartoz\u00f3nak enged\u00e9lyt a megfelel\u0151 v\u00e9d\u0151felszerel\u00e9sben t\u00f6rt\u00e9n\u0151 l\u00e1togat\u00e1s\u00e1ra.<\/p>\n","protected":false},"excerpt":{"rendered":"<p>2021. november 1-t\u0151l l\u00e1togat\u00e1si tilalom l\u00e9p \u00e9rv\u00e9nybe a Semmelweis Egyetem.<\/p>\n","protected":false},"author":101751,"featured_media":80837,"comment_status":"closed","ping_status":"closed","sticky":false,"template":"","format":"standard","meta":{"_acf_changed":false,"footnotes":""},"categories":[154,168],"tags":[4257],"class_list":["post-108281","post","type-post","status-publish","format-standard","has-post-thumbnail","hentry","category-egeszseg","category-kiemelt","tag-koronavirus"],"acf":[],"_links":{"self":[{"href":"https:\/\/semmelweis.hu\/hirek\/wp-json\/wp\/v2\/posts\/108281","targetHints":{"allow":["GET"]}}],"collection":[{"href":"https:\/\/semmelweis.hu\/hirek\/wp-json\/wp\/v2\/posts"}],"about":[{"href":"https:\/\/semmelweis.hu\/hirek\/wp-json\/wp\/v2\/types\/post"}],"author":[{"embeddable":true,"href":"https:\/\/semmelweis.hu\/hirek\/wp-json\/wp\/v2\/users\/101751"}],"replies":[{"embeddable":true,"href":"https:\/\/semmelweis.hu\/hirek\/wp-json\/wp\/v2\/comments?post=108281"}],"version-history":[{"count":5,"href":"https:\/\/semmelweis.hu\/hirek\/wp-json\/wp\/v2\/posts\/108281\/revisions"}],"predecessor-version":[{"id":108291,"href":"https:\/\/semmelweis.hu\/hirek\/wp-json\/wp\/v2\/posts\/108281\/revisions\/108291"}],"wp:featuredmedia":[{"embeddable":true,"href":"https:\/\/semmelweis.hu\/hirek\/wp-json\/wp\/v2\/media\/80837"}],"wp:attachment":[{"href":"https:\/\/semmelweis.hu\/hirek\/wp-json\/wp\/v2\/media?parent=108281"}],"wp:term":[{"taxonomy":"category","embeddable":true,"href":"https:\/\/semmelweis.hu\/hirek\/wp-json\/wp\/v2\/categories?post=108281"},{"taxonomy":"post_tag","embeddable":true,"href":"https:\/\/semmelweis.hu\/hirek\/wp-json\/wp\/v2\/tags?post=108281"}],"curies":[{"name":"wp","href":"https:\/\/api.w.org\/{rel}","templated":true}]}}