{"id":108254,"date":"2021-10-28T15:28:54","date_gmt":"2021-10-28T13:28:54","guid":{"rendered":"https:\/\/semmelweis.hu\/hirek\/?p=108254"},"modified":"2022-08-03T10:35:19","modified_gmt":"2022-08-03T08:35:19","slug":"kutatoi-szalon-fokuszban-a-versenykepes-publikacio","status":"publish","type":"post","link":"https:\/\/semmelweis.hu\/hirek\/2021\/10\/28\/kutatoi-szalon-fokuszban-a-versenykepes-publikacio\/","title":{"rendered":"Kutat\u00f3i Szalon: f\u00f3kuszban a versenyk\u00e9pes publik\u00e1ci\u00f3"},"content":{"rendered":"<div class=\"lead\">A Kutat\u00f3i Szalon idei m\u00e1sodik esem\u00e9ny\u00e9n a versenyk\u00e9pes publik\u00e1ci\u00f3r\u00f3l, a kutat\u00f3kat seg\u00edt\u0151 rendszerekr\u0151l, valamint az egy\u00e9ni kutat\u00f3i teljes\u00edtm\u00e9nym\u00e9r\u00e9sekben alkalmazott m\u00f3dszerekr\u0151l hallgathattak el\u0151ad\u00e1sokat az \u00e9rdekl\u0151d\u0151k. A Semmelweis Szalonban megtartott esem\u00e9nyt Szluka P\u00e9ter, a K\u00f6zponti K\u00f6nyvt\u00e1r igazgat\u00f3ja nyitotta meg.<\/div>\n<p><a href=\"https:\/\/semmelweis.hu\/hirek\/files\/2021\/10\/RS140126_C19A8472-scr.jpg\"><img loading=\"lazy\" decoding=\"async\" class=\"alignleft wp-image-108263 size-medium\" src=\"https:\/\/semmelweis.hu\/hirek\/files\/2021\/10\/RS140126_C19A8472-scr-400x307.jpg\" alt=\"\" width=\"400\" height=\"307\" srcset=\"https:\/\/semmelweis.hu\/hirek\/files\/2021\/10\/RS140126_C19A8472-scr-400x307.jpg 400w, https:\/\/semmelweis.hu\/hirek\/files\/2021\/10\/RS140126_C19A8472-scr-900x691.jpg 900w, https:\/\/semmelweis.hu\/hirek\/files\/2021\/10\/RS140126_C19A8472-scr-768x589.jpg 768w, https:\/\/semmelweis.hu\/hirek\/files\/2021\/10\/RS140126_C19A8472-scr-753x578.jpg 753w, https:\/\/semmelweis.hu\/hirek\/files\/2021\/10\/RS140126_C19A8472-scr.jpg 1173w\" sizes=\"auto, (max-width: 400px) 100vw, 400px\" \/><\/a>Megnyit\u00f3 besz\u00e9d\u00e9ben Szluka P\u00e9ter, a K\u00f6zponti K\u00f6nyvt\u00e1r igazgat\u00f3ja a tudom\u00e1nymetria (tudom\u00e1nyos teljes\u00edtm\u00e9ny m\u00e9r\u00e9se) egyre er\u0151s\u00f6d\u0151 szerep\u00e9r\u0151l besz\u00e9lt, kiemelve, hogy folyamatosan n\u0151 a kutat\u00f3k \u00e9s a k\u00f6zz\u00e9tett publik\u00e1ci\u00f3k sz\u00e1ma is, ez\u00e1ltal egyre nehezebb az \u00e9rt\u00e9kel\u00e9s. Ebben ny\u00fajt seg\u00edts\u00e9get a tudom\u00e1nymetria, ami m\u00e1ra m\u00e1r \u00f6n\u00e1ll\u00f3 tudom\u00e1nyter\u00fclett\u00e9 fejl\u0151d\u00f6tt \u2013 hangs\u00falyozta. A r\u00e9szvev\u0151k figyelm\u00e9be aj\u00e1nlotta Barab\u00e1si Albert-L\u00e1szl\u00f3 \u00e9s Dashun Wang \u201eA tudom\u00e1ny tudom\u00e1nya\u201d c\u00edm\u0171 k\u00f6tet\u00e9t, mely a tudom\u00e1nymetria el\u0151nyei mellett annak haszn\u00e1lat\u00e1ban rejl\u0151 vesz\u00e9lyeire is kit\u00e9r.<\/p>\n<p><a href=\"https:\/\/semmelweis.hu\/hirek\/files\/2021\/10\/RS140135_C19A8529-scr.jpg\"><img loading=\"lazy\" decoding=\"async\" class=\"alignright wp-image-108260 size-medium\" src=\"https:\/\/semmelweis.hu\/hirek\/files\/2021\/10\/RS140135_C19A8529-scr-267x400.jpg\" alt=\"\" width=\"267\" height=\"400\" srcset=\"https:\/\/semmelweis.hu\/hirek\/files\/2021\/10\/RS140135_C19A8529-scr-267x400.jpg 267w, https:\/\/semmelweis.hu\/hirek\/files\/2021\/10\/RS140135_C19A8529-scr-533x800.jpg 533w, https:\/\/semmelweis.hu\/hirek\/files\/2021\/10\/RS140135_C19A8529-scr.jpg 600w\" sizes=\"auto, (max-width: 267px) 100vw, 267px\" \/><\/a>Dr. Gy\u0151rffy Bal\u00e1zs, a Bioinformatika Tansz\u00e9k tansz\u00e9kvezet\u0151 egyetemi tan\u00e1ra, az MTA doktora &#8222;A <a href=\"https:\/\/tudomanymetria.com\/\">tudomanymetria.com<\/a> bemutat\u00e1sa\u201d c\u00edm\u0171 el\u0151ad\u00e1s\u00e1ban kiemelte, az \u00e1ltaluk fejlesztett rendszer seg\u00edts\u00e9get ny\u00fajt a kutat\u00f3knak, hogy meghat\u00e1rozhass\u00e1k publik\u00e1ci\u00f3s aktivit\u00e1sukat egy referencia csoporthoz k\u00e9pest, ami a sikeres p\u00e1ly\u00e1zatok egyik fontos eleme lehet. Mint fogalmazott, az egyes kutat\u00f3k publik\u00e1ci\u00f3s aktivit\u00e1s\u00e1ban jelent\u0151s elt\u00e9r\u00e9sek vannak az egyes tudom\u00e1nyter\u00fcletek, illetve az \u00e9letkor szerint is. A tudomanymetria.com tudom\u00e1nyter\u00fcletenk\u00e9nt \u00e9letkorhoz normaliz\u00e1lva mutatja, hogy az illet\u0151nek milyen a publik\u00e1ci\u00f3s aktivit\u00e1sa \u2013 magyar\u00e1zta. Hozz\u00e1tette: az elemz\u0151 rendszter minden MTMT fi\u00f3kkal rendelkez\u0151 kutat\u00f3ra haszn\u00e1lhat\u00f3, \u00e9s el\u0151nye, hogy mindenkit a saj\u00e1t korcsoportj\u00e1hoz viszony\u00edt. Dr. Gy\u0151rffy Bal\u00e1zs kiemelte, a rendszer legink\u00e1bb a fiataloknak seg\u00edt, hiszen megmutatja sz\u00e1mukra azt az elv\u00e1rt publik\u00e1ci\u00f3s aktivit\u00e1st, amit el kell \u00e9rni\u00fck ahhoz, hogy versenyk\u00e9pes\u00a0 kutat\u00f3k legyenek. Besz\u00e9lt a scientometrics.org oldalr\u00f3l is, amit folyamatosan fejlesztenek; el\u0151nyek\u00e9nt emelte ki, hogy val\u00f3s id\u0151ben dolgozik, aktu\u00e1lis adatokkal.<\/p>\n<p><a href=\"https:\/\/semmelweis.hu\/hirek\/files\/2021\/10\/RS140142_C19A8565-scr.jpg\"><img loading=\"lazy\" decoding=\"async\" class=\"alignleft wp-image-108258 size-medium\" src=\"https:\/\/semmelweis.hu\/hirek\/files\/2021\/10\/RS140142_C19A8565-scr-267x400.jpg\" alt=\"\" width=\"267\" height=\"400\" srcset=\"https:\/\/semmelweis.hu\/hirek\/files\/2021\/10\/RS140142_C19A8565-scr-267x400.jpg 267w, https:\/\/semmelweis.hu\/hirek\/files\/2021\/10\/RS140142_C19A8565-scr-533x800.jpg 533w, https:\/\/semmelweis.hu\/hirek\/files\/2021\/10\/RS140142_C19A8565-scr.jpg 600w\" sizes=\"auto, (max-width: 267px) 100vw, 267px\" \/><\/a>Dr. So\u00f3s S\u00e1ndor, a Magyar Tudom\u00e1nyos Akad\u00e9mia Tudom\u00e1nypolitikai \u00e9s tudom\u00e1nyelemz\u00e9si Oszt\u00e1ly\u00e1nak vezet\u0151je az \u201eMTA k\u00f6nyvt\u00e1r \u00e1ltal alkalmazott tudom\u00e1ny\u00e9rt\u00e9kel\u00e9si rendszer bemutat\u00e1sa\u201d c\u00edm\u0171 el\u0151ad\u00e1s\u00e1ban ismertette az egy\u00e9ni kutat\u00f3i teljes\u00edtm\u00e9nym\u00e9r\u00e9sekben alkalmazott m\u00f3dszereket. Kiemelte, ma m\u00e1r a korszer\u0171 m\u00e9r\u0151sz\u00e1moknak sz\u00e9les v\u00e1laszt\u00e9ka \u00e1ll rendelkez\u00e9sre, amik egyr\u00e9szt igyekeznek \u00f6sszem\u00e9rhet\u0151s\u00e9get teremteni a k\u00fcl\u00f6nb\u00f6z\u0151 kontextus\u00fa publik\u00e1ci\u00f3k, kutat\u00f3k k\u00f6z\u00f6tt. Az \u00e1ltaluk alkalmazott m\u00f3dszerekkel nem az egyes kutat\u00f3kat, hanem a publik\u00e1ci\u00f3kat, azok tudom\u00e1nyter\u00fcleti hat\u00e1s\u00e1t m\u00e9rik \u2013 magyar\u00e1zta. H\u00e1rom szervez\u0151 elvet emelt ki: mindig az aktu\u00e1lis \u00e9rt\u00e9kel\u00e9si k\u00e9rd\u00e9shez viszony\u00edtsuk a m\u00f3dszertant; fontos annak tiszt\u00e1z\u00e1sa, hogy milyen szempontb\u00f3l szeretn\u00e9nk vizsg\u00e1lni a teljes\u00edtm\u00e9nyt. M\u00e1sodikk\u00e9nt eml\u00edtette, hogy megfelel\u0151 m\u00e9r\u0151sz\u00e1m rendszerb\u0151l dolgozzunk, teh\u00e1t olyan m\u00e9r\u0151sz\u00e1mokat kell tal\u00e1lni, amik \u00e9rz\u00e9kenyek arra a kontextusra is, amiben a kutat\u00f3 dolgozik, mint p\u00e9ld\u00e1ul a tudom\u00e1nyter\u00fclet, vagy az \u00e9letkor. V\u00e9g\u00fcl pedig megfelel\u0151 felbont\u00e1ssal vizsg\u00e1ljuk \u00e9s hasonl\u00edtsuk \u00f6ssze a kutat\u00f3k \u00e9letm\u0171v\u00e9t \u2013 ez a granularit\u00e1s elve. Kiemelte, a publik\u00e1ci\u00f3s teljes\u00edtm\u00e9nynek sok olyan r\u00e9sze van, ami k\u00fcl\u00f6n-k\u00fcl\u00f6n vizsg\u00e1land\u00f3, a gyakran haszn\u00e1lt m\u00e9r\u0151sz\u00e1mokkal, mint a Hirsch index pedig pont az az egyik f\u0151 probl\u00e9ma, hogy azok mindent igyekeznek \u00f6sszegy\u00farni, ez\u00e1ltal viszont sok inform\u00e1ci\u00f3 elveszik \u00e9s s\u00e9r\u00fcl a kontextus\u00e9rz\u00e9kenys\u00e9g.<\/p>\n<p><a href=\"https:\/\/semmelweis.hu\/hirek\/files\/2021\/09\/NKFIA_infoblokk_kerettel_projekt_fekvo_2019_HU.png\"><img loading=\"lazy\" decoding=\"async\" class=\"alignright size-medium wp-image-118023\" src=\"https:\/\/semmelweis.hu\/hirek\/files\/2021\/09\/NKFIA_infoblokk_kerettel_projekt_fekvo_2019_HU-400x170.png\" alt=\"\" width=\"400\" height=\"170\" srcset=\"https:\/\/semmelweis.hu\/hirek\/files\/2021\/09\/NKFIA_infoblokk_kerettel_projekt_fekvo_2019_HU-400x170.png 400w, https:\/\/semmelweis.hu\/hirek\/files\/2021\/09\/NKFIA_infoblokk_kerettel_projekt_fekvo_2019_HU-900x382.png 900w, https:\/\/semmelweis.hu\/hirek\/files\/2021\/09\/NKFIA_infoblokk_kerettel_projekt_fekvo_2019_HU-768x326.png 768w, https:\/\/semmelweis.hu\/hirek\/files\/2021\/09\/NKFIA_infoblokk_kerettel_projekt_fekvo_2019_HU-1536x651.png 1536w, https:\/\/semmelweis.hu\/hirek\/files\/2021\/09\/NKFIA_infoblokk_kerettel_projekt_fekvo_2019_HU-2048x868.png 2048w, https:\/\/semmelweis.hu\/hirek\/files\/2021\/09\/NKFIA_infoblokk_kerettel_projekt_fekvo_2019_HU-753x319.png 753w\" sizes=\"auto, (max-width: 400px) 100vw, 400px\" \/><\/a>Az el\u0151ad\u00e1sok a Semmelweis Polg\u00e1rok sz\u00e1m\u00e1ra VPN hozz\u00e1f\u00e9r\u00e9ssel a Kaltura rendszerben <a href=\"https:\/\/kaltura.semmelweis.hu\/media\/Versenyk%C3%A9pes+publik%C3%A1ci%C3%B3+Semmelweis+Kutat%C3%B3i+Szalon+2021.+okt%C3%B3ber+4.+el%C5%91ad%C3%A1sok\/1_3m65meu2\">erre a linkre kattintva<\/a> visszan\u00e9zhet\u0151ek.<\/p>\n<p>B\u00f3di Bernadett<br \/>\nFot\u00f3: Kov\u00e1cs Attila &#8211; Semmelweis Egyetem\u00a0<\/p>\n","protected":false},"excerpt":{"rendered":"<p>A rendezv\u00e9nyen a kutat\u00f3kat seg\u00edt\u0151 rendszerekr\u0151l, valamint az egy\u00e9ni kutat\u00f3i teljes\u00edtm\u00e9nym\u00e9r\u00e9sekben alkalmazott m\u00f3dszerekr\u0151l is sz\u00f3 esett. <\/p>\n","protected":false},"author":101282,"featured_media":108262,"comment_status":"closed","ping_status":"closed","sticky":false,"template":"","format":"standard","meta":{"_acf_changed":false,"footnotes":""},"categories":[161,168],"tags":[1688],"class_list":["post-108254","post","type-post","status-publish","format-standard","has-post-thumbnail","hentry","category-tudomany","category-kiemelt","tag-kutatoi-szalon"],"acf":[],"_links":{"self":[{"href":"https:\/\/semmelweis.hu\/hirek\/wp-json\/wp\/v2\/posts\/108254","targetHints":{"allow":["GET"]}}],"collection":[{"href":"https:\/\/semmelweis.hu\/hirek\/wp-json\/wp\/v2\/posts"}],"about":[{"href":"https:\/\/semmelweis.hu\/hirek\/wp-json\/wp\/v2\/types\/post"}],"author":[{"embeddable":true,"href":"https:\/\/semmelweis.hu\/hirek\/wp-json\/wp\/v2\/users\/101282"}],"replies":[{"embeddable":true,"href":"https:\/\/semmelweis.hu\/hirek\/wp-json\/wp\/v2\/comments?post=108254"}],"version-history":[{"count":7,"href":"https:\/\/semmelweis.hu\/hirek\/wp-json\/wp\/v2\/posts\/108254\/revisions"}],"predecessor-version":[{"id":118083,"href":"https:\/\/semmelweis.hu\/hirek\/wp-json\/wp\/v2\/posts\/108254\/revisions\/118083"}],"wp:featuredmedia":[{"embeddable":true,"href":"https:\/\/semmelweis.hu\/hirek\/wp-json\/wp\/v2\/media\/108262"}],"wp:attachment":[{"href":"https:\/\/semmelweis.hu\/hirek\/wp-json\/wp\/v2\/media?parent=108254"}],"wp:term":[{"taxonomy":"category","embeddable":true,"href":"https:\/\/semmelweis.hu\/hirek\/wp-json\/wp\/v2\/categories?post=108254"},{"taxonomy":"post_tag","embeddable":true,"href":"https:\/\/semmelweis.hu\/hirek\/wp-json\/wp\/v2\/tags?post=108254"}],"curies":[{"name":"wp","href":"https:\/\/api.w.org\/{rel}","templated":true}]}}