{"id":108204,"date":"2021-10-27T06:00:25","date_gmt":"2021-10-27T04:00:25","guid":{"rendered":"https:\/\/semmelweis.hu\/hirek\/?p=108204"},"modified":"2021-10-26T16:24:41","modified_gmt":"2021-10-26T14:24:41","slug":"tudomanyos-hirado-6","status":"publish","type":"post","link":"https:\/\/semmelweis.hu\/hirek\/2021\/10\/27\/tudomanyos-hirado-6\/","title":{"rendered":"Tudom\u00e1nyos h\u00edrad\u00f3 6."},"content":{"rendered":"<div class=\"lead\">Tudom\u00e1nyos H\u00edrad\u00f3 c\u00edm\u0171 cikksorozatunkban az egyetemhez k\u00f6thet\u0151 D1 min\u0151s\u00edt\u00e9s\u0171 tudom\u00e1nyos k\u00f6zlem\u00e9nyekr\u0151l olvashat\u00f3 r\u00f6vid \u00f6sszefoglal\u00f3. A cikkeket az elm\u00falt id\u0151szak megjelen\u00e9sei alapj\u00e1n a K\u00f6zponti K\u00f6nyvt\u00e1r, illetve dr. Szigeti Gyula innov\u00e1ci\u00f3s igazgat\u00f3 v\u00e1logatta.<\/div>\n<h5><strong>Az Iowa Infant Feeding Attitude sk\u00e1la pszichometri\u00e1ja \u00e9s r\u00f6vid\u00edtett magyar v\u00e1ltozatai<\/strong><\/h5>\n<p><img loading=\"lazy\" decoding=\"async\" class=\"alignleft size-medium wp-image-108205\" src=\"https:\/\/semmelweis.hu\/hirek\/files\/2021\/10\/RS120987_C19A7632-scr-400x267.jpg\" alt=\"\" width=\"400\" height=\"267\" srcset=\"https:\/\/semmelweis.hu\/hirek\/files\/2021\/10\/RS120987_C19A7632-scr-400x267.jpg 400w, https:\/\/semmelweis.hu\/hirek\/files\/2021\/10\/RS120987_C19A7632-scr-900x600.jpg 900w, https:\/\/semmelweis.hu\/hirek\/files\/2021\/10\/RS120987_C19A7632-scr-768x512.jpg 768w, https:\/\/semmelweis.hu\/hirek\/files\/2021\/10\/RS120987_C19A7632-scr-753x502.jpg 753w, https:\/\/semmelweis.hu\/hirek\/files\/2021\/10\/RS120987_C19A7632-scr-203x135.jpg 203w, https:\/\/semmelweis.hu\/hirek\/files\/2021\/10\/RS120987_C19A7632-scr.jpg 1200w\" sizes=\"auto, (max-width: 400px) 100vw, 400px\" \/>A szoptat\u00e1s id\u0151tartam\u00e1t befoly\u00e1sol\u00f3 t\u00e9nyez\u0151k k\u00f6z\u00f6tt el\u0151kel\u0151 helyet tulajdon\u00edtunk az anya szoptat\u00e1ssal, t\u00e1pszeres t\u00e1pl\u00e1l\u00e1ssal kapcsolatos attit\u0171dj\u00e9nek. A 17 itemes, sz\u00e1mos nemzetk\u00f6zi kutat\u00e1sban haszn\u00e1lt Iowa Infant Feeding Attitude Scale (IIFAS) egy 1999-ben, De La Mora \u00e9s munkat\u00e1rsai \u00e1ltal kifejlesztett, csecsem\u0151t\u00e1pl\u00e1l\u00e1ssal kapcsolatos attit\u0171d\u00f6t vizsg\u00e1l\u00f3 sk\u00e1la. Elk\u00e9sz\u00edtett\u00fck a sk\u00e1la magyar v\u00e1ltozat\u00e1t, majd 553 f\u0151s mint\u00e1n v\u00e9gzett keresztmetszeti k\u00e9rd\u0151\u00edves kutat\u00e1sunk eredm\u00e9nyei alapj\u00e1n megb\u00edzhat\u00f3s\u00e1gi anal\u00edzist v\u00e9gezt\u00fcnk, \u00e9s \u00f6sszehasonl\u00edtottuk m\u00e1s kult\u00far\u00e1kban t\u00f6rt\u00e9nt lek\u00e9rdez\u00e9sek eredm\u00e9nyeivel \u2013 mutatott r\u00e1 az \u00f6sszefoglal\u00f3t k\u00e9sz\u00edt\u0151 Wirthn\u00e9 Ungv\u00e1ry Ren\u00e1ta lakt\u00e1ci\u00f3s szaktan\u00e1csad\u00f3, a Ment\u00e1lhigi\u00e9n\u00e9 Int\u00e9zet \u00fcgyviv\u0151 szak\u00e9rt\u0151je.<\/p>\n<p>A k\u00fcl\u00f6nb\u00f6z\u0151 kult\u00far\u00e1kban m\u00e1s-m\u00e1s faktorstrukt\u00far\u00e1kat \u00e9s faktorsz\u00e1mokat t\u00e1rtak fel. Ennek egyik lehets\u00e9ges magyar\u00e1zata a szoptat\u00e1shoz f\u0171z\u0151d\u0151 viszony k\u00fcl\u00f6nb\u00f6z\u0151s\u00e9geib\u0151l fakadhat: b\u00e1r a szoptat\u00e1s egyetemes n\u0151i \u00e9lm\u00e9nynek t\u0171nik, az elt\u00e9r\u0151 kult\u00far\u00e1kban m\u00e1shova ker\u00fcl a hangs\u00faly. A sk\u00e1la egyes t\u00e9teleivel kapcsolatban felmer\u00fclt, hogy val\u00f3j\u00e1ban nem is attit\u0171d\u00f6t, hanem csecsem\u0151t\u00e1pl\u00e1l\u00e1ssal kapcsolatos tud\u00e1st vagy hiedelmet m\u00e9rnek, s \u00e9ppen ezek az itemek szerepeltek gyeng\u00e9bben alacsony corrected item total korrel\u00e1ci\u00f3juk (CITC) miatt. V\u00e9g\u00fcl a kil\u00f3g\u00f3 itemek kihagy\u00e1sa mellett d\u00f6nt\u00f6tt\u00fcnk, s ezzel egy nagyobb kutat\u00e1sokba is beilleszthet\u0151, 8 itemes magyar sk\u00e1laverzi\u00f3t alkottunk, amely j\u00f3 pszichometriai tulajdons\u00e1gokkal rendelkezik. Mint ilyen, alkalmas arra, hogy a pontsz\u00e1mok alapj\u00e1n megk\u00fcl\u00f6nb\u00f6ztesse a szoptat\u00e1st illetve a t\u00e1pszeres t\u00e1pl\u00e1l\u00e1st favoriz\u00e1l\u00f3 any\u00e1kat. Ez lehet\u0151v\u00e9 teszi a c\u00e9lzott, attit\u0171d\u00f6t form\u00e1l\u00f3 intervenci\u00f3kat azon any\u00e1k k\u00f6r\u00e9ben, akik am\u00fagy a t\u00e1pszeres t\u00e1pl\u00e1l\u00e1st v\u00e1lasztan\u00e1k. Vizsg\u00e1lt mint\u00e1nkban val\u00f3ban \u00f6sszef\u00fcgg\u00e9st mutatott a pontsz\u00e1m a v\u00e1lasztott vagy alkalmazott t\u00e1pl\u00e1l\u00e1si m\u00f3ddal \u2013 foglalta \u00f6ssze Wirthn\u00e9 Ungv\u00e1ry Ren\u00e1ta.<\/p>\n<div class=\"keretes w-100\">\n<p>Psychometric properties of the original and short Hungarian version of the Iowa infant feeding attitude scale<br \/>\nRenata Ungv\u00e1ry (Faculty of Health and Public Administration, Institute of Mental Health, Semmelweis University), Andras Ittz\u00e9s (Faculty of Health and Public Administration, Institute of Mental Health, Semmelweis University; Department of Applied Statistics, Institute of Mathematics and Basic Science, Hungarian University of Agriculture and Life Sciences; Department of Methodology for Business Analysis, Faculty of Commerce, Hospitality and Tourism, Budapest Business School), Veronika B\u00f3n\u00e9 (Faculty of Health and Public Administration, Institute of Mental Health, Semmelweis University), Szabolcs T\u00f6r\u00f6k (Faculty of Health and Public Administration, Institute of Mental Health, Semmelweis University) International Breastfeeding Journal (2021), 16(1), 54. doi:10.1186\/s13006-021-00403-2<\/p>\n<\/div>\n<p>&nbsp;<\/p>\n<h5><strong>M\u00e9z sz\u00edne: megb\u00edzhatunk a Pfund sk\u00e1l\u00e1ban? \u2013 A teljes l\u00e1that\u00f3 spektrumot lefed\u0151 alternat\u00edv grafikus eszk\u00f6z<\/strong><\/h5>\n<p><img loading=\"lazy\" decoding=\"async\" class=\"alignleft size-medium wp-image-108208\" src=\"https:\/\/semmelweis.hu\/hirek\/files\/2021\/10\/GA_magyar-400x205.jpeg\" alt=\"\" width=\"400\" height=\"205\" srcset=\"https:\/\/semmelweis.hu\/hirek\/files\/2021\/10\/GA_magyar-400x205.jpeg 400w, https:\/\/semmelweis.hu\/hirek\/files\/2021\/10\/GA_magyar-900x460.jpeg 900w, https:\/\/semmelweis.hu\/hirek\/files\/2021\/10\/GA_magyar-768x393.jpeg 768w, https:\/\/semmelweis.hu\/hirek\/files\/2021\/10\/GA_magyar-1536x786.jpeg 1536w, https:\/\/semmelweis.hu\/hirek\/files\/2021\/10\/GA_magyar-2048x1048.jpeg 2048w, https:\/\/semmelweis.hu\/hirek\/files\/2021\/10\/GA_magyar-753x385.jpeg 753w\" sizes=\"auto, (max-width: 400px) 100vw, 400px\" \/>A m\u00e9z n\u00e9pszer\u0171 \u00e9s sokoldal\u00fa, gy\u00f3gyhat\u00e1ssal is b\u00edr\u00f3 t\u00e1pl\u00e1l\u00e9kunk. J\u00f3r\u00e9szt botanikai eredete \u00e1ltal meghat\u00e1rozott \u00e9rz\u00e9kszervi tulajdons\u00e1gai d\u00f6nt\u0151 szerepet j\u00e1tszanak a fogyaszt\u00f3i v\u00e1laszt\u00e1s sor\u00e1n. Ezek k\u00f6z\u00fcl fontos, gyakran az \u00e1rat is meghat\u00e1roz\u00f3 tulajdons\u00e1g a m\u00e9z sz\u00edne. A m\u00e9z sz\u00edn\u00e9nek \u00e9rt\u00e9kel\u00e9s\u00e9re k\u00fcl\u00f6nb\u00f6z\u0151 m\u00f3dszerek \u00e1llnak rendelkez\u00e9sre, a legismertebb a Pfund-f\u00e9le sk\u00e1la, de haszn\u00e1lj\u00e1k m\u00e9g a Lovibond sk\u00e1l\u00e1t vagy a sz\u00ednspektrumot is. A Pfund m\u00f3dszer specifikus \u00e9rt\u00e9kel\u00e9si sk\u00e1l\u00e1t biztos\u00edt, azonban a m\u00f3dszer nem k\u00e9pes \u00e9szlelni a kisebb k\u00fcl\u00f6nbs\u00e9geket, de vannak egy\u00e9b h\u00e1tr\u00e1nyai is.<\/p>\n<p>A kutat\u00e1s c\u00e9lja n\u00e9h\u00e1ny jellemz\u0151 p\u00e9ld\u00e1n bemutatni a m\u00e9z sz\u00edn\u00e9nek meghat\u00e1roz\u00e1s\u00e1ra szolg\u00e1l\u00f3 jelenlegi m\u00f3dszertan probl\u00e9m\u00e1it, \u00e9s egy\u00fattal olyan megold\u00e1st javasolni, amely a j\u00f6v\u0151ben szabv\u00e1nyos\u00edtott m\u00f3dszernek min\u0151s\u00fclhet. Az \u00f6sszes sz\u00e1m\u00edt\u00e1st tartalmaz\u00f3 sablon az UV-VIS transzmisszi\u00f3s spektrumokon alapul. A k\u00eds\u00e9rlet r\u00e1vil\u00e1g\u00edt a Pfund sk\u00e1l\u00e1z\u00e1si rendszer alapvet\u0151 hi\u00e1nyoss\u00e1gaira, emellett olyan alternat\u00edv analitikai m\u00f3dszert biztos\u00edt, amely tov\u00e1bbi r\u00e9szleteket \u00e9s inform\u00e1ci\u00f3kat szolg\u00e1ltathat a m\u00e9z sz\u00edn\u00e9r\u0151l, kik\u00fcsz\u00f6b\u00f6lve a jelen protokollok hib\u00e1it \u2013 foglalta \u00f6ssze dr. Benedek Csilla, a Dietetikai \u00e9s T\u00e1pl\u00e1lkoz\u00e1studom\u00e1nyi Tansz\u00e9k f\u0151iskolai docense.<\/p>\n<div class=\"keretes w-100\">\n<p>Colour of honey: can we trust the Pfund scale? \u2013 An alternative graphical tool covering the whole visible spectra<br \/>\nZsanett Bodor (Hungarian University of Agriculture and Life Sciences, Institute of Food Science and Technology, Department of Physics and Control), Csilla Benedek (Semmelweis University, Faculty of Health Sciences, Department of Dietetics and Nutrition), Agnes Urbin (Budapest University of Technology and Economics, Faculty of Mechanical Engineering, Department of Mechatronics, Optics and Mechanical Engineering Informatics), Daniel Szabo (Hungarian University of Agriculture and Life Sciences, Institute of Food Science and Technology, Department of Postharvest, Supply Chain, Commerce and Sensory Science), Laszlo Sipos (Hungarian University of Agriculture and Life Sciences, Institute of Food Science and Technology, Department of Postharvest, Supply Chain, Commerce and Sensory Science)<br \/>\nLWT (2021), Vol. 149, 111859; <a href=\"https:\/\/doi.org\/10.1016\/j.lwt.2021.111859\">https:\/\/doi.org\/10.1016\/j.lwt.2021.111859<\/a><\/p>\n<\/div>\n<h5><strong>A COVID-19 j\u00e1rv\u00e1ny hat\u00e1sa a magyar iszk\u00e9mi\u00e1s stroke ell\u00e1t\u00e1sra<\/strong><\/h5>\n<p><img loading=\"lazy\" decoding=\"async\" class=\"alignleft size-medium wp-image-108211\" src=\"https:\/\/semmelweis.hu\/hirek\/files\/2021\/10\/Abra_2-400x392.jpg\" alt=\"\" width=\"400\" height=\"392\" srcset=\"https:\/\/semmelweis.hu\/hirek\/files\/2021\/10\/Abra_2-400x392.jpg 400w, https:\/\/semmelweis.hu\/hirek\/files\/2021\/10\/Abra_2-817x800.jpg 817w, https:\/\/semmelweis.hu\/hirek\/files\/2021\/10\/Abra_2-768x752.jpg 768w, https:\/\/semmelweis.hu\/hirek\/files\/2021\/10\/Abra_2-753x737.jpg 753w, https:\/\/semmelweis.hu\/hirek\/files\/2021\/10\/Abra_2.jpg 1447w\" sizes=\"auto, (max-width: 400px) 100vw, 400px\" \/>A COVID-19 betegs\u00e9g 2020 m\u00e1rcius\u00e1ban pand\u00e9mi\u00e1v\u00e1 v\u00e1lt \u00e9s Magyarorsz\u00e1got is el\u00e9rte. A vil\u00e1gon a m\u00e1sodik vezet\u0151 hal\u00e1lokk\u00e9nt szerepl\u0151 \u00e9s jelent\u0151s rokkants\u00e1got okoz\u00f3 agyi \u00e9rbetegs\u00e9gek kezel\u00e9se az elm\u00falt \u00e9vtizedekben a gy\u00f3gyszeres \u00e9s a kat\u00e9teres v\u00e9rr\u00f6gold\u00e1snak k\u00f6sz\u00f6nhet\u0151en forradalmi v\u00e1ltoz\u00e1sokon esett \u00e1t. Tanulm\u00e1nyunkban arra voltunk k\u00edv\u00e1ncsiak, hogy a COVID-19 j\u00e1rv\u00e1ny e jelent\u0151s betegs\u00e9gcsoport vezet\u0151 k\u00f3rk\u00e9p\u00e9nek, az iszk\u00e9mi\u00e1s stroke-nak (r\u00e9gebbi nev\u00e9n guta\u00fct\u00e9s, agyl\u00e1gyul\u00e1s) az ell\u00e1t\u00e1s\u00e1t hogyan befoly\u00e1solta Magyarorsz\u00e1gon \u2013 mutatott r\u00e1 \u00f6sszefoglal\u00f3j\u00e1ban dr. B\u00f6jti P\u00e9ter P\u00e1l, a Neurol\u00f3giai Klinika rezidense. Ennek vizsg\u00e1lat\u00e1ra a hagyom\u00e1nyos megk\u00f6zel\u00edt\u00e9sen t\u00fal egy \u00fajszer\u0171 statisztikai m\u00f3dszert, az \u00fagynevezett szab\u00e1lyoz\u00f3 k\u00e1rty\u00e1kkal v\u00e9gzett trend anal\u00edzist alkalmaztunk. Seg\u00edts\u00e9g\u00e9vel kimutattuk, hogy a COVID-19 els\u0151 \u00e9s m\u00e1sodik j\u00e1rv\u00e1nyhull\u00e1ma sor\u00e1n az iszk\u00e9mi\u00e1s stroke miatti k\u00f3rh\u00e1zi felv\u00e9telek \u00e9s akut kezel\u00e9sek (gy\u00f3gyszeres \u00e9s kat\u00e9teres v\u00e9rr\u00f6gold\u00e1s) sz\u00e1ma jelent\u0151sen visszaesett az orsz\u00e1gban. A visszaes\u00e9sek dinamik\u00e1ja az egyes vizsg\u00e1lati m\u00e9r\u0151sz\u00e1mok eset\u00e9n elt\u00e9rt, illetve az iszk\u00e9mi\u00e1s stroke miatti k\u00f3rh\u00e1zi felv\u00e9telek sz\u00e1ma az akut kezel\u00e9sekhez viszony\u00edtva ar\u00e1nytalanul nagyobb m\u00e9rt\u00e9kben cs\u00f6kkent. A h\u00e1tt\u00e9rben, egyes jellegzetess\u00e9gek alapj\u00e1n, a lakoss\u00e1g magatart\u00e1sv\u00e1ltoz\u00e1sa (koronav\u00edrussal t\u00f6rt\u00e9n\u0151 megfert\u0151z\u0151d\u00e9st\u0151l val\u00f3 f\u00e9lelem miatti otthonmarad\u00e1s) \u00e9s az eg\u00e9szs\u00e9g\u00fcgyi operat\u00edv int\u00e9zked\u00e9sek (k\u00f3rh\u00e1zi kapacit\u00e1sok \u00e1tcsoportos\u00edt\u00e1sa \u00e9s az elekt\u00edv betegell\u00e1t\u00e1s korl\u00e1toz\u00e1sa) hat\u00e1sa felt\u00e9telezhet\u0151.<\/p>\n<div class=\"w-100 keretes\">Impact of COVID-19 on ischemic stroke care in Hungary<br \/>\nPeter Pal Bojti (J\u00e1nos Szent\u00e1gothai Doctoral School of Neurosciences, Semmelweis University; National Institute of Mental Health, Neurology and Neurosurgery), Geza Szilagyi (J\u00e1nos Szent\u00e1gothai Doctoral School of Neurosciences, Semmelweis University; Department of Neurology, Medical Centre, Hungarian Defence Forces), Balazs Dobi (Department of Probability Theory and Statistics, E\u00f6tv\u00f6s Lor\u00e1nd University; Neuroepidemiology Research Group ELKH, MTA-SE), Istvan Szikora (National Institute of Mental Health, Neurology and Neurosurgery; J\u00e1nos Szent\u00e1gothai Doctoral School of Neurosciences, Semmelweis University; Department of Neurosurgery, Semmelweis University), Balazs Kis (National Institute of Mental Health, Neurology and Neurosurgery), Akos Kornfeld (National Institute of Mental Health, Neurology and Neurosurgery), Csaba Ovary (National Institute of Mental Health, Neurology and Neurosurgery), Lorand Eross (National Institute of Mental Health, Neurology and Neurosurgery; J\u00e1nos Szent\u00e1gothai Doctoral School of Neurosciences, Semmelweis University; Department of Neurosurgery, Semmelweis University), Peter Banczerowski (National Institute of Mental Health, Neurology and Neurosurgery; J\u00e1nos Szent\u00e1gothai Doctoral School of Neurosciences, Semmelweis University; Department of Neurosurgery, Semmelweis University), Wojciech Kuczy\u0144ski (Department of Sleep Medicine and Metabolic Disorders, Medical University of Lodz), Daniel Bereczki (J\u00e1nos Szent\u00e1gothai Doctoral School of Neurosciences, Semmelweis University; Neuroepidemiology Research Group ELKH, MTA-SE; Department of Neurology, Semmelweis University; European Academy of Neurology, EANcore COVID-19 Task Force)<br \/>\nGeroScience\u00a0(2021). <a href=\"https:\/\/doi.org\/10.1007\/s11357-021-00424-z\">https:\/\/doi.org\/10.1007\/s11357-021-00424-z<\/a><\/div>\n<p>&nbsp;<\/p>\n<h5><strong>Az \u201dUpgrade\u201d \u00e9s \u201eDe novo\u201d Kardi\u00e1lis Reszinkroniz\u00e1ci\u00f3s Ter\u00e1pi\u00e1t k\u00f6vet\u0151 hossz\u00fat\u00e1v\u00fa t\u00fal\u00e9l\u00e9s vizsg\u00e1lata<\/strong><\/h5>\n<p><img loading=\"lazy\" decoding=\"async\" class=\"alignleft size-medium wp-image-108219\" src=\"https:\/\/semmelweis.hu\/hirek\/files\/2021\/10\/Figure-400x300.jpg\" alt=\"\" width=\"400\" height=\"300\" srcset=\"https:\/\/semmelweis.hu\/hirek\/files\/2021\/10\/Figure-400x300.jpg 400w, https:\/\/semmelweis.hu\/hirek\/files\/2021\/10\/Figure-900x675.jpg 900w, https:\/\/semmelweis.hu\/hirek\/files\/2021\/10\/Figure-768x576.jpg 768w, https:\/\/semmelweis.hu\/hirek\/files\/2021\/10\/Figure-1536x1152.jpg 1536w, https:\/\/semmelweis.hu\/hirek\/files\/2021\/10\/Figure-753x565.jpg 753w, https:\/\/semmelweis.hu\/hirek\/files\/2021\/10\/Figure.jpg 2000w\" sizes=\"auto, (max-width: 400px) 100vw, 400px\" \/>A Kardi\u00e1lis Reszinkroniz\u00e1ci\u00f3s Ter\u00e1pia (CRT) bizony\u00edtottan hat\u00e1sos kezel\u00e9si alternat\u00edvak\u00e9nt szolg\u00e1l a sz\u00edvel\u00e9gtelen betegek egy csoportj\u00e1ban. A CRT kezel\u00e9sben r\u00e9szes\u00fcl\u0151 betegek vagy \u2013\u201ede novo\u201d \u2013 els\u0151 eszk\u00f6z\u00f6s ter\u00e1piak\u00e9nt eshetnek \u00e1t CRT be\u00fcltet\u00e9sen, vagy a kor\u00e1bban be\u00fcltetett ritmusgener\u00e1l\u00f3 eszk\u00f6zeiket (pacemakereiket, be\u00fcltethet\u0151 kardioverter-defibrill\u00e1toraikat) \u2013 \u201eupgrade\u201d-elik \u2013, azaz fejlesztik fel CRT k\u00e9sz\u00fcl\u00e9kk\u00e9. A retrospekt\u00edv vizsg\u00e1lati eredm\u00e9nyeink alapj\u00e1n a k\u00e9t betegpopul\u00e1ci\u00f3 k\u00f6z\u00fcl az \u201eupgrade\u201d CRT implant\u00e1ci\u00f3ban r\u00e9szes\u00fclt csoport tagjai id\u0151sebbek, alacsonyabb k\u00f6z\u00f6tt\u00fck a n\u0151i nem el\u0151fordul\u00e1si gyakoris\u00e1ga, \u00e9s t\u00f6bb egy\u00e9b t\u00e1rsbetegs\u00e9ggel rendelkeztek, mint a \u201ede novo\u201d CRT be\u00fcltet\u00e9sen \u00e1tesett betegt\u00e1rsaik. A 3,7 \u00e9ves medi\u00e1n ut\u00e1nk\u00f6vet\u00e9si id\u0151 alatt a CRT \u201eupgrade\u201d kezel\u00e9sben r\u00e9szes\u00fclt betegek 41%-kal magasabb hal\u00e1loz\u00e1si rizik\u00f3t mutattak a \u201ede novo\u201d CRT kezel\u00e9sben r\u00e9szes\u00fclt betegt\u00e1rsaikhoz k\u00e9pest. Tov\u00e1bbi elemz\u00e9seinkkel azt is igazoltuk, hogy az \u201eupgrade\u201d beavatkoz\u00e1s a hal\u00e1loz\u00e1s nem f\u00fcggetlen predikt\u00edv faktora.\u00a0 Vagyis az \u201eupgrade\u201d CRT csoportban megfigyelt magasabb hal\u00e1loz\u00e1si ar\u00e1ny m\u00f6g\u00f6tt els\u0151dlegesen a gyakoribb \u00e9s s\u00falyosabb t\u00e1rsbetegs\u00e9geket felt\u00e9telezz\u00fck. Az upgrade csoportban a beavatkoz\u00e1ssal kapcsolatos sz\u00f6v\u0151dm\u00e9nyek, mint p\u00e9ld\u00e1ul a be\u00fcltetett eszk\u00f6z\u00f6k \u00fagynevezett zseb infekci\u00f3ja \u00e9s az elektr\u00f3d\u00e1k diszfunkci\u00f3ja gyakrabban jelentkeztek, mint a de novo CRT csoport eset\u00e9n \u2013 fogalmazott Schwertner Walter Rich\u00e1rd az Elm\u00e9leti \u00e9s Transzl\u00e1ci\u00f3s Orvostudom\u00e1nyok Doktori Iskol\u00e1j\u00e1nak hallgat\u00f3ja.<\/p>\n<div class=\"w-100 keretes\">Long-term survival following upgrade compared with de novo cardiac resynchronization therapy implantation: a single-centre, high-volume experience<br \/>\nWalter Richard Schwerner (Heart and Vascular Centre, Semmelweis University), Anett Behon (Heart and Vascular Centre, Semmelweis University), Eperke D\u00f3ra Merkely (Heart and Vascular Centre, Semmelweis University), Marton Tokodi (Heart and Vascular Centre, Semmelweis University), Attila Kovacs (Heart and Vascular Centre, Semmelweis University), Endre Zima (Heart and Vascular Centre, Semmelweis University), Istvan Osztheimer (Heart and Vascular Centre, Semmelweis University), Levente Molnar (Heart and Vascular Centre, Semmelweis University), Akos Kiraly (Heart and Vascular Centre, Semmelweis University), Roland Papp (Heart and Vascular Centre, Semmelweis University), Laszlo Geller (Heart and Vascular Centre, Semmelweis University), Luca Kuthi (Heart and Vascular Centre, Semmelweis University), Boglarka Veres (Heart and Vascular Centre, Semmelweis University), Annamaria Kosztin (Heart and Vascular Centre, Semmelweis University), Bela Merkely (Heart and Vascular Centre, Semmelweis University)<br \/>\nEP Europace (2021), Volume 23, Issue 8, Pages 1310\u20131318.<\/div>\n<p>A r\u00f6vid \u00f6sszefoglal\u00f3kat a tudom\u00e1nyos publik\u00e1ci\u00f3k szerz\u0151i k\u00e9sz\u00edtett\u00e9k.<br \/>\nSzerkesztette: Szab\u00f3 \u00c1d\u00e1m<br \/>\nFot\u00f3: a publik\u00e1ci\u00f3kb\u00f3l sz\u00e1rmaz\u00f3 k\u00e9pek; Kov\u00e1cs Attila &#8211; Semmelweis Egyetem (illusztr\u00e1ci\u00f3)<\/p>\n<p>&nbsp;<\/p>\n","protected":false},"excerpt":{"rendered":"<p>Cikksorozatunkban az egyetemhez k\u00f6thet\u0151 D1 min\u0151s\u00edt\u00e9s\u0171 tudom\u00e1nyos k\u00f6zlem\u00e9nyekr\u0151l olvashat\u00f3 r\u00f6vid \u00f6sszefoglal\u00f3.<\/p>\n","protected":false},"author":101751,"featured_media":102156,"comment_status":"closed","ping_status":"closed","sticky":false,"template":"","format":"standard","meta":{"_acf_changed":false,"footnotes":""},"categories":[161,168],"tags":[4276],"class_list":["post-108204","post","type-post","status-publish","format-standard","has-post-thumbnail","hentry","category-tudomany","category-kiemelt","tag-tudomanyos-hirado"],"acf":[],"_links":{"self":[{"href":"https:\/\/semmelweis.hu\/hirek\/wp-json\/wp\/v2\/posts\/108204","targetHints":{"allow":["GET"]}}],"collection":[{"href":"https:\/\/semmelweis.hu\/hirek\/wp-json\/wp\/v2\/posts"}],"about":[{"href":"https:\/\/semmelweis.hu\/hirek\/wp-json\/wp\/v2\/types\/post"}],"author":[{"embeddable":true,"href":"https:\/\/semmelweis.hu\/hirek\/wp-json\/wp\/v2\/users\/101751"}],"replies":[{"embeddable":true,"href":"https:\/\/semmelweis.hu\/hirek\/wp-json\/wp\/v2\/comments?post=108204"}],"version-history":[{"count":1,"href":"https:\/\/semmelweis.hu\/hirek\/wp-json\/wp\/v2\/posts\/108204\/revisions"}],"predecessor-version":[{"id":108220,"href":"https:\/\/semmelweis.hu\/hirek\/wp-json\/wp\/v2\/posts\/108204\/revisions\/108220"}],"wp:featuredmedia":[{"embeddable":true,"href":"https:\/\/semmelweis.hu\/hirek\/wp-json\/wp\/v2\/media\/102156"}],"wp:attachment":[{"href":"https:\/\/semmelweis.hu\/hirek\/wp-json\/wp\/v2\/media?parent=108204"}],"wp:term":[{"taxonomy":"category","embeddable":true,"href":"https:\/\/semmelweis.hu\/hirek\/wp-json\/wp\/v2\/categories?post=108204"},{"taxonomy":"post_tag","embeddable":true,"href":"https:\/\/semmelweis.hu\/hirek\/wp-json\/wp\/v2\/tags?post=108204"}],"curies":[{"name":"wp","href":"https:\/\/api.w.org\/{rel}","templated":true}]}}