{"id":108179,"date":"2021-10-26T13:00:18","date_gmt":"2021-10-26T11:00:18","guid":{"rendered":"https:\/\/semmelweis.hu\/hirek\/?p=108179"},"modified":"2021-10-26T16:27:19","modified_gmt":"2021-10-26T14:27:19","slug":"minden-amit-az-51-semmelweis-golyabalrol-tudni-erdemes","status":"publish","type":"post","link":"https:\/\/semmelweis.hu\/hirek\/2021\/10\/26\/minden-amit-az-51-semmelweis-golyabalrol-tudni-erdemes\/","title":{"rendered":"Minden, amit az 51. Semmelweis G\u00f3lyab\u00e1lr\u00f3l tudni \u00e9rdemes"},"content":{"rendered":"<p><em>\u201eJ\u00f6tt\u00f6mre \u00f6t nap m\u00falt\u00e1n sz\u00e1m\u00edtsatok, pirkadatkor, kelet fel\u0151l&#8221;<\/em><\/p>\n<p>Kinek ne lenne ismer\u0151s a m\u00e1r sz\u00e1ll\u00f3ig\u00e9v\u00e9 v\u00e1lt mondat? Hab\u00e1r nem \u00f6t nap m\u00falva, de hamarosan az \u00f6sszes hallgat\u00f3 belecs\u00f6ppenhet Frod\u00f3 \u00e9s Samu kalandos vil\u00e1g\u00e1ba, r\u00e9szese lehet egy elvar\u00e1zsolt \u00e9jszak\u00e1nak a 2021-es Semmelweis G\u00f3lyab\u00e1lnak k\u00f6sz\u00f6nhet\u0151en.<\/p>\n<h5>De pontosan mit takar ez az este?<\/h5>\n<p>A Semmelweis G\u00f3lyab\u00e1l hagyom\u00e1nyosan minden \u00e9v okt\u00f3ber\u00e9ben ker\u00fcl megrendez\u00e9sre, hivatalosan is lez\u00e1rva a <a href=\"https:\/\/www.youtube.com\/watch?v=Q53zDzZosnI&amp;t=1s\">g\u00f3lyat\u00e1bor<\/a> \u00e1ltal megnyitott id\u0151szakot: a frissen felvett hallgat\u00f3ink, azaz a g\u00f3ly\u00e1k, teljes jog\u00fa Semmelweis Polg\u00e1rokk\u00e1 v\u00e1lnak.<\/p>\n<p>Az elm\u00falt \u00e9vekben sz\u00e1mos b\u00e1li tematik\u00e1val tal\u00e1lkozhattunk: A m\u00fazeumok \u00e9jszak\u00e1ja, Harry Potter, \u00c9jszaka \u00c9szakon \u00e9s a F\u00e9nyek V\u00e1rosa v\u00e1rta a hallgat\u00f3kat felejthetetlen programokkal. Id\u00e9n A Gy\u0171r\u0171k Ura legend\u00e1s karaktereivel sz\u00f3rakozhatnak majd egy\u00fctt sz\u00e1mos k\u00f6zkedvelt el\u0151ad\u00f3 k\u00f6zrem\u0171k\u00f6d\u00e9s\u00e9vel, \u00edgy nem kell csod\u00e1lkozni, ha a r\u00e9sztvev\u0151k Gandalf, Aragorn vagy Legolas t\u00e1rsas\u00e1g\u00e1ba keverednek a b\u00e1li forgatagban, esetleg orkok, t\u00fcnd\u00e9k vagy hobbitok seg\u00edtenek, ha megszomjaznak, meg\u00e9heznek az esem\u00e9ny k\u00f6zepette.<\/p>\n<p>Tavaly sajnos a v\u00edrushelyzet miatt nem ker\u00fclhetett megrendez\u00e9sre ez a rangos esem\u00e9ny, \u00edgy ebben az \u00e9vben az Instruktor \u00d6ntev\u00e9keny Csoport (I\u00d6CS) \u00e9s a Hallgat\u00f3i \u00d6nkorm\u00e1nyzat (H\u00d6K) dupla akkora lelkesed\u00e9ssel v\u00e1gott bele a szervez\u00e9sbe, hogy minden friss g\u00f3ly\u00e1t felavathassanak \u00e9s a tavalyi g\u00f3ly\u00e1k is r\u00e9szesei lehessenek ennek a programnak.<\/p>\n<p><img loading=\"lazy\" decoding=\"async\" class=\"aligncenter size-full wp-image-108184\" src=\"https:\/\/semmelweis.hu\/hirek\/files\/2021\/10\/g\u00f3lyab\u00e1l-1.jpg\" alt=\"\" width=\"2048\" height=\"1365\" srcset=\"https:\/\/semmelweis.hu\/hirek\/files\/2021\/10\/g\u00f3lyab\u00e1l-1.jpg 2048w, https:\/\/semmelweis.hu\/hirek\/files\/2021\/10\/g\u00f3lyab\u00e1l-1-400x267.jpg 400w, https:\/\/semmelweis.hu\/hirek\/files\/2021\/10\/g\u00f3lyab\u00e1l-1-900x600.jpg 900w, https:\/\/semmelweis.hu\/hirek\/files\/2021\/10\/g\u00f3lyab\u00e1l-1-768x512.jpg 768w, https:\/\/semmelweis.hu\/hirek\/files\/2021\/10\/g\u00f3lyab\u00e1l-1-1536x1024.jpg 1536w, https:\/\/semmelweis.hu\/hirek\/files\/2021\/10\/g\u00f3lyab\u00e1l-1-753x502.jpg 753w, https:\/\/semmelweis.hu\/hirek\/files\/2021\/10\/g\u00f3lyab\u00e1l-1-203x135.jpg 203w\" sizes=\"auto, (max-width: 2048px) 100vw, 2048px\" \/>A hallgat\u00f3i szervezet vezet\u0151s\u00e9ge m\u00e1r h\u00f3napok \u00f3ta azon dolgozik, hogy mindenki \u00fajra \u00e1t\u00e9lhesse azokat a felejthetetlen \u00e9lm\u00e9nyeket, amelyeket a kor\u00e1bbi g\u00f3lyab\u00e1lokt\u00f3l megszokhattunk. M\u00e9g v\u00e9get sem \u00e9rt a g\u00f3lyat\u00e1bor, amikor m\u00e1ris megtal\u00e1lt\u00e1k azt a t\u00f6bb, mint h\u00fasz kiv\u00e1l\u00f3 instruktort, akik a k\u00fcl\u00f6nb\u00f6z\u0151 gebinek f\u0151n\u00f6keik\u00e9nt gondoskodnak a t\u00f6k\u00e9letes csapatok megalkot\u00e1s\u00e1r\u00f3l \u00e9s arr\u00f3l, hogy minden pontosan \u00fagy t\u00f6rt\u00e9njen ezen az est\u00e9n, ahogy azt a f\u0151szervez\u0151k meg\u00e1lmodt\u00e1k. Mindannyian j\u00f3l ismerj\u00fck Murphy t\u00f6rv\u00e9ny\u00e9t, miszerint \u201e<em>Ami elromolhat, az el is romlik<\/em>\u201d. Ez\u00e9rt kezdte meg a munk\u00e1t t\u00f6bb sz\u00e1z instruktor a Hallgat\u00f3i \u00d6nkorm\u00e1nyzat anyagi, infrastruktur\u00e1lis \u00e9s hum\u00e1n-er\u0151forr\u00e1sbeli t\u00e1mogat\u00e1s\u00e1val m\u00e1r j\u00f3val a b\u00e1l \u00e9jszak\u00e1ja el\u0151tt, hogy mindenr\u0151l gondoskodni tudjanak \u00e9s a g\u00f3ly\u00e1knak ne legyen m\u00e1s dolguk, mint \u00e9lvezni az esem\u00e9nyt.<\/p>\n<p>A sz\u00e1mos gebin k\u00f6z\u00fcl a hallgat\u00f3k el\u0151sz\u00f6r a Jegygebinek tagjaival tal\u00e1lkozhatnak, akikt\u0151l az Elm\u00e9leti Orvostudom\u00e1nyi K\u00f6zpont (EOK) \u00e9s a Nagyv\u00e1rad t\u00e9ri Elm\u00e9leti T\u00f6mb (NET) \u00e9p\u00fclet\u00e9ben megv\u00e1s\u00e1rolhatj\u00e1k a megh\u00edv\u00f3kat \u00e9s a tombolaszelv\u00e9nyeket. A k\u00fcl\u00f6nb\u00f6z\u0151 \u00e9rt\u00e9kes \u00e9s izgalmas aj\u00e1nd\u00e9kokr\u00f3l a Tombolagebin gondoskodik, r\u00e1ad\u00e1sul a befolyt \u00f6sszeggel id\u00e9n a Seb\u00e9szeti, Transzplant\u00e1ci\u00f3s \u00e9s Gasztroenterol\u00f3giai Klinik\u00e1t t\u00e1mogatj\u00e1k a hallgat\u00f3i szervezetek.<\/p>\n<p>A g\u00f3lyab\u00e1lt megel\u0151z\u0151 h\u00e9ten a k\u00fcl\u00f6nb\u00f6z\u0151 h\u00e1tt\u00e9rgebinek munk\u00e1ja kap nagyon fontos szerepet: beszerzik az utols\u00f3 kell\u00e9keket is, gondoskodnak arr\u00f3l, hogy meg\u00e9rkezzenek a teheraut\u00f3k, fel\u00e9p\u00fcljenek a pultok, megteljenek a h\u0171t\u0151k. A rakt\u00e1rakb\u00f3l felker\u00fclnek a k\u00fcl\u00f6nb\u00f6z\u0151 dekorelemek, s\u00f6rcsapok \u00e9s az est legnagyobb szt\u00e1rvend\u00e9ge, a h\u00edres diszk\u00f3g\u00f6mb is. P\u00e9ntekre m\u00e1r csak az utols\u00f3 sim\u00edt\u00e1sok maradnak h\u00e1tra: a finom \u00e9telek elk\u00e9sz\u00edt\u00e9se, a pultok saj\u00e1t imidzs-kell\u00e9keinek kihelyez\u00e9se, a t\u0171z- \u00e9s munkav\u00e9delmi oktat\u00e1s, valamint a v\u00e9gs\u0151 ellen\u0151rz\u00e9sek.<\/p>\n<h5><strong>Mi v\u00e1rja a hallgat\u00f3kat okt\u00f3ber 29-\u00e9n, p\u00e9ntek este?<\/strong><\/h5>\n<p>A kapuban szigor\u00fa outfit- \u00e9s megh\u00edv\u00f3-ellen\u0151rz\u00e9s t\u00f6rt\u00e9nik, majd a hallgat\u00f3k elhelyezhetik kab\u00e1tjaikat \u00e9s v\u00e1lt\u00f3cip\u0151iket az aul\u00e1ban m\u0171k\u00f6d\u0151 ruhat\u00e1rban, melyre eg\u00e9sz este instruktorok vigy\u00e1znak. Az este folyam\u00e1n a t\u00e1borban is m\u00e9lt\u00e1n n\u00e9pszer\u0171 italk\u00edn\u00e1lattal v\u00e1rja \u0151ket mind a hat italpult. Emellett a Hallgat\u00f3i \u00d6nkorm\u00e1nyzat szerencseker\u00e9kkel \u00e9s k\u00fcl\u00f6nf\u00e9le j\u00e1t\u00e9kokkal igyekszik m\u00e9g izgalmasabb\u00e1 tenni az est\u00e9t. A b\u00e1l folyam\u00e1n, a Cirk\u00e1l\u00f3knak k\u00f6sz\u00f6nhet\u0151en a NET meg\u0151rzi pomp\u00e1j\u00e1t, nem kell agg\u00f3dni a v\u00e9letlen\u00fcl kil\u00f6ttyintett ital, elejtett perecv\u00e9gek miatt.<\/p>\n<p>Az esem\u00e9nyek meg\u00f6r\u00f6k\u00edt\u00e9se \u00e9rdek\u00e9ben fot\u00f3sarok \u00e9s a selfieg\u00e9p v\u00e1rja a megjelenteket, ahol k\u00fcl\u00f6nb\u00f6z\u0151 tematikus h\u00e1tterekkel k\u00e9sz\u00edtenek k\u00e9peket a r\u00e9sztvev\u0151kr\u0151l. A kal\u00f3ria\u00e9get\u00e9sr\u0151l \u00e9s a cip\u0151talpak kop\u00e1s\u00e1r\u00f3l izgalmas fell\u00e9p\u0151k fognak gondoskodni, k\u00e9t helysz\u00ednen is fergeteges zenekarok \u00e9s DJ-k biztos\u00edtj\u00e1k a zen\u00e9t. D\u00edszvend\u00e9geinket a VIP gebin egy kellemes \u00e1ll\u00f3fogad\u00e1ssal v\u00e1rja az est folyam\u00e1n.<\/p>\n<p>Az Instruktor \u00d6ntev\u00e9keny Csoport \u00e9s a Hallgat\u00f3i \u00d6nkorm\u00e1nyzat nagyon j\u00f3 sz\u00f3rakoz\u00e1st k\u00edv\u00e1n a r\u00e9sztvev\u0151knek!<\/p>\n<p>A n\u00edv\u00f3s esem\u00e9ny <a href=\"https:\/\/fb.me\/e\/X7ng1zBG\">Facebook linkje itt tal\u00e1lhat\u00f3<\/a>, jegyek m\u00e9g korl\u00e1tozott sz\u00e1mban el\u00e9rhet\u0151k!<\/p>\n<p>T\u00e1bi Dalma, Pop Alexandra J\u00falia, Al-Sheraji Nada<br \/>\nFot\u00f3: Barta B\u00e1lint<\/p>\n<div id=\"GroupWiseSection_1635172089000_szabo.adam2@semmelweis-univ.hu_276DCC8015AE0000B4706F6437386235_\" class=\"GroupWiseMessageBody active\">\n<div id=\"GroupWiseSection_1635168833000_szabo.adam2@semmelweis-univ.hu_276DCC8015AE0000B4706F6437386235_\" class=\"GroupWiseMessageBody\">\n<div><em>A cikket a Semmelweis Egyetem Hallgat\u00f3i \u00d6nkorm\u00e1nyzata k\u00e9sz\u00edtette<\/em><\/div>\n<\/div>\n<\/div>\n","protected":false},"excerpt":{"rendered":"<p>Az okt\u00f3ber 29-i esem\u00e9ny t\u00e9m\u00e1ja A Gy\u0171r\u0171k Ura lesz. <\/p>\n","protected":false},"author":101751,"featured_media":108183,"comment_status":"closed","ping_status":"closed","sticky":false,"template":"","format":"standard","meta":{"_acf_changed":false,"footnotes":""},"categories":[3533,168],"tags":[70,4293,697,75],"class_list":["post-108179","post","type-post","status-publish","format-standard","has-post-thumbnail","hentry","category-hallgatok-oktatas","category-kiemelt","tag-golyabal","tag-hallgatoi-szemmel","tag-hok","tag-iocs"],"acf":[],"_links":{"self":[{"href":"https:\/\/semmelweis.hu\/hirek\/wp-json\/wp\/v2\/posts\/108179","targetHints":{"allow":["GET"]}}],"collection":[{"href":"https:\/\/semmelweis.hu\/hirek\/wp-json\/wp\/v2\/posts"}],"about":[{"href":"https:\/\/semmelweis.hu\/hirek\/wp-json\/wp\/v2\/types\/post"}],"author":[{"embeddable":true,"href":"https:\/\/semmelweis.hu\/hirek\/wp-json\/wp\/v2\/users\/101751"}],"replies":[{"embeddable":true,"href":"https:\/\/semmelweis.hu\/hirek\/wp-json\/wp\/v2\/comments?post=108179"}],"version-history":[{"count":6,"href":"https:\/\/semmelweis.hu\/hirek\/wp-json\/wp\/v2\/posts\/108179\/revisions"}],"predecessor-version":[{"id":108223,"href":"https:\/\/semmelweis.hu\/hirek\/wp-json\/wp\/v2\/posts\/108179\/revisions\/108223"}],"wp:featuredmedia":[{"embeddable":true,"href":"https:\/\/semmelweis.hu\/hirek\/wp-json\/wp\/v2\/media\/108183"}],"wp:attachment":[{"href":"https:\/\/semmelweis.hu\/hirek\/wp-json\/wp\/v2\/media?parent=108179"}],"wp:term":[{"taxonomy":"category","embeddable":true,"href":"https:\/\/semmelweis.hu\/hirek\/wp-json\/wp\/v2\/categories?post=108179"},{"taxonomy":"post_tag","embeddable":true,"href":"https:\/\/semmelweis.hu\/hirek\/wp-json\/wp\/v2\/tags?post=108179"}],"curies":[{"name":"wp","href":"https:\/\/api.w.org\/{rel}","templated":true}]}}