{"id":107879,"date":"2021-10-13T13:15:05","date_gmt":"2021-10-13T11:15:05","guid":{"rendered":"https:\/\/semmelweis.hu\/hirek\/?p=107879"},"modified":"2021-10-13T13:16:18","modified_gmt":"2021-10-13T11:16:18","slug":"a-sport-klub-egisze-alatt-kozel-40-egyetemi-resztvevo-indult-az-idei-budapest-maratonon","status":"publish","type":"post","link":"https:\/\/semmelweis.hu\/hirek\/2021\/10\/13\/a-sport-klub-egisze-alatt-kozel-40-egyetemi-resztvevo-indult-az-idei-budapest-maratonon\/","title":{"rendered":"A Sport Klub \u00e9gisze alatt k\u00f6zel 40 egyetemi r\u00e9sztvev\u0151 indult az idei Budapest Maratonon"},"content":{"rendered":"<div class=\"lead\">Harminchatodik alkalommal rendezt\u00e9k meg az orsz\u00e1g egyik legnagyobb szabadid\u0151sport-esem\u00e9ny\u00e9t, melyen t\u00f6bb t\u00edzezer r\u00e9sztvev\u0151 indult a k\u00e9tnapos rendezv\u00e9ny valamelyik t\u00e1vj\u00e1n. A Budapest Maratonon id\u00e9n k\u00f6zel 40 egyetemi fut\u00f3 \u00e9lt a Semmelweis Egyetem Sport Klub szabadid\u0151sport szakoszt\u00e1lya \u00e1ltal biztos\u00edtott nevez\u00e9si kedvezm\u00e9nnyel.<\/div>\n<p>A fut\u00f3versenyen a Semmelweis Egyetem Sport Klub szabadid\u0151sport szakoszt\u00e1ly\u00e1nak \u00e9gisze alatt t\u00f6bb egyetemi klinika, szervezeti egys\u00e9ge kipr\u00f3b\u00e1lta mag\u00e1t csapatban vagy egy\u00e9ni indul\u00f3k\u00e9nt. Az Eg\u00e9szs\u00e9g\u00fcgyi Menedzserk\u00e9pz\u0151 K\u00f6zpont k\u00e9t csapattal, \u00f6sszesen nyolc f\u0151vel (L\u0151rincz Orsolya, Kov\u00e1cs R\u00e9ka, Kov\u00e1ts Tam\u00e1s, Ga\u00e1l P\u00e9ter, Gyurcs\u00e1n Gergely, K\u00e9ri Di\u00e1na \u00e9s Szaszovszky Eszter) indult a megm\u00e9rettet\u00e9sen \u2013 \u0151k n\u00e9gyf\u0151s csapatokban, v\u00e1lt\u00f3ban teljes\u00edtett\u00e9k a maratoni t\u00e1vot.<\/p>\n<p>A 36. Spar Maraton egy\u00e9ni indul\u00f3i k\u00f6z\u00f6tt volt dr. Gerber G\u00e1bor, a Fogorvostudom\u00e1nyi Kar d\u00e9k\u00e1nja, a Semmelweis Egyetem Sport Klub szabadid\u0151sport szakoszt\u00e1ly\u00e1nak eln\u00f6ke, akinek ez m\u00e1r a tizedik Spar Maratonja volt; Ny\u00e1m\u00e1ndi Piroska fut\u00f3nagyk\u00f6vet, ultrafut\u00f3, f\u0151szervez\u0151, az Anat\u00f3miai, Sz\u00f6vet- \u00e9s Fejl\u0151d\u00e9stani Int\u00e9zet szakasszisztense, Jo\u00f3 Tam\u00e1s, az Eg\u00e9szs\u00e9g\u00fcgyi Menedzserk\u00e9pz\u0151 K\u00f6zpont senior eg\u00e9szs\u00e9g\u00fcgyi k\u00f6zgazd\u00e1sza, illetve dr. J\u00e1sz M\u00e1t\u00e9, a Fogp\u00f3tl\u00e1stani Klinika tan\u00e1rseg\u00e9dje, aki a Spar Maratonon bel\u00fcl rendezett orvosbajnoks\u00e1gon harmadik helyez\u00e9st \u00e9rt el 3:13:30-as id\u0151vel. A bajnoks\u00e1g gy\u0151ztese dr. Borb\u00e9ly Zoltan lett a FOK Alumni k\u00e9pviselet\u00e9ben. Dr. Fazekas Levente, a Sz\u00edvseb\u00e9szeti Tansz\u00e9ki Csoport egyetemi docense 8. helyez\u00e9st \u00e9rt el.<\/p>\n\r\n        [slb_exclude]\r\n        <div class=\"row galeria-wrapper mx-0 h-auto\">\r\n            <div class=\"col-9 pl-0 pr-2\">\r\n            <span class=\"gallery-item frame\">\r\n\t\t\t\t<div class=\"galeria-left-img\"><a href=\"https:\/\/semmelweis.hu\/hirek\/files\/2021\/10\/Guth-Nikolics-Het\u00e9nyi-FI-scaled.jpg\"><img src=https:\/\/semmelweis.hu\/hirek\/files\/2021\/10\/Guth-Nikolics-Het\u00e9nyi-FI-scaled.jpg  \r\n                            alt=\"\" \r\n                            class=\"attachment-sote-gallery-big size-sote-gallery-big\" \r\n                            srcset=\"https:\/\/semmelweis.hu\/hirek\/files\/2021\/10\/Guth-Nikolics-Het\u00e9nyi-FI-400x300.jpg 400w, https:\/\/semmelweis.hu\/hirek\/files\/2021\/10\/Guth-Nikolics-Het\u00e9nyi-FI-900x675.jpg 900w, https:\/\/semmelweis.hu\/hirek\/files\/2021\/10\/Guth-Nikolics-Het\u00e9nyi-FI-768x576.jpg 768w, https:\/\/semmelweis.hu\/hirek\/files\/2021\/10\/Guth-Nikolics-Het\u00e9nyi-FI-1536x1152.jpg 1536w, https:\/\/semmelweis.hu\/hirek\/files\/2021\/10\/Guth-Nikolics-Het\u00e9nyi-FI-2048x1536.jpg 2048w, https:\/\/semmelweis.hu\/hirek\/files\/2021\/10\/Guth-Nikolics-Het\u00e9nyi-FI-753x565.jpg 753w\" ><\/a><\/div>\r\n            <\/span>\r\n\r\n            <\/div>\r\n\r\n\t\t\t<div class=\"col-3 pl-0 pr-0\">\r\n\t\t\t\t<div class=\"galeria-right-img d-flex justify-content-between flex-column h-100 w-100 px-0 mx-0 \">\r\n                <div class=\"galeria-box\">\r\n\t\t\t\t\t<h3 class=\"galeria-title\">Gal\u00e9ria<\/h3>\r\n\t\t\t\t\t<div class=\"galeria-subtitle\">\r\n\r\n\t\t\t\t\t\t<div class=\"galeria-page-counter\"><span>9<\/span>k\u00e9p<\/div>\r\n                    <\/div> <\/div>\r\n                    <span class=\"gallery-item frame d-none d-md-flex\">\r\n\t\t\t\t\t<div class=\"galeria-small-img mt-0\"><a href=\"https:\/\/semmelweis.hu\/hirek\/files\/2021\/10\/Bosch-Urb\u00e1n-Borb\u00e9ly-Gerber-Ny\u00e1m\u00e1ndi-B\u00e1lint-J\u00e1sz-scaled.jpg\"><img src=https:\/\/semmelweis.hu\/hirek\/files\/2021\/10\/Bosch-Urb\u00e1n-Borb\u00e9ly-Gerber-Ny\u00e1m\u00e1ndi-B\u00e1lint-J\u00e1sz-scaled.jpg \r\n                                alt=\"\"  \r\n                                class=\"attachment-sote-gallery-small size-sote-gallery-small\" \r\n                                srcset=\"https:\/\/semmelweis.hu\/hirek\/files\/2021\/10\/Bosch-Urb\u00e1n-Borb\u00e9ly-Gerber-Ny\u00e1m\u00e1ndi-B\u00e1lint-J\u00e1sz-400x267.jpg 400w, https:\/\/semmelweis.hu\/hirek\/files\/2021\/10\/Bosch-Urb\u00e1n-Borb\u00e9ly-Gerber-Ny\u00e1m\u00e1ndi-B\u00e1lint-J\u00e1sz-900x600.jpg 900w, https:\/\/semmelweis.hu\/hirek\/files\/2021\/10\/Bosch-Urb\u00e1n-Borb\u00e9ly-Gerber-Ny\u00e1m\u00e1ndi-B\u00e1lint-J\u00e1sz-768x512.jpg 768w, https:\/\/semmelweis.hu\/hirek\/files\/2021\/10\/Bosch-Urb\u00e1n-Borb\u00e9ly-Gerber-Ny\u00e1m\u00e1ndi-B\u00e1lint-J\u00e1sz-1536x1024.jpg 1536w, https:\/\/semmelweis.hu\/hirek\/files\/2021\/10\/Bosch-Urb\u00e1n-Borb\u00e9ly-Gerber-Ny\u00e1m\u00e1ndi-B\u00e1lint-J\u00e1sz-2048x1365.jpg 2048w, https:\/\/semmelweis.hu\/hirek\/files\/2021\/10\/Bosch-Urb\u00e1n-Borb\u00e9ly-Gerber-Ny\u00e1m\u00e1ndi-B\u00e1lint-J\u00e1sz-753x502.jpg 753w, https:\/\/semmelweis.hu\/hirek\/files\/2021\/10\/Bosch-Urb\u00e1n-Borb\u00e9ly-Gerber-Ny\u00e1m\u00e1ndi-B\u00e1lint-J\u00e1sz-203x135.jpg 203w\" ><\/a><\/div>\r\n                    <\/span>\r\n                    <span class=\"gallery-item frame d-none d-md-flex\">\r\n\t\t\t\t\t<div class=\"galeria-small-img mt-0\"><a href=\"https:\/\/semmelweis.hu\/hirek\/files\/2021\/10\/Izer-L\u0151rincz-Urb\u00e1n-Weissborn-B\u00e1lint-Bosch-Borb\u00e9ly-Gerber-Husz\u00e1r-scaled.jpg\"><img src=https:\/\/semmelweis.hu\/hirek\/files\/2021\/10\/Izer-L\u0151rincz-Urb\u00e1n-Weissborn-B\u00e1lint-Bosch-Borb\u00e9ly-Gerber-Husz\u00e1r-scaled.jpg \r\n                                alt=\"\" \r\n                                class=\"attachment-sote-gallery-small size-sote-gallery-small\" \r\n                                srcset=\"https:\/\/semmelweis.hu\/hirek\/files\/2021\/10\/Izer-L\u0151rincz-Urb\u00e1n-Weissborn-B\u00e1lint-Bosch-Borb\u00e9ly-Gerber-Husz\u00e1r-400x225.jpg 400w, https:\/\/semmelweis.hu\/hirek\/files\/2021\/10\/Izer-L\u0151rincz-Urb\u00e1n-Weissborn-B\u00e1lint-Bosch-Borb\u00e9ly-Gerber-Husz\u00e1r-900x506.jpg 900w, https:\/\/semmelweis.hu\/hirek\/files\/2021\/10\/Izer-L\u0151rincz-Urb\u00e1n-Weissborn-B\u00e1lint-Bosch-Borb\u00e9ly-Gerber-Husz\u00e1r-768x432.jpg 768w, https:\/\/semmelweis.hu\/hirek\/files\/2021\/10\/Izer-L\u0151rincz-Urb\u00e1n-Weissborn-B\u00e1lint-Bosch-Borb\u00e9ly-Gerber-Husz\u00e1r-1536x864.jpg 1536w, https:\/\/semmelweis.hu\/hirek\/files\/2021\/10\/Izer-L\u0151rincz-Urb\u00e1n-Weissborn-B\u00e1lint-Bosch-Borb\u00e9ly-Gerber-Husz\u00e1r-2048x1152.jpg 2048w, https:\/\/semmelweis.hu\/hirek\/files\/2021\/10\/Izer-L\u0151rincz-Urb\u00e1n-Weissborn-B\u00e1lint-Bosch-Borb\u00e9ly-Gerber-Husz\u00e1r-753x424.jpg 753w\" ><\/a><\/div>\r\n                    <\/span>\r\n\r\n                <\/div>\r\n\r\n            <\/div>\r\n\r\n            <span class=\"gallery-item\"><div class=\"hidden\"><a href=\"https:\/\/semmelweis.hu\/hirek\/files\/2021\/10\/Turai-P\u00e9ter-Istv\u00e1n-scaled.jpg\">\r\n        <img src=https:\/\/semmelweis.hu\/hirek\/files\/2021\/10\/Turai-P\u00e9ter-Istv\u00e1n-scaled.jpg alt=\"\" class=\"attachment-sote-gallery-big size-sote-gallery-big\" srcset=\"https:\/\/semmelweis.hu\/hirek\/files\/2021\/10\/Turai-P\u00e9ter-Istv\u00e1n-300x400.jpg 300w, https:\/\/semmelweis.hu\/hirek\/files\/2021\/10\/Turai-P\u00e9ter-Istv\u00e1n-600x800.jpg 600w, https:\/\/semmelweis.hu\/hirek\/files\/2021\/10\/Turai-P\u00e9ter-Istv\u00e1n-768x1024.jpg 768w, https:\/\/semmelweis.hu\/hirek\/files\/2021\/10\/Turai-P\u00e9ter-Istv\u00e1n-1152x1536.jpg 1152w, https:\/\/semmelweis.hu\/hirek\/files\/2021\/10\/Turai-P\u00e9ter-Istv\u00e1n-1536x2048.jpg 1536w, https:\/\/semmelweis.hu\/hirek\/files\/2021\/10\/Turai-P\u00e9ter-Istv\u00e1n-753x1004.jpg 753w, https:\/\/semmelweis.hu\/hirek\/files\/2021\/10\/Turai-P\u00e9ter-Istv\u00e1n-scaled.jpg 1920w\" >\r\n        <\/a><\/div><\/span><span class=\"gallery-item\"><div class=\"hidden\"><a href=\"https:\/\/semmelweis.hu\/hirek\/files\/2021\/10\/Ny\u00e1m\u00e1ndi-Piroska-scaled.jpg\">\r\n        <img src=https:\/\/semmelweis.hu\/hirek\/files\/2021\/10\/Ny\u00e1m\u00e1ndi-Piroska-scaled.jpg alt=\"\" class=\"attachment-sote-gallery-big size-sote-gallery-big\" srcset=\"https:\/\/semmelweis.hu\/hirek\/files\/2021\/10\/Ny\u00e1m\u00e1ndi-Piroska-293x400.jpg 293w, https:\/\/semmelweis.hu\/hirek\/files\/2021\/10\/Ny\u00e1m\u00e1ndi-Piroska-585x800.jpg 585w, https:\/\/semmelweis.hu\/hirek\/files\/2021\/10\/Ny\u00e1m\u00e1ndi-Piroska-768x1049.jpg 768w, https:\/\/semmelweis.hu\/hirek\/files\/2021\/10\/Ny\u00e1m\u00e1ndi-Piroska-1124x1536.jpg 1124w, https:\/\/semmelweis.hu\/hirek\/files\/2021\/10\/Ny\u00e1m\u00e1ndi-Piroska-1499x2048.jpg 1499w, https:\/\/semmelweis.hu\/hirek\/files\/2021\/10\/Ny\u00e1m\u00e1ndi-Piroska-753x1029.jpg 753w, https:\/\/semmelweis.hu\/hirek\/files\/2021\/10\/Ny\u00e1m\u00e1ndi-Piroska-scaled.jpg 1874w\" >\r\n        <\/a><\/div><\/span><span class=\"gallery-item\"><div class=\"hidden\"><a href=\"https:\/\/semmelweis.hu\/hirek\/files\/2021\/10\/Hetesy-Szilvia-scaled.jpg\">\r\n        <img src=https:\/\/semmelweis.hu\/hirek\/files\/2021\/10\/Hetesy-Szilvia-scaled.jpg alt=\"\" class=\"attachment-sote-gallery-big size-sote-gallery-big\" srcset=\"https:\/\/semmelweis.hu\/hirek\/files\/2021\/10\/Hetesy-Szilvia-300x400.jpg 300w, https:\/\/semmelweis.hu\/hirek\/files\/2021\/10\/Hetesy-Szilvia-600x800.jpg 600w, https:\/\/semmelweis.hu\/hirek\/files\/2021\/10\/Hetesy-Szilvia-768x1024.jpg 768w, https:\/\/semmelweis.hu\/hirek\/files\/2021\/10\/Hetesy-Szilvia-1152x1536.jpg 1152w, https:\/\/semmelweis.hu\/hirek\/files\/2021\/10\/Hetesy-Szilvia-1536x2048.jpg 1536w, https:\/\/semmelweis.hu\/hirek\/files\/2021\/10\/Hetesy-Szilvia-753x1004.jpg 753w, https:\/\/semmelweis.hu\/hirek\/files\/2021\/10\/Hetesy-Szilvia-scaled.jpg 1920w\" >\r\n        <\/a><\/div><\/span><span class=\"gallery-item\"><div class=\"hidden\"><a href=\"https:\/\/semmelweis.hu\/hirek\/files\/2021\/10\/Dunkel-Petra-Orsolya-scaled.jpg\">\r\n        <img src=https:\/\/semmelweis.hu\/hirek\/files\/2021\/10\/Dunkel-Petra-Orsolya-scaled.jpg alt=\"\" class=\"attachment-sote-gallery-big size-sote-gallery-big\" srcset=\"https:\/\/semmelweis.hu\/hirek\/files\/2021\/10\/Dunkel-Petra-Orsolya-300x400.jpg 300w, https:\/\/semmelweis.hu\/hirek\/files\/2021\/10\/Dunkel-Petra-Orsolya-600x800.jpg 600w, https:\/\/semmelweis.hu\/hirek\/files\/2021\/10\/Dunkel-Petra-Orsolya-768x1024.jpg 768w, https:\/\/semmelweis.hu\/hirek\/files\/2021\/10\/Dunkel-Petra-Orsolya-1152x1536.jpg 1152w, https:\/\/semmelweis.hu\/hirek\/files\/2021\/10\/Dunkel-Petra-Orsolya-1536x2048.jpg 1536w, https:\/\/semmelweis.hu\/hirek\/files\/2021\/10\/Dunkel-Petra-Orsolya-753x1004.jpg 753w, https:\/\/semmelweis.hu\/hirek\/files\/2021\/10\/Dunkel-Petra-Orsolya-scaled.jpg 1920w\" >\r\n        <\/a><\/div><\/span><span class=\"gallery-item\"><div class=\"hidden\"><a href=\"https:\/\/semmelweis.hu\/hirek\/files\/2021\/10\/DSC2582-Ny\u00e1m\u00e1ndi-Piroska-scaled.jpg\">\r\n        <img src=https:\/\/semmelweis.hu\/hirek\/files\/2021\/10\/DSC2582-Ny\u00e1m\u00e1ndi-Piroska-scaled.jpg alt=\"\" class=\"attachment-sote-gallery-big size-sote-gallery-big\" srcset=\"https:\/\/semmelweis.hu\/hirek\/files\/2021\/10\/DSC2582-Ny\u00e1m\u00e1ndi-Piroska-400x267.jpg 400w, https:\/\/semmelweis.hu\/hirek\/files\/2021\/10\/DSC2582-Ny\u00e1m\u00e1ndi-Piroska-900x600.jpg 900w, https:\/\/semmelweis.hu\/hirek\/files\/2021\/10\/DSC2582-Ny\u00e1m\u00e1ndi-Piroska-768x512.jpg 768w, https:\/\/semmelweis.hu\/hirek\/files\/2021\/10\/DSC2582-Ny\u00e1m\u00e1ndi-Piroska-1536x1024.jpg 1536w, https:\/\/semmelweis.hu\/hirek\/files\/2021\/10\/DSC2582-Ny\u00e1m\u00e1ndi-Piroska-2048x1365.jpg 2048w, https:\/\/semmelweis.hu\/hirek\/files\/2021\/10\/DSC2582-Ny\u00e1m\u00e1ndi-Piroska-753x502.jpg 753w, https:\/\/semmelweis.hu\/hirek\/files\/2021\/10\/DSC2582-Ny\u00e1m\u00e1ndi-Piroska-203x135.jpg 203w\" >\r\n        <\/a><\/div><\/span><span class=\"gallery-item\"><div class=\"hidden\"><a href=\"https:\/\/semmelweis.hu\/hirek\/files\/2021\/10\/20211010_144256-scaled.jpg\">\r\n        <img src=https:\/\/semmelweis.hu\/hirek\/files\/2021\/10\/20211010_144256-scaled.jpg alt=\"\" class=\"attachment-sote-gallery-big size-sote-gallery-big\" srcset=\"https:\/\/semmelweis.hu\/hirek\/files\/2021\/10\/20211010_144256-400x225.jpg 400w, https:\/\/semmelweis.hu\/hirek\/files\/2021\/10\/20211010_144256-900x506.jpg 900w, https:\/\/semmelweis.hu\/hirek\/files\/2021\/10\/20211010_144256-768x432.jpg 768w, https:\/\/semmelweis.hu\/hirek\/files\/2021\/10\/20211010_144256-1536x864.jpg 1536w, https:\/\/semmelweis.hu\/hirek\/files\/2021\/10\/20211010_144256-2048x1152.jpg 2048w, https:\/\/semmelweis.hu\/hirek\/files\/2021\/10\/20211010_144256-753x424.jpg 753w\" >\r\n        <\/a><\/div><\/span>\r\n            <\/div>\r\n\r\n            [\/slb_exclude]\r\n\t\n<p>A maratoni t\u00e1vot p\u00e1rban teljes\u00edtette dr. B\u00e9ni Szabolcs, a Gy\u00f3gyszer\u00e9sztudom\u00e1nyi Kar d\u00e9k\u00e1nhelyettese Bal\u00e1zs D\u00e1viddal az Anat\u00f3miai, Sz\u00f6vet- \u00e9s Fejl\u0151d\u00e9stani Int\u00e9zet munkat\u00e1rs\u00e1val. A Fogorvostudom\u00e1nyi Kar k\u00e9t csapatot is ind\u00edtott a maratonv\u00e1lt\u00f3ban: az Ortho Protko nev\u0171 csapat dr. L\u0151rincz Gergely &#8211; Gyermekfog\u00e1szati \u00e9s Fogszab\u00e1lyoz\u00e1si Klinika, dr. B\u00e1lint R\u00e9ka &#8211; Gyermekfog\u00e1szati \u00e9s Fogszab\u00e1lyoz\u00e1si Klinika, dr. Fazekas R\u00e9ka &#8211; Konzerv\u00e1l\u00f3 Fog\u00e1szati Klinika \u00e9s dr. J\u00e1sz B\u00e1lint &#8211; Fogp\u00f3tl\u00e1stani Klinika r\u00e9szv\u00e9tel\u00e9vel teljes\u00edtette a t\u00e1vot. A Team Spazieren csapat\u00e1ban dr. Urb\u00e1n Orsolya, dr. L\u0151rincz Gergely, dr. Bosch Anna \u00e9s dr. Inga Weissenborn indult. A r\u00f6videbb, 10 km-es t\u00e1vot dr. Dunkel Petra, a Szerves Vegytani Int\u00e9zet egyetemi adjunktusa teljes\u00edtette. Az 5 km-es minimaratonon a K\u00f6zponti K\u00f6nyvt\u00e1r t\u00f6bb munkat\u00e1rsa is k\u00e9pviseltette mag\u00e1t: Fi Tam\u00e1s, Nikolics Erzs\u00e9bet \u00e9s Het\u00e9nyi Zolt\u00e1n. A Szaknyelvi Int\u00e9zet k\u00e9pviselet\u00e9ben pedig Hetesy Szilvia indult a megm\u00e9rettet\u00e9sen.<\/p>\n<p>Az esem\u00e9nyen a kedvezm\u00e9nyes nevez\u00e9st ig\u00e9nybe vev\u0151ket k\u00fcl\u00f6n Semmelweis-s\u00e1tor v\u00e1rta, amely nemcsak tal\u00e1lkoz\u00e1si, pihen\u0151 pont, hanem a csomagok \u0151rz\u00e9s\u00e9t is biztos\u00edtotta a verseny alatt, melyben az Instruktor \u00d6ntev\u00e9keny Csoport (I\u00d6CS) k\u00e9t \u00f6nk\u00e9ntese, Husz\u00e1r Borb\u00e1la \u00e9s Izer Mih\u00e1ly seg\u00edtett.<\/p>\n<p>B\u00f3di Bernadett<br \/>\nFot\u00f3: d<span style=\"font-size: 1rem\">r. Gerber G\u00e1bor, Ny\u00e1m\u00e1ndi Piroska, Menyh\u00e1rt-T\u00f6r\u00f6k Ad\u00e9l<\/span><\/p>\n","protected":false},"excerpt":{"rendered":"<p>A fut\u00f3versenyen t\u00f6bb egyetemi klinika, szervezeti egys\u00e9ge kipr\u00f3b\u00e1lta mag\u00e1t csapatban vagy egy\u00e9ni indul\u00f3k\u00e9nt.<\/p>\n","protected":false},"author":101282,"featured_media":107888,"comment_status":"closed","ping_status":"closed","sticky":false,"template":"","format":"standard","meta":{"_acf_changed":false,"footnotes":""},"categories":[154],"tags":[155],"class_list":["post-107879","post","type-post","status-publish","format-standard","has-post-thumbnail","hentry","category-egeszseg","tag-sport"],"acf":[],"_links":{"self":[{"href":"https:\/\/semmelweis.hu\/hirek\/wp-json\/wp\/v2\/posts\/107879","targetHints":{"allow":["GET"]}}],"collection":[{"href":"https:\/\/semmelweis.hu\/hirek\/wp-json\/wp\/v2\/posts"}],"about":[{"href":"https:\/\/semmelweis.hu\/hirek\/wp-json\/wp\/v2\/types\/post"}],"author":[{"embeddable":true,"href":"https:\/\/semmelweis.hu\/hirek\/wp-json\/wp\/v2\/users\/101282"}],"replies":[{"embeddable":true,"href":"https:\/\/semmelweis.hu\/hirek\/wp-json\/wp\/v2\/comments?post=107879"}],"version-history":[{"count":7,"href":"https:\/\/semmelweis.hu\/hirek\/wp-json\/wp\/v2\/posts\/107879\/revisions"}],"predecessor-version":[{"id":107895,"href":"https:\/\/semmelweis.hu\/hirek\/wp-json\/wp\/v2\/posts\/107879\/revisions\/107895"}],"wp:featuredmedia":[{"embeddable":true,"href":"https:\/\/semmelweis.hu\/hirek\/wp-json\/wp\/v2\/media\/107888"}],"wp:attachment":[{"href":"https:\/\/semmelweis.hu\/hirek\/wp-json\/wp\/v2\/media?parent=107879"}],"wp:term":[{"taxonomy":"category","embeddable":true,"href":"https:\/\/semmelweis.hu\/hirek\/wp-json\/wp\/v2\/categories?post=107879"},{"taxonomy":"post_tag","embeddable":true,"href":"https:\/\/semmelweis.hu\/hirek\/wp-json\/wp\/v2\/tags?post=107879"}],"curies":[{"name":"wp","href":"https:\/\/api.w.org\/{rel}","templated":true}]}}