{"id":107178,"date":"2021-09-21T12:00:42","date_gmt":"2021-09-21T10:00:42","guid":{"rendered":"https:\/\/semmelweis.hu\/hirek\/?p=107178"},"modified":"2022-08-02T12:00:14","modified_gmt":"2022-08-02T10:00:14","slug":"kutatoi-szalon-fokuszban-a-molekularis-onkologia-es-a-szemelyre-szabott-terapia","status":"publish","type":"post","link":"https:\/\/semmelweis.hu\/hirek\/2021\/09\/21\/kutatoi-szalon-fokuszban-a-molekularis-onkologia-es-a-szemelyre-szabott-terapia\/","title":{"rendered":"Kutat\u00f3i Szalon: f\u00f3kuszban a molekul\u00e1ris onkol\u00f3gia \u00e9s a szem\u00e9lyre szabott ter\u00e1pia"},"content":{"rendered":"<div class=\"lead\">A Kutat\u00f3i Szalon idei els\u0151 esem\u00e9ny\u00e9n a molekul\u00e1ris onkol\u00f3giai diagnosztik\u00e1r\u00f3l \u00e9s a szem\u00e9lyre szabott ter\u00e1pi\u00e1r\u00f3l hallgathattak el\u0151ad\u00e1sokat az \u00e9rdekl\u0151d\u0151k. Az esem\u00e9nyt dr. Ferdinandy P\u00e9ter, a Semmelweis Egyetem tudom\u00e1nyos \u00e9s innov\u00e1ci\u00f3s rektorhelyettese nyitotta meg.<\/div>\n<p><img loading=\"lazy\" decoding=\"async\" class=\"alignleft size-medium wp-image-107180\" src=\"https:\/\/semmelweis.hu\/hirek\/files\/2021\/09\/RS139342_AG_20210913_02019-scr-400x267.jpg\" alt=\"\" width=\"400\" height=\"267\" srcset=\"https:\/\/semmelweis.hu\/hirek\/files\/2021\/09\/RS139342_AG_20210913_02019-scr-400x267.jpg 400w, https:\/\/semmelweis.hu\/hirek\/files\/2021\/09\/RS139342_AG_20210913_02019-scr-900x600.jpg 900w, https:\/\/semmelweis.hu\/hirek\/files\/2021\/09\/RS139342_AG_20210913_02019-scr-768x512.jpg 768w, https:\/\/semmelweis.hu\/hirek\/files\/2021\/09\/RS139342_AG_20210913_02019-scr-753x502.jpg 753w, https:\/\/semmelweis.hu\/hirek\/files\/2021\/09\/RS139342_AG_20210913_02019-scr-203x135.jpg 203w, https:\/\/semmelweis.hu\/hirek\/files\/2021\/09\/RS139342_AG_20210913_02019-scr.jpg 1200w\" sizes=\"auto, (max-width: 400px) 100vw, 400px\" \/>Ez az els\u0151 Kutat\u00f3i Szalon ebben a szemeszterben. A tavalyi \u00e9vben a sorozatot sz\u00fcneteltett\u00fck a COVID-19 j\u00e1rv\u00e1ny miatt, mivel \u00fagy gondoltuk, hogy az esem\u00e9nynek szem\u00e9lyes jelenl\u00e9ttel van igaz\u00e1n \u00e9rtelme \u2013 fogalmazott megnyit\u00f3 besz\u00e9d\u00e9ben dr. Ferdinandy P\u00e9ter, a Semmelweis Egyetem tudom\u00e1nyos \u00e9s innov\u00e1ci\u00f3s rektorhelyettese, hozz\u00e1t\u00e9ve: ebb\u0151l az elvb\u0151l n\u00e9mik\u00e9pp engedtek, ugyanis a Semmelweis Szalonban megtartott el\u0151ad\u00e1sok az \u00e9rdekl\u0151d\u0151k sz\u00e1m\u00e1ra online is nyomon k\u00f6vethet\u0151ek voltak.<\/p>\n<p><img loading=\"lazy\" decoding=\"async\" class=\"alignright size-medium wp-image-107185\" src=\"https:\/\/semmelweis.hu\/hirek\/files\/2021\/09\/RS139344_AG_20210913_02082-scr-267x400.jpg\" alt=\"\" width=\"267\" height=\"400\" srcset=\"https:\/\/semmelweis.hu\/hirek\/files\/2021\/09\/RS139344_AG_20210913_02082-scr-267x400.jpg 267w, https:\/\/semmelweis.hu\/hirek\/files\/2021\/09\/RS139344_AG_20210913_02082-scr-533x800.jpg 533w, https:\/\/semmelweis.hu\/hirek\/files\/2021\/09\/RS139344_AG_20210913_02082-scr.jpg 600w\" sizes=\"auto, (max-width: 267px) 100vw, 267px\" \/>Dr. T\u00edm\u00e1r J\u00f3zsef, a II. sz. Patol\u00f3giai Int\u00e9zet egyetemi tan\u00e1ra \u201eMut\u00e1ns Ras g\u00e9nt hordoz\u00f3 daganatok kezel\u00e9si lehet\u0151s\u00e9gei: val\u00f3ban c\u00e9lozhatatlan a Ras mut\u00e1ci\u00f3?\u201d c\u00edmmel tartott el\u0151ad\u00e1st. \u201eAzt szokt\u00e1k mondani, hogy az onkol\u00f3gi\u00e1ban az utols\u00f3 nagy, megoldatlan probl\u00e9ma, amely a XXI. sz\u00e1zadban el\u0151tt\u00fcnk \u00e1ll, az az \u00fagynevezett Ras-mut\u00e1ns daganatok kezel\u00e9se. Ez az a genetikai hiba, ami az emberi daganatokban leggyakrabban el\u0151fordul, hiszen azok 20-30%-\u00e1ban, m\u00edg egyes t\u00edpusok, mint hasny\u00e1lmirigy-r\u00e1k eset\u00e9ben azok 80-90%-\u00e1ban megtal\u00e1lhat\u00f3\u201d \u2013 magyar\u00e1zta, hozz\u00e1t\u00e9ve: \u00e9vtizedekig azt gondolt\u00e1k, hogy ezt nem lehet kezelni, \u00e1m a k\u00f6zelm\u00falt kutat\u00e1si eredm\u00e9nyei megd\u00f6nt\u00f6tt\u00e9k ezt a dogm\u00e1t. Amerik\u00e1ban ind\u00edtottak egy programot, amit a \u201edaganatos holdrasz\u00e1ll\u00e1snak\u201d is neveznek a v\u00e1llalkoz\u00e1s jelent\u0151s\u00e9ge miatt. Ennek eredm\u00e9nyek\u00e9nt megjelent az els\u0151 olyan t\u00f6rzsk\u00f6nyvezett gy\u00f3gyszer, amelyet az egyik ilyen t\u00edpus\u00fa, a t\u00fcd\u0151r\u00e1kban megtal\u00e1lhat\u00f3 mut\u00e1ns feh\u00e9rje ellen fejlesztettek ki \u2013 ez v\u00e1rhat\u00f3an egy lavinaszer\u0171 folyamatot ind\u00edt majd el. Mi itt Magyarorsz\u00e1gon egy konzorcium keret\u00e9ben hasonl\u00f3 \u00e1lmokat d\u00e9delget\u00fcnk: egy olyan, erre az onkog\u00e9nre hat\u00f3 gy\u00f3gyszert szeretn\u00e9nk kifejleszteni, illetve olyan \u00faj kezel\u00e9si alternat\u00edv\u00e1kat akarunk l\u00e9trehozni, amelyek seg\u00edtenek ezen daganatok kezel\u00e9s\u00e9ben \u00e9s a most t\u00f6rzsk\u00f6nyvez\u00e9sre ker\u00fcl\u0151 gy\u00f3gyszerek m\u00e9g hat\u00e9konyabb\u00e1 t\u00e9tel\u00e9ben \u2013 foglalta \u00f6ssze el\u0151ad\u00e1s\u00e1t dr. T\u00edm\u00e1r J\u00f3zsef.<\/p>\n<p><img loading=\"lazy\" decoding=\"async\" class=\"alignleft size-medium wp-image-107183\" src=\"https:\/\/semmelweis.hu\/hirek\/files\/2021\/09\/RS139361_AG_20210913_02335-scr-400x267.jpg\" alt=\"\" width=\"400\" height=\"267\" srcset=\"https:\/\/semmelweis.hu\/hirek\/files\/2021\/09\/RS139361_AG_20210913_02335-scr-400x267.jpg 400w, https:\/\/semmelweis.hu\/hirek\/files\/2021\/09\/RS139361_AG_20210913_02335-scr-900x600.jpg 900w, https:\/\/semmelweis.hu\/hirek\/files\/2021\/09\/RS139361_AG_20210913_02335-scr-768x512.jpg 768w, https:\/\/semmelweis.hu\/hirek\/files\/2021\/09\/RS139361_AG_20210913_02335-scr-753x502.jpg 753w, https:\/\/semmelweis.hu\/hirek\/files\/2021\/09\/RS139361_AG_20210913_02335-scr-203x135.jpg 203w, https:\/\/semmelweis.hu\/hirek\/files\/2021\/09\/RS139361_AG_20210913_02335-scr.jpg 1200w\" sizes=\"auto, (max-width: 400px) 100vw, 400px\" \/>Dr. Gy\u0151rffy Bal\u00e1zs, a Bioinformatika Tansz\u00e9k tansz\u00e9kvezet\u0151 egyetemi tan\u00e1ra, az MTA doktora \u201eOmikai adatok alkalmaz\u00e1sa prognosztikus \u00e9s predikt\u00edv onkol\u00f3giai biomarkerek azonos\u00edt\u00e1s\u00e1ra\u201d c\u00edm\u0171 el\u0151ad\u00e1sa sor\u00e1n h\u00e1rom olyan bioinformatikai eszk\u00f6zt mutatott be az \u00e9rdekl\u0151d\u0151knek, amelyeket a tansz\u00e9ken fejlesztenek, \u00e9s onkol\u00f3giai k\u00e9rd\u00e9seket v\u00e1laszolnak meg. A prezent\u00e1ci\u00f3 sor\u00e1n ismertetett egyik eszk\u00f6z seg\u00edts\u00e9g\u00e9vel meg lehet hat\u00e1rozni a norm\u00e1l \u00e9s tumor k\u00f6z\u00f6tti g\u00e9nexpresszi\u00f3s k\u00fcl\u00f6nbs\u00e9get, egy m\u00e1sikkal azt, hogy mi f\u00fcgg \u00f6ssze a ter\u00e1pi\u00e1s v\u00e1lasszal, m\u00edg a harmadikkal meg lehet hat\u00e1rozni, hogy egy g\u00e9nmut\u00e1ci\u00f3 \u00e9s egy g\u00e9nexpresszi\u00f3 mutat-e egym\u00e1ssal \u00f6sszef\u00fcgg\u00e9st egy tumorban. Dr. Gy\u0151rffy Bal\u00e1zs kiemelte, az eszk\u00f6zfejleszt\u00e9s sor\u00e1n k\u00fcl\u00f6nb\u00f6z\u0151 adatokat haszn\u00e1ltak fel. \u201e\u00d6sszesen t\u00f6bb mint sz\u00e1zezer beteg omikai adata van benne ezekben az adatb\u00e1zisokban, amely g\u00e9nexpresszi\u00f3s, mut\u00e1ci\u00f3s, illetve feh\u00e9rjeexpresszi\u00f3s adatokat tartalmaz\u201d \u2013 ismertette.<\/p>\n<p><img loading=\"lazy\" decoding=\"async\" class=\"alignright size-medium wp-image-107184\" src=\"https:\/\/semmelweis.hu\/hirek\/files\/2021\/09\/RS139375_AG_20210913_02560-scr-400x267.jpg\" alt=\"\" width=\"400\" height=\"267\" srcset=\"https:\/\/semmelweis.hu\/hirek\/files\/2021\/09\/RS139375_AG_20210913_02560-scr-400x267.jpg 400w, https:\/\/semmelweis.hu\/hirek\/files\/2021\/09\/RS139375_AG_20210913_02560-scr-900x600.jpg 900w, https:\/\/semmelweis.hu\/hirek\/files\/2021\/09\/RS139375_AG_20210913_02560-scr-768x512.jpg 768w, https:\/\/semmelweis.hu\/hirek\/files\/2021\/09\/RS139375_AG_20210913_02560-scr-753x502.jpg 753w, https:\/\/semmelweis.hu\/hirek\/files\/2021\/09\/RS139375_AG_20210913_02560-scr-203x135.jpg 203w, https:\/\/semmelweis.hu\/hirek\/files\/2021\/09\/RS139375_AG_20210913_02560-scr.jpg 1200w\" sizes=\"auto, (max-width: 400px) 100vw, 400px\" \/>Ezt k\u00f6vet\u0151en \u201eSzem\u00e9lyre szabott ter\u00e1pi\u00e1t t\u00e1mogat\u00f3 genomikai elj\u00e1r\u00e1sok az onko(hemato)l\u00f3gi\u00e1ban\u201d c\u00edmmel tartott el\u0151ad\u00e1st dr. B\u00f6d\u00f6r Csaba, az I. Sz. Patol\u00f3giai \u00e9s K\u00eds\u00e9rleti R\u00e1kkutat\u00f3 Int\u00e9zet tudom\u00e1nyos f\u0151munkat\u00e1rsa. Prezent\u00e1ci\u00f3j\u00e1ban azokr\u00f3l a molekul\u00e1ris genomikai m\u00f3dszerekr\u0151l \u00e9s innov\u00e1ci\u00f3kr\u00f3l \u2013 pl.: \u00faj gener\u00e1ci\u00f3s szekven\u00e1l\u00e1s, digit\u00e1lis PCR-alap\u00fa korszer\u0171 elj\u00e1r\u00e1sok \u2013 besz\u00e9lt, amelyeket az elm\u00falt h\u00e1rom \u00e9vben siker\u00fclt meghonos\u00edtani a Semmelweis Egyetemen. Mint kiemelte, ezeknek az elj\u00e1r\u00e1soknak h\u00e1la, azonos\u00edthat\u00f3k a k\u00fcl\u00f6nb\u00f6z\u0151 daganatok genetikai elt\u00e9r\u00e9sei, amely elt\u00e9r\u00e9sek ismerete seg\u00edti a diagn\u00f3zisalkot\u00e1st, illetve a klinikusok munk\u00e1j\u00e1t az optim\u00e1lis ter\u00e1pia megv\u00e1laszt\u00e1s\u00e1ban. Az innov\u00e1ci\u00f3 l\u00e9nyege a daganatos betegek legkorszer\u0171bb diagn\u00f3zisa \u00e9s c\u00e9lzott kezel\u00e9se. \u201eNagy v\u00e1rakoz\u00e1s \u00f6vezi az \u00fagynevezett prec\u00edzi\u00f3s medicin\u00e1t, amely miatt k\u00fcl\u00f6n\u00f6sen fontos a visszafogott \u00e9s m\u00e9rt\u00e9ktart\u00f3 \u00e9rt\u00e9kel\u00e9s, a betegek korrekt, kiegyens\u00falyozott t\u00e1j\u00e9koztat\u00e1sa, valamint a klinikusok k\u00f6zponti szerepe az eg\u00e9sz l\u00e1ncolatban\u201d \u2013 hangs\u00falyozta dr. B\u00f6d\u00f6r Csaba, kiemelve, hogy klinikailag indokolt helyzetekben, klinikussal konzult\u00e1lva van az elj\u00e1r\u00e1snak a beteg sz\u00e1m\u00e1ra val\u00f3ban hasznos\u00edthat\u00f3 kifut\u00e1sa.<\/p>\n<p><img loading=\"lazy\" decoding=\"async\" class=\"alignleft size-medium wp-image-107186\" src=\"https:\/\/semmelweis.hu\/hirek\/files\/2021\/09\/RS139385_AG_20210913_02642-scr-400x267.jpg\" alt=\"\" width=\"400\" height=\"267\" srcset=\"https:\/\/semmelweis.hu\/hirek\/files\/2021\/09\/RS139385_AG_20210913_02642-scr-400x267.jpg 400w, https:\/\/semmelweis.hu\/hirek\/files\/2021\/09\/RS139385_AG_20210913_02642-scr-900x600.jpg 900w, https:\/\/semmelweis.hu\/hirek\/files\/2021\/09\/RS139385_AG_20210913_02642-scr-768x512.jpg 768w, https:\/\/semmelweis.hu\/hirek\/files\/2021\/09\/RS139385_AG_20210913_02642-scr-753x502.jpg 753w, https:\/\/semmelweis.hu\/hirek\/files\/2021\/09\/RS139385_AG_20210913_02642-scr-203x135.jpg 203w, https:\/\/semmelweis.hu\/hirek\/files\/2021\/09\/RS139385_AG_20210913_02642-scr.jpg 1200w\" sizes=\"auto, (max-width: 400px) 100vw, 400px\" \/>Dr. Pet\u00e1k Istv\u00e1n, a Farmakol\u00f3giai \u00e9s Farmakoter\u00e1pi\u00e1s Int\u00e9zet tudom\u00e1nyos f\u0151munkat\u00e1rsa, az Oncompass molekul\u00e1ris farmakol\u00f3gusa \u201eTer\u00e1pi\u00e1s d\u00f6nt\u00e9st\u00e1mogat\u00e1s a prec\u00edzi\u00f3s onkol\u00f3gia klinikai alkalmaz\u00e1s\u00e1ban\u201d c\u00edmmel tartott prezent\u00e1ci\u00f3t. \u201eAz emberis\u00e9g 2020-ra megismerte azokat a g\u00e9neket, amelyek a daganatokat okozz\u00e1k \u2013 ma m\u00e1r a betegek 95%-n\u00e1l meg\u00e1llap\u00edthat\u00f3, melyik g\u00e9n hib\u00e1ja hozza l\u00e9tre a tumort\u201d \u2013 emelte ki, hozz\u00e1t\u00e9ve: t\u00f6bb mint sz\u00e1z c\u00e9lzott gy\u00f3gyszer van forgalomban, ezek kiv\u00e1laszt\u00e1s\u00e1hoz pedig olyan molekul\u00e1ris diagnosztikai m\u00f3dszerek is el\u00e9rhet\u0151ek, amelyekkel a daganatot megvizsg\u00e1lva el\u0151re jelezhet\u0151, az adott beteg melyik gy\u00f3gym\u00f3dra hogyan reag\u00e1l. \u201eMegjelent a mesters\u00e9ges intelligencia is az orvosi eszk\u00f6z\u00f6k t\u00e1rh\u00e1z\u00e1ban, amellyel tudunk seg\u00edteni abban, hogy minden p\u00e1ciens a legjobb, leghat\u00e1sosabb szem\u00e9lyre szabott ter\u00e1pi\u00e1t kaphassa\u201d \u2013 mutatott r\u00e1 dr. Pet\u00e1k Istv\u00e1n. El\u0151ad\u00e1s\u00e1ban bemutatta a molekul\u00e1ris diagnosztika fejl\u0151d\u00e9s\u00e9t, valamint olyan mesters\u00e9ges intelligencia-alap\u00fa orvosi eszk\u00f6z\u00f6k fejleszt\u00e9s\u00e9t is, amelyek nemr\u00e9g nagy innov\u00e1ci\u00f3s p\u00e1ly\u00e1zatokon is elismer\u00e9sben r\u00e9szes\u00fcltek.<\/p>\n<p><a href=\"https:\/\/semmelweis.hu\/hirek\/files\/2021\/09\/NKFIA_infoblokk_kerettel_projekt_fekvo_2019_HU.png\"><img loading=\"lazy\" decoding=\"async\" class=\"alignright size-medium wp-image-118023\" src=\"https:\/\/semmelweis.hu\/hirek\/files\/2021\/09\/NKFIA_infoblokk_kerettel_projekt_fekvo_2019_HU-400x170.png\" alt=\"\" width=\"400\" height=\"170\" srcset=\"https:\/\/semmelweis.hu\/hirek\/files\/2021\/09\/NKFIA_infoblokk_kerettel_projekt_fekvo_2019_HU-400x170.png 400w, https:\/\/semmelweis.hu\/hirek\/files\/2021\/09\/NKFIA_infoblokk_kerettel_projekt_fekvo_2019_HU-900x382.png 900w, https:\/\/semmelweis.hu\/hirek\/files\/2021\/09\/NKFIA_infoblokk_kerettel_projekt_fekvo_2019_HU-768x326.png 768w, https:\/\/semmelweis.hu\/hirek\/files\/2021\/09\/NKFIA_infoblokk_kerettel_projekt_fekvo_2019_HU-1536x651.png 1536w, https:\/\/semmelweis.hu\/hirek\/files\/2021\/09\/NKFIA_infoblokk_kerettel_projekt_fekvo_2019_HU-2048x868.png 2048w, https:\/\/semmelweis.hu\/hirek\/files\/2021\/09\/NKFIA_infoblokk_kerettel_projekt_fekvo_2019_HU-753x319.png 753w\" sizes=\"auto, (max-width: 400px) 100vw, 400px\" \/><\/a>\u00a0Az el\u0151ad\u00e1sok a Semmelweis Polg\u00e1rok sz\u00e1m\u00e1ra VPN hozz\u00e1f\u00e9r\u00e9ssel<a href=\"https:\/\/kaltura.semmelweis.hu\/media\/Kutat%C3%B3i+Szalon+-Molekul%C3%A1ris+onkol%C3%B3giai+diagnosztika+%C3%A9s+szem%C3%A9lyre-szabott+ter%C3%A1pia\/1_nrqnzt2f\" target=\"_blank\" rel=\"noopener noreferrer\"> a Kaltura rendszerben erre a linkre kattintva visszan\u00e9zhet\u0151ek<\/a>.<\/p>\n<p>&nbsp;<\/p>\n<p>Horv\u00e1th D\u00f3ra, Szab\u00f3 \u00c1d\u00e1m<br \/>\nFot\u00f3: Ancsin G\u00e1bor<\/p>\n","protected":false},"excerpt":{"rendered":"<p>Az els\u0151 idei esem\u00e9nyen a molekul\u00e1ris onkol\u00f3giai diagnosztik\u00e1r\u00f3l \u00e9s a szem\u00e9lyre szabott ter\u00e1pi\u00e1r\u00f3l sz\u00f3ltak az el\u0151ad\u00e1sok.<\/p>\n","protected":false},"author":101751,"featured_media":107191,"comment_status":"closed","ping_status":"closed","sticky":false,"template":"","format":"standard","meta":{"_acf_changed":false,"footnotes":""},"categories":[161,168],"tags":[1688],"class_list":["post-107178","post","type-post","status-publish","format-standard","has-post-thumbnail","hentry","category-tudomany","category-kiemelt","tag-kutatoi-szalon"],"acf":[],"_links":{"self":[{"href":"https:\/\/semmelweis.hu\/hirek\/wp-json\/wp\/v2\/posts\/107178","targetHints":{"allow":["GET"]}}],"collection":[{"href":"https:\/\/semmelweis.hu\/hirek\/wp-json\/wp\/v2\/posts"}],"about":[{"href":"https:\/\/semmelweis.hu\/hirek\/wp-json\/wp\/v2\/types\/post"}],"author":[{"embeddable":true,"href":"https:\/\/semmelweis.hu\/hirek\/wp-json\/wp\/v2\/users\/101751"}],"replies":[{"embeddable":true,"href":"https:\/\/semmelweis.hu\/hirek\/wp-json\/wp\/v2\/comments?post=107178"}],"version-history":[{"count":8,"href":"https:\/\/semmelweis.hu\/hirek\/wp-json\/wp\/v2\/posts\/107178\/revisions"}],"predecessor-version":[{"id":118026,"href":"https:\/\/semmelweis.hu\/hirek\/wp-json\/wp\/v2\/posts\/107178\/revisions\/118026"}],"wp:featuredmedia":[{"embeddable":true,"href":"https:\/\/semmelweis.hu\/hirek\/wp-json\/wp\/v2\/media\/107191"}],"wp:attachment":[{"href":"https:\/\/semmelweis.hu\/hirek\/wp-json\/wp\/v2\/media?parent=107178"}],"wp:term":[{"taxonomy":"category","embeddable":true,"href":"https:\/\/semmelweis.hu\/hirek\/wp-json\/wp\/v2\/categories?post=107178"},{"taxonomy":"post_tag","embeddable":true,"href":"https:\/\/semmelweis.hu\/hirek\/wp-json\/wp\/v2\/tags?post=107178"}],"curies":[{"name":"wp","href":"https:\/\/api.w.org\/{rel}","templated":true}]}}