{"id":107094,"date":"2021-09-15T18:21:00","date_gmt":"2021-09-15T16:21:00","guid":{"rendered":"https:\/\/semmelweis.hu\/hirek\/?p=107094"},"modified":"2021-09-17T10:50:18","modified_gmt":"2021-09-17T08:50:18","slug":"fotokiallitas-nyilt-a-pszichiatriai-es-pszichoterapias-klinikan","status":"publish","type":"post","link":"https:\/\/semmelweis.hu\/hirek\/2021\/09\/15\/fotokiallitas-nyilt-a-pszichiatriai-es-pszichoterapias-klinikan\/","title":{"rendered":"Fot\u00f3ki\u00e1ll\u00edt\u00e1s ny\u00edlt a Pszichi\u00e1triai \u00e9s Pszichoter\u00e1pi\u00e1s Klinik\u00e1n"},"content":{"rendered":"<div class=\"lead\">L\u00e1tom\u00e1s c\u00edmmel imm\u00e1r m\u00e1sodik alkalommal ny\u00edlt ki\u00e1ll\u00edt\u00e1s Horv\u00e1th Bal\u00e1zs fot\u00f3m\u0171v\u00e9sz k\u00e9peib\u0151l a Pszichi\u00e1triai \u00e9s Pszichoter\u00e1pi\u00e1s Klinika l\u00e9pcs\u0151fordul\u00f3j\u00e1ban. Az alkot\u00f3 a ki\u00e1ll\u00edt\u00e1ssal szeretne hozz\u00e1j\u00e1rulni a betegek gy\u00f3gyul\u00e1s\u00e1hoz \u00e9s egy\u00fattal k\u00f6sz\u00f6netet mondani az eg\u00e9szs\u00e9g\u00fcgyben dolgoz\u00f3knak a pand\u00e9mia alatt ny\u00fajtott helyt\u00e1ll\u00e1suk\u00e9rt. A t\u00e1rlatot, melynek f\u0151v\u00e9dn\u00f6ke dr. R\u00e9thelyi J\u00e1nos klinikaigazgat\u00f3, F\u00e1y Andr\u00e1s, a Sz\u00e9pm\u0171v\u00e9szeti M\u00fazeum f\u0151restaur\u00e1tora nyitotta meg.<\/div>\n<p>Dr. R\u00e9thelyi J\u00e1nos, a Pszichi\u00e1triai \u00e9s Pszichoter\u00e1pi\u00e1s Klinika igazgat\u00f3ja a megnyit\u00f3n hangs\u00falyozta, a ki\u00e1ll\u00edtott k\u00e9pek nagyon szem\u00e9lyesek, az emberi l\u00e9t m\u00e9lys\u00e9geir\u0151l \u00e9s magass\u00e1gair\u00f3l sz\u00f3lnak. Eml\u00e9keztetett r\u00e1, hogy Horv\u00e1th Bal\u00e1zs alkot\u00e1saival imm\u00e1r m\u00e1sodik alkalommal \u00f6rvendezteti meg a klinika betegeit, munkat\u00e1rsait.<\/p>\n\r\n        [slb_exclude]\r\n        <div class=\"row galeria-wrapper mx-0 h-auto\">\r\n            <div class=\"col-9 pl-0 pr-2\">\r\n            <span class=\"gallery-item frame\">\r\n\t\t\t\t<div class=\"galeria-left-img\"><a href=\"https:\/\/semmelweis.hu\/hirek\/files\/2021\/09\/RS139409_C19A5606-scr.jpg\"><img src=https:\/\/semmelweis.hu\/hirek\/files\/2021\/09\/RS139409_C19A5606-scr.jpg  \r\n                            alt=\"\" \r\n                            class=\"attachment-sote-gallery-big size-sote-gallery-big\" \r\n                            srcset=\"https:\/\/semmelweis.hu\/hirek\/files\/2021\/09\/RS139409_C19A5606-scr-400x267.jpg 400w, https:\/\/semmelweis.hu\/hirek\/files\/2021\/09\/RS139409_C19A5606-scr-900x600.jpg 900w, https:\/\/semmelweis.hu\/hirek\/files\/2021\/09\/RS139409_C19A5606-scr-768x512.jpg 768w, https:\/\/semmelweis.hu\/hirek\/files\/2021\/09\/RS139409_C19A5606-scr-753x502.jpg 753w, https:\/\/semmelweis.hu\/hirek\/files\/2021\/09\/RS139409_C19A5606-scr-203x135.jpg 203w, https:\/\/semmelweis.hu\/hirek\/files\/2021\/09\/RS139409_C19A5606-scr.jpg 1200w\" ><\/a><\/div>\r\n            <\/span>\r\n\r\n            <\/div>\r\n\r\n\t\t\t<div class=\"col-3 pl-0 pr-0\">\r\n\t\t\t\t<div class=\"galeria-right-img d-flex justify-content-between flex-column h-100 w-100 px-0 mx-0 \">\r\n                <div class=\"galeria-box\">\r\n\t\t\t\t\t<h3 class=\"galeria-title\">Gal\u00e9ria<\/h3>\r\n\t\t\t\t\t<div class=\"galeria-subtitle\">\r\n\r\n\t\t\t\t\t\t<div class=\"galeria-page-counter\"><span>9<\/span>k\u00e9p<\/div>\r\n                    <\/div> <\/div>\r\n                    <span class=\"gallery-item frame d-none d-md-flex\">\r\n\t\t\t\t\t<div class=\"galeria-small-img mt-0\"><a href=\"https:\/\/semmelweis.hu\/hirek\/files\/2021\/09\/RS139412_C19A5616-scr.jpg\"><img src=https:\/\/semmelweis.hu\/hirek\/files\/2021\/09\/RS139412_C19A5616-scr.jpg \r\n                                alt=\"\"  \r\n                                class=\"attachment-sote-gallery-small size-sote-gallery-small\" \r\n                                srcset=\"https:\/\/semmelweis.hu\/hirek\/files\/2021\/09\/RS139412_C19A5616-scr-400x267.jpg 400w, https:\/\/semmelweis.hu\/hirek\/files\/2021\/09\/RS139412_C19A5616-scr-900x600.jpg 900w, https:\/\/semmelweis.hu\/hirek\/files\/2021\/09\/RS139412_C19A5616-scr-768x512.jpg 768w, https:\/\/semmelweis.hu\/hirek\/files\/2021\/09\/RS139412_C19A5616-scr-753x502.jpg 753w, https:\/\/semmelweis.hu\/hirek\/files\/2021\/09\/RS139412_C19A5616-scr-203x135.jpg 203w, https:\/\/semmelweis.hu\/hirek\/files\/2021\/09\/RS139412_C19A5616-scr.jpg 1200w\" ><\/a><\/div>\r\n                    <\/span>\r\n                    <span class=\"gallery-item frame d-none d-md-flex\">\r\n\t\t\t\t\t<div class=\"galeria-small-img mt-0\"><a href=\"https:\/\/semmelweis.hu\/hirek\/files\/2021\/09\/RS139416_C19A5628-scr.jpg\"><img src=https:\/\/semmelweis.hu\/hirek\/files\/2021\/09\/RS139416_C19A5628-scr.jpg \r\n                                alt=\"\" \r\n                                class=\"attachment-sote-gallery-small size-sote-gallery-small\" \r\n                                srcset=\"https:\/\/semmelweis.hu\/hirek\/files\/2021\/09\/RS139416_C19A5628-scr-400x267.jpg 400w, https:\/\/semmelweis.hu\/hirek\/files\/2021\/09\/RS139416_C19A5628-scr-900x600.jpg 900w, https:\/\/semmelweis.hu\/hirek\/files\/2021\/09\/RS139416_C19A5628-scr-768x512.jpg 768w, https:\/\/semmelweis.hu\/hirek\/files\/2021\/09\/RS139416_C19A5628-scr-753x502.jpg 753w, https:\/\/semmelweis.hu\/hirek\/files\/2021\/09\/RS139416_C19A5628-scr-203x135.jpg 203w, https:\/\/semmelweis.hu\/hirek\/files\/2021\/09\/RS139416_C19A5628-scr.jpg 1200w\" ><\/a><\/div>\r\n                    <\/span>\r\n\r\n                <\/div>\r\n\r\n            <\/div>\r\n\r\n            <span class=\"gallery-item\"><div class=\"hidden\"><a href=\"https:\/\/semmelweis.hu\/hirek\/files\/2021\/09\/RS139410_C19A5608-scr.jpg\">\r\n        <img src=https:\/\/semmelweis.hu\/hirek\/files\/2021\/09\/RS139410_C19A5608-scr.jpg alt=\"\" class=\"attachment-sote-gallery-big size-sote-gallery-big\" srcset=\"https:\/\/semmelweis.hu\/hirek\/files\/2021\/09\/RS139410_C19A5608-scr-400x267.jpg 400w, https:\/\/semmelweis.hu\/hirek\/files\/2021\/09\/RS139410_C19A5608-scr-900x600.jpg 900w, https:\/\/semmelweis.hu\/hirek\/files\/2021\/09\/RS139410_C19A5608-scr-768x512.jpg 768w, https:\/\/semmelweis.hu\/hirek\/files\/2021\/09\/RS139410_C19A5608-scr-753x502.jpg 753w, https:\/\/semmelweis.hu\/hirek\/files\/2021\/09\/RS139410_C19A5608-scr-203x135.jpg 203w, https:\/\/semmelweis.hu\/hirek\/files\/2021\/09\/RS139410_C19A5608-scr.jpg 1200w\" >\r\n        <\/a><\/div><\/span><span class=\"gallery-item\"><div class=\"hidden\"><a href=\"https:\/\/semmelweis.hu\/hirek\/files\/2021\/09\/RS139414_C19A5624-scr.jpg\">\r\n        <img src=https:\/\/semmelweis.hu\/hirek\/files\/2021\/09\/RS139414_C19A5624-scr.jpg alt=\"\" class=\"attachment-sote-gallery-big size-sote-gallery-big\" srcset=\"https:\/\/semmelweis.hu\/hirek\/files\/2021\/09\/RS139414_C19A5624-scr-400x267.jpg 400w, https:\/\/semmelweis.hu\/hirek\/files\/2021\/09\/RS139414_C19A5624-scr-900x600.jpg 900w, https:\/\/semmelweis.hu\/hirek\/files\/2021\/09\/RS139414_C19A5624-scr-768x512.jpg 768w, https:\/\/semmelweis.hu\/hirek\/files\/2021\/09\/RS139414_C19A5624-scr-753x502.jpg 753w, https:\/\/semmelweis.hu\/hirek\/files\/2021\/09\/RS139414_C19A5624-scr-203x135.jpg 203w, https:\/\/semmelweis.hu\/hirek\/files\/2021\/09\/RS139414_C19A5624-scr.jpg 1200w\" >\r\n        <\/a><\/div><\/span><span class=\"gallery-item\"><div class=\"hidden\"><a href=\"https:\/\/semmelweis.hu\/hirek\/files\/2021\/09\/RS139417_C19A5632-scr.jpg\">\r\n        <img src=https:\/\/semmelweis.hu\/hirek\/files\/2021\/09\/RS139417_C19A5632-scr.jpg alt=\"\" class=\"attachment-sote-gallery-big size-sote-gallery-big\" srcset=\"https:\/\/semmelweis.hu\/hirek\/files\/2021\/09\/RS139417_C19A5632-scr-400x267.jpg 400w, https:\/\/semmelweis.hu\/hirek\/files\/2021\/09\/RS139417_C19A5632-scr-900x600.jpg 900w, https:\/\/semmelweis.hu\/hirek\/files\/2021\/09\/RS139417_C19A5632-scr-768x512.jpg 768w, https:\/\/semmelweis.hu\/hirek\/files\/2021\/09\/RS139417_C19A5632-scr-753x502.jpg 753w, https:\/\/semmelweis.hu\/hirek\/files\/2021\/09\/RS139417_C19A5632-scr-203x135.jpg 203w, https:\/\/semmelweis.hu\/hirek\/files\/2021\/09\/RS139417_C19A5632-scr.jpg 1200w\" >\r\n        <\/a><\/div><\/span><span class=\"gallery-item\"><div class=\"hidden\"><a href=\"https:\/\/semmelweis.hu\/hirek\/files\/2021\/09\/RS139419_C19A5646-scr.jpg\">\r\n        <img src=https:\/\/semmelweis.hu\/hirek\/files\/2021\/09\/RS139419_C19A5646-scr.jpg alt=\"\" class=\"attachment-sote-gallery-big size-sote-gallery-big\" srcset=\"https:\/\/semmelweis.hu\/hirek\/files\/2021\/09\/RS139419_C19A5646-scr-267x400.jpg 267w, https:\/\/semmelweis.hu\/hirek\/files\/2021\/09\/RS139419_C19A5646-scr-533x800.jpg 533w, https:\/\/semmelweis.hu\/hirek\/files\/2021\/09\/RS139419_C19A5646-scr.jpg 600w\" >\r\n        <\/a><\/div><\/span><span class=\"gallery-item\"><div class=\"hidden\"><a href=\"https:\/\/semmelweis.hu\/hirek\/files\/2021\/09\/RS139422_C19A5659-scr.jpg\">\r\n        <img src=https:\/\/semmelweis.hu\/hirek\/files\/2021\/09\/RS139422_C19A5659-scr.jpg alt=\"\" class=\"attachment-sote-gallery-big size-sote-gallery-big\" srcset=\"https:\/\/semmelweis.hu\/hirek\/files\/2021\/09\/RS139422_C19A5659-scr-400x259.jpg 400w, https:\/\/semmelweis.hu\/hirek\/files\/2021\/09\/RS139422_C19A5659-scr-900x582.jpg 900w, https:\/\/semmelweis.hu\/hirek\/files\/2021\/09\/RS139422_C19A5659-scr-768x497.jpg 768w, https:\/\/semmelweis.hu\/hirek\/files\/2021\/09\/RS139422_C19A5659-scr-753x487.jpg 753w, https:\/\/semmelweis.hu\/hirek\/files\/2021\/09\/RS139422_C19A5659-scr.jpg 1200w\" >\r\n        <\/a><\/div><\/span><span class=\"gallery-item\"><div class=\"hidden\"><a href=\"https:\/\/semmelweis.hu\/hirek\/files\/2021\/09\/RS139407_C19A5596-scr.jpg\">\r\n        <img src=https:\/\/semmelweis.hu\/hirek\/files\/2021\/09\/RS139407_C19A5596-scr.jpg alt=\"\" class=\"attachment-sote-gallery-big size-sote-gallery-big\" srcset=\"https:\/\/semmelweis.hu\/hirek\/files\/2021\/09\/RS139407_C19A5596-scr-400x270.jpg 400w, https:\/\/semmelweis.hu\/hirek\/files\/2021\/09\/RS139407_C19A5596-scr-900x608.jpg 900w, https:\/\/semmelweis.hu\/hirek\/files\/2021\/09\/RS139407_C19A5596-scr-768x519.jpg 768w, https:\/\/semmelweis.hu\/hirek\/files\/2021\/09\/RS139407_C19A5596-scr-753x509.jpg 753w, https:\/\/semmelweis.hu\/hirek\/files\/2021\/09\/RS139407_C19A5596-scr.jpg 1200w\" >\r\n        <\/a><\/div><\/span>\r\n            <\/div>\r\n\r\n            [\/slb_exclude]\r\n\t\n<p>\u201eBal\u00e1zs mindig azt veszi \u00e9szre a vil\u00e1gban, ami sz\u00e9p, ami er\u0151t ad, ami romlatlan \u00e9s \u00f6r\u00f6k\u201d \u2013 fogalmazott a ki\u00e1ll\u00edt\u00e1st megnyit\u00f3 besz\u00e9d\u00e9ben F\u00e1y Andr\u00e1s. A Sz\u00e9pm\u0171v\u00e9szeti M\u00fazeum f\u0151restaur\u00e1tora utalt r\u00e1, hogy r\u00e9gi bar\u00e1ts\u00e1g f\u0171zi az alkot\u00f3hoz. Egy ki\u00e1ll\u00edt\u00e1smegnyit\u00f3 mindig fontos alkalom, hiszen ilyenkor a k\u00f6z\u00f6ns\u00e9g megismerheti az alkot\u00f3t, aki a k\u00e9pek m\u00f6g\u00f6tt \u00e1ll \u2013 v\u00e9lekedett. R\u00f6viden \u00f6sszefoglalta a m\u0171v\u00e9sz szakmai munk\u00e1ss\u00e1g\u00e1t kiemelve, hogy sokoldal\u00fa szem\u00e9lyis\u00e9g\u00e9t mutatja, hogy nyomdai fot\u00f3sk\u00e9nt, fot\u00f3riporterk\u00e9nt, m\u0171v\u00e9szeti vezet\u0151k\u00e9nt is dolgozott, tov\u00e1bb\u00e1 fot\u00f3szakk\u00f6rt vezetett, emellett k\u00f6nyvbor\u00edt\u00f3kat, c\u00edmlapfot\u00f3kat, k\u00e9peslapokat is k\u00e9sz\u00edtett. A r\u00e1 b\u00edzott feladatokat mindig al\u00e1zattal, a maximumot ny\u00fajtva v\u00e9gezte el, ez a t\u00f6rekv\u00e9se a ki\u00e1ll\u00edtott munk\u00e1kon is tetten \u00e9rhet\u0151 \u2013 mondta el, hozz\u00e1t\u00e9ve: a m\u0171v\u00e9sz fot\u00f3inak sz\u00e9ps\u00e9ge, hogy m\u00e9g az anal\u00f3g f\u00e9nyk\u00e9pez\u00e9s tud\u00e1s\u00e1b\u00f3l erednek. Horv\u00e1th Bal\u00e1zs sz\u00e1m\u00e1ra a f\u00e9nyk\u00e9pez\u00e9s egy hitvall\u00e1s, k\u00e9peinek gy\u00f3gy\u00edt\u00f3 \u00fczenete van, alkot\u00e1sai mindig gondolkod\u00e1sra k\u00e9sztetnek \u2013 \u00f6sszegezte F\u00e1y Andr\u00e1s.<\/p>\n<blockquote>\n<p>\u201eEz a t\u00e1rlat az \u00e9n aj\u00e1nd\u00e9kom az eg\u00e9szs\u00e9g\u00fcgyi dolgoz\u00f3k pand\u00e9mia idej\u00e9n tan\u00fas\u00edtott al\u00e1zatos munk\u00e1j\u00e1\u00e9rt\u201d<\/p>\n<\/blockquote>\n<p>\u2013 fogalmazott a megnyit\u00f3n Horv\u00e1th Bal\u00e1zs fot\u00f3m\u0171v\u00e9sz, aki \u00fagy v\u00e9lte, az ember \u00e9let\u00e9ben a gondolatnak teremt\u0151 ereje van, ez\u00e9rt nem mindegy, hogy milyen gondolatok vannak benn\u00fck, hiszen ezek a vil\u00e1gunk r\u00e9sz\u00e9v\u00e9 v\u00e1lnak. \u201e\u00c9n mindig jeleket keresek, melyek Isten orsz\u00e1g\u00e1ra eml\u00e9keztetnek, jeleket, melyek a bels\u0151 vil\u00e1gra mutatnak\u201d \u2013 osztotta meg.<\/p>\n<p>A megnyit\u00f3 z\u00e1r\u00e1sak\u00e9nt a Nappali K\u00f3rh\u00e1z k\u00f3rusa k\u00e9t megzen\u00e9s\u00edtett verset adott el\u0151, \u0151ket Csurgai \u00c9va k\u00eds\u00e9rte zongor\u00e1n. A ki\u00e1ll\u00edt\u00e1s a tervek szerint j\u00f6v\u0151 ny\u00e1r v\u00e9g\u00e9ig l\u00e1that\u00f3 a klinik\u00e1n.<\/p>\n<p>B\u00f3di Bernadett<br \/>\nFot\u00f3: Kov\u00e1cs Attila &#8211; Semmelweis Egyetem<\/p>\n<p>&nbsp;<\/p>\n<p>&nbsp;<\/p>\n<p>&nbsp;<\/p>\n<p>&nbsp;<\/p>\n","protected":false},"excerpt":{"rendered":"<p>Az alkot\u00f3 a ki\u00e1ll\u00edt\u00e1ssal szeretne k\u00f6sz\u00f6netet mondani az eg\u00e9szs\u00e9g\u00fcgyben dolgoz\u00f3knak a pand\u00e9mia alatt ny\u00fajtott helyt\u00e1ll\u00e1suk\u00e9rt.<\/p>\n","protected":false},"author":101282,"featured_media":107101,"comment_status":"closed","ping_status":"closed","sticky":false,"template":"","format":"standard","meta":{"_acf_changed":false,"footnotes":""},"categories":[157,168],"tags":[],"class_list":["post-107094","post","type-post","status-publish","format-standard","has-post-thumbnail","hentry","category-semmelweis-vilag","category-kiemelt"],"acf":[],"_links":{"self":[{"href":"https:\/\/semmelweis.hu\/hirek\/wp-json\/wp\/v2\/posts\/107094","targetHints":{"allow":["GET"]}}],"collection":[{"href":"https:\/\/semmelweis.hu\/hirek\/wp-json\/wp\/v2\/posts"}],"about":[{"href":"https:\/\/semmelweis.hu\/hirek\/wp-json\/wp\/v2\/types\/post"}],"author":[{"embeddable":true,"href":"https:\/\/semmelweis.hu\/hirek\/wp-json\/wp\/v2\/users\/101282"}],"replies":[{"embeddable":true,"href":"https:\/\/semmelweis.hu\/hirek\/wp-json\/wp\/v2\/comments?post=107094"}],"version-history":[{"count":7,"href":"https:\/\/semmelweis.hu\/hirek\/wp-json\/wp\/v2\/posts\/107094\/revisions"}],"predecessor-version":[{"id":107152,"href":"https:\/\/semmelweis.hu\/hirek\/wp-json\/wp\/v2\/posts\/107094\/revisions\/107152"}],"wp:featuredmedia":[{"embeddable":true,"href":"https:\/\/semmelweis.hu\/hirek\/wp-json\/wp\/v2\/media\/107101"}],"wp:attachment":[{"href":"https:\/\/semmelweis.hu\/hirek\/wp-json\/wp\/v2\/media?parent=107094"}],"wp:term":[{"taxonomy":"category","embeddable":true,"href":"https:\/\/semmelweis.hu\/hirek\/wp-json\/wp\/v2\/categories?post=107094"},{"taxonomy":"post_tag","embeddable":true,"href":"https:\/\/semmelweis.hu\/hirek\/wp-json\/wp\/v2\/tags?post=107094"}],"curies":[{"name":"wp","href":"https:\/\/api.w.org\/{rel}","templated":true}]}}