{"id":10681,"date":"2012-03-19T12:47:28","date_gmt":"2012-03-19T12:47:28","guid":{"rendered":"http:\/\/semmelweis-egyetem.hu\/hirek\/?p=10681"},"modified":"2012-03-19T13:43:14","modified_gmt":"2012-03-19T13:43:14","slug":"eros-verseny-a-lendulet-palyazaton-%e2%80%93-dontes-majusban","status":"publish","type":"post","link":"https:\/\/semmelweis.hu\/hirek\/2012\/03\/19\/eros-verseny-a-lendulet-palyazaton-%e2%80%93-dontes-majusban\/","title":{"rendered":"Er\u0151s verseny a Lend\u00fclet-p\u00e1ly\u00e1zaton \u2013 d\u00f6nt\u00e9s m\u00e1jusban"},"content":{"rendered":"<figure id=\"attachment_8016\" aria-describedby=\"caption-attachment-8016\" style=\"width: 180px\" class=\"wp-caption alignleft\"><a href=\"https:\/\/semmelweis.hu\/hirek\/files\/2011\/11\/lenduletpalinkas.jpg\"><img loading=\"lazy\" decoding=\"async\" class=\"size-medium wp-image-8016 \" src=\"https:\/\/semmelweis.hu\/hirek\/files\/2011\/11\/lenduletpalinkas-200x300.jpg\" alt=\"\" width=\"180\" height=\"270\" srcset=\"https:\/\/semmelweis.hu\/hirek\/files\/2011\/11\/lenduletpalinkas-200x300.jpg 200w, https:\/\/semmelweis.hu\/hirek\/files\/2011\/11\/lenduletpalinkas-266x400.jpg 266w\" sizes=\"auto, (max-width: 180px) 100vw, 180px\" \/><\/a><figcaption id=\"caption-attachment-8016\" class=\"wp-caption-text\">Dr. P\u00e1link\u00e1s J\u00f3zsef<\/figcaption><\/figure>\n<p>\u00c9lesnek \u00edg\u00e9rkezik a verseny a Magyar Tudom\u00e1nyos Akad\u00e9mia (MTA) negyedik alkalommal meghirdetett Lend\u00fclet Fiatal Kutat\u00f3i P\u00e1ly\u00e1zat\u00e1n, amelyre ez\u00fattal sz\u00e1zharminch\u00e1rman jelentkeztek &#8211; t\u00e1j\u00e9koztatott P\u00e1link\u00e1s J\u00f3zsef, a Magyar Tudom\u00e1nyos Akad\u00e9mia eln\u00f6ke. Az egyetemeken hetvenkilencen tervezn\u00e9nek \u00faj kutat\u00f3csoportot, a 79 p\u00e1ly\u00e1zatb\u00f3l 66 az ELTE-r\u0151l, a Semmelweis Egyetemr\u0151l, a Debreceni Egyetemr\u0151l, valamint a Szegedi Tudom\u00e1nyegyetemr\u0151l \u00e9rkezett.<\/p>\n<p>\u201eA kor\u00e1bbi \u00e9vekkel szemben az id\u00e9n h\u00e1rom kateg\u00f3ri\u00e1ban hirdett\u00fck meg a Lend\u00fclet-p\u00e1ly\u00e1zatokat: egyr\u00e9szt az els\u0151 saj\u00e1t kutat\u00f3csoportot ind\u00edt\u00f3 kutat\u00f3k r\u00e9sz\u00e9re, m\u00e1sr\u00e9szt a m\u00e1r jelent\u0151s kutat\u00e1s-fejleszt\u00e9si gyakorlattal rendelkez\u0151k sz\u00e1m\u00e1ra, valamint a k\u00fcl\u00f6n\u00f6sen kiemelked\u0151, a nemzetk\u00f6zi tudom\u00e1nyos \u00e9letben igen magasra \u00e9rt\u00e9kelt tud\u00f3soknak is ny\u00fajtunk lehet\u0151s\u00e9get, hogy Magyarorsz\u00e1gon kutat\u00f3csoportot hozzanak l\u00e9tre&#8221; &#8211; hangoztatta az MTA eln\u00f6ke, hozz\u00e1t\u00e9ve: a harmadik kateg\u00f3ri\u00e1ban csak kiv\u00e9teles esetben hirdetnek eredm\u00e9nyt.<\/p>\n<p><a href=\"https:\/\/semmelweis.hu\/hirek\/files\/2012\/01\/lenduletlogo.jpg\"><img loading=\"lazy\" decoding=\"async\" class=\"alignright size-medium wp-image-9414\" src=\"https:\/\/semmelweis.hu\/hirek\/files\/2012\/01\/lenduletlogo-300x225.jpg\" alt=\"\" width=\"300\" height=\"225\" srcset=\"https:\/\/semmelweis.hu\/hirek\/files\/2012\/01\/lenduletlogo-300x225.jpg 300w, https:\/\/semmelweis.hu\/hirek\/files\/2012\/01\/lenduletlogo.jpg 501w\" sizes=\"auto, (max-width: 300px) 100vw, 300px\" \/><\/a>A p\u00e1ly\u00e1zatokban megjel\u00f6lt t\u00e1mogat\u00e1si ig\u00e9ny 5,7 milli\u00e1rd forint, ami t\u00f6bb mint a n\u00e9gyszerese az eloszthat\u00f3 1,2 milli\u00e1rd forintnak. Ez bizonyos \u00e9rtelemben j\u00f3, mert kem\u00e9ny versenyt jelent, bizonyos \u00e9rtelemben pedig rossz, mert csup\u00e1n a p\u00e1ly\u00e1z\u00f3k negyede nyerhet \u2013 fogalmazott P\u00e1link\u00e1s J\u00f3zsef. A p\u00e1ly\u00e1zatok \u00e9rt\u00e9kel\u00e9se most kezd\u0151dik, az anonim b\u00edr\u00e1l\u00f3k m\u00e1jusban hozz\u00e1k meg a d\u00f6nt\u00e9st&#8221; \u2013 tette hozz\u00e1. A Lend\u00fclet Program nyerteseinek kutat\u00e1sait legal\u00e1bb \u00f6t \u00e9vig finansz\u00edrozz\u00e1k.<\/p>\n<p>Az MTA eln\u00f6ke kit\u00e9rt arra is, hogy 600 milli\u00f3 forint \u00e1ll a rendelkez\u00e9sre t\u00e1mogatott egyetemi kutat\u00f3csoportok l\u00e9trehoz\u00e1s\u00e1ra. Ebb\u0151l az \u00f6sszegb\u0151l 15-20 kutat\u00f3csoportot lehet t\u00e1mogatni, hetven\u00f6t p\u00e1ly\u00e1zat \u00e9rkezett, t\u00f6bbs\u00e9g\u00fck a t\u00e1rsadalomtudom\u00e1nyok ter\u00fclet\u00e9r\u0151l, a megp\u00e1ly\u00e1zott \u00f6sszeg 2,6 milli\u00e1rd forint, vagyis itt is n\u00e9gyszeres a t\u00faljelentkez\u00e9s. DP<\/p>\n<p>Forr\u00e1s: mti.hu<\/p>\n","protected":false},"excerpt":{"rendered":"<p>\u00c9lesnek \u00edg\u00e9rkezik a verseny a Magyar Tudom\u00e1nyos Akad\u00e9mia (MTA) negyedik alkalommal meghirdetett Lend\u00fclet Fiatal Kutat\u00f3i P\u00e1ly\u00e1zat\u00e1n, amelyre ez\u00fattal sz\u00e1zharminch\u00e1rman jelentkeztek &#8211; t\u00e1j\u00e9koztatott P\u00e1link\u00e1s J\u00f3zsef, a Magyar Tudom\u00e1nyos Akad\u00e9mia eln\u00f6ke. Az egyetemeken hetvenkilencen tervezn\u00e9nek \u00faj kutat\u00f3csoportot, a 79 p\u00e1ly\u00e1zatb\u00f3l 66 az ELTE-r\u0151l, a Semmelweis Egyetemr\u0151l, a Debreceni Egyetemr\u0151l, valamint a Szegedi Tudom\u00e1nyegyetemr\u0151l \u00e9rkezett. \u201eA kor\u00e1bbi \u00e9vekkel &hellip;<\/p>\n","protected":false},"author":13,"featured_media":10682,"comment_status":"closed","ping_status":"open","sticky":false,"template":"","format":"standard","meta":{"_acf_changed":false,"footnotes":""},"categories":[161,168],"tags":[332,188],"class_list":["post-10681","post","type-post","status-publish","format-standard","has-post-thumbnail","hentry","category-tudomany","category-kiemelt","tag-lendulet-program","tag-tudomanyos-hirek-rendezvenyek"],"acf":[],"_links":{"self":[{"href":"https:\/\/semmelweis.hu\/hirek\/wp-json\/wp\/v2\/posts\/10681","targetHints":{"allow":["GET"]}}],"collection":[{"href":"https:\/\/semmelweis.hu\/hirek\/wp-json\/wp\/v2\/posts"}],"about":[{"href":"https:\/\/semmelweis.hu\/hirek\/wp-json\/wp\/v2\/types\/post"}],"author":[{"embeddable":true,"href":"https:\/\/semmelweis.hu\/hirek\/wp-json\/wp\/v2\/users\/13"}],"replies":[{"embeddable":true,"href":"https:\/\/semmelweis.hu\/hirek\/wp-json\/wp\/v2\/comments?post=10681"}],"version-history":[{"count":0,"href":"https:\/\/semmelweis.hu\/hirek\/wp-json\/wp\/v2\/posts\/10681\/revisions"}],"wp:featuredmedia":[{"embeddable":true,"href":"https:\/\/semmelweis.hu\/hirek\/wp-json\/wp\/v2\/media\/10682"}],"wp:attachment":[{"href":"https:\/\/semmelweis.hu\/hirek\/wp-json\/wp\/v2\/media?parent=10681"}],"wp:term":[{"taxonomy":"category","embeddable":true,"href":"https:\/\/semmelweis.hu\/hirek\/wp-json\/wp\/v2\/categories?post=10681"},{"taxonomy":"post_tag","embeddable":true,"href":"https:\/\/semmelweis.hu\/hirek\/wp-json\/wp\/v2\/tags?post=10681"}],"curies":[{"name":"wp","href":"https:\/\/api.w.org\/{rel}","templated":true}]}}