{"id":106146,"date":"2021-08-20T17:05:30","date_gmt":"2021-08-20T15:05:30","guid":{"rendered":"https:\/\/semmelweis.hu\/hirek\/?p=106146"},"modified":"2021-08-20T18:49:47","modified_gmt":"2021-08-20T16:49:47","slug":"allami-elismereseket-vehettek-at-az-egyetem-munkatarsai-a-nemzeti-unnepen","status":"publish","type":"post","link":"https:\/\/semmelweis.hu\/hirek\/2021\/08\/20\/allami-elismereseket-vehettek-at-az-egyetem-munkatarsai-a-nemzeti-unnepen\/","title":{"rendered":"\u00c1llami elismer\u00e9seket vehettek \u00e1t az egyetem munkat\u00e1rsai a nemzeti \u00fcnnepen"},"content":{"rendered":"<div class=\"lead\">A Semmelweis Egyetem n\u00e9gy munkat\u00e1rsa vehetett \u00e1t \u00e1llami elismer\u00e9st az Orsz\u00e1gh\u00e1zban: dr. Merkely B\u00e9la, dr. Csan\u00e1dy L\u00e1szl\u00f3 \u00e9s dr. Po\u00f3r Gyula Sz\u00e9chenyi-d\u00edjat, m\u00edg dr. \u00c1d\u00e1m Veronika Magyar \u00c9rdemrend K\u00f6z\u00e9pkeresztje polg\u00e1ri tagozat kit\u00fcntet\u00e9st. Az 1848\/49-es forradalom \u00e9s szabads\u00e1gharc \u00e9vfordul\u00f3ja alkalm\u00e1b\u00f3l oda\u00edt\u00e9lt d\u00edjak \u00e1tad\u00e1s\u00e1t a koronav\u00edrus-j\u00e1rv\u00e1ny miatt halasztott\u00e1k m\u00e1rcius 15-r\u0151l az augusztus 20-i nemzeti \u00fcnnepre.<\/div>\n<p>Magyarorsz\u00e1g sz\u00e1m\u00e1ra kiv\u00e9telesen \u00e9rt\u00e9kes tudom\u00e1nyos p\u00e1ly\u00e1ja sor\u00e1n el\u00e9rt, nemzetk\u00f6zileg is nagyra \u00e9rt\u00e9kelt kardiol\u00f3giai kutat\u00e1si eredm\u00e9nyei, elhivatott oktat\u00f3i munk\u00e1ja, valamint kiemelked\u0151en eredm\u00e9nyes int\u00e9zm\u00e9nyvezet\u0151i \u00e9s szakmai k\u00f6z\u00e9leti tev\u00e9kenys\u00e9ge elismer\u00e9sek\u00e9nt Sz\u00e9chenyi-d\u00edjat vehetett \u00e1t dr. Merkely B\u00e9la kardiol\u00f3gus, a Magyar Tudom\u00e1nyos Akad\u00e9mia doktora, a Semmelweis Egyetem rektora, az \u00c1ltal\u00e1nos Orvostudom\u00e1nyi Kar Kardiol\u00f3giai Tansz\u00e9k\u00e9nek, valamint Sportorvostan Tansz\u00e9k\u00e9nek tansz\u00e9kvezet\u0151 egyetemi tan\u00e1ra, a V\u00e1rosmajori Sz\u00edv- \u00e9s \u00c9rgy\u00f3gy\u00e1szati Klinika igazgat\u00f3ja.<\/p>\n\r\n        [slb_exclude]\r\n        <div class=\"row galeria-wrapper mx-0 h-auto\">\r\n            <div class=\"col-9 pl-0 pr-2\">\r\n            <span class=\"gallery-item frame\">\r\n\t\t\t\t<div class=\"galeria-left-img\"><a href=\"https:\/\/semmelweis.hu\/hirek\/files\/2021\/08\/Z509572.jpg\"><img src=https:\/\/semmelweis.hu\/hirek\/files\/2021\/08\/Z509572.jpg  \r\n                            alt=\"\" \r\n                            class=\"attachment-sote-gallery-big size-sote-gallery-big\" \r\n                            srcset=\"https:\/\/semmelweis.hu\/hirek\/files\/2021\/08\/Z509572-400x267.jpg 400w, https:\/\/semmelweis.hu\/hirek\/files\/2021\/08\/Z509572-900x600.jpg 900w, https:\/\/semmelweis.hu\/hirek\/files\/2021\/08\/Z509572-768x512.jpg 768w, https:\/\/semmelweis.hu\/hirek\/files\/2021\/08\/Z509572-1536x1024.jpg 1536w, https:\/\/semmelweis.hu\/hirek\/files\/2021\/08\/Z509572-753x502.jpg 753w, https:\/\/semmelweis.hu\/hirek\/files\/2021\/08\/Z509572-203x135.jpg 203w, https:\/\/semmelweis.hu\/hirek\/files\/2021\/08\/Z509572.jpg 1539w\" ><\/a><\/div>\r\n            <\/span>\r\n\r\n            <\/div>\r\n\r\n\t\t\t<div class=\"col-3 pl-0 pr-0\">\r\n\t\t\t\t<div class=\"galeria-right-img d-flex justify-content-between flex-column h-100 w-100 px-0 mx-0 \">\r\n                <div class=\"galeria-box\">\r\n\t\t\t\t\t<h3 class=\"galeria-title\">Gal\u00e9ria<\/h3>\r\n\t\t\t\t\t<div class=\"galeria-subtitle\">\r\n\r\n\t\t\t\t\t\t<div class=\"galeria-page-counter\"><span>12<\/span>k\u00e9p<\/div>\r\n                    <\/div> <\/div>\r\n                    <span class=\"gallery-item frame d-none d-md-flex\">\r\n\t\t\t\t\t<div class=\"galeria-small-img mt-0\"><a href=\"https:\/\/semmelweis.hu\/hirek\/files\/2021\/08\/Z509528.jpg\"><img src=https:\/\/semmelweis.hu\/hirek\/files\/2021\/08\/Z509528.jpg \r\n                                alt=\"\"  \r\n                                class=\"attachment-sote-gallery-small size-sote-gallery-small\" \r\n                                srcset=\"https:\/\/semmelweis.hu\/hirek\/files\/2021\/08\/Z509528-400x266.jpg 400w, https:\/\/semmelweis.hu\/hirek\/files\/2021\/08\/Z509528-900x600.jpg 900w, https:\/\/semmelweis.hu\/hirek\/files\/2021\/08\/Z509528-768x512.jpg 768w, https:\/\/semmelweis.hu\/hirek\/files\/2021\/08\/Z509528-753x502.jpg 753w, https:\/\/semmelweis.hu\/hirek\/files\/2021\/08\/Z509528-203x135.jpg 203w, https:\/\/semmelweis.hu\/hirek\/files\/2021\/08\/Z509528.jpg 1393w\" ><\/a><\/div>\r\n                    <\/span>\r\n                    <span class=\"gallery-item frame d-none d-md-flex\">\r\n\t\t\t\t\t<div class=\"galeria-small-img mt-0\"><a href=\"https:\/\/semmelweis.hu\/hirek\/files\/2021\/08\/Z509598.jpg\"><img src=https:\/\/semmelweis.hu\/hirek\/files\/2021\/08\/Z509598.jpg \r\n                                alt=\"\" \r\n                                class=\"attachment-sote-gallery-small size-sote-gallery-small\" \r\n                                srcset=\"https:\/\/semmelweis.hu\/hirek\/files\/2021\/08\/Z509598-400x267.jpg 400w, https:\/\/semmelweis.hu\/hirek\/files\/2021\/08\/Z509598-900x600.jpg 900w, https:\/\/semmelweis.hu\/hirek\/files\/2021\/08\/Z509598-768x512.jpg 768w, https:\/\/semmelweis.hu\/hirek\/files\/2021\/08\/Z509598-753x502.jpg 753w, https:\/\/semmelweis.hu\/hirek\/files\/2021\/08\/Z509598-203x135.jpg 203w, https:\/\/semmelweis.hu\/hirek\/files\/2021\/08\/Z509598.jpg 1318w\" ><\/a><\/div>\r\n                    <\/span>\r\n\r\n                <\/div>\r\n\r\n            <\/div>\r\n\r\n            <span class=\"gallery-item\"><div class=\"hidden\"><a href=\"https:\/\/semmelweis.hu\/hirek\/files\/2021\/08\/Z509655.jpg\">\r\n        <img src=https:\/\/semmelweis.hu\/hirek\/files\/2021\/08\/Z509655.jpg alt=\"\" class=\"attachment-sote-gallery-big size-sote-gallery-big\" srcset=\"https:\/\/semmelweis.hu\/hirek\/files\/2021\/08\/Z509655-400x266.jpg 400w, https:\/\/semmelweis.hu\/hirek\/files\/2021\/08\/Z509655-900x600.jpg 900w, https:\/\/semmelweis.hu\/hirek\/files\/2021\/08\/Z509655-768x512.jpg 768w, https:\/\/semmelweis.hu\/hirek\/files\/2021\/08\/Z509655-753x502.jpg 753w, https:\/\/semmelweis.hu\/hirek\/files\/2021\/08\/Z509655-203x135.jpg 203w, https:\/\/semmelweis.hu\/hirek\/files\/2021\/08\/Z509655.jpg 1348w\" >\r\n        <\/a><\/div><\/span><span class=\"gallery-item\"><div class=\"hidden\"><a href=\"https:\/\/semmelweis.hu\/hirek\/files\/2021\/08\/2Y5A1204.jpg\">\r\n        <img src=https:\/\/semmelweis.hu\/hirek\/files\/2021\/08\/2Y5A1204.jpg alt=\"\" class=\"attachment-sote-gallery-big size-sote-gallery-big\" srcset=\"https:\/\/semmelweis.hu\/hirek\/files\/2021\/08\/2Y5A1204-400x276.jpg 400w, https:\/\/semmelweis.hu\/hirek\/files\/2021\/08\/2Y5A1204-900x622.jpg 900w, https:\/\/semmelweis.hu\/hirek\/files\/2021\/08\/2Y5A1204-768x531.jpg 768w, https:\/\/semmelweis.hu\/hirek\/files\/2021\/08\/2Y5A1204-1536x1062.jpg 1536w, https:\/\/semmelweis.hu\/hirek\/files\/2021\/08\/2Y5A1204-2048x1415.jpg 2048w, https:\/\/semmelweis.hu\/hirek\/files\/2021\/08\/2Y5A1204-175x120.jpg 175w, https:\/\/semmelweis.hu\/hirek\/files\/2021\/08\/2Y5A1204-753x520.jpg 753w\" >\r\n        <\/a><\/div><\/span><span class=\"gallery-item\"><div class=\"hidden\"><a href=\"https:\/\/semmelweis.hu\/hirek\/files\/2021\/08\/Z628385.jpg\">\r\n        <img src=https:\/\/semmelweis.hu\/hirek\/files\/2021\/08\/Z628385.jpg alt=\"\" class=\"attachment-sote-gallery-big size-sote-gallery-big\" srcset=\"https:\/\/semmelweis.hu\/hirek\/files\/2021\/08\/Z628385-400x271.jpg 400w, https:\/\/semmelweis.hu\/hirek\/files\/2021\/08\/Z628385-900x609.jpg 900w, https:\/\/semmelweis.hu\/hirek\/files\/2021\/08\/Z628385-768x520.jpg 768w, https:\/\/semmelweis.hu\/hirek\/files\/2021\/08\/Z628385-175x120.jpg 175w, https:\/\/semmelweis.hu\/hirek\/files\/2021\/08\/Z628385-753x510.jpg 753w, https:\/\/semmelweis.hu\/hirek\/files\/2021\/08\/Z628385.jpg 1406w\" >\r\n        <\/a><\/div><\/span><span class=\"gallery-item\"><div class=\"hidden\"><a href=\"https:\/\/semmelweis.hu\/hirek\/files\/2021\/08\/Z628446.jpg\">\r\n        <img src=https:\/\/semmelweis.hu\/hirek\/files\/2021\/08\/Z628446.jpg alt=\"\" class=\"attachment-sote-gallery-big size-sote-gallery-big\" srcset=\"https:\/\/semmelweis.hu\/hirek\/files\/2021\/08\/Z628446-400x268.jpg 400w, https:\/\/semmelweis.hu\/hirek\/files\/2021\/08\/Z628446-900x603.jpg 900w, https:\/\/semmelweis.hu\/hirek\/files\/2021\/08\/Z628446-768x515.jpg 768w, https:\/\/semmelweis.hu\/hirek\/files\/2021\/08\/Z628446-753x505.jpg 753w, https:\/\/semmelweis.hu\/hirek\/files\/2021\/08\/Z628446-203x135.jpg 203w, https:\/\/semmelweis.hu\/hirek\/files\/2021\/08\/Z628446.jpg 1499w\" >\r\n        <\/a><\/div><\/span><span class=\"gallery-item\"><div class=\"hidden\"><a href=\"https:\/\/semmelweis.hu\/hirek\/files\/2021\/08\/D01A9986-scaled.jpg\">\r\n        <img src=https:\/\/semmelweis.hu\/hirek\/files\/2021\/08\/D01A9986-scaled.jpg alt=\"\" class=\"attachment-sote-gallery-big size-sote-gallery-big\" srcset=\"https:\/\/semmelweis.hu\/hirek\/files\/2021\/08\/D01A9986-400x254.jpg 400w, https:\/\/semmelweis.hu\/hirek\/files\/2021\/08\/D01A9986-900x571.jpg 900w, https:\/\/semmelweis.hu\/hirek\/files\/2021\/08\/D01A9986-768x487.jpg 768w, https:\/\/semmelweis.hu\/hirek\/files\/2021\/08\/D01A9986-1536x974.jpg 1536w, https:\/\/semmelweis.hu\/hirek\/files\/2021\/08\/D01A9986-2048x1299.jpg 2048w, https:\/\/semmelweis.hu\/hirek\/files\/2021\/08\/D01A9986-753x477.jpg 753w\" >\r\n        <\/a><\/div><\/span><span class=\"gallery-item\"><div class=\"hidden\"><a href=\"https:\/\/semmelweis.hu\/hirek\/files\/2021\/08\/2Y5A1222-scaled.jpg\">\r\n        <img src=https:\/\/semmelweis.hu\/hirek\/files\/2021\/08\/2Y5A1222-scaled.jpg alt=\"\" class=\"attachment-sote-gallery-big size-sote-gallery-big\" srcset=\"https:\/\/semmelweis.hu\/hirek\/files\/2021\/08\/2Y5A1222-400x267.jpg 400w, https:\/\/semmelweis.hu\/hirek\/files\/2021\/08\/2Y5A1222-900x600.jpg 900w, https:\/\/semmelweis.hu\/hirek\/files\/2021\/08\/2Y5A1222-768x512.jpg 768w, https:\/\/semmelweis.hu\/hirek\/files\/2021\/08\/2Y5A1222-1536x1024.jpg 1536w, https:\/\/semmelweis.hu\/hirek\/files\/2021\/08\/2Y5A1222-2048x1365.jpg 2048w, https:\/\/semmelweis.hu\/hirek\/files\/2021\/08\/2Y5A1222-753x502.jpg 753w, https:\/\/semmelweis.hu\/hirek\/files\/2021\/08\/2Y5A1222-203x135.jpg 203w\" >\r\n        <\/a><\/div><\/span><span class=\"gallery-item\"><div class=\"hidden\"><a href=\"https:\/\/semmelweis.hu\/hirek\/files\/2021\/08\/Z628572.jpg\">\r\n        <img src=https:\/\/semmelweis.hu\/hirek\/files\/2021\/08\/Z628572.jpg alt=\"\" class=\"attachment-sote-gallery-big size-sote-gallery-big\" srcset=\"https:\/\/semmelweis.hu\/hirek\/files\/2021\/08\/Z628572-400x266.jpg 400w, https:\/\/semmelweis.hu\/hirek\/files\/2021\/08\/Z628572-900x600.jpg 900w, https:\/\/semmelweis.hu\/hirek\/files\/2021\/08\/Z628572-768x512.jpg 768w, https:\/\/semmelweis.hu\/hirek\/files\/2021\/08\/Z628572-753x502.jpg 753w, https:\/\/semmelweis.hu\/hirek\/files\/2021\/08\/Z628572-203x135.jpg 203w, https:\/\/semmelweis.hu\/hirek\/files\/2021\/08\/Z628572.jpg 1417w\" >\r\n        <\/a><\/div><\/span><span class=\"gallery-item\"><div class=\"hidden\"><a href=\"https:\/\/semmelweis.hu\/hirek\/files\/2021\/08\/2Y5A0961-scaled.jpg\">\r\n        <img src=https:\/\/semmelweis.hu\/hirek\/files\/2021\/08\/2Y5A0961-scaled.jpg alt=\"\" class=\"attachment-sote-gallery-big size-sote-gallery-big\" srcset=\"https:\/\/semmelweis.hu\/hirek\/files\/2021\/08\/2Y5A0961-400x272.jpg 400w, https:\/\/semmelweis.hu\/hirek\/files\/2021\/08\/2Y5A0961-900x613.jpg 900w, https:\/\/semmelweis.hu\/hirek\/files\/2021\/08\/2Y5A0961-768x523.jpg 768w, https:\/\/semmelweis.hu\/hirek\/files\/2021\/08\/2Y5A0961-1536x1046.jpg 1536w, https:\/\/semmelweis.hu\/hirek\/files\/2021\/08\/2Y5A0961-2048x1395.jpg 2048w, https:\/\/semmelweis.hu\/hirek\/files\/2021\/08\/2Y5A0961-175x120.jpg 175w, https:\/\/semmelweis.hu\/hirek\/files\/2021\/08\/2Y5A0961-753x513.jpg 753w\" >\r\n        <\/a><\/div><\/span><span class=\"gallery-item\"><div class=\"hidden\"><a href=\"https:\/\/semmelweis.hu\/hirek\/files\/2021\/08\/2Y5A0956-scaled.jpg\">\r\n        <img src=https:\/\/semmelweis.hu\/hirek\/files\/2021\/08\/2Y5A0956-scaled.jpg alt=\"\" class=\"attachment-sote-gallery-big size-sote-gallery-big\" srcset=\"https:\/\/semmelweis.hu\/hirek\/files\/2021\/08\/2Y5A0956-400x267.jpg 400w, https:\/\/semmelweis.hu\/hirek\/files\/2021\/08\/2Y5A0956-900x600.jpg 900w, https:\/\/semmelweis.hu\/hirek\/files\/2021\/08\/2Y5A0956-768x512.jpg 768w, https:\/\/semmelweis.hu\/hirek\/files\/2021\/08\/2Y5A0956-1536x1024.jpg 1536w, https:\/\/semmelweis.hu\/hirek\/files\/2021\/08\/2Y5A0956-2048x1365.jpg 2048w, https:\/\/semmelweis.hu\/hirek\/files\/2021\/08\/2Y5A0956-753x502.jpg 753w, https:\/\/semmelweis.hu\/hirek\/files\/2021\/08\/2Y5A0956-203x135.jpg 203w\" >\r\n        <\/a><\/div><\/span>\r\n            <\/div>\r\n\r\n            [\/slb_exclude]\r\n\t\n<p>Magyarorsz\u00e1g sz\u00e1m\u00e1ra kiv\u00e9telesen \u00e9rt\u00e9kes tudom\u00e1nyos p\u00e1lyafut\u00e1sa sor\u00e1n a Magyar Tudom\u00e1nyos Akad\u00e9mia Lend\u00fclet programj\u00e1nak \u00f6szt\u00f6nd\u00edjas kutat\u00f3jak\u00e9nt v\u00e9gzett kiemelked\u0151 sz\u00ednvonal\u00fa munk\u00e1ja, valamint a sejtekben tal\u00e1lhat\u00f3 ioncsatorn\u00e1k vizsg\u00e1lata ter\u00e9n el\u00e9rt eredm\u00e9nyei elismer\u00e9sek\u00e9nt Sz\u00e9chenyi-d\u00edjat vehetett \u00e1t dr. Csan\u00e1dy L\u00e1szl\u00f3 orvos-biol\u00f3gus, a Magyar Tudom\u00e1nyos Akad\u00e9mia doktora, a Semmelweis Egyetem \u00c1ltal\u00e1nos Orvostudom\u00e1nyi Kara Biok\u00e9miai \u00e9s Molekul\u00e1ris Biol\u00f3giai Int\u00e9zet\u00e9nek igazgat\u00f3ja, Biok\u00e9mia Tansz\u00e9k\u00e9nek tansz\u00e9kvezet\u0151 egyetemi tan\u00e1ra.<\/p>\n<p>Magyarorsz\u00e1g sz\u00e1m\u00e1ra kiv\u00e9telesen \u00e9rt\u00e9kes tudom\u00e1nyos p\u00e1lyafut\u00e1sa sor\u00e1n a csontritkul\u00e1s, illetve az \u00edz\u00fcleti gyullad\u00e1sok kutat\u00e1sa \u00e9s gy\u00f3gy\u00edt\u00e1sa ter\u00e9n el\u00e9rt rendk\u00edv\u00fcli eredm\u00e9nyei, valamint a Nemzeti Osteoporosis Program kidolgoz\u00e1s\u00e1ban v\u00e1llalt kimagasl\u00f3 szerepe elismer\u00e9sek\u00e9nt Sz\u00e9chenyi-d\u00edjat vehetett \u00e1t dr. Po\u00f3r Gyula Batthy\u00e1ny-Strattmann L\u00e1szl\u00f3-d\u00edjas orvos, a Magyar Tudom\u00e1nyos Akad\u00e9mia levelez\u0151 tagja, az Orsz\u00e1gos Reumatol\u00f3giai \u00e9s Fizioter\u00e1pi\u00e1s Int\u00e9zet, valamint az Orsz\u00e1gos Mozg\u00e1sszervi Int\u00e9zet f\u0151igazgat\u00f3 f\u0151orvosa, a Semmelweis Egyetem egyetemi tan\u00e1ra.<\/p>\n<p>Az idegek oxidat\u00edv k\u00e1rosod\u00e1s\u00e1nak kutat\u00e1sa ter\u00fclet\u00e9n v\u00e9gzett t\u00f6bb \u00e9vtizedes, nemzetk\u00f6zileg is elismert munk\u00e1ja, valamint tudom\u00e1nyos k\u00f6z\u00e9leti szerepv\u00e1llal\u00e1sa elismer\u00e9sek\u00e9nt Magyar \u00c9rdemrend K\u00f6z\u00e9pkeresztje polg\u00e1ri tagozat kit\u00fcntet\u00e9sben r\u00e9szes\u00fclt dr. \u00c1d\u00e1m Veronika Sz\u00e9chenyi- \u00e9s Batthy\u00e1ny-Strattmann L\u00e1szl\u00f3-d\u00edjas orvos, biok\u00e9mikus, a Magyar Tudom\u00e1nyos Akad\u00e9mia rendes tagja, a Semmelweis Egyetem professor emerit\u00e1ja.<\/p>\n<p>A vil\u00e1gj\u00e1rv\u00e1ny idej\u00e9n a kult\u00fara, a tudom\u00e1ny eredm\u00e9nyei, a m\u0171v\u00e9szet, a kutat\u00f3k munk\u00e1ja mutatta meg, hogy nem vesztett\u00fck el a j\u00f6v\u0151 form\u00e1l\u00e1s\u00e1nak k\u00e9pess\u00e9g\u00e9t \u2013 fogalmazott az \u00e1llami elismer\u00e9sek \u00e1tad\u00e1s\u00e1n \u00c1der J\u00e1nos k\u00f6zt\u00e1rsas\u00e1gi eln\u00f6k.<\/p>\n<p>A j\u00e1rv\u00e1nyhelyzet miatt az 1848\/49-es forradalom \u00e9s szabads\u00e1gharc \u00e9vfordul\u00f3ja alkalm\u00e1b\u00f3l oda\u00edt\u00e9lt Sz\u00e9chenyi-d\u00edjakat, valamint a Magyar \u00c9rdemrend kit\u00fcntet\u00e9seket vehett\u00e9k \u00e1t most, az \u00e1llamalap\u00edt\u00e1s \u00fcnnep\u00e9n a d\u00edjazottak, <a href=\"https:\/\/semmelweis.hu\/hirek\/2021\/03\/15\/a-semmelweis-egyetem-rektorat-es-ket-professzorat-is-szechenyi-dijjal-tuntettek-ki\/\" target=\"_blank\" rel=\"noopener noreferrer\">akiknek szakmai p\u00e1ly\u00e1j\u00e1r\u00f3l m\u00e1rcius 15-i cikk\u00fcnkben \u00edrtunk r\u00e9szletesebben<\/a>.\u00a0<\/p>\n<p>Horv\u00e1th D\u00f3ra (forr\u00e1s: MTI)<br \/>\nFot\u00f3: MT\u00dc<\/p>\n","protected":false},"excerpt":{"rendered":"<p>Dr. Merkely B\u00e9la, dr. Csan\u00e1dy L\u00e1szl\u00f3 \u00e9s dr. Po\u00f3r Gyula Sz\u00e9chenyi-d\u00edjat, dr. \u00c1d\u00e1m Veronika Magyar \u00c9rdemrend kit\u00fcntet\u00e9st vehetett \u00e1t. <\/p>\n","protected":false},"author":101905,"featured_media":106178,"comment_status":"closed","ping_status":"closed","sticky":false,"template":"","format":"standard","meta":{"_acf_changed":false,"footnotes":""},"categories":[157,168],"tags":[4070,158],"class_list":["post-106146","post","type-post","status-publish","format-standard","has-post-thumbnail","hentry","category-semmelweis-vilag","category-kiemelt","tag-allami-kituntetes","tag-dijak-kituntetesek"],"acf":[],"_links":{"self":[{"href":"https:\/\/semmelweis.hu\/hirek\/wp-json\/wp\/v2\/posts\/106146","targetHints":{"allow":["GET"]}}],"collection":[{"href":"https:\/\/semmelweis.hu\/hirek\/wp-json\/wp\/v2\/posts"}],"about":[{"href":"https:\/\/semmelweis.hu\/hirek\/wp-json\/wp\/v2\/types\/post"}],"author":[{"embeddable":true,"href":"https:\/\/semmelweis.hu\/hirek\/wp-json\/wp\/v2\/users\/101905"}],"replies":[{"embeddable":true,"href":"https:\/\/semmelweis.hu\/hirek\/wp-json\/wp\/v2\/comments?post=106146"}],"version-history":[{"count":10,"href":"https:\/\/semmelweis.hu\/hirek\/wp-json\/wp\/v2\/posts\/106146\/revisions"}],"predecessor-version":[{"id":106180,"href":"https:\/\/semmelweis.hu\/hirek\/wp-json\/wp\/v2\/posts\/106146\/revisions\/106180"}],"wp:featuredmedia":[{"embeddable":true,"href":"https:\/\/semmelweis.hu\/hirek\/wp-json\/wp\/v2\/media\/106178"}],"wp:attachment":[{"href":"https:\/\/semmelweis.hu\/hirek\/wp-json\/wp\/v2\/media?parent=106146"}],"wp:term":[{"taxonomy":"category","embeddable":true,"href":"https:\/\/semmelweis.hu\/hirek\/wp-json\/wp\/v2\/categories?post=106146"},{"taxonomy":"post_tag","embeddable":true,"href":"https:\/\/semmelweis.hu\/hirek\/wp-json\/wp\/v2\/tags?post=106146"}],"curies":[{"name":"wp","href":"https:\/\/api.w.org\/{rel}","templated":true}]}}