{"id":106099,"date":"2021-08-19T16:05:02","date_gmt":"2021-08-19T14:05:02","guid":{"rendered":"https:\/\/semmelweis.hu\/hirek\/?p=106099"},"modified":"2021-08-19T21:37:06","modified_gmt":"2021-08-19T19:37:06","slug":"mind-a-hat-kar-leendo-hallgatoi-a-semmelweis-egyetem-golyataboraban","status":"publish","type":"post","link":"https:\/\/semmelweis.hu\/hirek\/2021\/08\/19\/mind-a-hat-kar-leendo-hallgatoi-a-semmelweis-egyetem-golyataboraban\/","title":{"rendered":"Mind a hat kar leend\u0151 hallgat\u00f3i jelen vannak a Semmelweis Egyetem g\u00f3lyat\u00e1bor\u00e1ban"},"content":{"rendered":"<div class=\"lead\">Augusztus 17-\u00e9n megkezd\u0151d\u00f6tt a Semmelweis Egyetem hat kar\u00e1nak g\u00f3lyat\u00e1bora a Tatai Ifj\u00fas\u00e1gi T\u00e1borban, amin t\u00f6bb mint 700 leend\u0151 els\u0151\u00e9ves vesz r\u00e9szt. A meg\u00e9rkez\u00e9s napj\u00e1t k\u00f6vet\u0151 reggelen, a t\u00e1bor f\u00f3rumnapj\u00e1n dr. Merkely B\u00e9la rektor k\u00f6sz\u00f6nt\u00f6tte a g\u00f3ly\u00e1kat, akik ezut\u00e1n csoportokra v\u00e1lva saj\u00e1t karuk vezet\u0151ivel, oktat\u00f3ival ismerkedhettek a besz\u00e9lget\u00e9seken. A t\u00e1bort id\u00e9n is k\u00f6z\u00f6sen szervezte meg a Hallgat\u00f3i \u00d6nkorm\u00e1nyzat \u00e9s az Instruktor \u00d6ntev\u00e9keny Csoport.<\/div>\n<div>\n<p><img loading=\"lazy\" decoding=\"async\" class=\"size-medium wp-image-106103 alignleft\" src=\"https:\/\/semmelweis.hu\/hirek\/files\/2021\/08\/RS137639_C19A6298-scr-400x267.jpg\" alt=\"\" width=\"400\" height=\"267\" srcset=\"https:\/\/semmelweis.hu\/hirek\/files\/2021\/08\/RS137639_C19A6298-scr-400x267.jpg 400w, https:\/\/semmelweis.hu\/hirek\/files\/2021\/08\/RS137639_C19A6298-scr-900x600.jpg 900w, https:\/\/semmelweis.hu\/hirek\/files\/2021\/08\/RS137639_C19A6298-scr-768x512.jpg 768w, https:\/\/semmelweis.hu\/hirek\/files\/2021\/08\/RS137639_C19A6298-scr-753x502.jpg 753w, https:\/\/semmelweis.hu\/hirek\/files\/2021\/08\/RS137639_C19A6298-scr-203x135.jpg 203w, https:\/\/semmelweis.hu\/hirek\/files\/2021\/08\/RS137639_C19A6298-scr.jpg 1200w\" sizes=\"auto, (max-width: 400px) 100vw, 400px\" \/>\u201eSzeretettel k\u00f6sz\u00f6nt\u00f6m az \u00faj Semmelweis Polg\u00e1rokat, gratul\u00e1lok ahhoz, hogy felv\u00e9telt nyertek K\u00f6z\u00e9p-Eur\u00f3pa egyik legnevesebb egyetem\u00e9re, amely a hazai fels\u0151oktat\u00e1si int\u00e9zm\u00e9nyek z\u00e1szl\u00f3shaj\u00f3ja\u201d \u2013 mondta k\u00f6sz\u00f6nt\u0151j\u00e9ben a g\u00f3lyat\u00e1bor f\u00f3rumnapj\u00e1nak reggel\u00e9n a leend\u0151 els\u0151\u00e9ves hallgat\u00f3knak dr. Merkely B\u00e9la. A rektor eml\u00e9keztetett arra, hogy az orvos- \u00e9s eg\u00e9szs\u00e9gtudom\u00e1nyi ter\u00fcleten a Semmelweis Egyetem karaira val\u00f3 bejut\u00e1shoz kellett a legt\u00f6bb pont, \u00edgy a legmagasabb szint\u0171 teljes\u00edtm\u00e9ny. \u201e\u00d6n\u00f6k Magyarorsz\u00e1g j\u00f6vend\u0151beli elit csapata, akik egy \u00e9letre sz\u00f3l\u00f3 hivat\u00e1st v\u00e1lasztottak, amit egy eg\u00e9sz p\u00e1lya sor\u00e1n lehet \u00f6r\u00f6mmel v\u00e9gezni\u201d \u2013 fogalmazott.<\/p>\n<p>A rektor kit\u00e9rt a hallgat\u00f3k j\u00e1rv\u00e1ny elleni v\u00e9dekez\u00e9sben val\u00f3 akt\u00edv r\u00e9szv\u00e9tel\u00e9re, mint fogalmazott, nagyon gyorsan feln\u0151tt\u00e9 kellett v\u00e1lniuk, \u00e9s az a t\u00e9ny, hogy ilyen magas szinten helyt tudtak \u00e1llni, az egyetem jubileumi \u00e9vben meg\u00faj\u00edtott \u00faj, gyakorlatorient\u00e1lt kurrikulum\u00e1nak is k\u00f6sz\u00f6nhet\u0151.<\/p>\n<blockquote>\n<p>J\u00f6v\u0151beli hivat\u00e1sukra val\u00f3 felk\u00e9sz\u00fcl\u00e9s sor\u00e1n r\u00e9szben a k\u00f6nyvekb\u0151l, de legink\u00e1bb a betegekt\u0151l fognak tudni tanulni, ezt pedig az \u00faj kurrikulum biztos\u00edtja. A Semmelweis Egyetemen hazai szinten egyed\u00fcl\u00e1ll\u00f3 m\u00f3don kiemelt szerepet j\u00e1tszik a gyakorlati oktat\u00e1s, \u00edgy lesznek olyan \u00e9vek, amikor kil\u00e9pnek az \u2019iskolapadb\u00f3l\u2019 \u00e9s vel\u00fcnk, klinikusokkal egy\u00fctt fognak tanulni, dolgozni<\/p>\n<\/blockquote>\n<p>\u2013 mutatott r\u00e1 a rektor.<\/p>\n<p>Dr. Merkely B\u00e9la azt k\u00edv\u00e1nta a g\u00f3ly\u00e1knak, hogy a k\u00f6vetkez\u0151 \u00e9vek \u00e9let\u00fck legboldogabb, legmeghat\u00e1roz\u00f3bb id\u0151szaka legyen, amikor val\u00f3di bar\u00e1ts\u00e1gok, szerelmek sz\u00f6v\u0151dnek \u00e9s megval\u00f3s\u00edtj\u00e1k \u00e9let\u00fck els\u0151dleges c\u00e9lj\u00e1t: azt, hogy felk\u00e9sz\u00fclnek erre az egyed\u00fcl\u00e1ll\u00f3 hivat\u00e1sra. <\/p>\n<p><img loading=\"lazy\" decoding=\"async\" class=\"size-medium wp-image-106105 alignright\" src=\"https:\/\/semmelweis.hu\/hirek\/files\/2021\/08\/RS137647_C19A6377-scr-400x267.jpg\" alt=\"\" width=\"400\" height=\"267\" srcset=\"https:\/\/semmelweis.hu\/hirek\/files\/2021\/08\/RS137647_C19A6377-scr-400x267.jpg 400w, https:\/\/semmelweis.hu\/hirek\/files\/2021\/08\/RS137647_C19A6377-scr-900x600.jpg 900w, https:\/\/semmelweis.hu\/hirek\/files\/2021\/08\/RS137647_C19A6377-scr-768x512.jpg 768w, https:\/\/semmelweis.hu\/hirek\/files\/2021\/08\/RS137647_C19A6377-scr-753x502.jpg 753w, https:\/\/semmelweis.hu\/hirek\/files\/2021\/08\/RS137647_C19A6377-scr-203x135.jpg 203w, https:\/\/semmelweis.hu\/hirek\/files\/2021\/08\/RS137647_C19A6377-scr.jpg 1200w\" sizes=\"auto, (max-width: 400px) 100vw, 400px\" \/>A rektor besz\u00e9de ut\u00e1n B\u00f3dis Bendeg\u00faz az I\u00d6CS eln\u00f6ke Tripolszky B\u00e1lintot, a Hallgat\u00f3i \u00d6nkorm\u00e1nyzat eln\u00f6k\u00e9t sz\u00f3l\u00edtotta a\u00a0 p\u00f3diumra, hogy k\u00f6sz\u00f6ntse a jelenl\u00e9v\u0151ket. \u201eEgy hossz\u00fa \u00fat els\u0151 \u00e1llom\u00e1s\u00e1hoz \u00e9rkeztetek, melyen rengeteg kih\u00edv\u00e1s \u00e9s sok lehet\u0151s\u00e9g v\u00e1r majd Titeket. Az\u00e9rt nyertetek Ti felv\u00e9telt, mert Ti vagytok k\u00e9pesek arra, hogy ezeknek a kih\u00edv\u00e1soknak megfeleljetek. A kih\u00edv\u00e1sokn\u00e1l pedig egy valamib\u0151l mindig t\u00f6bb fog jutni \u00e9lm\u00e9nyb\u0151l, maradand\u00f3 pozit\u00edv eml\u00e9kekb\u0151l\u201d \u2013 emelte ki a H\u00d6K eln\u00f6ke. K\u00f6sz\u00f6nt\u0151j\u00e9nek v\u00e9g\u00e9n hozz\u00e1tette, a t\u00e1borban jelen l\u00e9v\u0151 oktat\u00f3k, a Hallgat\u00f3i \u00d6nkorm\u00e1nyzat tagjai \u00e9s az instruktorok, mind azon dolgoznak, hogy a leend\u0151 els\u0151\u00e9vesek mihamarabb a Semmelweis k\u00f6z\u00f6ss\u00e9g\u00e9nek integr\u00e1ns r\u00e9szeiv\u00e9 v\u00e1lhassanak, \u00e9s p\u00e1r h\u00e9t m\u00falva mikor beiratkoznak az egyetemre, m\u00e1r \u00fagy tudjanak oda bel\u00e9pni, mintha haza \u00e9rkeztek volna.<\/p>\n<p>A besz\u00e9dek \u00e9s az aj\u00e1nd\u00e9kcsomagok kioszt\u00e1sa ut\u00e1n a g\u00f3ly\u00e1k karok szerint sz\u00e9tv\u00e1lva ismerkedhettek leend\u0151 vezet\u0151ikkel, oktat\u00f3ikkal a f\u00f3rumbesz\u00e9lget\u00e9seken.<\/p>\n\r\n        [slb_exclude]\r\n        <div class=\"row galeria-wrapper mx-0 h-auto\">\r\n            <div class=\"col-9 pl-0 pr-2\">\r\n            <span class=\"gallery-item frame\">\r\n\t\t\t\t<div class=\"galeria-left-img\"><a href=\"https:\/\/semmelweis.hu\/hirek\/files\/2021\/08\/RS137645_C19A6323-scr.jpg\"><img src=https:\/\/semmelweis.hu\/hirek\/files\/2021\/08\/RS137645_C19A6323-scr.jpg  \r\n                            alt=\"\" \r\n                            class=\"attachment-sote-gallery-big size-sote-gallery-big\" \r\n                            srcset=\"https:\/\/semmelweis.hu\/hirek\/files\/2021\/08\/RS137645_C19A6323-scr-400x267.jpg 400w, https:\/\/semmelweis.hu\/hirek\/files\/2021\/08\/RS137645_C19A6323-scr-900x600.jpg 900w, https:\/\/semmelweis.hu\/hirek\/files\/2021\/08\/RS137645_C19A6323-scr-768x512.jpg 768w, https:\/\/semmelweis.hu\/hirek\/files\/2021\/08\/RS137645_C19A6323-scr-753x502.jpg 753w, https:\/\/semmelweis.hu\/hirek\/files\/2021\/08\/RS137645_C19A6323-scr-203x135.jpg 203w, https:\/\/semmelweis.hu\/hirek\/files\/2021\/08\/RS137645_C19A6323-scr.jpg 1200w\" ><\/a><\/div>\r\n            <\/span>\r\n\r\n            <\/div>\r\n\r\n\t\t\t<div class=\"col-3 pl-0 pr-0\">\r\n\t\t\t\t<div class=\"galeria-right-img d-flex justify-content-between flex-column h-100 w-100 px-0 mx-0 \">\r\n                <div class=\"galeria-box\">\r\n\t\t\t\t\t<h3 class=\"galeria-title\">Gal\u00e9ria<\/h3>\r\n\t\t\t\t\t<div class=\"galeria-subtitle\">\r\n\r\n\t\t\t\t\t\t<div class=\"galeria-page-counter\"><span>15<\/span>k\u00e9p<\/div>\r\n                    <\/div> <\/div>\r\n                    <span class=\"gallery-item frame d-none d-md-flex\">\r\n\t\t\t\t\t<div class=\"galeria-small-img mt-0\"><a href=\"https:\/\/semmelweis.hu\/hirek\/files\/2021\/08\/RS137604_C19A6149-scr.jpg\"><img src=https:\/\/semmelweis.hu\/hirek\/files\/2021\/08\/RS137604_C19A6149-scr.jpg \r\n                                alt=\"\"  \r\n                                class=\"attachment-sote-gallery-small size-sote-gallery-small\" \r\n                                srcset=\"https:\/\/semmelweis.hu\/hirek\/files\/2021\/08\/RS137604_C19A6149-scr-400x267.jpg 400w, https:\/\/semmelweis.hu\/hirek\/files\/2021\/08\/RS137604_C19A6149-scr-900x600.jpg 900w, https:\/\/semmelweis.hu\/hirek\/files\/2021\/08\/RS137604_C19A6149-scr-768x512.jpg 768w, https:\/\/semmelweis.hu\/hirek\/files\/2021\/08\/RS137604_C19A6149-scr-753x502.jpg 753w, https:\/\/semmelweis.hu\/hirek\/files\/2021\/08\/RS137604_C19A6149-scr-203x135.jpg 203w, https:\/\/semmelweis.hu\/hirek\/files\/2021\/08\/RS137604_C19A6149-scr.jpg 1200w\" ><\/a><\/div>\r\n                    <\/span>\r\n                    <span class=\"gallery-item frame d-none d-md-flex\">\r\n\t\t\t\t\t<div class=\"galeria-small-img mt-0\"><a href=\"https:\/\/semmelweis.hu\/hirek\/files\/2021\/08\/RS137628_C19A6246-scr.jpg\"><img src=https:\/\/semmelweis.hu\/hirek\/files\/2021\/08\/RS137628_C19A6246-scr.jpg \r\n                                alt=\"\" \r\n                                class=\"attachment-sote-gallery-small size-sote-gallery-small\" \r\n                                srcset=\"https:\/\/semmelweis.hu\/hirek\/files\/2021\/08\/RS137628_C19A6246-scr-400x267.jpg 400w, https:\/\/semmelweis.hu\/hirek\/files\/2021\/08\/RS137628_C19A6246-scr-900x600.jpg 900w, https:\/\/semmelweis.hu\/hirek\/files\/2021\/08\/RS137628_C19A6246-scr-768x512.jpg 768w, https:\/\/semmelweis.hu\/hirek\/files\/2021\/08\/RS137628_C19A6246-scr-753x502.jpg 753w, https:\/\/semmelweis.hu\/hirek\/files\/2021\/08\/RS137628_C19A6246-scr-203x135.jpg 203w, https:\/\/semmelweis.hu\/hirek\/files\/2021\/08\/RS137628_C19A6246-scr.jpg 1200w\" ><\/a><\/div>\r\n                    <\/span>\r\n\r\n                <\/div>\r\n\r\n            <\/div>\r\n\r\n            <span class=\"gallery-item\"><div class=\"hidden\"><a href=\"https:\/\/semmelweis.hu\/hirek\/files\/2021\/08\/RS137658_C19A6448-scr.jpg\">\r\n        <img src=https:\/\/semmelweis.hu\/hirek\/files\/2021\/08\/RS137658_C19A6448-scr.jpg alt=\"\" class=\"attachment-sote-gallery-big size-sote-gallery-big\" srcset=\"https:\/\/semmelweis.hu\/hirek\/files\/2021\/08\/RS137658_C19A6448-scr-400x267.jpg 400w, https:\/\/semmelweis.hu\/hirek\/files\/2021\/08\/RS137658_C19A6448-scr-900x600.jpg 900w, https:\/\/semmelweis.hu\/hirek\/files\/2021\/08\/RS137658_C19A6448-scr-768x512.jpg 768w, https:\/\/semmelweis.hu\/hirek\/files\/2021\/08\/RS137658_C19A6448-scr-753x502.jpg 753w, https:\/\/semmelweis.hu\/hirek\/files\/2021\/08\/RS137658_C19A6448-scr-203x135.jpg 203w, https:\/\/semmelweis.hu\/hirek\/files\/2021\/08\/RS137658_C19A6448-scr.jpg 1200w\" >\r\n        <\/a><\/div><\/span><span class=\"gallery-item\"><div class=\"hidden\"><a href=\"https:\/\/semmelweis.hu\/hirek\/files\/2021\/08\/RS137612_C19A6188-scr.jpg\">\r\n        <img src=https:\/\/semmelweis.hu\/hirek\/files\/2021\/08\/RS137612_C19A6188-scr.jpg alt=\"\" class=\"attachment-sote-gallery-big size-sote-gallery-big\" srcset=\"https:\/\/semmelweis.hu\/hirek\/files\/2021\/08\/RS137612_C19A6188-scr-400x267.jpg 400w, https:\/\/semmelweis.hu\/hirek\/files\/2021\/08\/RS137612_C19A6188-scr-900x600.jpg 900w, https:\/\/semmelweis.hu\/hirek\/files\/2021\/08\/RS137612_C19A6188-scr-768x512.jpg 768w, https:\/\/semmelweis.hu\/hirek\/files\/2021\/08\/RS137612_C19A6188-scr-753x502.jpg 753w, https:\/\/semmelweis.hu\/hirek\/files\/2021\/08\/RS137612_C19A6188-scr-203x135.jpg 203w, https:\/\/semmelweis.hu\/hirek\/files\/2021\/08\/RS137612_C19A6188-scr.jpg 1200w\" >\r\n        <\/a><\/div><\/span><span class=\"gallery-item\"><div class=\"hidden\"><a href=\"https:\/\/semmelweis.hu\/hirek\/files\/2021\/08\/RS137678_C19A6528-scr-1.jpg\">\r\n        <img src=https:\/\/semmelweis.hu\/hirek\/files\/2021\/08\/RS137678_C19A6528-scr-1.jpg alt=\"\" class=\"attachment-sote-gallery-big size-sote-gallery-big\" srcset=\"https:\/\/semmelweis.hu\/hirek\/files\/2021\/08\/RS137678_C19A6528-scr-1-400x267.jpg 400w, https:\/\/semmelweis.hu\/hirek\/files\/2021\/08\/RS137678_C19A6528-scr-1-900x600.jpg 900w, https:\/\/semmelweis.hu\/hirek\/files\/2021\/08\/RS137678_C19A6528-scr-1-768x512.jpg 768w, https:\/\/semmelweis.hu\/hirek\/files\/2021\/08\/RS137678_C19A6528-scr-1-753x502.jpg 753w, https:\/\/semmelweis.hu\/hirek\/files\/2021\/08\/RS137678_C19A6528-scr-1-203x135.jpg 203w, https:\/\/semmelweis.hu\/hirek\/files\/2021\/08\/RS137678_C19A6528-scr-1.jpg 1200w\" >\r\n        <\/a><\/div><\/span><span class=\"gallery-item\"><div class=\"hidden\"><a href=\"https:\/\/semmelweis.hu\/hirek\/files\/2021\/08\/RS137636_C19A6287-scr.jpg\">\r\n        <img src=https:\/\/semmelweis.hu\/hirek\/files\/2021\/08\/RS137636_C19A6287-scr.jpg alt=\"\" class=\"attachment-sote-gallery-big size-sote-gallery-big\" srcset=\"https:\/\/semmelweis.hu\/hirek\/files\/2021\/08\/RS137636_C19A6287-scr-400x267.jpg 400w, https:\/\/semmelweis.hu\/hirek\/files\/2021\/08\/RS137636_C19A6287-scr-900x600.jpg 900w, https:\/\/semmelweis.hu\/hirek\/files\/2021\/08\/RS137636_C19A6287-scr-768x512.jpg 768w, https:\/\/semmelweis.hu\/hirek\/files\/2021\/08\/RS137636_C19A6287-scr-753x502.jpg 753w, https:\/\/semmelweis.hu\/hirek\/files\/2021\/08\/RS137636_C19A6287-scr-203x135.jpg 203w, https:\/\/semmelweis.hu\/hirek\/files\/2021\/08\/RS137636_C19A6287-scr.jpg 1200w\" >\r\n        <\/a><\/div><\/span><span class=\"gallery-item\"><div class=\"hidden\"><a href=\"https:\/\/semmelweis.hu\/hirek\/files\/2021\/08\/RS137646_C19A6338-scr.jpg\">\r\n        <img src=https:\/\/semmelweis.hu\/hirek\/files\/2021\/08\/RS137646_C19A6338-scr.jpg alt=\"\" class=\"attachment-sote-gallery-big size-sote-gallery-big\" srcset=\"https:\/\/semmelweis.hu\/hirek\/files\/2021\/08\/RS137646_C19A6338-scr-400x267.jpg 400w, https:\/\/semmelweis.hu\/hirek\/files\/2021\/08\/RS137646_C19A6338-scr-900x600.jpg 900w, https:\/\/semmelweis.hu\/hirek\/files\/2021\/08\/RS137646_C19A6338-scr-768x512.jpg 768w, https:\/\/semmelweis.hu\/hirek\/files\/2021\/08\/RS137646_C19A6338-scr-753x502.jpg 753w, https:\/\/semmelweis.hu\/hirek\/files\/2021\/08\/RS137646_C19A6338-scr-203x135.jpg 203w, https:\/\/semmelweis.hu\/hirek\/files\/2021\/08\/RS137646_C19A6338-scr.jpg 1200w\" >\r\n        <\/a><\/div><\/span><span class=\"gallery-item\"><div class=\"hidden\"><a href=\"https:\/\/semmelweis.hu\/hirek\/files\/2021\/08\/RS137652_C19A6426-scr.jpg\">\r\n        <img src=https:\/\/semmelweis.hu\/hirek\/files\/2021\/08\/RS137652_C19A6426-scr.jpg alt=\"\" class=\"attachment-sote-gallery-big size-sote-gallery-big\" srcset=\"https:\/\/semmelweis.hu\/hirek\/files\/2021\/08\/RS137652_C19A6426-scr-400x267.jpg 400w, https:\/\/semmelweis.hu\/hirek\/files\/2021\/08\/RS137652_C19A6426-scr-900x600.jpg 900w, https:\/\/semmelweis.hu\/hirek\/files\/2021\/08\/RS137652_C19A6426-scr-768x512.jpg 768w, https:\/\/semmelweis.hu\/hirek\/files\/2021\/08\/RS137652_C19A6426-scr-753x502.jpg 753w, https:\/\/semmelweis.hu\/hirek\/files\/2021\/08\/RS137652_C19A6426-scr-203x135.jpg 203w, https:\/\/semmelweis.hu\/hirek\/files\/2021\/08\/RS137652_C19A6426-scr.jpg 1200w\" >\r\n        <\/a><\/div><\/span><span class=\"gallery-item\"><div class=\"hidden\"><a href=\"https:\/\/semmelweis.hu\/hirek\/files\/2021\/08\/RS137656_C19A6437-scr.jpg\">\r\n        <img src=https:\/\/semmelweis.hu\/hirek\/files\/2021\/08\/RS137656_C19A6437-scr.jpg alt=\"\" class=\"attachment-sote-gallery-big size-sote-gallery-big\" srcset=\"https:\/\/semmelweis.hu\/hirek\/files\/2021\/08\/RS137656_C19A6437-scr-400x267.jpg 400w, https:\/\/semmelweis.hu\/hirek\/files\/2021\/08\/RS137656_C19A6437-scr-900x600.jpg 900w, https:\/\/semmelweis.hu\/hirek\/files\/2021\/08\/RS137656_C19A6437-scr-768x512.jpg 768w, https:\/\/semmelweis.hu\/hirek\/files\/2021\/08\/RS137656_C19A6437-scr-753x502.jpg 753w, https:\/\/semmelweis.hu\/hirek\/files\/2021\/08\/RS137656_C19A6437-scr-203x135.jpg 203w, https:\/\/semmelweis.hu\/hirek\/files\/2021\/08\/RS137656_C19A6437-scr.jpg 1200w\" >\r\n        <\/a><\/div><\/span><span class=\"gallery-item\"><div class=\"hidden\"><a href=\"https:\/\/semmelweis.hu\/hirek\/files\/2021\/08\/RS137603_C19A6138-scr.jpg\">\r\n        <img src=https:\/\/semmelweis.hu\/hirek\/files\/2021\/08\/RS137603_C19A6138-scr.jpg alt=\"\" class=\"attachment-sote-gallery-big size-sote-gallery-big\" srcset=\"https:\/\/semmelweis.hu\/hirek\/files\/2021\/08\/RS137603_C19A6138-scr-400x267.jpg 400w, https:\/\/semmelweis.hu\/hirek\/files\/2021\/08\/RS137603_C19A6138-scr-900x600.jpg 900w, https:\/\/semmelweis.hu\/hirek\/files\/2021\/08\/RS137603_C19A6138-scr-768x512.jpg 768w, https:\/\/semmelweis.hu\/hirek\/files\/2021\/08\/RS137603_C19A6138-scr-753x502.jpg 753w, https:\/\/semmelweis.hu\/hirek\/files\/2021\/08\/RS137603_C19A6138-scr-203x135.jpg 203w, https:\/\/semmelweis.hu\/hirek\/files\/2021\/08\/RS137603_C19A6138-scr.jpg 1200w\" >\r\n        <\/a><\/div><\/span><span class=\"gallery-item\"><div class=\"hidden\"><a href=\"https:\/\/semmelweis.hu\/hirek\/files\/2021\/08\/RS137662_C19A6458-scr.jpg\">\r\n        <img src=https:\/\/semmelweis.hu\/hirek\/files\/2021\/08\/RS137662_C19A6458-scr.jpg alt=\"\" class=\"attachment-sote-gallery-big size-sote-gallery-big\" srcset=\"https:\/\/semmelweis.hu\/hirek\/files\/2021\/08\/RS137662_C19A6458-scr-400x267.jpg 400w, https:\/\/semmelweis.hu\/hirek\/files\/2021\/08\/RS137662_C19A6458-scr-900x600.jpg 900w, https:\/\/semmelweis.hu\/hirek\/files\/2021\/08\/RS137662_C19A6458-scr-768x512.jpg 768w, https:\/\/semmelweis.hu\/hirek\/files\/2021\/08\/RS137662_C19A6458-scr-753x502.jpg 753w, https:\/\/semmelweis.hu\/hirek\/files\/2021\/08\/RS137662_C19A6458-scr-203x135.jpg 203w, https:\/\/semmelweis.hu\/hirek\/files\/2021\/08\/RS137662_C19A6458-scr.jpg 1200w\" >\r\n        <\/a><\/div><\/span><span class=\"gallery-item\"><div class=\"hidden\"><a href=\"https:\/\/semmelweis.hu\/hirek\/files\/2021\/08\/RS137666_C19A6476-scr.jpg\">\r\n        <img src=https:\/\/semmelweis.hu\/hirek\/files\/2021\/08\/RS137666_C19A6476-scr.jpg alt=\"\" class=\"attachment-sote-gallery-big size-sote-gallery-big\" srcset=\"https:\/\/semmelweis.hu\/hirek\/files\/2021\/08\/RS137666_C19A6476-scr-400x267.jpg 400w, https:\/\/semmelweis.hu\/hirek\/files\/2021\/08\/RS137666_C19A6476-scr-900x600.jpg 900w, https:\/\/semmelweis.hu\/hirek\/files\/2021\/08\/RS137666_C19A6476-scr-768x512.jpg 768w, https:\/\/semmelweis.hu\/hirek\/files\/2021\/08\/RS137666_C19A6476-scr-753x502.jpg 753w, https:\/\/semmelweis.hu\/hirek\/files\/2021\/08\/RS137666_C19A6476-scr-203x135.jpg 203w, https:\/\/semmelweis.hu\/hirek\/files\/2021\/08\/RS137666_C19A6476-scr.jpg 1200w\" >\r\n        <\/a><\/div><\/span><span class=\"gallery-item\"><div class=\"hidden\"><a href=\"https:\/\/semmelweis.hu\/hirek\/files\/2021\/08\/RS137672_C19A6502-scr.jpg\">\r\n        <img src=https:\/\/semmelweis.hu\/hirek\/files\/2021\/08\/RS137672_C19A6502-scr.jpg alt=\"\" class=\"attachment-sote-gallery-big size-sote-gallery-big\" srcset=\"https:\/\/semmelweis.hu\/hirek\/files\/2021\/08\/RS137672_C19A6502-scr-400x267.jpg 400w, https:\/\/semmelweis.hu\/hirek\/files\/2021\/08\/RS137672_C19A6502-scr-900x600.jpg 900w, https:\/\/semmelweis.hu\/hirek\/files\/2021\/08\/RS137672_C19A6502-scr-768x512.jpg 768w, https:\/\/semmelweis.hu\/hirek\/files\/2021\/08\/RS137672_C19A6502-scr-753x502.jpg 753w, https:\/\/semmelweis.hu\/hirek\/files\/2021\/08\/RS137672_C19A6502-scr-203x135.jpg 203w, https:\/\/semmelweis.hu\/hirek\/files\/2021\/08\/RS137672_C19A6502-scr.jpg 1200w\" >\r\n        <\/a><\/div><\/span><span class=\"gallery-item\"><div class=\"hidden\"><a href=\"https:\/\/semmelweis.hu\/hirek\/files\/2021\/08\/RS137679_C19A6535-scr.jpg\">\r\n        <img src=https:\/\/semmelweis.hu\/hirek\/files\/2021\/08\/RS137679_C19A6535-scr.jpg alt=\"\" class=\"attachment-sote-gallery-big size-sote-gallery-big\" srcset=\"https:\/\/semmelweis.hu\/hirek\/files\/2021\/08\/RS137679_C19A6535-scr-400x267.jpg 400w, https:\/\/semmelweis.hu\/hirek\/files\/2021\/08\/RS137679_C19A6535-scr-900x600.jpg 900w, https:\/\/semmelweis.hu\/hirek\/files\/2021\/08\/RS137679_C19A6535-scr-768x512.jpg 768w, https:\/\/semmelweis.hu\/hirek\/files\/2021\/08\/RS137679_C19A6535-scr-753x502.jpg 753w, https:\/\/semmelweis.hu\/hirek\/files\/2021\/08\/RS137679_C19A6535-scr-203x135.jpg 203w, https:\/\/semmelweis.hu\/hirek\/files\/2021\/08\/RS137679_C19A6535-scr.jpg 1200w\" >\r\n        <\/a><\/div><\/span>\r\n            <\/div>\r\n\r\n            [\/slb_exclude]\r\n\t\n<p>A t\u00e1bort id\u00e9n is az Instruktor \u00d6ntev\u00e9keny Csoport (I\u00d6CS) \u00e9s a Hallgat\u00f3i \u00d6nkorm\u00e1nyzat (H\u00d6K) k\u00f6z\u00f6sen szervezi. A H\u00d6K k\u00f6zel 30 f\u0151s szervez\u0151csapata felel a f\u00f3rumnap lebonyol\u00edt\u00e1s\u00e1\u00e9rt \u00e9s az esti t\u00e1ncos rendezv\u00e9nyek teljes k\u00f6r\u0171 megval\u00f3s\u00edt\u00e1s\u00e1\u00e9rt. A vend\u00e9gfell\u00e9p\u0151k megh\u00edv\u00e1sa, valamint a m\u0171sorok technikai biztos\u00edt\u00e1sa is az \u0151 munk\u00e1juk r\u00e9sze. A H\u00d6K k\u00e9t rendezv\u00e9ny koordin\u00e1tora, Besenczi Benedek \u00e9s Bak\u00f3 Benedek k\u00e9rd\u00e9s\u00fcnkre kiemelte, igyekeztek \u00fagy kiv\u00e1lasztani a megh\u00edvottakat, hogy t\u00f6bbf\u00e9le st\u00edlusban, lehet\u0151leg minden ig\u00e9nyt ki tudjanak el\u00e9g\u00edteni az esti sz\u00f3rakoz\u00e1shoz.<\/p>\n<p>A g\u00f3lyat\u00e1bor a Z\u00f6ld Egyetem Projekt r\u00e9szek\u00e9nt tov\u00e1bbra is kiemelten figyel az \u00f6kol\u00f3giai l\u00e1bnyom cs\u00f6kkent\u00e9s\u00e9re, egyebek mellett szelekt\u00edv hullad\u00e9kgy\u0171jt\u00e9ssel, repoharak haszn\u00e1lat\u00e1val, emellett t\u00f6rekszenek a m\u0171anyagmentess\u00e9gre is. A t\u00e1boroz\u00f3k k\u00e9nyelm\u00e9t szolg\u00e1lja, hogy id\u00e9n bevezett\u00e9k a k\u00e1rty\u00e1s fizet\u00e9st is. Tov\u00e1bbi \u00faj\u00edt\u00e1s, hogy a t\u00e1bor egys\u00e9ges arculat\u00e1t a Brand \u00e9s Marketing Igazgat\u00f3s\u00e1ggal egy\u00fcttm\u0171k\u00f6dve tervezt\u00e9k meg a szervez\u0151k, bele\u00e9rtve \u00a0az I\u00d6CS \u00f6sszes szolg\u00e1ltat\u00f3 egys\u00e9ge, az \u00fagynevezett gebinek t\u00e1bl\u00e1it, a g\u00f3ly\u00e1k aj\u00e1nd\u00e9kcsomagj\u00e1nak t\u00e1rgyait d\u00edsz\u00edt\u0151 log\u00f3kat, feliratokat \u00e9s a j\u00e1t\u00e9kok \u00e1llom\u00e1sain gy\u0171jthet\u0151 pecs\u00e9teket, amihez egy t\u00e1bori \u00fatlevelet is kaptak a leend\u0151 hallgat\u00f3k.<\/p>\n<p>A f\u00f3rumnap besz\u00e9lget\u00e9sein k\u00edv\u00fcl, a reggelt\u0151l estig tart\u00f3 ismerked\u0151 programok \u00e9s j\u00e1t\u00e9kok szervez\u00e9s\u00e9n, megval\u00f3s\u00edt\u00e1s\u00e1n az I\u00d6CS t\u00f6bb sz\u00e1z \u00f6nk\u00e9ntese dolgozik a g\u00f3lyat\u00e1bor ideje alatt. Kismarjai Kata \u00e9s Vigh L\u00eddia Laura t\u00e1borszervez\u0151k kiemelt\u00e9k, hogy b\u00e1r nagyon sok programmal k\u00e9sz\u00fcltek az idei t\u00e1borra, m\u00e9gis pr\u00f3b\u00e1ltak egy kicsit laz\u00edtani az id\u0151beoszt\u00e1son, hogy a r\u00e9sztvev\u0151knek a pihen\u00e9sre \u00e9s t\u00f6lt\u0151d\u00e9sre is maradjon idej\u00fck. Ennek szellem\u00e9ben egy \u00faj t\u00e1rsasj\u00e1t\u00e9k sarkot is kialak\u00edtottak, valamint meg\u00fajult az \u00fagynevezett dekor gebin is, ahol puffokon, babzs\u00e1kokon lehet pihenni, hajat fonni, henn\u00e1zni, ha valaki kicsit elvonulna a zajos esem\u00e9nyforgatagb\u00f3l. \u00a0Esem\u00e9ny pedig b\u0151ven van, hiszen sportnap, strandnap, \u00e9s a karok k\u00f6z\u00f6tti kapcsolat\u00e9p\u00edt\u00e9st seg\u00edt\u0151 kooper\u00e1ci\u00f3s nap is szerepel az augusztus 22-ig tart\u00f3 t\u00e1bor programterv\u00e9ben.<\/p>\n<\/div>\n<div class=\"fontos_div\">A biztons\u00e1gos t\u00e1bori r\u00e9szv\u00e9telhez a j\u00e1rv\u00e1ny\u00fcgyi \u00f3vint\u00e9zked\u00e9sek jegy\u00e9ben, minden r\u00e9sztvev\u0151nek rendelkeznie kell v\u00e9detts\u00e9gi igazolv\u00e1nnyal, vagy az EESZT applik\u00e1ci\u00f3b\u00f3l let\u00f6lthet\u0151 olt\u00e1si igazol\u00e1ssal. A t\u00e1bor ter\u00fclet\u00e9n sz\u00e1mos fert\u0151tlen\u00edt\u0151\u00e1llom\u00e1s lett kihelyezve, valamint rollupok h\u00edvj\u00e1k fel a figyelmet a szab\u00e1lyok betart\u00e1s\u00e1ra, amit a szervez\u0151k folyamatosan ellen\u0151riznek.<\/div>\n<div>\u00a0<\/div>\n<div>Dobozi P\u00e1lma, Hiller Bal\u00e1zs<br \/>\nFot\u00f3: Kov\u00e1cs Attila &#8211; Semmelweis Egyetem<\/div>\n","protected":false},"excerpt":{"rendered":"<p>Id\u00e9n is a Tatai Ifj\u00fas\u00e1gi T\u00e1borban gy\u0171ltek \u00f6ssze a Semmelweis Egyetem \u00faj hallgat\u00f3i.<\/p>\n","protected":false},"author":101917,"featured_media":106131,"comment_status":"closed","ping_status":"closed","sticky":false,"template":"","format":"standard","meta":{"_acf_changed":false,"footnotes":""},"categories":[3533,168],"tags":[745,3443,697,75],"class_list":["post-106099","post","type-post","status-publish","format-standard","has-post-thumbnail","hentry","category-hallgatok-oktatas","category-kiemelt","tag-golyatabor","tag-hallgatoi-elet-alumni","tag-hok","tag-iocs"],"acf":[],"_links":{"self":[{"href":"https:\/\/semmelweis.hu\/hirek\/wp-json\/wp\/v2\/posts\/106099","targetHints":{"allow":["GET"]}}],"collection":[{"href":"https:\/\/semmelweis.hu\/hirek\/wp-json\/wp\/v2\/posts"}],"about":[{"href":"https:\/\/semmelweis.hu\/hirek\/wp-json\/wp\/v2\/types\/post"}],"author":[{"embeddable":true,"href":"https:\/\/semmelweis.hu\/hirek\/wp-json\/wp\/v2\/users\/101917"}],"replies":[{"embeddable":true,"href":"https:\/\/semmelweis.hu\/hirek\/wp-json\/wp\/v2\/comments?post=106099"}],"version-history":[{"count":10,"href":"https:\/\/semmelweis.hu\/hirek\/wp-json\/wp\/v2\/posts\/106099\/revisions"}],"predecessor-version":[{"id":106145,"href":"https:\/\/semmelweis.hu\/hirek\/wp-json\/wp\/v2\/posts\/106099\/revisions\/106145"}],"wp:featuredmedia":[{"embeddable":true,"href":"https:\/\/semmelweis.hu\/hirek\/wp-json\/wp\/v2\/media\/106131"}],"wp:attachment":[{"href":"https:\/\/semmelweis.hu\/hirek\/wp-json\/wp\/v2\/media?parent=106099"}],"wp:term":[{"taxonomy":"category","embeddable":true,"href":"https:\/\/semmelweis.hu\/hirek\/wp-json\/wp\/v2\/categories?post=106099"},{"taxonomy":"post_tag","embeddable":true,"href":"https:\/\/semmelweis.hu\/hirek\/wp-json\/wp\/v2\/tags?post=106099"}],"curies":[{"name":"wp","href":"https:\/\/api.w.org\/{rel}","templated":true}]}}