{"id":105863,"date":"2021-08-06T08:00:41","date_gmt":"2021-08-06T06:00:41","guid":{"rendered":"https:\/\/semmelweis.hu\/hirek\/?p=105863"},"modified":"2021-08-05T16:47:57","modified_gmt":"2021-08-05T14:47:57","slug":"projektzaro-konferenciat-tartottak-az-atherosclerosisrol","status":"publish","type":"post","link":"https:\/\/semmelweis.hu\/hirek\/2021\/08\/06\/projektzaro-konferenciat-tartottak-az-atherosclerosisrol\/","title":{"rendered":"Projektz\u00e1r\u00f3 konferenci\u00e1t tartottak az atherosclerosisr\u00f3l"},"content":{"rendered":"<div class=\"lead\">T\u00f6bbek k\u00f6z\u00f6tt az \u00e9relmeszesed\u00e9s kialakul\u00e1s\u00e1nak okait \u00e9s a betegs\u00e9g lefoly\u00e1s\u00e1t meghat\u00e1roz\u00f3 t\u00e9nyez\u0151ket mutatt\u00e1k be a \u201eF\u00f3kuszban az atherosclerosis: \u00daj ter\u00e1pi\u00e1s c\u00e9lpontok \u00e9s gy\u00f3gyszerjel\u00f6ltek azonos\u00edt\u00e1sa\u201d c\u00edm\u0171 projektz\u00e1r\u00f3 hibrid konferencia el\u0151ad\u00e1sai. Az Elm\u00e9leti Orvostudom\u00e1nyi K\u00f6zpontban megrendezett \u00e9s online is k\u00f6zvet\u00edtett esem\u00e9ny a Nemzeti Versenyk\u00e9pess\u00e9gi \u00e9s Kiv\u00e1l\u00f3s\u00e1gi Program NVKP_16-1-2016-0039 azonos\u00edt\u00f3 sz\u00e1m\u00fa h\u00e1rom\u00e9ves p\u00e1ly\u00e1zat\u00e1t z\u00e1rta le. A projektben a Semmelweis Egyetem, a Nemzeti Agr\u00e1rkutat\u00e1si \u00e9s Innov\u00e1ci\u00f3s K\u00f6zpont \u2013 Mez\u0151gazdas\u00e1gi Biotechnol\u00f3giai Kutat\u00f3int\u00e9zet (NAIK-MBK) \u00e9s az Immugenes Kft. \u00e1ltal alkotott konzorcium vett r\u00e9szt.<\/div>\n<p>A F\u00f3kuszban az atherosclerosis: \u00daj ter\u00e1pi\u00e1s c\u00e9lpontok \u00e9s gy\u00f3gyszerjel\u00f6ltek azonos\u00edt\u00e1sa c\u00edm\u0171 projektz\u00e1r\u00f3 hibrid konferencia a Nemzeti Versenyk\u00e9pess\u00e9gi \u00e9s Kiv\u00e1l\u00f3s\u00e1gi Program NVKP_16-1-2016-0039 azonos\u00edt\u00f3 sz\u00e1m\u00fa p\u00e1ly\u00e1zat\u00e1t z\u00e1rta le, melyben a Semmelweis Egyetem \u00c9lettani Int\u00e9zete \u00e9s Angiol\u00f3giai Tansz\u00e9ki Csoportja, a NAIK-MBK, valamint az Immunogenes Kft. \u00e1ltal alkotott konzorcium vett r\u00e9szt. Az atherosclerosis (\u00e9relmeszesed\u00e9s) egy n\u00e9pbetegs\u00e9g, amely rendk\u00edv\u00fcl sz\u00e9les k\u00f6rben nagyon sok embert \u00e9rint. Amint <a href=\"https:\/\/semmelweis.hu\/elettan\/nvkp-palyazat\/\">a p\u00e1ly\u00e1zat oldal\u00e1n olvashat\u00f3<\/a>, az elm\u00falt 60 \u00e9v tudom\u00e1nyos eredm\u00e9nyei \u00e9s gy\u00f3gyszerfejleszt\u00e9sei ellen\u00e9re \u00e9vtizedek \u00f3ta vil\u00e1gszerte az atherosclerosis okozta megbeteged\u00e9sek vezetik a hal\u00e1loki statisztik\u00e1kat. Ennek oka, hogy az \u00e9relmeszesed\u00e9s kialakul\u00e1s\u00e1nak okair\u00f3l, a betegs\u00e9g lefoly\u00e1s\u00e1t meghat\u00e1roz\u00f3 t\u00e9nyez\u0151kr\u0151l m\u00e9g sok mindent nem tudunk. A Nemzeti Kutat\u00e1si, Fejleszt\u00e9si \u00e9s Innov\u00e1ci\u00f3s Alap finansz\u00edroz\u00e1s\u00e1nak seg\u00edts\u00e9g\u00e9vel kialak\u00edtott konzorcium azt t\u0171zte ki c\u00e9lj\u00e1ul, hogy innovat\u00edv, molekul\u00e1ris biol\u00f3giai, immunol\u00f3giai \u00e9s g\u00e9ntechnol\u00f3giai m\u00f3dszereket alkalmaz\u00f3 kutat\u00e1ssal, p\u00e1ciensekt\u0151l sz\u00e1rmaz\u00f3 mint\u00e1k anal\u00edzis\u00e9vel, valamint a kutat\u00e1si eredm\u00e9nyek transzl\u00e1ci\u00f3j\u00e1val k\u00f6zelebb jusson az atherosclerosis h\u00e1tter\u00e9ben \u00e1ll\u00f3 folyamatok megismer\u00e9s\u00e9hez \u00e9s gy\u00f3gyszeres befoly\u00e1sol\u00e1s\u00e1hoz.<\/p>\n<p><a href=\"https:\/\/semmelweis.hu\/hirek\/files\/2021\/08\/RS132843_C19A2772-scr.jpg\"><img loading=\"lazy\" decoding=\"async\" class=\"aligncenter size-full wp-image-105866\" src=\"https:\/\/semmelweis.hu\/hirek\/files\/2021\/08\/RS132843_C19A2772-scr.jpg\" alt=\"\" width=\"1200\" height=\"800\" srcset=\"https:\/\/semmelweis.hu\/hirek\/files\/2021\/08\/RS132843_C19A2772-scr.jpg 1200w, https:\/\/semmelweis.hu\/hirek\/files\/2021\/08\/RS132843_C19A2772-scr-400x267.jpg 400w, https:\/\/semmelweis.hu\/hirek\/files\/2021\/08\/RS132843_C19A2772-scr-900x600.jpg 900w, https:\/\/semmelweis.hu\/hirek\/files\/2021\/08\/RS132843_C19A2772-scr-768x512.jpg 768w, https:\/\/semmelweis.hu\/hirek\/files\/2021\/08\/RS132843_C19A2772-scr-753x502.jpg 753w, https:\/\/semmelweis.hu\/hirek\/files\/2021\/08\/RS132843_C19A2772-scr-203x135.jpg 203w\" sizes=\"auto, (max-width: 1200px) 100vw, 1200px\" \/><\/a>A konzorcium megsz\u00fclet\u00e9s\u00e9t az inspir\u00e1lta, hogy a k\u00fcl\u00f6nb\u00f6z\u0151 ir\u00e1nyokb\u00f3l \u00e9rkez\u0151 tud\u00e1st \u00f6sszeadva a betegs\u00e9g j\u00f6v\u0151beni ter\u00e1pi\u00e1ja szempontj\u00e1b\u00f3l \u00faj gondolatok \u00e9s megk\u00f6zel\u00edt\u00e9sek sz\u00fclethessenek \u2013 emelte ki a j\u00fanius 21-i esem\u00e9nyt megnyit\u00f3 besz\u00e9d\u00e9ben dr. Hunyady L\u00e1szl\u00f3 egyetemi tan\u00e1r, a konzorcium vezet\u0151je, aki ezt k\u00f6vet\u0151en r\u00f6viden bemutatta a projekt r\u00e9sztvev\u0151it \u00e9s \u00f6sszefoglalta, milyen el\u0151ad\u00e1sokra ker\u00fcl sor az Elm\u00e9leti Orvostudom\u00e1nyi K\u00f6zpontban megrendezett \u00e9s online is k\u00f6zvet\u00edtett esem\u00e9ny sor\u00e1n.<\/p>\n<p>A p\u00e1ly\u00e1zat eredm\u00e9nyek\u00e9ppen eddig n\u00e9gy specifikus monoklon\u00e1lis ellenanyagot \u00e9s k\u00e9t szabadalmaztathat\u00f3 kin\u00e1z-g\u00e1tl\u00f3 szert fejlesztettek, valamint \u00faj szolg\u00e1ltat\u00e1sokat is kialak\u00edtottak: az \u00c9lettani Int\u00e9zetben transzl\u00e1ci\u00f3s \u00e1llatmodellekb\u0151l sz\u00e1rmaz\u00f3 mint\u00e1k komplex sz\u00f6vettani vizsg\u00e1lata zajlik, a NAIK-ban pedig genetikai szolg\u00e1ltat\u00e1sokat ny\u00fajtanak k\u00eds\u00e9rleti \u00e1llatmodelleken. Egy hazai iparjogv\u00e9delmi bejelent\u00e9s sz\u00fcletett, tov\u00e1bbi kett\u0151 pedig folyamatban van. Emellett a projekt sor\u00e1n sz\u00e1mos tudom\u00e1nyos publik\u00e1ci\u00f3 jelent meg jelent\u0151s szaklapokban \u2013 ilyen p\u00e9ld\u00e1ul a <a href=\"https:\/\/semmelweis.hu\/hirek\/2021\/06\/09\/a-nyirokernovekedest-serkentik-a-semmelweis-egyetem-kutatoi-a-vakcinakhoz-hasznalt-mrns-technologia-segitsegevel\/\">Nature Communications foly\u00f3iratban publik\u00e1lt kutat\u00e1s, mely azt mutatja be, mik\u00e9nt serkenthet\u0151 a nyirok\u00e9rn\u00f6veked\u00e9s a vakcin\u00e1khoz haszn\u00e1lt mRNS technol\u00f3gia seg\u00edts\u00e9g\u00e9vel<\/a>. A p\u00e1ly\u00e1zat t\u00e1mogat\u00e1s\u00e1val eddig n\u00e9gy hallgat\u00f3 szerezte meg PhD-fokozat\u00e1t, sz\u00e1mos egy\u00e9b <a href=\"https:\/\/semmelweis.hu\/elettan\/nvkp-palyazat\/hirek\/\">k\u00f6zlem\u00e9ny<\/a> \u00e9s PhD-munka pedig tov\u00e1bbra is folyamatban van, a projekt nagyban hozz\u00e1j\u00e1rult tapasztalt kutat\u00f3k megtart\u00e1s\u00e1hoz \u00e9s k\u00e9t \u00faj, fiatal kutat\u00f3csoport l\u00e9trej\u00f6tt\u00e9hez.<\/p>\n<p><a href=\"https:\/\/semmelweis.hu\/hirek\/files\/2021\/08\/RS132836_C19A2739-scr.jpg\"><img loading=\"lazy\" decoding=\"async\" class=\"alignleft size-medium wp-image-105867\" src=\"https:\/\/semmelweis.hu\/hirek\/files\/2021\/08\/RS132836_C19A2739-scr-400x267.jpg\" alt=\"\" width=\"400\" height=\"267\" srcset=\"https:\/\/semmelweis.hu\/hirek\/files\/2021\/08\/RS132836_C19A2739-scr-400x267.jpg 400w, https:\/\/semmelweis.hu\/hirek\/files\/2021\/08\/RS132836_C19A2739-scr-900x600.jpg 900w, https:\/\/semmelweis.hu\/hirek\/files\/2021\/08\/RS132836_C19A2739-scr-768x512.jpg 768w, https:\/\/semmelweis.hu\/hirek\/files\/2021\/08\/RS132836_C19A2739-scr-753x502.jpg 753w, https:\/\/semmelweis.hu\/hirek\/files\/2021\/08\/RS132836_C19A2739-scr-203x135.jpg 203w, https:\/\/semmelweis.hu\/hirek\/files\/2021\/08\/RS132836_C19A2739-scr.jpg 1200w\" sizes=\"auto, (max-width: 400px) 100vw, 400px\" \/><\/a>Ezt k\u00f6vet\u0151en a konzorcium tagjai tartottak r\u00f6vid el\u0151ad\u00e1sokat. A Semmelweis Egyetem r\u00e9sz\u00e9r\u0151l dr. M\u00f3csai Attila, az \u00c9lettani Int\u00e9zet egyetemi tan\u00e1ra, j\u00falius 12-t\u0151l kinevezett mb. igazgat\u00f3ja tartott el\u0151sz\u00f6r prezent\u00e1ci\u00f3t, amelyben t\u00f6bbek k\u00f6z\u00f6tt r\u00e9szletezte a beny\u00fajtott szabadalmak szakmai el\u0151k\u00e9sz\u00fcleteit, valamint besz\u00e9lt az atherosclerosis r\u00e9szfolyamataival (gyullad\u00e1s, ekt\u00f3pi\u00e1s kalcifik\u00e1ci\u00f3) kapcsolatos kutat\u00e1sban el\u00e9rt eredm\u00e9nyekr\u0151l, \u00e9s a felhaszn\u00e1lt modellrendszerekr\u0151l. Bemutatta az \u00fajonnan beszerzett nagym\u0171szer seg\u00edts\u00e9g\u00e9vel be\u00e1ll\u00edtott \u00e9s publik\u00e1lt k\u00eds\u00e9rleti rendszert a mieloid sejtek fejl\u0151d\u00e9s\u00e9nek vizsg\u00e1lat\u00e1ra.<\/p>\n<p>Dr. Geiszt Mikl\u00f3s, az \u00c9lettani Int\u00e9zet egyetemi tan\u00e1ra a NOX5 NADPH oxid\u00e1z atherosclerosis kialakul\u00e1s\u00e1ban j\u00e1tszott szerep\u00e9r\u0151l besz\u00e9lt, k\u00fcl\u00f6n kit\u00e9rve a NOX enzimekre, a NOX5 KO ny\u00falmodell l\u00e9trehoz\u00e1s\u00e1ra \u00e9s az ennek vizsg\u00e1lat\u00e1val el\u00e9rt eredm\u00e9nyekre.<\/p>\n<p>Dr. Jakus Zolt\u00e1n egyetemi docens el\u0151ad\u00e1s\u00e1nak c\u00edme \u201eA nyirokerek \u00e9s a nyirok\u00e9rn\u00f6veked\u00e9si jelp\u00e1ly\u00e1k szervspecifikus funkci\u00f3inak vizsg\u00e1lata fiziol\u00f3gi\u00e1s \u00e9s patol\u00f3gi\u00e1s k\u00f6r\u00fclm\u00e9nyek k\u00f6z\u00f6tt\u201d volt, ebben sz\u00f3t ejtett t\u00f6bbek k\u00f6z\u00f6tt egy nukleozid m\u00f3dos\u00edtott mRNS alap\u00fa rendszer kifejleszt\u00e9s\u00e9r\u0151l a szervspecifikus nyirok\u00e9rn\u00f6veked\u00e9s serkent\u00e9s\u00e9re, a nyirok\u00e9rn\u00f6veked\u00e9si jelp\u00e1ly\u00e1k szerep\u00e9nek vizsg\u00e1lat\u00e1ra a placenta v\u00e9rereiben, valamint a nyirokerek szerep\u00e9nek jellemz\u00e9s\u00e9re a nagyerekben \u00e9s az atherosclerosisban.<\/p>\n<p><a href=\"https:\/\/semmelweis.hu\/hirek\/files\/2021\/08\/RS132837_C19A2751-scr.jpg\"><img loading=\"lazy\" decoding=\"async\" class=\"alignright wp-image-105868 size-medium\" src=\"https:\/\/semmelweis.hu\/hirek\/files\/2021\/08\/RS132837_C19A2751-scr-400x267.jpg\" alt=\"\" width=\"400\" height=\"267\" srcset=\"https:\/\/semmelweis.hu\/hirek\/files\/2021\/08\/RS132837_C19A2751-scr-400x267.jpg 400w, https:\/\/semmelweis.hu\/hirek\/files\/2021\/08\/RS132837_C19A2751-scr-900x600.jpg 900w, https:\/\/semmelweis.hu\/hirek\/files\/2021\/08\/RS132837_C19A2751-scr-768x512.jpg 768w, https:\/\/semmelweis.hu\/hirek\/files\/2021\/08\/RS132837_C19A2751-scr-753x502.jpg 753w, https:\/\/semmelweis.hu\/hirek\/files\/2021\/08\/RS132837_C19A2751-scr-203x135.jpg 203w, https:\/\/semmelweis.hu\/hirek\/files\/2021\/08\/RS132837_C19A2751-scr.jpg 1200w\" sizes=\"auto, (max-width: 400px) 100vw, 400px\" \/><\/a>Dr. Balla Andr\u00e1s egyetemi docens bemutatta, mik\u00e9nt vizsg\u00e1lt\u00e1k meg, hogy a patk\u00e1ny vaszkul\u00e1ris simaizomsejtjeiben mely g\u00e9nek expresszi\u00f3ja v\u00e1ltozik AT1-receptor agonista kezel\u00e9s hat\u00e1s\u00e1ra, \u00e9s ezek k\u00f6z\u00fcl melyek j\u00e1tszhatnak szerepet az atherosclerosis kialakul\u00e1s\u00e1ban.<\/p>\n<p>A NAIK \u2013 mely 2021. febru\u00e1rj\u00e1t\u00f3l a Magyar Agr\u00e1r- \u00e9s \u00c9lettudom\u00e1nyi Egyetemhez (MATE) tartozik \u2013 r\u00e9sz\u00e9r\u0151l dr. Hiripi L\u00e1szl\u00f3 csoportvezet\u0151, tudom\u00e1nyos tan\u00e1csad\u00f3 ismertette, mik\u00e9nt hoztak l\u00e9tre \u00e9s jellemeztek CRISPR-Cas9 genom szerkeszt\u00e9ssel NOX5 illetve NOX4 g\u00e9nki\u00fct\u00f6tt ny\u00falvonalakat.<\/p>\n<p>Az Immunogenes Kft. eredm\u00e9nyeit dr. Kacskovics Imre \u00fcgyvezet\u0151 nev\u00e9ben dr. Geiszt Mikl\u00f3s professzor ismertette az \u00e9rdekl\u0151d\u0151kkel. A c\u00e9g nemzetk\u00f6zileg egyed\u00fcl\u00e1ll\u00f3 antitest el\u0151\u00e1ll\u00edt\u00f3 technol\u00f3gi\u00e1val rendelkezik. Az Immonogenes-t az ELTE \u00e9s a NAIK-MBK tudom\u00e1nyos eredm\u00e9nyein alapul\u00f3 \u00faj, szabadalmaztatott innovat\u00edv technol\u00f3gia hasznos\u00edt\u00e1s\u00e1ra alap\u00edtott\u00e1k.<\/p>\n<p>A kutat\u00e1si eredm\u00e9nyeket bemutat\u00f3 el\u0151ad\u00e1sok ut\u00e1n poszters\u00e9ta k\u00f6vetkezett, mely sor\u00e1n a szerz\u0151k bemutatt\u00e1k a 18 magyar \u00e9s angol nyelv\u0171 tudom\u00e1nyos posztert, a poszters\u00e9t\u00e1t k\u00f6vet\u0151en pedig \u00e9l\u00e9nk szakmai diskurzus alakult ki a r\u00e9sztvev\u0151k k\u00f6z\u00f6tt.<\/p>\n<p>Szab\u00f3 \u00c1d\u00e1m<br \/>\nFot\u00f3: Kov\u00e1cs Attila &#8211; Semmelweis Egyetem<\/p>\n<p><a href=\"https:\/\/semmelweis.hu\/hirek\/files\/2021\/08\/NKFIA_infoblokk_projekt_fekvo_2019_HU.jpg\"><img loading=\"lazy\" decoding=\"async\" class=\"alignleft size-medium wp-image-105871\" src=\"https:\/\/semmelweis.hu\/hirek\/files\/2021\/08\/NKFIA_infoblokk_projekt_fekvo_2019_HU-400x94.jpg\" alt=\"\" width=\"400\" height=\"94\" srcset=\"https:\/\/semmelweis.hu\/hirek\/files\/2021\/08\/NKFIA_infoblokk_projekt_fekvo_2019_HU-400x94.jpg 400w, https:\/\/semmelweis.hu\/hirek\/files\/2021\/08\/NKFIA_infoblokk_projekt_fekvo_2019_HU-900x211.jpg 900w, https:\/\/semmelweis.hu\/hirek\/files\/2021\/08\/NKFIA_infoblokk_projekt_fekvo_2019_HU-768x180.jpg 768w, https:\/\/semmelweis.hu\/hirek\/files\/2021\/08\/NKFIA_infoblokk_projekt_fekvo_2019_HU-753x176.jpg 753w, https:\/\/semmelweis.hu\/hirek\/files\/2021\/08\/NKFIA_infoblokk_projekt_fekvo_2019_HU.jpg 1110w\" sizes=\"auto, (max-width: 400px) 100vw, 400px\" \/><\/a><\/p>\n","protected":false},"excerpt":{"rendered":"<p>T\u00f6bbek k\u00f6z\u00f6tt az \u00e9relmeszesed\u00e9s kialakul\u00e1s\u00e1nak okait \u00e9s a betegs\u00e9g lefoly\u00e1s\u00e1t meghat\u00e1roz\u00f3 t\u00e9nyez\u0151ket mutatt\u00e1k be.<\/p>\n","protected":false},"author":101751,"featured_media":105867,"comment_status":"closed","ping_status":"closed","sticky":false,"template":"","format":"standard","meta":{"_acf_changed":false,"footnotes":""},"categories":[161],"tags":[],"class_list":["post-105863","post","type-post","status-publish","format-standard","has-post-thumbnail","hentry","category-tudomany"],"acf":[],"_links":{"self":[{"href":"https:\/\/semmelweis.hu\/hirek\/wp-json\/wp\/v2\/posts\/105863","targetHints":{"allow":["GET"]}}],"collection":[{"href":"https:\/\/semmelweis.hu\/hirek\/wp-json\/wp\/v2\/posts"}],"about":[{"href":"https:\/\/semmelweis.hu\/hirek\/wp-json\/wp\/v2\/types\/post"}],"author":[{"embeddable":true,"href":"https:\/\/semmelweis.hu\/hirek\/wp-json\/wp\/v2\/users\/101751"}],"replies":[{"embeddable":true,"href":"https:\/\/semmelweis.hu\/hirek\/wp-json\/wp\/v2\/comments?post=105863"}],"version-history":[{"count":2,"href":"https:\/\/semmelweis.hu\/hirek\/wp-json\/wp\/v2\/posts\/105863\/revisions"}],"predecessor-version":[{"id":105872,"href":"https:\/\/semmelweis.hu\/hirek\/wp-json\/wp\/v2\/posts\/105863\/revisions\/105872"}],"wp:featuredmedia":[{"embeddable":true,"href":"https:\/\/semmelweis.hu\/hirek\/wp-json\/wp\/v2\/media\/105867"}],"wp:attachment":[{"href":"https:\/\/semmelweis.hu\/hirek\/wp-json\/wp\/v2\/media?parent=105863"}],"wp:term":[{"taxonomy":"category","embeddable":true,"href":"https:\/\/semmelweis.hu\/hirek\/wp-json\/wp\/v2\/categories?post=105863"},{"taxonomy":"post_tag","embeddable":true,"href":"https:\/\/semmelweis.hu\/hirek\/wp-json\/wp\/v2\/tags?post=105863"}],"curies":[{"name":"wp","href":"https:\/\/api.w.org\/{rel}","templated":true}]}}