{"id":104707,"date":"2021-06-29T14:11:16","date_gmt":"2021-06-29T12:11:16","guid":{"rendered":"https:\/\/semmelweis.hu\/hirek\/?p=104707"},"modified":"2021-06-29T14:11:16","modified_gmt":"2021-06-29T12:11:16","slug":"koszoruzasokkal-es-idokapszula-elhelyezesevel-kezdodott-a-semmelweis-napi-unnepsegsorozat","status":"publish","type":"post","link":"https:\/\/semmelweis.hu\/hirek\/2021\/06\/29\/koszoruzasokkal-es-idokapszula-elhelyezesevel-kezdodott-a-semmelweis-napi-unnepsegsorozat\/","title":{"rendered":"Koszor\u00faz\u00e1sokkal \u00e9s id\u0151kapszula elhelyez\u00e9s\u00e9vel kezd\u0151d\u00f6tt a Semmelweis napi \u00fcnneps\u00e9gsorozat"},"content":{"rendered":"<div class=\"lead\">A Semmelweis Napon az egyetem n\u00e9vad\u00f3j\u00e1ra, Semmelweis Ign\u00e1cra eml\u00e9kezik sz\u00fclet\u00e9s\u00e9nek 203. \u00e9vfordul\u00f3ja alkalm\u00e1b\u00f3l. Az eg\u00e9sz napos programsorozat kezdet\u00e9n koszor\u00fat helyeztek el a Semmelweis Orvost\u00f6rt\u00e9neti M\u00fazeum, K\u00f6nyvt\u00e1r \u00e9s Lev\u00e9lt\u00e1rban, majd a megeml\u00e9kez\u00e9s a Bels\u0151 Klinikai T\u00f6mb udvar\u00e1n folytat\u00f3dott, ahol a Semmelweis 250 jubileumhoz kapcsol\u00f3d\u00f3 \u201eLevelek a j\u00f6v\u0151nek\u201d nev\u0171 kezdem\u00e9nyez\u00e9s keret\u00e9ben id\u0151kapszul\u00e1t helyeztek el \u00e9s megkoszor\u00fazt\u00e1k Semmelweis Ign\u00e1c szobr\u00e1t.<\/div>\n<p><img loading=\"lazy\" decoding=\"async\" class=\"alignleft size-medium wp-image-104710\" src=\"https:\/\/semmelweis.hu\/hirek\/files\/2021\/06\/RS133109_ADZ_20210629_0024-scr-400x267.jpg\" alt=\"\" width=\"400\" height=\"267\" srcset=\"https:\/\/semmelweis.hu\/hirek\/files\/2021\/06\/RS133109_ADZ_20210629_0024-scr-400x267.jpg 400w, https:\/\/semmelweis.hu\/hirek\/files\/2021\/06\/RS133109_ADZ_20210629_0024-scr-900x600.jpg 900w, https:\/\/semmelweis.hu\/hirek\/files\/2021\/06\/RS133109_ADZ_20210629_0024-scr-768x512.jpg 768w, https:\/\/semmelweis.hu\/hirek\/files\/2021\/06\/RS133109_ADZ_20210629_0024-scr-753x502.jpg 753w, https:\/\/semmelweis.hu\/hirek\/files\/2021\/06\/RS133109_ADZ_20210629_0024-scr-203x135.jpg 203w, https:\/\/semmelweis.hu\/hirek\/files\/2021\/06\/RS133109_ADZ_20210629_0024-scr.jpg 1200w\" sizes=\"auto, (max-width: 400px) 100vw, 400px\" \/>\u201e1818. j\u00falius 1-j\u00e9n itt sz\u00fcletett Semmelweis Ign\u00e1c, a legismertebb magyar orvos, akit vil\u00e1gszerte az any\u00e1k megment\u0151jek\u00e9nt tisztelnek. Eml\u00e9k\u00e9re szobrot \u00e1ll\u00edtottak a heidelbergi klinika el\u0151tt, a b\u00e9csi \u00e9s a teher\u00e1ni orvostudom\u00e1nyi egyetem kertj\u00e9ben, ak\u00e1rcsak a chicag\u00f3i Nemzetk\u00f6zi Orvost\u00f6rt\u00e9neti M\u00fazeumban, a Halhatatlanok Csarnok\u00e1ban\u201d \u2013 emelte ki besz\u00e9d\u00e9ben dr. Csala Mikl\u00f3s, a Molekul\u00e1ris Biol\u00f3giai Tansz\u00e9k tansz\u00e9kvezet\u0151 egyetemi tan\u00e1ra, a Nemzetk\u00f6zi Tanulm\u00e1nyi Igazgat\u00f3s\u00e1g igazgat\u00f3ja a Semmelweis Nap nyit\u00f3esem\u00e9ny\u00e9n. Hozz\u00e1tette: Semmelweisnek siker\u00fclt r\u00e1j\u00f6nnie, mi okozza a gyermek\u00e1gyi l\u00e1z k\u00f6vetkezt\u00e9ben bek\u00f6vetkez\u0151 hal\u00e1loz\u00e1st, felfedez\u00e9se alapj\u00e1n pedig k\u00f6telez\u0151v\u00e9 tette munkat\u00e1rsai sz\u00e1m\u00e1ra a kl\u00f3rm\u00e9sszel v\u00e9gzett k\u00e9zfert\u0151tlen\u00edt\u00e9st a sz\u00fcl\u00e9szeti oszt\u00e1lyra val\u00f3 bel\u00e9p\u00e9skor, ezzel pedig az anyai hal\u00e1loz\u00e1s 1% al\u00e1 cs\u00f6kkent \u2013 vagyis val\u00f3j\u00e1ban az any\u00e1k megment\u0151j\u00e9v\u00e9 v\u00e1lt. Dr. Csala Mikl\u00f3s szerint Semmelweis Ign\u00e1c kiemelkedett koll\u00e9g\u00e1i k\u00f6z\u00fcl, hiszen nemcsak patol\u00f3giai felk\u00e9sz\u00fclts\u00e9ggel \u00e9s k\u00e9miai ismeretekkel rendelkezett, de az orvosi hivat\u00e1s legnemesebb hippokrat\u00e9szi alapelveit, \u00e9s nem az orvosok tekint\u00e9ly\u00e9nek v\u00e9delm\u00e9t tartotta szem el\u0151tt, v\u00e9gs\u0151 soron pedig \u00e9pp ezzel tett a legt\u00f6bbet az orvosi szakma becs\u00fclet\u00e9\u00e9rt.<\/p>\n<blockquote>\n<p>Egyetem\u00fcnk b\u00fcszk\u00e9n viseli Semmelweis nev\u00e9t, akinek munk\u00e1ss\u00e1ga p\u00e9ld\u00e1t \u00e9s inspir\u00e1ci\u00f3t adhat a klinikusok, kutat\u00f3k, elm\u00e9leti szakemberek sz\u00e1m\u00e1ra. A n\u00e9v egyben k\u00f6telez is, m\u00e9lt\u00f3nak kell lenni r\u00e1. Ezt pedig akkor \u00e9rj\u00fck el, ha olyan gy\u00f3gy\u00edt\u00f3, kutat\u00f3 \u00e9s oktat\u00f3 tev\u00e9kenys\u00e9get v\u00e9gz\u00fcnk, amely alapj\u00e1n ak\u00e1r Semmelweis Ign\u00e1c is b\u00fcszke lehetne, hogy nev\u00e9t a mi egyetem\u00fcnk viseli<\/p>\n<\/blockquote>\n<p>\u2013 fogalmazott az igazgat\u00f3.<\/p>\n<p>A Semmelweis Ign\u00e1c sz\u00fclet\u00e9snapj\u00e1nak alkalm\u00e1b\u00f3l megrendezett \u00fcnneps\u00e9gsorozat a hagyom\u00e1nyoknak megfelel\u0151en id\u00e9n is Semmelweis Orvost\u00f6rt\u00e9neti M\u00fazeum, K\u00f6nyvt\u00e1r \u00e9s Lev\u00e9lt\u00e1r bels\u0151 kertj\u00e9ben kezd\u0151d\u00f6tt. Az esem\u00e9ny sor\u00e1n a Semmelweis Egyetem vezet\u00e9se, dolgoz\u00f3i \u00e9s hallgat\u00f3i nev\u00e9ben dr. Alp\u00e1r Al\u00e1n nemzetk\u00f6zi k\u00e9pz\u00e9sek\u00e9rt felel\u0151s rektorhelyettes \u00e9s dr. Csala Mikl\u00f3s; a Semmelweis Orvost\u00f6rt\u00e9neti M\u00fazeum, K\u00f6nyvt\u00e1r \u00e9s Lev\u00e9lt\u00e1r nev\u00e9ben dr. Renner Zsuzsanna igazgat\u00f3; a Magyar Nemzeti M\u00fazeum nev\u00e9ben pedig Varga Benedek f\u0151igazgat\u00f3 helyeztek el koszor\u00fat.<\/p>\n<p><img loading=\"lazy\" decoding=\"async\" class=\"alignright size-medium wp-image-104711\" src=\"https:\/\/semmelweis.hu\/hirek\/files\/2021\/06\/RS133183_C19A1190-scr-267x400.jpg\" alt=\"\" width=\"267\" height=\"400\" srcset=\"https:\/\/semmelweis.hu\/hirek\/files\/2021\/06\/RS133183_C19A1190-scr-267x400.jpg 267w, https:\/\/semmelweis.hu\/hirek\/files\/2021\/06\/RS133183_C19A1190-scr-533x800.jpg 533w, https:\/\/semmelweis.hu\/hirek\/files\/2021\/06\/RS133183_C19A1190-scr.jpg 600w\" sizes=\"auto, (max-width: 267px) 100vw, 267px\" \/>Az esem\u00e9nysorozat a Bels\u0151 Klinikai T\u00f6mb udvar\u00e1n folytat\u00f3dott, ahol dr. Nagy Zolt\u00e1n Zsolt egyetemi tan\u00e1r mondott k\u00f6sz\u00f6nt\u0151 besz\u00e9det. \u201eA magyar eg\u00e9szs\u00e9g\u00fcgy napj\u00e1n, Semmelweis Ign\u00e1c sz\u00fclet\u00e9snapj\u00e1nak 203. \u00e9vfordul\u00f3j\u00e1n mindazokat \u00fcnnepelj\u00fck, akik az eg\u00e9szs\u00e9g\u00fcgyben nap mint nap a betegek gy\u00f3gyul\u00e1s\u00e1\u00e9rt f\u00e1radoznak \u00e9s \u2013 k\u00fcl\u00f6n\u00f6s figyelemmel az elm\u00falt m\u00e1sf\u00e9l \u00e9v esem\u00e9nyeire \u2013, akik a COVID-19 j\u00e1rv\u00e1ny megf\u00e9kez\u00e9s\u00e9ben, tov\u00e1bb\u00e1 a s\u00falyos betegek megment\u00e9s\u00e9ben \u00e9s \u00e1pol\u00e1s\u00e1ban, valamint a v\u00e9d\u0151olt\u00e1sok bead\u00e1s\u00e1ban r\u00e9szt vettek \u00e9s a v\u00e9dekez\u00e9s \u00e9l\u00e9re \u00e1lltak\u201d \u2013 fogalmazott a Szem\u00e9szeti Klinika igazgat\u00f3ja, hozz\u00e1t\u00e9ve: Semmelweis teljes\u00edtm\u00e9ny\u00e9t nem is lehetne aktu\u00e1lisabb felid\u00e9zni most, hiszen epidemiol\u00f3giai eredm\u00e9nyei, a betegs\u00e9g terjed\u00e9s\u00e9nek felt\u00e9rk\u00e9pez\u00e9se, annak megel\u0151z\u00e9s\u00e9re tett er\u0151fesz\u00edt\u00e9se, helyes klinikai \u00e9s epidemiol\u00f3giai megl\u00e1t\u00e1sai, emberi teljes\u00edtm\u00e9nye, nagys\u00e1ga, gondolatainak, eszm\u00e9inek id\u0151t\u00e1ll\u00f3s\u00e1ga ism\u00e9t a figyelem f\u00f3kusz\u00e1ba emelte \u0151t. Dr. Nagy Zolt\u00e1n Zsolt besz\u00e9d\u00e9ben sz\u00f3t ejtett t\u00f6bbek k\u00f6z\u00f6tt dr. Gr\u00f3sz Emilr\u0151l, a Szem\u00e9szeti Klinika \u00e9p\u00edttet\u0151j\u00e9r\u0151l, az akkori int\u00e9zm\u00e9ny igazgat\u00f3j\u00e1r\u00f3l is, akit 1925-ben Semmelweis serleggel d\u00edjaztak. Besz\u00e9lt Semmelweis Ign\u00e1c \u00e9let\u00fatj\u00e1r\u00f3l, tudom\u00e1nyos eredm\u00e9nyeir\u0151l \u00e9s eml\u00e9kezet\u00e9r\u0151l, valamint arr\u00f3l, a nev\u00e9t visel\u0151 egyetem milyen szerepet v\u00e1llalt a koronav\u00edrus elleni harcban: nemcsak a hallgat\u00f3k, oktat\u00f3k \u00e9s betegek v\u00e9delm\u00e9r\u0151l gondoskodtak, de a j\u00e1rv\u00e1nyhelyzet ellen\u00e9re az oktat\u00e1s \u00e9s a betegell\u00e1t\u00e1s is folytat\u00f3dott az int\u00e9zm\u00e9nyben, amely els\u0151k k\u00f6z\u00f6tt kezdte meg a v\u00e9d\u0151olt\u00e1sok bead\u00e1s\u00e1t, m\u00e1ra pedig t\u00f6bb mint 300 ezer vakcin\u00e1t adtak be az egyetem munkat\u00e1rsai. Dr. Nagy Zolt\u00e1n Zsolt kiemelte: a v\u00e9d\u0151olt\u00e1s ellen\u00e9re tov\u00e1bbra is el\u0151vigy\u00e1zatosnak kell lenni.<\/p>\n<blockquote>\n<p>Ma sincs aktu\u00e1lisabb Semmelweis epidemiol\u00f3giai megfigyel\u00e9sein\u00e9l. Vez\u00e9rfonalk\u00e9nt tekints\u00fcnk elemz\u0151 munk\u00e1ira, ma is sokat tanulhatunk bel\u0151le. Tud\u00e1s, lelkiismeretess\u00e9g, kitart\u00e1s \u00e9s elk\u00f6telezetts\u00e9g eset\u00e9n a v\u00e9gsiker nem maradhat el<\/p>\n<\/blockquote>\n<p>\u2013 mutatott r\u00e1 az igazgat\u00f3.<\/p>\n\r\n        [slb_exclude]\r\n        <div class=\"row galeria-wrapper mx-0 h-auto\">\r\n            <div class=\"col-9 pl-0 pr-2\">\r\n            <span class=\"gallery-item frame\">\r\n\t\t\t\t<div class=\"galeria-left-img\"><a href=\"https:\/\/semmelweis.hu\/hirek\/files\/2021\/06\/RS133129_ADZ_20210629_0122-scr.jpg\"><img src=https:\/\/semmelweis.hu\/hirek\/files\/2021\/06\/RS133129_ADZ_20210629_0122-scr.jpg  \r\n                            alt=\"\" \r\n                            class=\"attachment-sote-gallery-big size-sote-gallery-big\" \r\n                            srcset=\"https:\/\/semmelweis.hu\/hirek\/files\/2021\/06\/RS133129_ADZ_20210629_0122-scr-400x267.jpg 400w, https:\/\/semmelweis.hu\/hirek\/files\/2021\/06\/RS133129_ADZ_20210629_0122-scr-900x600.jpg 900w, https:\/\/semmelweis.hu\/hirek\/files\/2021\/06\/RS133129_ADZ_20210629_0122-scr-768x512.jpg 768w, https:\/\/semmelweis.hu\/hirek\/files\/2021\/06\/RS133129_ADZ_20210629_0122-scr-753x502.jpg 753w, https:\/\/semmelweis.hu\/hirek\/files\/2021\/06\/RS133129_ADZ_20210629_0122-scr-203x135.jpg 203w, https:\/\/semmelweis.hu\/hirek\/files\/2021\/06\/RS133129_ADZ_20210629_0122-scr.jpg 1200w\" ><\/a><\/div>\r\n            <\/span>\r\n\r\n            <\/div>\r\n\r\n\t\t\t<div class=\"col-3 pl-0 pr-0\">\r\n\t\t\t\t<div class=\"galeria-right-img d-flex justify-content-between flex-column h-100 w-100 px-0 mx-0 \">\r\n                <div class=\"galeria-box\">\r\n\t\t\t\t\t<h3 class=\"galeria-title\">Gal\u00e9ria<\/h3>\r\n\t\t\t\t\t<div class=\"galeria-subtitle\">\r\n\r\n\t\t\t\t\t\t<div class=\"galeria-page-counter\"><span>16<\/span>k\u00e9p<\/div>\r\n                    <\/div> <\/div>\r\n                    <span class=\"gallery-item frame d-none d-md-flex\">\r\n\t\t\t\t\t<div class=\"galeria-small-img mt-0\"><a href=\"https:\/\/semmelweis.hu\/hirek\/files\/2021\/06\/RS133168_C19A1109-scr.jpg\"><img src=https:\/\/semmelweis.hu\/hirek\/files\/2021\/06\/RS133168_C19A1109-scr.jpg \r\n                                alt=\"\"  \r\n                                class=\"attachment-sote-gallery-small size-sote-gallery-small\" \r\n                                srcset=\"https:\/\/semmelweis.hu\/hirek\/files\/2021\/06\/RS133168_C19A1109-scr-400x267.jpg 400w, https:\/\/semmelweis.hu\/hirek\/files\/2021\/06\/RS133168_C19A1109-scr-900x600.jpg 900w, https:\/\/semmelweis.hu\/hirek\/files\/2021\/06\/RS133168_C19A1109-scr-768x512.jpg 768w, https:\/\/semmelweis.hu\/hirek\/files\/2021\/06\/RS133168_C19A1109-scr-753x502.jpg 753w, https:\/\/semmelweis.hu\/hirek\/files\/2021\/06\/RS133168_C19A1109-scr-203x135.jpg 203w, https:\/\/semmelweis.hu\/hirek\/files\/2021\/06\/RS133168_C19A1109-scr.jpg 1200w\" ><\/a><\/div>\r\n                    <\/span>\r\n                    <span class=\"gallery-item frame d-none d-md-flex\">\r\n\t\t\t\t\t<div class=\"galeria-small-img mt-0\"><a href=\"https:\/\/semmelweis.hu\/hirek\/files\/2021\/06\/RS133117_ADZ_20210629_0064-scr.jpg\"><img src=https:\/\/semmelweis.hu\/hirek\/files\/2021\/06\/RS133117_ADZ_20210629_0064-scr.jpg \r\n                                alt=\"\" \r\n                                class=\"attachment-sote-gallery-small size-sote-gallery-small\" \r\n                                srcset=\"https:\/\/semmelweis.hu\/hirek\/files\/2021\/06\/RS133117_ADZ_20210629_0064-scr-400x267.jpg 400w, https:\/\/semmelweis.hu\/hirek\/files\/2021\/06\/RS133117_ADZ_20210629_0064-scr-900x600.jpg 900w, https:\/\/semmelweis.hu\/hirek\/files\/2021\/06\/RS133117_ADZ_20210629_0064-scr-768x512.jpg 768w, https:\/\/semmelweis.hu\/hirek\/files\/2021\/06\/RS133117_ADZ_20210629_0064-scr-753x502.jpg 753w, https:\/\/semmelweis.hu\/hirek\/files\/2021\/06\/RS133117_ADZ_20210629_0064-scr-203x135.jpg 203w, https:\/\/semmelweis.hu\/hirek\/files\/2021\/06\/RS133117_ADZ_20210629_0064-scr.jpg 1200w\" ><\/a><\/div>\r\n                    <\/span>\r\n\r\n                <\/div>\r\n\r\n            <\/div>\r\n\r\n            <span class=\"gallery-item\"><div class=\"hidden\"><a href=\"https:\/\/semmelweis.hu\/hirek\/files\/2021\/06\/RS133120_ADZ_20210629_0078-scr.jpg\">\r\n        <img src=https:\/\/semmelweis.hu\/hirek\/files\/2021\/06\/RS133120_ADZ_20210629_0078-scr.jpg alt=\"\" class=\"attachment-sote-gallery-big size-sote-gallery-big\" srcset=\"https:\/\/semmelweis.hu\/hirek\/files\/2021\/06\/RS133120_ADZ_20210629_0078-scr-400x267.jpg 400w, https:\/\/semmelweis.hu\/hirek\/files\/2021\/06\/RS133120_ADZ_20210629_0078-scr-900x600.jpg 900w, https:\/\/semmelweis.hu\/hirek\/files\/2021\/06\/RS133120_ADZ_20210629_0078-scr-768x512.jpg 768w, https:\/\/semmelweis.hu\/hirek\/files\/2021\/06\/RS133120_ADZ_20210629_0078-scr-753x502.jpg 753w, https:\/\/semmelweis.hu\/hirek\/files\/2021\/06\/RS133120_ADZ_20210629_0078-scr-203x135.jpg 203w, https:\/\/semmelweis.hu\/hirek\/files\/2021\/06\/RS133120_ADZ_20210629_0078-scr.jpg 1200w\" >\r\n        <\/a><\/div><\/span><span class=\"gallery-item\"><div class=\"hidden\"><a href=\"https:\/\/semmelweis.hu\/hirek\/files\/2021\/06\/RS133125_ADZ_20210629_0111-scr.jpg\">\r\n        <img src=https:\/\/semmelweis.hu\/hirek\/files\/2021\/06\/RS133125_ADZ_20210629_0111-scr.jpg alt=\"\" class=\"attachment-sote-gallery-big size-sote-gallery-big\" srcset=\"https:\/\/semmelweis.hu\/hirek\/files\/2021\/06\/RS133125_ADZ_20210629_0111-scr-400x267.jpg 400w, https:\/\/semmelweis.hu\/hirek\/files\/2021\/06\/RS133125_ADZ_20210629_0111-scr-900x600.jpg 900w, https:\/\/semmelweis.hu\/hirek\/files\/2021\/06\/RS133125_ADZ_20210629_0111-scr-768x512.jpg 768w, https:\/\/semmelweis.hu\/hirek\/files\/2021\/06\/RS133125_ADZ_20210629_0111-scr-753x502.jpg 753w, https:\/\/semmelweis.hu\/hirek\/files\/2021\/06\/RS133125_ADZ_20210629_0111-scr-203x135.jpg 203w, https:\/\/semmelweis.hu\/hirek\/files\/2021\/06\/RS133125_ADZ_20210629_0111-scr.jpg 1200w\" >\r\n        <\/a><\/div><\/span><span class=\"gallery-item\"><div class=\"hidden\"><a href=\"https:\/\/semmelweis.hu\/hirek\/files\/2021\/06\/RS133127_ADZ_20210629_0116-scr.jpg\">\r\n        <img src=https:\/\/semmelweis.hu\/hirek\/files\/2021\/06\/RS133127_ADZ_20210629_0116-scr.jpg alt=\"\" class=\"attachment-sote-gallery-big size-sote-gallery-big\" srcset=\"https:\/\/semmelweis.hu\/hirek\/files\/2021\/06\/RS133127_ADZ_20210629_0116-scr-400x267.jpg 400w, https:\/\/semmelweis.hu\/hirek\/files\/2021\/06\/RS133127_ADZ_20210629_0116-scr-900x600.jpg 900w, https:\/\/semmelweis.hu\/hirek\/files\/2021\/06\/RS133127_ADZ_20210629_0116-scr-768x512.jpg 768w, https:\/\/semmelweis.hu\/hirek\/files\/2021\/06\/RS133127_ADZ_20210629_0116-scr-753x502.jpg 753w, https:\/\/semmelweis.hu\/hirek\/files\/2021\/06\/RS133127_ADZ_20210629_0116-scr-203x135.jpg 203w, https:\/\/semmelweis.hu\/hirek\/files\/2021\/06\/RS133127_ADZ_20210629_0116-scr.jpg 1200w\" >\r\n        <\/a><\/div><\/span><span class=\"gallery-item\"><div class=\"hidden\"><a href=\"https:\/\/semmelweis.hu\/hirek\/files\/2021\/06\/RS133170_C19A1113-scr.jpg\">\r\n        <img src=https:\/\/semmelweis.hu\/hirek\/files\/2021\/06\/RS133170_C19A1113-scr.jpg alt=\"\" class=\"attachment-sote-gallery-big size-sote-gallery-big\" srcset=\"https:\/\/semmelweis.hu\/hirek\/files\/2021\/06\/RS133170_C19A1113-scr-400x267.jpg 400w, https:\/\/semmelweis.hu\/hirek\/files\/2021\/06\/RS133170_C19A1113-scr-900x600.jpg 900w, https:\/\/semmelweis.hu\/hirek\/files\/2021\/06\/RS133170_C19A1113-scr-768x512.jpg 768w, https:\/\/semmelweis.hu\/hirek\/files\/2021\/06\/RS133170_C19A1113-scr-753x502.jpg 753w, https:\/\/semmelweis.hu\/hirek\/files\/2021\/06\/RS133170_C19A1113-scr-203x135.jpg 203w, https:\/\/semmelweis.hu\/hirek\/files\/2021\/06\/RS133170_C19A1113-scr.jpg 1200w\" >\r\n        <\/a><\/div><\/span><span class=\"gallery-item\"><div class=\"hidden\"><a href=\"https:\/\/semmelweis.hu\/hirek\/files\/2021\/06\/RS133184_C19A1201-scr.jpg\">\r\n        <img src=https:\/\/semmelweis.hu\/hirek\/files\/2021\/06\/RS133184_C19A1201-scr.jpg alt=\"\" class=\"attachment-sote-gallery-big size-sote-gallery-big\" srcset=\"https:\/\/semmelweis.hu\/hirek\/files\/2021\/06\/RS133184_C19A1201-scr-400x267.jpg 400w, https:\/\/semmelweis.hu\/hirek\/files\/2021\/06\/RS133184_C19A1201-scr-900x600.jpg 900w, https:\/\/semmelweis.hu\/hirek\/files\/2021\/06\/RS133184_C19A1201-scr-768x512.jpg 768w, https:\/\/semmelweis.hu\/hirek\/files\/2021\/06\/RS133184_C19A1201-scr-753x502.jpg 753w, https:\/\/semmelweis.hu\/hirek\/files\/2021\/06\/RS133184_C19A1201-scr-203x135.jpg 203w, https:\/\/semmelweis.hu\/hirek\/files\/2021\/06\/RS133184_C19A1201-scr.jpg 1200w\" >\r\n        <\/a><\/div><\/span><span class=\"gallery-item\"><div class=\"hidden\"><a href=\"https:\/\/semmelweis.hu\/hirek\/files\/2021\/06\/RS133186_C19A1212-scr.jpg\">\r\n        <img src=https:\/\/semmelweis.hu\/hirek\/files\/2021\/06\/RS133186_C19A1212-scr.jpg alt=\"\" class=\"attachment-sote-gallery-big size-sote-gallery-big\" srcset=\"https:\/\/semmelweis.hu\/hirek\/files\/2021\/06\/RS133186_C19A1212-scr-400x267.jpg 400w, https:\/\/semmelweis.hu\/hirek\/files\/2021\/06\/RS133186_C19A1212-scr-900x600.jpg 900w, https:\/\/semmelweis.hu\/hirek\/files\/2021\/06\/RS133186_C19A1212-scr-768x512.jpg 768w, https:\/\/semmelweis.hu\/hirek\/files\/2021\/06\/RS133186_C19A1212-scr-753x502.jpg 753w, https:\/\/semmelweis.hu\/hirek\/files\/2021\/06\/RS133186_C19A1212-scr-203x135.jpg 203w, https:\/\/semmelweis.hu\/hirek\/files\/2021\/06\/RS133186_C19A1212-scr.jpg 1200w\" >\r\n        <\/a><\/div><\/span><span class=\"gallery-item\"><div class=\"hidden\"><a href=\"https:\/\/semmelweis.hu\/hirek\/files\/2021\/06\/RS133188_C19A1226-scr-1.jpg\">\r\n        <img src=https:\/\/semmelweis.hu\/hirek\/files\/2021\/06\/RS133188_C19A1226-scr-1.jpg alt=\"\" class=\"attachment-sote-gallery-big size-sote-gallery-big\" srcset=\"https:\/\/semmelweis.hu\/hirek\/files\/2021\/06\/RS133188_C19A1226-scr-1-400x267.jpg 400w, https:\/\/semmelweis.hu\/hirek\/files\/2021\/06\/RS133188_C19A1226-scr-1-900x600.jpg 900w, https:\/\/semmelweis.hu\/hirek\/files\/2021\/06\/RS133188_C19A1226-scr-1-768x512.jpg 768w, https:\/\/semmelweis.hu\/hirek\/files\/2021\/06\/RS133188_C19A1226-scr-1-753x502.jpg 753w, https:\/\/semmelweis.hu\/hirek\/files\/2021\/06\/RS133188_C19A1226-scr-1-203x135.jpg 203w, https:\/\/semmelweis.hu\/hirek\/files\/2021\/06\/RS133188_C19A1226-scr-1.jpg 1200w\" >\r\n        <\/a><\/div><\/span><span class=\"gallery-item\"><div class=\"hidden\"><a href=\"https:\/\/semmelweis.hu\/hirek\/files\/2021\/06\/RS133203_C19A1299-scr.jpg\">\r\n        <img src=https:\/\/semmelweis.hu\/hirek\/files\/2021\/06\/RS133203_C19A1299-scr.jpg alt=\"\" class=\"attachment-sote-gallery-big size-sote-gallery-big\" srcset=\"https:\/\/semmelweis.hu\/hirek\/files\/2021\/06\/RS133203_C19A1299-scr-400x267.jpg 400w, https:\/\/semmelweis.hu\/hirek\/files\/2021\/06\/RS133203_C19A1299-scr-900x600.jpg 900w, https:\/\/semmelweis.hu\/hirek\/files\/2021\/06\/RS133203_C19A1299-scr-768x512.jpg 768w, https:\/\/semmelweis.hu\/hirek\/files\/2021\/06\/RS133203_C19A1299-scr-753x502.jpg 753w, https:\/\/semmelweis.hu\/hirek\/files\/2021\/06\/RS133203_C19A1299-scr-203x135.jpg 203w, https:\/\/semmelweis.hu\/hirek\/files\/2021\/06\/RS133203_C19A1299-scr.jpg 1200w\" >\r\n        <\/a><\/div><\/span><span class=\"gallery-item\"><div class=\"hidden\"><a href=\"https:\/\/semmelweis.hu\/hirek\/files\/2021\/06\/RS133205_C19A1320-scr.jpg\">\r\n        <img src=https:\/\/semmelweis.hu\/hirek\/files\/2021\/06\/RS133205_C19A1320-scr.jpg alt=\"\" class=\"attachment-sote-gallery-big size-sote-gallery-big\" srcset=\"https:\/\/semmelweis.hu\/hirek\/files\/2021\/06\/RS133205_C19A1320-scr-400x267.jpg 400w, https:\/\/semmelweis.hu\/hirek\/files\/2021\/06\/RS133205_C19A1320-scr-900x600.jpg 900w, https:\/\/semmelweis.hu\/hirek\/files\/2021\/06\/RS133205_C19A1320-scr-768x512.jpg 768w, https:\/\/semmelweis.hu\/hirek\/files\/2021\/06\/RS133205_C19A1320-scr-753x502.jpg 753w, https:\/\/semmelweis.hu\/hirek\/files\/2021\/06\/RS133205_C19A1320-scr-203x135.jpg 203w, https:\/\/semmelweis.hu\/hirek\/files\/2021\/06\/RS133205_C19A1320-scr.jpg 1200w\" >\r\n        <\/a><\/div><\/span><span class=\"gallery-item\"><div class=\"hidden\"><a href=\"https:\/\/semmelweis.hu\/hirek\/files\/2021\/06\/RS133207_C19A1327-scr.jpg\">\r\n        <img src=https:\/\/semmelweis.hu\/hirek\/files\/2021\/06\/RS133207_C19A1327-scr.jpg alt=\"\" class=\"attachment-sote-gallery-big size-sote-gallery-big\" srcset=\"https:\/\/semmelweis.hu\/hirek\/files\/2021\/06\/RS133207_C19A1327-scr-400x267.jpg 400w, https:\/\/semmelweis.hu\/hirek\/files\/2021\/06\/RS133207_C19A1327-scr-900x600.jpg 900w, https:\/\/semmelweis.hu\/hirek\/files\/2021\/06\/RS133207_C19A1327-scr-768x512.jpg 768w, https:\/\/semmelweis.hu\/hirek\/files\/2021\/06\/RS133207_C19A1327-scr-753x502.jpg 753w, https:\/\/semmelweis.hu\/hirek\/files\/2021\/06\/RS133207_C19A1327-scr-203x135.jpg 203w, https:\/\/semmelweis.hu\/hirek\/files\/2021\/06\/RS133207_C19A1327-scr.jpg 1200w\" >\r\n        <\/a><\/div><\/span><span class=\"gallery-item\"><div class=\"hidden\"><a href=\"https:\/\/semmelweis.hu\/hirek\/files\/2021\/06\/RS133208_C19A1331-scr.jpg\">\r\n        <img src=https:\/\/semmelweis.hu\/hirek\/files\/2021\/06\/RS133208_C19A1331-scr.jpg alt=\"\" class=\"attachment-sote-gallery-big size-sote-gallery-big\" srcset=\"https:\/\/semmelweis.hu\/hirek\/files\/2021\/06\/RS133208_C19A1331-scr-400x267.jpg 400w, https:\/\/semmelweis.hu\/hirek\/files\/2021\/06\/RS133208_C19A1331-scr-900x600.jpg 900w, https:\/\/semmelweis.hu\/hirek\/files\/2021\/06\/RS133208_C19A1331-scr-768x512.jpg 768w, https:\/\/semmelweis.hu\/hirek\/files\/2021\/06\/RS133208_C19A1331-scr-753x502.jpg 753w, https:\/\/semmelweis.hu\/hirek\/files\/2021\/06\/RS133208_C19A1331-scr-203x135.jpg 203w, https:\/\/semmelweis.hu\/hirek\/files\/2021\/06\/RS133208_C19A1331-scr.jpg 1200w\" >\r\n        <\/a><\/div><\/span><span class=\"gallery-item\"><div class=\"hidden\"><a href=\"https:\/\/semmelweis.hu\/hirek\/files\/2021\/06\/RS133210_C19A1340-scr.jpg\">\r\n        <img src=https:\/\/semmelweis.hu\/hirek\/files\/2021\/06\/RS133210_C19A1340-scr.jpg alt=\"\" class=\"attachment-sote-gallery-big size-sote-gallery-big\" srcset=\"https:\/\/semmelweis.hu\/hirek\/files\/2021\/06\/RS133210_C19A1340-scr-400x267.jpg 400w, https:\/\/semmelweis.hu\/hirek\/files\/2021\/06\/RS133210_C19A1340-scr-900x600.jpg 900w, https:\/\/semmelweis.hu\/hirek\/files\/2021\/06\/RS133210_C19A1340-scr-768x512.jpg 768w, https:\/\/semmelweis.hu\/hirek\/files\/2021\/06\/RS133210_C19A1340-scr-753x502.jpg 753w, https:\/\/semmelweis.hu\/hirek\/files\/2021\/06\/RS133210_C19A1340-scr-203x135.jpg 203w, https:\/\/semmelweis.hu\/hirek\/files\/2021\/06\/RS133210_C19A1340-scr.jpg 1200w\" >\r\n        <\/a><\/div><\/span><span class=\"gallery-item\"><div class=\"hidden\"><a href=\"https:\/\/semmelweis.hu\/hirek\/files\/2021\/06\/RS133211_C19A1348-scr.jpg\">\r\n        <img src=https:\/\/semmelweis.hu\/hirek\/files\/2021\/06\/RS133211_C19A1348-scr.jpg alt=\"Pr\u00f3ba felirat\" class=\"attachment-sote-gallery-big size-sote-gallery-big\" srcset=\"https:\/\/semmelweis.hu\/hirek\/files\/2021\/06\/RS133211_C19A1348-scr-400x267.jpg 400w, https:\/\/semmelweis.hu\/hirek\/files\/2021\/06\/RS133211_C19A1348-scr-900x600.jpg 900w, https:\/\/semmelweis.hu\/hirek\/files\/2021\/06\/RS133211_C19A1348-scr-768x512.jpg 768w, https:\/\/semmelweis.hu\/hirek\/files\/2021\/06\/RS133211_C19A1348-scr-753x502.jpg 753w, https:\/\/semmelweis.hu\/hirek\/files\/2021\/06\/RS133211_C19A1348-scr-203x135.jpg 203w, https:\/\/semmelweis.hu\/hirek\/files\/2021\/06\/RS133211_C19A1348-scr.jpg 1200w\" >\r\n        <\/a><\/div><\/span>\r\n            <\/div>\r\n\r\n            [\/slb_exclude]\r\n\t\n<p>Ezt k\u00f6vet\u0151en ker\u00fclt sor az id\u0151kapszula \u00fcnnep\u00e9lyes elhelyez\u00e9s\u00e9re, melyet a tervek szerint az egyetem 300. sz\u00fclet\u00e9snapj\u00e1n nyitnak majd fel. A 250 \u00e9ves Semmelweis Egyetem jubileumi tan\u00e9vnyit\u00f3j\u00e1n indult \u00fatnak a \u201eLevelek a j\u00f6v\u0151nek\u201d elnevez\u00e9s\u0171 kezdem\u00e9nyez\u00e9s, amelynek keret\u00e9ben minden Semmelweis Polg\u00e1r \u00fczenhetett 2069-be, a j\u00f6v\u0151 hallgat\u00f3inak \u00e9s munkat\u00e1rsainak \u2013 az id\u0151kapszula ezeket a leveleket, valamint egy, az egyetem ikonikus \u00e9p\u00fcleteit \u00e1br\u00e1zol\u00f3 t\u00e9rk\u00e9pet, egy, a 2020-21-es \u00e9vre eml\u00e9kezve az egyetem log\u00f3j\u00e1val ell\u00e1tott textilmaszkot, a Figyel\u0151 magazin egy p\u00e9ld\u00e1ny\u00e1t \u00e9s n\u00e9h\u00e1ny napilapot, a szen\u00e1tus tagjair\u00f3l k\u00e9sz\u00fclt csoportk\u00e9pet, valamint egy Semmelweis log\u00f3val ell\u00e1tott egyetemi kit\u0171z\u0151t tartalmazott. Az id\u0151kapszul\u00e1t dr. Merkely B\u00e9la rektor, dr. Pavlik L\u00edvia kancell\u00e1r \u00e9s Tripolszky B\u00e1lint, a Hallgat\u00f3i \u00d6nkorm\u00e1nyzat eln\u00f6ke helyezt\u00e9k el a Bels\u0151 Klinikai T\u00f6mb udvar\u00e1n.<\/p>\n<p>A program z\u00e1r\u00e1sak\u00e9nt az egyetem n\u00e9vad\u00f3ja el\u0151tt tisztelegve megkoszor\u00fazt\u00e1k Semmelweis Ign\u00e1c szobr\u00e1t. Az egyetem hallgat\u00f3i \u00e9s dolgoz\u00f3i nev\u00e9ben dr. Merkely B\u00e9la rektor, dr. Pavlik L\u00edvia kancell\u00e1r \u00e9s dr. Nagy Zolt\u00e1n Zsolt igazgat\u00f3, a Magyar Orvosi Kamara nev\u00e9ben dr. Kincses Gyula eln\u00f6k, a Magyar Eg\u00e9szs\u00e9g\u00fcgyi Szakdolgoz\u00f3i Kamara nev\u00e9ben dr. Balogh Zolt\u00e1n eln\u00f6k, a Semmelweis Egyetem Bar\u00e1ti K\u00f6re nev\u00e9ben dr. Rosivall L\u00e1szl\u00f3 eln\u00f6k, a Semmelweis Egyetem Hallgat\u00f3i \u00d6nkorm\u00e1nyzat\u00e1nak nev\u00e9ben Tripolszky B\u00e1lint eln\u00f6k, az Instruktor \u00d6ntev\u00e9keny Csoport Egyes\u00fclet nev\u00e9ben pedig Petrovay-Csel\u00e9nyi Krisztina helyeztek el koszor\u00fat. Az egyetem t\u00f6bb dolgoz\u00f3ja vir\u00e1ggal tisztelgett Semmelweis Ign\u00e1c el\u0151tt.<\/p>\n<p>Szab\u00f3 \u00c1d\u00e1m<br \/>\nFot\u00f3: Adri\u00e1n Zolt\u00e1n &#8211; K\u00e9pszerkeszt\u0151s\u00e9g; Kov\u00e1cs Attila &#8211; Semmelweis Egyetem<\/p>\n<p>&nbsp;<\/p>\n","protected":false},"excerpt":{"rendered":"<p>A Semmelweis Ign\u00e1c sz\u00fclet\u00e9s\u00e9nek 203. \u00e9vfordul\u00f3ja alkalm\u00e1b\u00f3l rendezett program keret\u00e9ben koszor\u00faz\u00e1sokkal \u00e9s besz\u00e9dekkel eml\u00e9keztek az egyetem n\u00e9vad\u00f3j\u00e1ra.<\/p>\n","protected":false},"author":101751,"featured_media":104708,"comment_status":"closed","ping_status":"closed","sticky":false,"template":"","format":"standard","meta":{"_acf_changed":false,"footnotes":""},"categories":[157,168],"tags":[290],"class_list":["post-104707","post","type-post","status-publish","format-standard","has-post-thumbnail","hentry","category-semmelweis-vilag","category-kiemelt","tag-semmelweis-nap"],"acf":[],"_links":{"self":[{"href":"https:\/\/semmelweis.hu\/hirek\/wp-json\/wp\/v2\/posts\/104707","targetHints":{"allow":["GET"]}}],"collection":[{"href":"https:\/\/semmelweis.hu\/hirek\/wp-json\/wp\/v2\/posts"}],"about":[{"href":"https:\/\/semmelweis.hu\/hirek\/wp-json\/wp\/v2\/types\/post"}],"author":[{"embeddable":true,"href":"https:\/\/semmelweis.hu\/hirek\/wp-json\/wp\/v2\/users\/101751"}],"replies":[{"embeddable":true,"href":"https:\/\/semmelweis.hu\/hirek\/wp-json\/wp\/v2\/comments?post=104707"}],"version-history":[{"count":2,"href":"https:\/\/semmelweis.hu\/hirek\/wp-json\/wp\/v2\/posts\/104707\/revisions"}],"predecessor-version":[{"id":104729,"href":"https:\/\/semmelweis.hu\/hirek\/wp-json\/wp\/v2\/posts\/104707\/revisions\/104729"}],"wp:featuredmedia":[{"embeddable":true,"href":"https:\/\/semmelweis.hu\/hirek\/wp-json\/wp\/v2\/media\/104708"}],"wp:attachment":[{"href":"https:\/\/semmelweis.hu\/hirek\/wp-json\/wp\/v2\/media?parent=104707"}],"wp:term":[{"taxonomy":"category","embeddable":true,"href":"https:\/\/semmelweis.hu\/hirek\/wp-json\/wp\/v2\/categories?post=104707"},{"taxonomy":"post_tag","embeddable":true,"href":"https:\/\/semmelweis.hu\/hirek\/wp-json\/wp\/v2\/tags?post=104707"}],"curies":[{"name":"wp","href":"https:\/\/api.w.org\/{rel}","templated":true}]}}