{"id":10418,"date":"2012-03-12T10:06:22","date_gmt":"2012-03-12T10:06:22","guid":{"rendered":"http:\/\/semmelweis-egyetem.hu\/hirek\/?p=10418"},"modified":"2025-10-18T12:20:34","modified_gmt":"2025-10-18T10:20:34","slug":"ultraibolya-a-foldon-tul-urbol-visszaerkezett-mintakat-vizsgalnak-a-semmelweis-egyetemen","status":"publish","type":"post","link":"https:\/\/semmelweis.hu\/hirek\/2012\/03\/12\/ultraibolya-a-foldon-tul-urbol-visszaerkezett-mintakat-vizsgalnak-a-semmelweis-egyetemen\/","title":{"rendered":"Ultraibolya a f\u00f6ld\u00f6n t\u00fal: \u0171rb\u0151l vissza\u00e9rkezett mint\u00e1kat vizsg\u00e1lnak a Semmelweis Egyetemen"},"content":{"rendered":"<p>Egy huszon\u00f6t kilogrammnyi, nagyj\u00e1b\u00f3l f\u00e9l m\u00e9terszer negyven centim\u00e9teres doboz. \u00cdgy n\u00e9z ki az \u00fagynevezett EXPOSE berendez\u00e9s, amely egy 2008-ban kezd\u0151d\u00f6tt projekt r\u00e9szek\u00e9nt &#8211; 2009 \u00e9s 2011 k\u00f6z\u00f6tt &#8211; csaknem k\u00e9t \u00e9vet t\u00f6lt\u00f6tt a Nemzetk\u00f6zi \u0170r\u00e1llom\u00e1s k\u00fcls\u0151 platformj\u00e1ra er\u0151s\u00edtve.<\/p>\n<p><a href=\"https:\/\/semmelweis.hu\/hirek\/files\/2012\/03\/expose-jo-2K.jpg\"><img loading=\"lazy\" decoding=\"async\" class=\"alignleft size-medium wp-image-10436\" src=\"https:\/\/semmelweis.hu\/hirek\/files\/2012\/03\/expose-jo-2K-300x200.jpg\" alt=\"\" width=\"300\" height=\"200\" srcset=\"https:\/\/semmelweis.hu\/hirek\/files\/2012\/03\/expose-jo-2K-300x200.jpg 300w, https:\/\/semmelweis.hu\/hirek\/files\/2012\/03\/expose-jo-2K-600x400.jpg 600w, https:\/\/semmelweis.hu\/hirek\/files\/2012\/03\/expose-jo-2K.jpg 876w\" sizes=\"auto, (max-width: 300px) 100vw, 300px\" \/><\/a>Az Eur\u00f3pai \u0170r\u00fcgyn\u00f6ks\u00e9g \u00e1ltal meghirdetett p\u00e1ly\u00e1zat keret\u00e9ben tizenegy orsz\u00e1g kutat\u00f3i osztozhattak a tizenegy blokkra osztott EXPOSE berendez\u00e9sen, ahol az \u00e1ltaluk kiv\u00e1lasztott mint\u00e1kat besugarazt\u00e1k. Azt vizsg\u00e1lt\u00e1k, hogy, mik\u00e9nt hat az \u0171rb\u00e9li k\u00f6rnyezet a k\u00fcl\u00f6nb\u00f6z\u0151 egyszer\u0171 biol\u00f3giai rendszerekre, \u00edgy p\u00e9ld\u00e1ul a bakt\u00e9riumokra, a bakteriof\u00e1gokra, a bakt\u00e9riumsp\u00f3r\u00e1kra, vagy \u00e9ppen a n\u00f6v\u00e9nyi magvakra. A magyar kutat\u00f3knak is jutott egy 16 darab, m\u00e1sf\u00e9l centim\u00e9ter \u00e1tm\u00e9r\u0151j\u0171 hengerekb\u0151l \u00e1ll\u00f3 blokk, az \u0171rb\u0151l vissza\u00e9rkezett mint\u00e1k r\u00e9szletes, \u00f6sszehasonl\u00edt\u00f3 vizsg\u00e1lata pedig jelenleg is tart \u2013 mondja a kutat\u00f3csoport vezet\u0151je, Ront\u00f3 Gy\u00f6rgyi, aki a Semmelweis Egyetem Biofizikai \u00e9s Sug\u00e1rbiol\u00f3giai Int\u00e9zet\u00e9nek professzor emeritusa.<\/p>\n<p>A kutat\u00f3csoport az \u0171rb\u00e9li, a f\u00f6ldfelsz\u00ednit\u0151l elt\u00e9r\u0151 \u00f6sszet\u00e9tel\u0171 ultraibolya sug\u00e1rz\u00e1s hat\u00e1sait vizsg\u00e1lta. Mint Ront\u00f3 Gy\u00f6rgyi hangs\u00falyozta: r\u00e9g\u00f3ta foglalkoznak az ultraibolya f\u00e9ny f\u00f6ldi hat\u00e1saival, s kidolgoztak egy m\u00f3dszert, amellyel m\u00e9rhet\u0151 a sug\u00e1rz\u00e1s biol\u00f3giailag hat\u00e1sos d\u00f3zisa is. Az k\u00f6ztudott, hogy az ultraibolya sug\u00e1rz\u00e1s itt a F\u00f6ld\u00f6n b\u0151rbetegs\u00e9get, b\u0151rdaganatot, szemk\u00e1rosod\u00e1st \u00e9s sz\u00fcrkeh\u00e1lyogot okozhat. Az szint\u00e9n ismert, hogy napsug\u00e1rz\u00e1s l\u00e9tezik 300-500 kilom\u00e9terrel magasabban, az \u0171rben is, ahol viszont nincs a f\u00f6ldihez hasonl\u00f3 l\u00e9gk\u00f6r, p\u00e9ld\u00e1ul \u00f3zonr\u00e9teg, ami kisz\u0171ri a sug\u00e1rz\u00e1s k\u00e1ros komponenseit. A kutat\u00f3k arra voltak k\u00edv\u00e1ncsiak, hogy milyen hat\u00e1sa van az ultraibolya sug\u00e1rz\u00e1snak ilyen k\u00f6r\u00fclm\u00e9nyek k\u00f6z\u00f6tt bizonyos \u00e9l\u0151 rendszerekre.<\/p>\n<p>Ennek vizsg\u00e1lat\u00e1hoz k\u00e9tf\u00e9le mint\u00e1t helyeztek el az EXPOSE-on: T7 bakteriof\u00e1got (v\u00e9konyr\u00e9teg form\u00e1ban) \u00e9s uracil krist\u00e1lyt. Az el\u0151bbi egyetlen nukleinsav molekula, ami feh\u00e9rjeburokban van, ut\u00f3bbi a n\u00e9gy nukleinsav-b\u00e1zis egyike. Ugyanezek az alkot\u00f3elemek az \u00e9l\u0151 sejtekben is el\u0151fordulnak, s a b\u0151rbetegs\u00e9gekn\u00e9l \u2013 amelyek k\u00fcl\u00f6n\u00f6sen fontosak az ultraibolyaf\u00e9ny k\u00e1ros\u00edt\u00f3 hat\u00e1s\u00e1val kapcsolatban \u2013 azt vett\u00e9k \u00e9szre, hogy mindig a nukleinsav s\u00e9r\u00fcl\u00e9se ezek alapja. Ez\u00e9rt esett teh\u00e1t erre a k\u00e9tf\u00e9le mint\u00e1ra a v\u00e1laszt\u00e1s.<\/p>\n<p>A t\u00edz futballp\u00e1ly\u00e1nyi nagys\u00e1g\u00fa Nemzetk\u00f6zi \u0170r\u00e1llom\u00e1s 90 perc alatt ker\u00fcli meg a F\u00f6ldet, teh\u00e1t m\u00e1sf\u00e9l \u00f3ra alatt van \u00e9jszaka \u00e9s nappal is, a h\u0151m\u00e9rs\u00e9klet pedig -20 \u00e9s +40 fok k\u00f6z\u00f6tt ingadozik. A mint\u00e1kat a rep\u00fcl\u00e9s k\u00e9t \u00e9ve alatt \u00f6sszess\u00e9g\u00e9ben kereken 2600 \u00f3r\u00e1nyi napsug\u00e1rz\u00e1s \u00e9rte. Az eddig elv\u00e9gzett vizsg\u00e1latok alapj\u00e1n az egyik leg\u00e9rdekesebb felismer\u00e9s az, hogy az \u0171rben m\u00e1s hat\u00e1sa van az ultraibolya f\u00e9nynek, mint itt a F\u00f6ld\u00f6n. \u201e\u00dagy t\u0171nik, hogy az \u0171rben tal\u00e1lhat\u00f3, r\u00f6vid hull\u00e1mhossz\u00fas\u00e1g\u00fa ultraibolya sugarak, amelyek a f\u00f6ldfelsz\u00ednen nincsenek jelen, alkalmas szitu\u00e1ci\u00f3ban k\u00e9pesek visszaalak\u00edtani a nukleinsav molekul\u00e1ban okozott s\u00e9r\u00fcl\u00e9st. Amit az egyik sug\u00e1r sz\u00e9troncsol, azt egy k\u00f6vetkez\u0151 vissza\u00e1ll\u00edtja\u201d \u2013 magyar\u00e1zza Ront\u00f3 Gy\u00f6rgyi. Mindez v\u00e1laszt adhat arra is, hogy a f\u00f6ldi \u00e9let keletkez\u00e9sekor, amikor m\u00e9g nem volt \u00f3zonr\u00e9teg, mik\u00e9nt tudtak az \u00e9l\u0151l\u00e9nyek m\u00e9gis \u00e9ps\u00e9gben t\u00fal\u00e9lni.<\/p>\n<p>Mint azt Ront\u00f3 Gy\u00f6rgyi hangs\u00falyozta: a mostani kutat\u00e1s az asztrobiol\u00f3giai k\u00eds\u00e9rletek k\u00f6r\u00e9be tartozik. Ez a tudom\u00e1ny\u00e1g egyebek mellett az \u00e9l\u0151vil\u00e1g keletkez\u00e9s\u00e9t \u00e9s kialakul\u00e1s\u00e1t tanulm\u00e1nyozza, valamint azt is, hogy a vil\u00e1g\u0171rben, illetve m\u00e1s \u00e9gitesteken lehets\u00e9ges-e a F\u00f6ldh\u00f6z hasonl\u00f3an v\u00edz, sz\u00e9n-, nitrog\u00e9n- \u00e9s oxig\u00e9nalap\u00fa \u00e9let. Van azonban egy enn\u00e9l is fontosabb k\u00e9rd\u00e9se az asztrobiol\u00f3gi\u00e1nak: a vil\u00e1g\u0171r biztons\u00e1g\u00e1nak k\u00e9rd\u00e9se. K\u00f6zismert, hogy ma m\u00e1r sz\u00e1mos \u00e1llam sz\u00e1mos \u0171reszk\u00f6zt juttat a vil\u00e1g\u0171rbe (pl. mikrom\u0171holdak, k\u00fcl\u00f6nb\u00f6z\u0151 c\u00e9l\u00fa rak\u00e9t\u00e1k). Fontos k\u00e9rd\u00e9s teh\u00e1t, hogy a vil\u00e1g\u0171rbe juttatott \u0171reszk\u00f6z\u00f6k k\u00f6zvet\u00edthetnek-e f\u00f6ldi eredet\u0171 szennyez\u0151d\u00e9seket, amelyek valamelyik \u00e9gitesten esetleg elszaporodnak, illetve, hogy ugyanezek az eszk\u00f6z\u00f6k nem hordozhatnak-e a vil\u00e1g\u0171rb\u0151l a F\u00f6ldre k\u00fcl\u00f6nb\u00f6z\u0151 szennyez\u0151d\u00e9seket \u2013 magyar\u00e1zta Ront\u00f3 Gy\u00f6rgyi.<\/p>\n<p>Az ultraibolyaf\u00e9ny most felismert, az ultraibolya-s\u00e9r\u00fcl\u00e9seket visszaford\u00edt\u00f3 hat\u00e1sa azt is jelenti, hogy vigy\u00e1zni kell, ne \u00e9rje szerves anyag (mikr\u00f3ba) szennyez\u00e9s azokat a rendszereket, amelyeket kivisz\u00fcnk az \u0171rbe, \u00e9s nagy gonddal kell kezelni azokat a mint\u00e1kat, amiket m\u00e1s \u00e9gitestr\u0151l, vagy az \u0171rb\u0151l a f\u00f6ldfelsz\u00ednre hozunk \u2013 figyelmeztetett Ront\u00f3 Gy\u00f6rgyi. DP<\/p>\n","protected":false},"excerpt":{"rendered":"<p>Egy huszon\u00f6t kilogrammnyi, nagyj\u00e1b\u00f3l f\u00e9l m\u00e9terszer negyven centim\u00e9teres doboz. \u00cdgy n\u00e9z ki az \u00fagynevezett EXPOSE berendez\u00e9s, amely egy 2008-ban kezd\u0151d\u00f6tt projekt r\u00e9szek\u00e9nt &#8211; 2009 \u00e9s 2011 k\u00f6z\u00f6tt &#8211; csaknem k\u00e9t \u00e9vet t\u00f6lt\u00f6tt a Nemzetk\u00f6zi \u0170r\u00e1llom\u00e1s k\u00fcls\u0151 platformj\u00e1ra er\u0151s\u00edtve. <a href=\"https:\/\/semmelweis.hu\/hirek\/files\/2012\/03\/expose-jo-2K.jpg\"><\/a> Az Eur\u00f3pai \u0170r\u00fcgyn\u00f6ks\u00e9g \u00e1ltal meghirdetett p\u00e1ly\u00e1zat keret\u00e9ben tizenegy orsz\u00e1g kutat\u00f3i osztozhattak a tizenegy blokkra osztott EXPOSE berendez\u00e9sen, &hellip;<\/p>\n","protected":false},"author":13,"featured_media":0,"comment_status":"closed","ping_status":"open","sticky":false,"template":"","format":"standard","meta":{"_acf_changed":false,"footnotes":""},"categories":[161,168],"tags":[188],"class_list":["post-10418","post","type-post","status-publish","format-standard","hentry","category-tudomany","category-kiemelt","tag-tudomanyos-hirek-rendezvenyek"],"acf":[],"_links":{"self":[{"href":"https:\/\/semmelweis.hu\/hirek\/wp-json\/wp\/v2\/posts\/10418","targetHints":{"allow":["GET"]}}],"collection":[{"href":"https:\/\/semmelweis.hu\/hirek\/wp-json\/wp\/v2\/posts"}],"about":[{"href":"https:\/\/semmelweis.hu\/hirek\/wp-json\/wp\/v2\/types\/post"}],"author":[{"embeddable":true,"href":"https:\/\/semmelweis.hu\/hirek\/wp-json\/wp\/v2\/users\/13"}],"replies":[{"embeddable":true,"href":"https:\/\/semmelweis.hu\/hirek\/wp-json\/wp\/v2\/comments?post=10418"}],"version-history":[{"count":3,"href":"https:\/\/semmelweis.hu\/hirek\/wp-json\/wp\/v2\/posts\/10418\/revisions"}],"predecessor-version":[{"id":159482,"href":"https:\/\/semmelweis.hu\/hirek\/wp-json\/wp\/v2\/posts\/10418\/revisions\/159482"}],"wp:attachment":[{"href":"https:\/\/semmelweis.hu\/hirek\/wp-json\/wp\/v2\/media?parent=10418"}],"wp:term":[{"taxonomy":"category","embeddable":true,"href":"https:\/\/semmelweis.hu\/hirek\/wp-json\/wp\/v2\/categories?post=10418"},{"taxonomy":"post_tag","embeddable":true,"href":"https:\/\/semmelweis.hu\/hirek\/wp-json\/wp\/v2\/tags?post=10418"}],"curies":[{"name":"wp","href":"https:\/\/api.w.org\/{rel}","templated":true}]}}