{"id":104125,"date":"2021-06-09T08:44:26","date_gmt":"2021-06-09T06:44:26","guid":{"rendered":"https:\/\/semmelweis.hu\/hirek\/?p=104125"},"modified":"2021-06-09T09:01:45","modified_gmt":"2021-06-09T07:01:45","slug":"a-nyirokernovekedest-serkentik-a-semmelweis-egyetem-kutatoi-a-vakcinakhoz-hasznalt-mrns-technologia-segitsegevel","status":"publish","type":"post","link":"https:\/\/semmelweis.hu\/hirek\/2021\/06\/09\/a-nyirokernovekedest-serkentik-a-semmelweis-egyetem-kutatoi-a-vakcinakhoz-hasznalt-mrns-technologia-segitsegevel\/","title":{"rendered":"A nyirok\u00e9rn\u00f6veked\u00e9st serkentik a Semmelweis Egyetem kutat\u00f3i a vakcin\u00e1khoz haszn\u00e1lt mRNS technol\u00f3gia seg\u00edts\u00e9g\u00e9vel"},"content":{"rendered":"<div class=\"lead\">A koronav\u00edrus-vakcinafejleszt\u00e9s sor\u00e1n haszn\u00e1lt mRNS alap\u00fa rendszer alkalmas lehet a k\u00e1rosodott nyirokerek n\u00f6veked\u00e9s\u00e9nek a serkent\u00e9s\u00e9re is, \u00edgy p\u00e9ld\u00e1ul a nyirok\u00f6d\u00e9ma kezel\u00e9s\u00e9re, amelynek jelenleg nincs v\u00e9gleges megold\u00e1st ny\u00fajt\u00f3 ter\u00e1pi\u00e1ja. A Semmelweis Egyetem kutat\u00f3i nemzetk\u00f6zi egy\u00fcttm\u0171k\u00f6d\u00e9sben egy olyan mRNS alap\u00fa rendszert dolgoztak ki, amellyel szervspecifikus nyirok\u00e9rn\u00f6veked\u00e9s v\u00e1lthat\u00f3 ki, \u00e9s \u00edgy a j\u00f6v\u0151ben alapj\u00e1t k\u00e9pezheti egy \u00faj t\u00edpus\u00fa ter\u00e1pia kidolgoz\u00e1s\u00e1nak. Az err\u0151l sz\u00f3l\u00f3 publik\u00e1ci\u00f3 a rangos Nature Communications foly\u00f3iratban jelent meg.\u00a0<\/div>\n<p>A nyirokrendszer f\u0151 feladata a folyad\u00e9kegyens\u00faly szab\u00e1lyoz\u00e1sa, a zs\u00edrok felsz\u00edv\u00e1sa a b\u00e9lb\u0151l, valamint l\u00e9nyeges az immunv\u00e9dekez\u00e9sben is. A nyirokrendszer r\u00e9sz\u00e9t k\u00e9pezik a nyirokerek, amelyek sz\u00e1mos \u00faj funkci\u00f3j\u00e1ra der\u00fclt f\u00e9ny az elm\u00falt \u00e9vekben, szerep\u00fck van p\u00e9ld\u00e1ul a v\u00e9rnyom\u00e1s szab\u00e1lyoz\u00e1s\u00e1ban, de az idegrendszerhez kapcsol\u00f3d\u00f3 betegs\u00e9gekben is. Ez egy nagyon forr\u00f3 ter\u00fclet most a tudom\u00e1nyban \u2013 mondja dr. Jakus Zolt\u00e1n, a Semmelweis Egyetem \u00c9lettani Int\u00e9zet\u00e9nek egyetemi docense.<\/p>\n<div class=\"fontos_div\">\n<p>A kutat\u00e1suk els\u0151dleges c\u00e9lja az volt, hogy jobban meg\u00e9rts\u00e9k a nyirokerek szervspecifikus funkci\u00f3it, eredm\u00e9nyeik emellett k\u00f6zelebb vihetnek a nyirok\u00e9rm\u0171k\u00f6d\u00e9s k\u00e1rosod\u00e1sa miatt kialakul\u00f3 nyirok\u00f6d\u00e9ma kezel\u00e9s\u00e9hez is. Ez a betegs\u00e9g \u2013 amire jelenleg nincs c\u00e9lzott ter\u00e1pia \u2013 vil\u00e1gszerte sz\u00e1zmilli\u00f3kat \u00e9rint.<\/p>\n<\/div>\n<p>A fejlett orsz\u00e1gokban els\u0151sorban daganatos betegs\u00e9gek nyom\u00e1n alakul ki, de a h\u00e1tt\u00e9rben \u00e1llhat gyullad\u00e1s vagy s\u00e9r\u00fcl\u00e9s is, a tr\u00f3pusi orsz\u00e1gokban pedig bizonyos parazit\u00e1k miatt sz\u00e1m\u00edt nagyon gyakori betegs\u00e9gnek. \u00a0<\/p>\n<figure id=\"attachment_104127\" aria-describedby=\"caption-attachment-104127\" style=\"width: 1200px\" class=\"wp-caption aligncenter\"><img loading=\"lazy\" decoding=\"async\" class=\"wp-image-104127 size-full\" src=\"https:\/\/semmelweis.hu\/hirek\/files\/2021\/06\/RS132299_C19A0253-scr_2.jpg\" alt=\"\" width=\"1200\" height=\"726\" srcset=\"https:\/\/semmelweis.hu\/hirek\/files\/2021\/06\/RS132299_C19A0253-scr_2.jpg 1200w, https:\/\/semmelweis.hu\/hirek\/files\/2021\/06\/RS132299_C19A0253-scr_2-400x242.jpg 400w, https:\/\/semmelweis.hu\/hirek\/files\/2021\/06\/RS132299_C19A0253-scr_2-900x545.jpg 900w, https:\/\/semmelweis.hu\/hirek\/files\/2021\/06\/RS132299_C19A0253-scr_2-768x465.jpg 768w, https:\/\/semmelweis.hu\/hirek\/files\/2021\/06\/RS132299_C19A0253-scr_2-753x456.jpg 753w\" sizes=\"auto, (max-width: 1200px) 100vw, 1200px\" \/><figcaption id=\"caption-attachment-104127\" class=\"wp-caption-text\">dr. Kov\u00e1cs G\u00e1bor, dr. Jakus Zolt\u00e1n, dr. Sz\u0151ke D\u00e1niel<\/figcaption><\/figure>\n<p>A munka sor\u00e1n haszn\u00e1lt mRNS alap\u00fa rendszert eddig d\u00f6nt\u0151en vakcinafejleszt\u00e9sre haszn\u00e1lt\u00e1k, mint ismert, a technol\u00f3gia \u00e1tt\u00f6r\u00e9st hozott az \u00faj t\u00edpus\u00fa koronav\u00edrus elleni k\u00fczdelemben (a Pfizer\/BioNTech \u00e9s a Moderna k\u00e9sz\u00edtm\u00e9nye is erre a technol\u00f3gi\u00e1ra \u00e9p\u00fcl). A Semmelweis Egyetem kutat\u00f3i dr. Jakus Zolt\u00e1n vezet\u00e9s\u00e9vel dr. Pardi Norberttel, a University of Pennsylvania kutat\u00f3csoport-vezet\u0151j\u00e9vel m\u0171k\u00f6dtek egy\u00fctt egy olyan \u00faj mRNS alap\u00fa rendszer l\u00e9trehoz\u00e1s\u00e1ban, amely hossz\u00fa t\u00e1von megold\u00e1s lehet a szervezetben k\u00e1rosodott nyirok\u00e9r m\u0171k\u00f6d\u00e9s helyre\u00e1ll\u00edt\u00e1s\u00e1ra.<\/p>\n<p><img loading=\"lazy\" decoding=\"async\" class=\"alignright size-medium wp-image-104129\" src=\"https:\/\/semmelweis.hu\/hirek\/files\/2021\/06\/RS132295_C19A0213-scr_2-400x267.jpg\" alt=\"\" width=\"400\" height=\"267\" srcset=\"https:\/\/semmelweis.hu\/hirek\/files\/2021\/06\/RS132295_C19A0213-scr_2-400x267.jpg 400w, https:\/\/semmelweis.hu\/hirek\/files\/2021\/06\/RS132295_C19A0213-scr_2-900x600.jpg 900w, https:\/\/semmelweis.hu\/hirek\/files\/2021\/06\/RS132295_C19A0213-scr_2-768x512.jpg 768w, https:\/\/semmelweis.hu\/hirek\/files\/2021\/06\/RS132295_C19A0213-scr_2-753x502.jpg 753w, https:\/\/semmelweis.hu\/hirek\/files\/2021\/06\/RS132295_C19A0213-scr_2-203x135.jpg 203w, https:\/\/semmelweis.hu\/hirek\/files\/2021\/06\/RS132295_C19A0213-scr_2.jpg 1200w\" sizes=\"auto, (max-width: 400px) 100vw, 400px\" \/>Az mRNS alap\u00fa koronav\u00edrus v\u00e9d\u0151olt\u00e1s l\u00e9nyege, hogy h\u00edrviv\u0151 RNS seg\u00edts\u00e9g\u00e9vel a v\u00edrusra jellemz\u0151 feh\u00e9rje ker\u00fcl a szervezetbe, melyet az immunsejtek felismernek, \u00edgy k\u00e9s\u0151bb sz\u00fcks\u00e9g eset\u00e9n el tudja puszt\u00edtani az immunrendszer a bejutott v\u00edrust \u2013 eml\u00e9keztetett dr. Jakus Zolt\u00e1n. \u201eA mostani kutat\u00e1s sor\u00e1n ugyanezt a rendszert haszn\u00e1ljuk, csak nem v\u00edrusfeh\u00e9rj\u00e9t termeltet\u00fcnk, hanem egy nyirok\u00e9rn\u00f6veked\u00e9si faktort visz\u00fcnk be az mRNS rendszeren kereszt\u00fcl, \u00e9s ez\u00e1ltal tudunk kiv\u00e1ltani szervspecifikus nyirok\u00e9rn\u00f6veked\u00e9st az adott szervben\u201d \u2013 ismertette a munk\u00e1t vezet\u0151 kutat\u00f3.<\/p>\n<p>\u201eEljutottunk od\u00e1ig, hogy hat\u00e9konyan tudunk szervspecifikus nyirok\u00e9rn\u00f6veked\u00e9st kiv\u00e1ltani, \u00edgy jobban meg\u00e9rtj\u00fck a nyirokerek egyes szervekben j\u00e1tszott szerep\u00e9t, valamint \u00e1llatmodellben k\u00e9pesek vagyunk visszaford\u00edtani a nyirok\u00f6d\u00e9m\u00e1t, amely az alapj\u00e1t k\u00e9pezheti egy k\u00e9s\u0151bbi ter\u00e1pi\u00e1s megk\u00f6zel\u00edt\u00e9snek\u201d \u2013 tette hozz\u00e1.<\/p>\n<div class=\"fontos_div\">\n<p>A munkacsoport eredm\u00e9nyei a rangos Nature Communications foly\u00f3iratban jelentek meg 2021. j\u00fanius 8-\u00e1n. A k\u00eds\u00e9rletes munka d\u00f6nt\u0151 r\u00e9sz\u00e9t dr. Jakus Zolt\u00e1n ir\u00e1ny\u00edt\u00e1sa mellett dr. Sz\u0151ke D\u00e1niel, a k\u00f6zlem\u00e9ny els\u0151 szerz\u0151je \u00e9s dr. Kov\u00e1cs G\u00e1bor PhD-hallgat\u00f3k v\u00e9gezt\u00e9k.<\/p>\n<\/div>\n<p>Dr. Sz\u0151ke D\u00e1niel, az egyetem PhD-hallgat\u00f3ja, aki dr. Jakus Zolt\u00e1n kutat\u00f3csoportj\u00e1hoz harmad\u00e9ves TDK-hallgat\u00f3k\u00e9nt ker\u00fclt, hangs\u00falyozta: a nyirok\u00f6d\u00e9ma lehets\u00e9ges ter\u00e1pi\u00e1ja az els\u0151 haszn\u00e1lata lehet ennek az eszk\u00f6znek, mag\u00e1t a koncepci\u00f3t a k\u00e9s\u0151bbiekben m\u00e1s olyan kr\u00f3nikus betegs\u00e9gekn\u00e9l is lehetne haszn\u00e1lni, amelyekben a nyirokereknek szerepe lehet, \u00e9s megold\u00e1st jelenthet a nyirokerek n\u00f6veked\u00e9s\u00e9nek serkent\u00e9se \u00e9s funkci\u00f3juk \u00fajraind\u00edt\u00e1sa.<\/p>\n<p>Dobozi P\u00e1lma<br \/>\nFot\u00f3: Kov\u00e1cs Attila &#8211; Semmelweis Egyetem<\/p>\n<p><em>Sz\u0151ke D, Kov\u00e1cs G, Kemecsei \u00c9, B\u00e1lint L, Szot\u00e1k-Ajtay K, Aradi P, Styevk\u00f3n\u00e9 Dinny\u00e9s A, Mui BL, TamYK, Madden TD, Karik\u00f3 K, Kataru RP, Hope MJ, Weissman D, Mehrara BJ, Pardi N and Jakus Z; <a href=\"https:\/\/rdcu.be\/cl8T2\" target=\"_blank\" rel=\"noopener noreferrer\">Nucleoside-modified VEGFC mRNA induces organ-specific lymphatic growth and reverses experimental lymphedema<\/a>. Nat Commun 12, 3460 (2021). https:\/\/doi.org\/10.1038\/s41467-021-23546-6<\/em><\/p>\n","protected":false},"excerpt":{"rendered":"<p>Az mRNS alap\u00fa rendszer alkalmas lehet p\u00e9ld\u00e1ul a nyirok\u00f6d\u00e9ma kezel\u00e9s\u00e9re, amelynek jelenleg nincs v\u00e9gleges megold\u00e1st ny\u00fajt\u00f3 ter\u00e1pi\u00e1ja.<\/p>\n","protected":false},"author":13,"featured_media":104127,"comment_status":"closed","ping_status":"closed","sticky":false,"template":"","format":"standard","meta":{"_acf_changed":false,"footnotes":""},"categories":[161,168],"tags":[],"class_list":["post-104125","post","type-post","status-publish","format-standard","has-post-thumbnail","hentry","category-tudomany","category-kiemelt"],"acf":[],"_links":{"self":[{"href":"https:\/\/semmelweis.hu\/hirek\/wp-json\/wp\/v2\/posts\/104125","targetHints":{"allow":["GET"]}}],"collection":[{"href":"https:\/\/semmelweis.hu\/hirek\/wp-json\/wp\/v2\/posts"}],"about":[{"href":"https:\/\/semmelweis.hu\/hirek\/wp-json\/wp\/v2\/types\/post"}],"author":[{"embeddable":true,"href":"https:\/\/semmelweis.hu\/hirek\/wp-json\/wp\/v2\/users\/13"}],"replies":[{"embeddable":true,"href":"https:\/\/semmelweis.hu\/hirek\/wp-json\/wp\/v2\/comments?post=104125"}],"version-history":[{"count":4,"href":"https:\/\/semmelweis.hu\/hirek\/wp-json\/wp\/v2\/posts\/104125\/revisions"}],"predecessor-version":[{"id":104133,"href":"https:\/\/semmelweis.hu\/hirek\/wp-json\/wp\/v2\/posts\/104125\/revisions\/104133"}],"wp:featuredmedia":[{"embeddable":true,"href":"https:\/\/semmelweis.hu\/hirek\/wp-json\/wp\/v2\/media\/104127"}],"wp:attachment":[{"href":"https:\/\/semmelweis.hu\/hirek\/wp-json\/wp\/v2\/media?parent=104125"}],"wp:term":[{"taxonomy":"category","embeddable":true,"href":"https:\/\/semmelweis.hu\/hirek\/wp-json\/wp\/v2\/categories?post=104125"},{"taxonomy":"post_tag","embeddable":true,"href":"https:\/\/semmelweis.hu\/hirek\/wp-json\/wp\/v2\/tags?post=104125"}],"curies":[{"name":"wp","href":"https:\/\/api.w.org\/{rel}","templated":true}]}}