{"id":104111,"date":"2021-06-08T06:00:10","date_gmt":"2021-06-08T04:00:10","guid":{"rendered":"https:\/\/semmelweis.hu\/hirek\/?p=104111"},"modified":"2021-06-07T17:11:26","modified_gmt":"2021-06-07T15:11:26","slug":"poszt-covid-ellatas-a-varosmajori-sziv-es-ergyogyaszati-klinikan","status":"publish","type":"post","link":"https:\/\/semmelweis.hu\/hirek\/2021\/06\/08\/poszt-covid-ellatas-a-varosmajori-sziv-es-ergyogyaszati-klinikan\/","title":{"rendered":"Poszt-COVID-ell\u00e1t\u00e1s a V\u00e1rosmajori Sz\u00edv- \u00e9s \u00c9rgy\u00f3gy\u00e1szati Klinik\u00e1n"},"content":{"rendered":"<div class=\"lead\">A klinik\u00e1n h\u00e1rom rendel\u00e9sen folyik poszt-COVID-ell\u00e1t\u00e1s: az \u00e1ltal\u00e1nos kardiol\u00f3gi\u00e1n, a sportkardiol\u00f3gi\u00e1n \u00e9s az immunol\u00f3giai ambulanci\u00e1n. Azokat a betegeket v\u00e1rj\u00e1k, akik a fert\u0151z\u00e9s ut\u00e1n t\u00f6bb mint 6 h\u00e9ttel is f\u00e1rad\u00e9konys\u00e1got, bizonytalan eredet\u0171 mellkasi f\u00e1jdalmakat, cs\u00f6kkent terhelhet\u0151s\u00e9get tapasztalnak. Akut panaszok eset\u00e9n a klinika s\u00fcrg\u0151ss\u00e9gi r\u00e9szlege soron k\u00edv\u00fcl l\u00e1tja el a poszt-COVID-os betegeket.<\/div>\n<p><img loading=\"lazy\" decoding=\"async\" class=\"alignleft size-medium wp-image-104113\" src=\"https:\/\/semmelweis.hu\/hirek\/files\/2021\/06\/RS129001_C19A2596-scr-267x400.jpg\" alt=\"\" width=\"267\" height=\"400\" srcset=\"https:\/\/semmelweis.hu\/hirek\/files\/2021\/06\/RS129001_C19A2596-scr-267x400.jpg 267w, https:\/\/semmelweis.hu\/hirek\/files\/2021\/06\/RS129001_C19A2596-scr-533x800.jpg 533w, https:\/\/semmelweis.hu\/hirek\/files\/2021\/06\/RS129001_C19A2596-scr.jpg 600w\" sizes=\"auto, (max-width: 267px) 100vw, 267px\" \/>A klinik\u00e1ra annak profilj\u00e1b\u00f3l ad\u00f3d\u00f3an kardiovaszkul\u00e1ris jelleg\u0171 poszt-COVID-t\u00fcneteket mutat\u00f3 betegek \u00e9rkeznek, a leggyakoribb panasz a mellkasi f\u00e1jdalom, a nagyfok\u00fa f\u00e1rad\u00e9konys\u00e1g \u00e9s a terhelhet\u0151s\u00e9g dr\u00e1mai lecs\u00f6kken\u00e9se \u2013 fogalmazott dr. Becker D\u00e1vid egyetemi docens, a <a href=\"https:\/\/semmelweis.hu\/telefonkonyv\/?inst_id=43\">V\u00e1rosmajori Sz\u00edv- \u00e9s \u00c9rgy\u00f3gy\u00e1szati Klinika<\/a> igazgat\u00f3helyettese. A klinika <a href=\"https:\/\/semmelweis.hu\/hirek\/2021\/04\/13\/covid-ellatas-a-varosmajori-sziv-es-ergyogyaszati-klinikan\/\">a koronav\u00edrus magyarorsz\u00e1gi megjelen\u00e9se \u00f3ta r\u00e9szt vesz a COVID-ell\u00e1t\u00e1sban<\/a>, \u00e1prilisban pedig elindult a poszt-COVID-ell\u00e1t\u00e1s is. A feladat ell\u00e1t\u00e1s\u00e1ra \u00e9s egyben tudom\u00e1nyos kutat\u00e1si c\u00e9llal k\u00fcl\u00f6n munkacsoportot hoztunk l\u00e9tre, szakorvosok vezet\u00e9s\u00e9vel rezidensek, PhD-hallgat\u00f3k r\u00e9szv\u00e9tel\u00e9vel h\u00e1rom ambulanci\u00e1val: az \u00e1ltal\u00e1nos kardiol\u00f3giai rendel\u00e9s mellett m\u0171k\u00f6dik a sportkardiol\u00f3giai ambulancia dr. V\u00e1g\u00f3 Hajnalka, a Kardiol\u00f3giai Tansz\u00e9k egyetemi docens\u00e9nek vezet\u00e9s\u00e9vel, valamint az immunol\u00f3giai ambulancia, amely\u00e9rt dr. Nagy Gy\u00f6rgy egyetemi tan\u00e1r, a Reumatol\u00f3giai \u00e9s Klinikai Immunol\u00f3giai Tansz\u00e9k tansz\u00e9kvezet\u0151je felel\u0151s.<\/p>\n<div class=\"fontos_div\">\n<p>Az igazgat\u00f3helyettes szerint poszt-COVID-\u00e1llapotr\u00f3l akkor besz\u00e9lhet\u00fcnk, ha a panaszok a betegs\u00e9g ut\u00e1n 6 h\u00e9ttel is fenn\u00e1llnak \u2013 ha teh\u00e1t valaki a fert\u0151z\u00e9s ut\u00e1n ennyi id\u0151vel is f\u00e1rad\u00e9konys\u00e1got, bizonytalan eredet\u0171 mellkasi f\u00e1jdalmakat, cs\u00f6kkent terhelhet\u0151s\u00e9get \u00e9szlel mag\u00e1n, \u00e9rdemes orvoshoz fordulnia.<\/p>\n<\/div>\n<p>A sportkardiol\u00f3giai ell\u00e1t\u00e1s a COVID-on \u00e1tesett versenysportol\u00f3knak sz\u00f3l, akik a csapatuk vagy egyes\u00fclet\u00fck eg\u00e9szs\u00e9g\u00fcgyi szakemberein, vagy a sportorvosi rendszeren kereszt\u00fcl ker\u00fclnek a rendel\u00e9sre. Az immunol\u00f3giai ambulancia elind\u00edt\u00e1sa a COVID pand\u00e9mi\u00e1t\u00f3l f\u00fcggetlen\u00fcl is nagyon fontos, mert a kardiovaszkul\u00e1ris probl\u00e9m\u00e1k egy r\u00e9sz\u00e9nek h\u00e1tter\u00e9ben immunol\u00f3giai betegs\u00e9g \u00e1ll \u2013 ide tartozhat a gyakran autoimmun k\u00f3rk\u00e9pekkel egy\u00fctt jelentkez\u0151 vaszkulitisz (\u00e9rgyullad\u00e1s), vagy ak\u00e1r a sz\u00edvizom egyes betegs\u00e9gei is \u2013 magyar\u00e1zta dr. Becker D\u00e1vid.<\/p>\n<p><img loading=\"lazy\" decoding=\"async\" class=\"aligncenter size-full wp-image-104115\" src=\"https:\/\/semmelweis.hu\/hirek\/files\/2021\/06\/RS109299_KT_20200208_0465-scr.jpg\" alt=\"\" width=\"1200\" height=\"800\" srcset=\"https:\/\/semmelweis.hu\/hirek\/files\/2021\/06\/RS109299_KT_20200208_0465-scr.jpg 1200w, https:\/\/semmelweis.hu\/hirek\/files\/2021\/06\/RS109299_KT_20200208_0465-scr-400x267.jpg 400w, https:\/\/semmelweis.hu\/hirek\/files\/2021\/06\/RS109299_KT_20200208_0465-scr-900x600.jpg 900w, https:\/\/semmelweis.hu\/hirek\/files\/2021\/06\/RS109299_KT_20200208_0465-scr-768x512.jpg 768w, https:\/\/semmelweis.hu\/hirek\/files\/2021\/06\/RS109299_KT_20200208_0465-scr-753x502.jpg 753w, https:\/\/semmelweis.hu\/hirek\/files\/2021\/06\/RS109299_KT_20200208_0465-scr-203x135.jpg 203w\" sizes=\"auto, (max-width: 1200px) 100vw, 1200px\" \/>A V\u00e1rosmajori Sz\u00edv- \u00e9s \u00c9rgy\u00f3gy\u00e1szati Klinika kardiol\u00f3giai \u00e9s immunol\u00f3giai poszt-COVID-ell\u00e1t\u00e1s\u00e1ra az egyetem t\u00f6bbi COVID-ell\u00e1t\u00f3hely\u00e9r\u0151l, illetve h\u00e1ziorvosi vagy egy\u00e9b szakrendel\u00e9sr\u0151l beutal\u00f3val \u00e9rkezhetnek p\u00e1ciensek, akik telefonon, valamint a <a href=\"mailto:postcovidvszek@gmail.com\">postcovidvszek@gmail.com<\/a> c\u00edmen foglalhatnak id\u0151pontot. A klinik\u00e1n k\u00e9palkot\u00f3 \u00e9s laborvizsg\u00e1latokat is v\u00e9geznek, mely sor\u00e1n EKG-t k\u00e9sz\u00edtenek \u00e9s a sz\u00edvizom k\u00e1rosod\u00e1s\u00e1ra utal\u00f3 troponint, pro-BNP szintet is vizsg\u00e1lj\u00e1k, valamint ha a t\u00fcnetek alapj\u00e1n sz\u00fcks\u00e9ges, az egyetem t\u00f6bbi post COVID-ell\u00e1t\u00f3hely\u00e9re is tov\u00e1bbutalhatj\u00e1k a betegeket. Akut panaszok eset\u00e9n a klinika s\u00fcrg\u0151ss\u00e9gi r\u00e9szlege soron k\u00edv\u00fcl l\u00e1tja el a poszt-COVID-os p\u00e1cienseket.<\/p>\n<blockquote>\n<p><em>A koronav\u00edrus-fert\u0151z\u00e9s egyik saj\u00e1toss\u00e1ga, hogy m\u00e9g a gy\u00f3gyul\u00e1st k\u00f6vet\u0151 id\u0151szakban is tromboemb\u00f3li\u00e1s betegs\u00e9geket, p\u00e9ld\u00e1ul t\u00fcd\u0151emb\u00f3li\u00e1t okozhat, ez\u00e9rt erre k\u00fcl\u00f6n is figyelmet kell ford\u00edtani!<\/em><\/p>\n<\/blockquote>\n<p>\u2013 emelte ki dr. Becker D\u00e1vid, hozz\u00e1t\u00e9ve: a klinika poszt-COVID-ell\u00e1t\u00e1s\u00e1nak indul\u00e1sa \u00f3ta m\u00e1r t\u00f6bb mint sz\u00e1z beteget kezeltek, az ig\u00e9ny n\u00f6veked\u00e9se eset\u00e9n tov\u00e1bb b\u0151v\u00edtik a rendel\u00e9seket.<\/p>\n<p>Szab\u00f3 \u00c1d\u00e1m<br \/>\nFot\u00f3: Kov\u00e1cs Attila &#8211; Semmelweis Egyetem<\/p>\n","protected":false},"excerpt":{"rendered":"<p>A klinik\u00e1n h\u00e1rom rendel\u00e9sen folyik poszt-COVID-ell\u00e1t\u00e1s: az \u00e1ltal\u00e1nos kardiol\u00f3gi\u00e1n, a sportkardiol\u00f3gi\u00e1n \u00e9s az immunol\u00f3giai ambulanci\u00e1n.<\/p>\n","protected":false},"author":101751,"featured_media":104115,"comment_status":"closed","ping_status":"closed","sticky":false,"template":"","format":"standard","meta":{"_acf_changed":false,"footnotes":""},"categories":[154,168],"tags":[4257,4260,4282],"class_list":["post-104111","post","type-post","status-publish","format-standard","has-post-thumbnail","hentry","category-egeszseg","category-kiemelt","tag-koronavirus","tag-koronavirus-betegellatas","tag-poszt-covid"],"acf":[],"_links":{"self":[{"href":"https:\/\/semmelweis.hu\/hirek\/wp-json\/wp\/v2\/posts\/104111","targetHints":{"allow":["GET"]}}],"collection":[{"href":"https:\/\/semmelweis.hu\/hirek\/wp-json\/wp\/v2\/posts"}],"about":[{"href":"https:\/\/semmelweis.hu\/hirek\/wp-json\/wp\/v2\/types\/post"}],"author":[{"embeddable":true,"href":"https:\/\/semmelweis.hu\/hirek\/wp-json\/wp\/v2\/users\/101751"}],"replies":[{"embeddable":true,"href":"https:\/\/semmelweis.hu\/hirek\/wp-json\/wp\/v2\/comments?post=104111"}],"version-history":[{"count":3,"href":"https:\/\/semmelweis.hu\/hirek\/wp-json\/wp\/v2\/posts\/104111\/revisions"}],"predecessor-version":[{"id":104116,"href":"https:\/\/semmelweis.hu\/hirek\/wp-json\/wp\/v2\/posts\/104111\/revisions\/104116"}],"wp:featuredmedia":[{"embeddable":true,"href":"https:\/\/semmelweis.hu\/hirek\/wp-json\/wp\/v2\/media\/104115"}],"wp:attachment":[{"href":"https:\/\/semmelweis.hu\/hirek\/wp-json\/wp\/v2\/media?parent=104111"}],"wp:term":[{"taxonomy":"category","embeddable":true,"href":"https:\/\/semmelweis.hu\/hirek\/wp-json\/wp\/v2\/categories?post=104111"},{"taxonomy":"post_tag","embeddable":true,"href":"https:\/\/semmelweis.hu\/hirek\/wp-json\/wp\/v2\/tags?post=104111"}],"curies":[{"name":"wp","href":"https:\/\/api.w.org\/{rel}","templated":true}]}}