{"id":103861,"date":"2021-05-21T06:00:25","date_gmt":"2021-05-21T04:00:25","guid":{"rendered":"https:\/\/semmelweis.hu\/hirek\/?p=103861"},"modified":"2021-05-20T21:04:23","modified_gmt":"2021-05-20T19:04:23","slug":"covid-ellatas-az-i-sz-gyermekgyogyaszati-klinikan","status":"publish","type":"post","link":"https:\/\/semmelweis.hu\/hirek\/2021\/05\/21\/covid-ellatas-az-i-sz-gyermekgyogyaszati-klinikan\/","title":{"rendered":"COVID-ell\u00e1t\u00e1s az I. Sz. Gyermekgy\u00f3gy\u00e1szati Klinik\u00e1n"},"content":{"rendered":"<div class=\"lead\">A Semmelweis Egyetemen az I. Sz. Gyermekgy\u00f3gy\u00e1szati Klinika a kijel\u00f6lt COVID-ell\u00e1t\u00f3 a 18 \u00e9v alatti COVID-19 betegek kezel\u00e9s\u00e9re. A gyermekek eset\u00e9ben a koronav\u00edrusfert\u0151z\u00e9s jellemz\u0151en enyh\u00e9bb t\u00fcneteket okoz, \u00edgy csak a harmadik hull\u00e1m cs\u00facs\u00e1n m\u0171k\u00f6d\u00f6tt k\u00f6zel teljes kapacit\u00e1ssal a klinika elk\u00fcl\u00f6n\u00edtett, 15 \u00e1gyas COVID-oszt\u00e1lya. Enn\u00e9l a koroszt\u00e1lyn\u00e1l ugyanakkor komoly kih\u00edv\u00e1st okoz, hogy az \u00e1ltal\u00e1nos gyermekgy\u00f3gy\u00e1szati t\u00fcnetek nagy hasonl\u00f3s\u00e1got mutatnak a koronav\u00edrus-fert\u0151z\u00e9ssel. Az eddigi tapasztalatokr\u00f3l dr. Szab\u00f3 Attila igazgat\u00f3t, a Klinikai K\u00f6zpont eln\u00f6k\u00e9t \u00e9s Czira Anita klinikavezet\u0151 f\u0151n\u0151v\u00e9rt k\u00e9rdezt\u00fck.\u00a0<\/div>\n<h2>\u201eA csapatban val\u00f3 dolgoz\u00e1s \u00e9s az egy\u00fcttm\u0171k\u00f6d\u00e9s soha nem volt m\u00e9g ennyire er\u0151s\u201d<\/h2>\n<h5><strong>Dr. Szab\u00f3 Attila igazgat\u00f3, I. Sz. Gyermekgy\u00f3gy\u00e1szati Klinika<\/strong><\/h5>\n<p><strong>Mi\u00f3ta vesznek r\u00e9szt a COVID-betegek ell\u00e1t\u00e1s\u00e1ban? Eml\u00e9kszik-e az els\u0151 esetre?<\/strong><\/p>\n<p><img loading=\"lazy\" decoding=\"async\" class=\"alignleft size-medium wp-image-103862\" src=\"https:\/\/semmelweis.hu\/hirek\/files\/2021\/05\/RS131812_C19A3662-scr-268x400.jpg\" alt=\"\" width=\"268\" height=\"400\" srcset=\"https:\/\/semmelweis.hu\/hirek\/files\/2021\/05\/RS131812_C19A3662-scr-268x400.jpg 268w, https:\/\/semmelweis.hu\/hirek\/files\/2021\/05\/RS131812_C19A3662-scr-537x800.jpg 537w, https:\/\/semmelweis.hu\/hirek\/files\/2021\/05\/RS131812_C19A3662-scr.jpg 604w\" sizes=\"auto, (max-width: 268px) 100vw, 268px\" \/>A gyermekgy\u00f3gy\u00e1szat helyzete annyiban speci\u00e1lis, hogy b\u00e1r \u00e9rintheti s\u00falyosan a COVID-19 a tizennyolc \u00e9v alattiakat, m\u00e9gis t\u00f6bbnyire k\u00f6nnyebb lefoly\u00e1s\u00fa, sokszor ak\u00e1r t\u00fcnetmentes a betegs\u00e9g enn\u00e9l a koroszt\u00e1lyn\u00e1l. Ezzel egy\u00fctt is vannak ugyanakkor olyan COVID pozit\u00edv gyermekek, akik vagy k\u00f6zvetlen a fert\u0151z\u00e9s vagy alapbetegs\u00e9g\u00fck miatt k\u00f3rh\u00e1zi kezel\u00e9sre szorulnak. 2020. m\u00e1rcius 20-a \u00f3ta m\u0171k\u00f6dtett\u00fcnk a klinik\u00e1n elk\u00fcl\u00f6n\u00edtett COVID-oszt\u00e1lyt, tov\u00e1bb\u00e1 egy intermedier r\u00e9szleget, ahova a fert\u0151z\u00e9sgyan\u00fas esetek ker\u00fclnek addig, am\u00edg nincs meg a teszt eredm\u00e9nye. Az ut\u00f3bbi, vagyis az \u00fan. sz\u00fcrke z\u00f3na forgalma egy\u00e9bk\u00e9nt nagyobb, mint a v\u00f6r\u00f6s z\u00f3n\u00e1\u00e9, ugyanis azok az \u00e1ltal\u00e1nos gyermekgy\u00f3gy\u00e1szati probl\u00e9m\u00e1k (l\u00e1z, k\u00f6h\u00f6g\u00e9s, hasi panaszok), amikkel a legt\u00f6bbsz\u00f6r hozz\u00e1nk \u00e9rkeztek a p\u00e1ciensek, sokban hasonl\u00edtanak a COVID t\u00fcneteihez, \u00edgy gyakorlatilag a t\u00f6bbs\u00e9g\u00fcket az intermedier oszt\u00e1lyon kereszt\u00fcl vett\u00fck, vessz\u00fck fel. Gyermekekn\u00e9l egy\u00e9bk\u00e9nt sokkal gyakoribbak koronav\u00edrusfert\u0151z\u00e9s eset\u00e9n a hasi panaszok, mint a feln\u0151ttekn\u00e9l, \u00e9s ak\u00e1r vakb\u00e9lgyullad\u00e1shoz hasonl\u00f3 t\u00fcneteket is produk\u00e1lhatnak. Az els\u0151 pozit\u00edv esetre pontosan eml\u00e9kszem, mivel r\u00f6gt\u00f6n m\u00e9lyv\u00edzbe ker\u00fclt\u00fcnk \u2013 az \u00e9rintett gyermeket intenz\u00edv oszt\u00e1lyon, n\u00e9h\u00e1ny napig l\u00e9legeztet\u0151g\u00e9pen kellett kezeln\u00fcnk, szerencs\u00e9re sikeresen. Ut\u00f3bb kider\u00fclt, hogy a s\u00falyos panaszokat nem k\u00f6zvetlen\u00fcl a koronav\u00edrusfert\u0151z\u00e9se, hanem az alapbetegs\u00e9ge okozta.<\/p>\n<p><strong>Mi a feladatk\u00f6r\u00fck a COVID-19 betegek ell\u00e1t\u00e1sa ter\u00e9n?<\/strong><\/p>\n<p>A Semmelweis Egyetemen bel\u00fcl az I. Sz. Gyermekgy\u00f3gy\u00e1szati Klinika a kijel\u00f6lt COVID-ell\u00e1t\u00f3 a 18 \u00e9v alatti koroszt\u00e1ly eset\u00e9ben. Ennek oka egyr\u00e9szt a COVID-ell\u00e1t\u00e1st v\u00e9gz\u0151 K\u00fcls\u0151 Klinikai T\u00f6mbh\u00f6z val\u00f3 f\u00f6ldrajzi k\u00f6zels\u00e9ge, de m\u00e9rlegelt\u00fck azt is, hogy a II. Sz. Gyermekgy\u00f3gy\u00e1szati Klinik\u00e1n kezelik a hematoonkol\u00f3giai betegeket, akik k\u00fcl\u00f6n\u00f6sen kitettek a fert\u0151z\u00e9seknek. A j\u00e1rv\u00e1nyhelyzetben el\u0151ny\u00f6s volt, hogy klinik\u00e1nkon h\u00e1rom k\u00fcl\u00f6n\u00e1ll\u00f3 pavilon is megtal\u00e1lhat\u00f3, \u00edgy k\u00f6nnyen meg tudtuk val\u00f3s\u00edtani az \u00e9rintettek elk\u00fcl\u00f6n\u00edt\u00e9s\u00e9t. A pavilonokat el\u0151deink egy\u00e9bk\u00e9nt a fert\u0151z\u0151 betegek elk\u00fcl\u00f6n\u00edt\u00e9s\u00e9re \u00e9p\u00edtett\u00e9k.<\/p>\n<p><strong>Mennyire volt sz\u00fcks\u00e9g a munka \u00e1tszervez\u00e9s\u00e9re?<\/strong><\/p>\n<p>2021. m\u00e1jus 20-ig \u00f6sszesen 103 COVID pozit\u00edv beteget kezelt\u00fcnk az oszt\u00e1lyon, l\u00e1that\u00f3 teh\u00e1t, hogy a gyermekell\u00e1t\u00e1s esetsz\u00e1mai volumen\u00e9ben nem hasonl\u00edthat\u00f3k a feln\u0151tt\u00e9hez, m\u00e9gis alaposan \u00e1t kellett szervezni a teljes tev\u00e9kenys\u00e9g\u00fcnket. A klinik\u00e1ra a gyermeks\u00fcrg\u0151ss\u00e9gi oszt\u00e1ly egykapus rendszer\u00e9n \u00e1t \u00e9rkeznek a betegek, ami a j\u00e1rv\u00e1nyhelyzetben sz\u0171r\u0151kaput is jelent, az itt dolgoz\u00f3 koll\u00e9g\u00e1k v\u00e9d\u0151felszerel\u00e9sbe \u00f6lt\u00f6zve v\u00e9gzik az els\u0151dleges diagnosztik\u00e1t. A COVID-oszt\u00e1lyt a kor\u00e1bban a vesebetegeket kezel\u0151 \u00e9p\u00fclet\u00fcnkben alak\u00edtottuk ki, az ottani ell\u00e1t\u00e1st, minden m\u00e1s koronav\u00edrust\u00f3l f\u00fcggetlen tev\u00e9kenys\u00e9ggel egy\u00fctt a f\u0151\u00e9p\u00fcletbe helyezt\u00fck \u00e1t. Az intermedier z\u00f3n\u00e1t szint\u00e9n egy k\u00fcl\u00f6n pavilonban alak\u00edtottuk ki. A klinik\u00e1n alapvet\u0151en ugyanazok a koll\u00e9g\u00e1k v\u00e9gzik a kezdetekt\u0151l a sz\u00fcrke \u00e9s a v\u00f6r\u00f6s z\u00f3n\u00e1s ell\u00e1t\u00e1st, az alacsony esetsz\u00e1mok ugyanakkor lehet\u0151v\u00e9 tett\u00e9k azt is, hogy m\u00e1s egys\u00e9geknek is beseg\u00edts\u00fcnk: volt olyan, hogy egyszerre 27 munkat\u00e1rsunk dolgozott az egyetem m\u00e1s klinik\u00e1inak COVID-ell\u00e1t\u00e1s\u00e1ban.<\/p>\n<p><strong>A gyermekell\u00e1t\u00e1s tekintet\u00e9ben milyen k\u00fcl\u00f6nbs\u00e9get l\u00e1t a v\u00edrus k\u00fcl\u00f6nb\u00f6z\u0151 hull\u00e1mai k\u00f6z\u00f6tt?<\/strong><\/p>\n<p>Az els\u0151 hull\u00e1m az alacsony esetsz\u00e1mok miatt a felk\u00e9sz\u00fcl\u00e9s ideje volt; k\u00fcl\u00f6n hangs\u00falyt fektett\u00fcnk a v\u00e9d\u0151eszk\u00f6z\u00f6k haszn\u00e1lat\u00e1nak oktat\u00e1s\u00e1ra, valamint biztos\u00edtottuk a PCR sz\u0171r\u00e9seket nemcsak betegeink, hanem a k\u00eds\u00e9r\u0151k\u00e9nt jelen l\u00e9v\u0151 sz\u00fcl\u0151 sz\u00e1m\u00e1ra is. A m\u00e1sodik hull\u00e1mban m\u00e1r emelkedtek az esetsz\u00e1mok, de csak a harmadik hull\u00e1mban volt olyan id\u0151szak, hogy a 15 \u00e1gyas COVID-oszt\u00e1lyunknak k\u00f6zel teljes kapacit\u00e1ssal kellett m\u0171k\u00f6dnie. A gyermekell\u00e1t\u00e1s specialit\u00e1sa ugyanakkor, hogy a j\u00e1rv\u00e1nyhelyzetben a COVID-oszt\u00e1lyon is biztos\u00edtottuk a sz\u00fcl\u0151k jog\u00e1t ahhoz, hogy egyik\u00fck a gyermek mellett legyen, amivel a t\u00f6bbs\u00e9g \u00e9lt is. Mindezek mellett a klinika r\u00e9szt vesz az olt\u00e1si programban is, k\u00fcl\u00f6n olt\u00f3pontot m\u0171k\u00f6dtet\u00fcnk, tov\u00e1bb\u00e1 a korasz\u00fcl\u00f6ttintenz\u00edv oszt\u00e1lyunkon is l\u00e1ttunk el alacsony sz\u00e1mban koronav\u00edrusfert\u0151z\u00f6tt \u00fajsz\u00fcl\u00f6tteket.<\/p>\n<p><strong>Milyen fontos tanuls\u00e1gokkal, tapasztalatokkal szolg\u00e1l ez a jelenlegi helyzet?<\/strong><\/p>\n<p>Az elm\u00falt t\u00f6bb mint egy \u00e9v sor\u00e1n a legv\u00e1ratlanabb helyzetekben is siker\u00fclt gyorsan v\u00e1laszokat tal\u00e1lni, \u00faj dolgokat megtanulni, \u00e9s hat\u00e9konyan adapt\u00e1l\u00f3dni; ez nemcsak klinikai, hanem \u00f6sszegyetemi szinten is elmondhat\u00f3. A csapatban val\u00f3 dolgoz\u00e1s \u00e9s az egy\u00fcttm\u0171k\u00f6d\u00e9s soha nem volt m\u00e9g ennyire er\u0151s. A pand\u00e9mia egy olyan k\u00f6z\u00f6s, mindenkit \u00e9rint\u0151 fenyegetetts\u00e9g, ami \u00e1t\u00edvelt a sz\u0171kebb szakter\u00fcleteken, mindenki a megold\u00e1sokat kereste \u00e9s nem a probl\u00e9m\u00e1kat \u2013 mondhatjuk, hogy a k\u00f6z\u00f6s ellens\u00e9g m\u00e9g jobban \u00f6sszekov\u00e1csolta az embereket. Emellett a j\u00e1rv\u00e1ny mag\u00e1val hozta egy k\u00fcl\u00f6n infektol\u00f3giai r\u00e9szleg kialak\u00edt\u00e1s\u00e1t a klinik\u00e1n, amit a j\u00f6v\u0151ben is fenntartunk, \u00edgy ezzel is gazdagodik a klinik\u00e1nk portf\u00f3li\u00f3ja.\u00a0<\/p>\n\r\n        [slb_exclude]\r\n        <div class=\"row galeria-wrapper mx-0 h-auto\">\r\n            <div class=\"col-9 pl-0 pr-2\">\r\n            <span class=\"gallery-item frame\">\r\n\t\t\t\t<div class=\"galeria-left-img\"><a href=\"https:\/\/semmelweis.hu\/hirek\/files\/2021\/05\/RS131822_C19A3719-scr.jpg\"><img src=https:\/\/semmelweis.hu\/hirek\/files\/2021\/05\/RS131822_C19A3719-scr.jpg  \r\n                            alt=\"\" \r\n                            class=\"attachment-sote-gallery-big size-sote-gallery-big\" \r\n                            srcset=\"https:\/\/semmelweis.hu\/hirek\/files\/2021\/05\/RS131822_C19A3719-scr-400x267.jpg 400w, https:\/\/semmelweis.hu\/hirek\/files\/2021\/05\/RS131822_C19A3719-scr-900x600.jpg 900w, https:\/\/semmelweis.hu\/hirek\/files\/2021\/05\/RS131822_C19A3719-scr-768x512.jpg 768w, https:\/\/semmelweis.hu\/hirek\/files\/2021\/05\/RS131822_C19A3719-scr-753x502.jpg 753w, https:\/\/semmelweis.hu\/hirek\/files\/2021\/05\/RS131822_C19A3719-scr-203x135.jpg 203w, https:\/\/semmelweis.hu\/hirek\/files\/2021\/05\/RS131822_C19A3719-scr.jpg 1200w\" ><\/a><\/div>\r\n            <\/span>\r\n\r\n            <\/div>\r\n\r\n\t\t\t<div class=\"col-3 pl-0 pr-0\">\r\n\t\t\t\t<div class=\"galeria-right-img d-flex justify-content-between flex-column h-100 w-100 px-0 mx-0 \">\r\n                <div class=\"galeria-box\">\r\n\t\t\t\t\t<h3 class=\"galeria-title\">Gal\u00e9ria<\/h3>\r\n\t\t\t\t\t<div class=\"galeria-subtitle\">\r\n\r\n\t\t\t\t\t\t<div class=\"galeria-page-counter\"><span>3<\/span>k\u00e9p<\/div>\r\n                    <\/div> <\/div>\r\n                    <span class=\"gallery-item frame d-none d-md-flex\">\r\n\t\t\t\t\t<div class=\"galeria-small-img mt-0\"><a href=\"https:\/\/semmelweis.hu\/hirek\/files\/2021\/05\/RS130678_C19A4033-scr-1.jpg\"><img src=https:\/\/semmelweis.hu\/hirek\/files\/2021\/05\/RS130678_C19A4033-scr-1.jpg \r\n                                alt=\"Kor\u00e1bbi felv\u00e9tel\"  \r\n                                class=\"attachment-sote-gallery-small size-sote-gallery-small\" \r\n                                srcset=\"https:\/\/semmelweis.hu\/hirek\/files\/2021\/05\/RS130678_C19A4033-scr-1-400x267.jpg 400w, https:\/\/semmelweis.hu\/hirek\/files\/2021\/05\/RS130678_C19A4033-scr-1-900x600.jpg 900w, https:\/\/semmelweis.hu\/hirek\/files\/2021\/05\/RS130678_C19A4033-scr-1-768x512.jpg 768w, https:\/\/semmelweis.hu\/hirek\/files\/2021\/05\/RS130678_C19A4033-scr-1-753x502.jpg 753w, https:\/\/semmelweis.hu\/hirek\/files\/2021\/05\/RS130678_C19A4033-scr-1-203x135.jpg 203w, https:\/\/semmelweis.hu\/hirek\/files\/2021\/05\/RS130678_C19A4033-scr-1.jpg 1200w\" ><\/a><\/div>\r\n                    <\/span>\r\n                    <span class=\"gallery-item frame d-none d-md-flex\">\r\n\t\t\t\t\t<div class=\"galeria-small-img mt-0\"><a href=\"https:\/\/semmelweis.hu\/hirek\/files\/2021\/05\/RS131756_C19A2032-scr-1.jpg\"><img src=https:\/\/semmelweis.hu\/hirek\/files\/2021\/05\/RS131756_C19A2032-scr-1.jpg \r\n                                alt=\"Kor\u00e1bbi felv\u00e9tel\" \r\n                                class=\"attachment-sote-gallery-small size-sote-gallery-small\" \r\n                                srcset=\"https:\/\/semmelweis.hu\/hirek\/files\/2021\/05\/RS131756_C19A2032-scr-1-400x267.jpg 400w, https:\/\/semmelweis.hu\/hirek\/files\/2021\/05\/RS131756_C19A2032-scr-1-900x600.jpg 900w, https:\/\/semmelweis.hu\/hirek\/files\/2021\/05\/RS131756_C19A2032-scr-1-768x512.jpg 768w, https:\/\/semmelweis.hu\/hirek\/files\/2021\/05\/RS131756_C19A2032-scr-1-753x502.jpg 753w, https:\/\/semmelweis.hu\/hirek\/files\/2021\/05\/RS131756_C19A2032-scr-1-203x135.jpg 203w, https:\/\/semmelweis.hu\/hirek\/files\/2021\/05\/RS131756_C19A2032-scr-1.jpg 1200w\" ><\/a><\/div>\r\n                    <\/span>\r\n\r\n                <\/div>\r\n\r\n            <\/div>\r\n\r\n            \r\n            <\/div>\r\n\r\n            [\/slb_exclude]\r\n\t\n<h2>\u201e\u00dagy legy\u00fcnk jelen a gyermek \u00e1gya mellett, hogy biztons\u00e1got adjunk neki\u201d<\/h2>\n<h5>Czira Anita, klinikavezet\u0151 f\u0151n\u0151v\u00e9r<\/h5>\n<p><strong>A szakdolgoz\u00f3i, \u00e1pol\u00f3i feladatok tekintet\u00e9ben mi a legnagyobb v\u00e1ltoz\u00e1s, amit a COVID-helyzet hozott?<\/strong><\/p>\n<p><img loading=\"lazy\" decoding=\"async\" class=\"alignright size-medium wp-image-103863\" src=\"https:\/\/semmelweis.hu\/hirek\/files\/2021\/05\/RS131816_C19A3692-scr-271x400.jpg\" alt=\"\" width=\"271\" height=\"400\" srcset=\"https:\/\/semmelweis.hu\/hirek\/files\/2021\/05\/RS131816_C19A3692-scr-271x400.jpg 271w, https:\/\/semmelweis.hu\/hirek\/files\/2021\/05\/RS131816_C19A3692-scr-541x800.jpg 541w, https:\/\/semmelweis.hu\/hirek\/files\/2021\/05\/RS131816_C19A3692-scr.jpg 609w\" sizes=\"auto, (max-width: 271px) 100vw, 271px\" \/>A munka nem v\u00e1ltozott meg sz\u00e1mottev\u0151en, ink\u00e1bb a k\u00f6r\u00fclm\u00e9nyek miatt kell m\u00e1shogy kivitelezni a folyamatokat, ami persze visszahat az ell\u00e1t\u00e1s eg\u00e9sz\u00e9re. A f\u0151 kih\u00edv\u00e1st az jelentette, hogy ugyanazokat a feladatokat mik\u00e9nt tudjuk a j\u00e1rv\u00e1ny\u00fcgyi int\u00e9zked\u00e9seknek megfelel\u0151en ell\u00e1tni. Sok mindent tan\u00edtott nek\u00fcnk ez az id\u0151szak, az egyik a folyamatok optimaliz\u00e1l\u00e1s\u00e1nak, praktikus \u00f6sszerendezetts\u00e9g\u00e9nek a kiemelt jelent\u0151s\u00e9ge. Az izol\u00e1lt betegek ell\u00e1t\u00e1sa sor\u00e1n minden eddigiekn\u00e9l nagyobb szerepet kapott a k\u00f3rteremben v\u00e9gzend\u0151 tev\u00e9kenys\u00e9gek el\u0151zetes \u00e1tgondol\u00e1sa, a csekklista alkalmaz\u00e1sa. P\u00e9ld\u00e1ul ha valami kint marad jelen helyzetben, akkor az \u00fajb\u00f3li ki- \u00e9s be\u00f6lt\u00f6z\u00e9st von maga ut\u00e1n. Az izol\u00e1lt k\u00f3rtermekben emellett meg kellett teremten\u00fcnk a megfelel\u0151 k\u00f6r\u00fclm\u00e9nyeket a k\u00fcl\u00f6nf\u00e9le diagnosztikai, ter\u00e1pi\u00e1s ell\u00e1t\u00e1sokhoz, p\u00e9ld\u00e1ul olyan \u201eapr\u00f3s\u00e1gokra\u201d is gondolnunk kellett, hogy legyen megfelel\u0151 vil\u00e1g\u00edt\u00e1s a v\u00e9rv\u00e9telhez. Sokan amiatt ker\u00fcltek a COVID-oszt\u00e1lyra, mert valamilyen m\u0171t\u00e9ten estek \u00e1t, de e mellett kider\u00fclt, hogy pozit\u00edvak is. Az \u0151 eset\u00fckben is a v\u00f6r\u00f6s z\u00f3n\u00e1s k\u00f3rteremben kellett a m\u0171t\u00e9ti ut\u00f3kezel\u00e9shez alkalmas k\u00f6r\u00fclm\u00e9nyeket megteremteni, hiszen innen nem vihett\u00fck ki \u0151ket a kezel\u0151kbe. A folyamatos alkalmazkod\u00e1sra val\u00f3 k\u00e9szs\u00e9g\u00fcnk sokat fejl\u0151d\u00f6tt az elm\u00falt id\u0151szakban, minden nap \u00fajabb kih\u00edv\u00e1snak kellett rapid form\u00e1ban megfelelni, ezt a k\u00e9szs\u00e9gek pedig magunkkal vissz\u00fck a COVID ut\u00e1ni id\u0151kbe is.<\/p>\n<p><strong>Mik\u00e9nt v\u00e1ltoztatja meg a v\u00e9d\u0151\u00f6lt\u00f6z\u00e9k visel\u00e9se a folyamatokat, a betegekkel val\u00f3 kapcsolatteremt\u00e9st?<\/strong><\/p>\n<p>A gyerekkell\u00e1t\u00e1s sor\u00e1n a kommunik\u00e1ci\u00f3 mindig k\u00fcl\u00f6n figyelmet kap, a gyermek bizalm\u00e1\u00e9rt meg kell k\u00fczden\u00fcnk, ez alapvet\u0151 fontoss\u00e1g\u00fa. A j\u00e1rv\u00e1nyhelyzetben sz\u00fcks\u00e9ges v\u00e9d\u0151eszk\u00f6z\u00f6k visel\u00e9se sokszor m\u00e9g a feln\u0151tt betegekben is f\u00e9lelmet kelt, ez pedig hatv\u00e1nyozottan megjelenik a gyermekek ell\u00e1t\u00e1sa sor\u00e1n. A v\u00e9d\u0151felszerel\u00e9sben val\u00f3 \u00e1pol\u00e1s \u00e9ppen ez\u00e9rt rengeteg kreativit\u00e1st ig\u00e9nyel, a kapcsolattart\u00e1st online megold\u00e1ssal is kieg\u00e9sz\u00edtett\u00fck, \u00e9s k\u00fcl\u00f6n figyelmet ford\u00edtunk arra, hogy a v\u00e9d\u0151\u00f6lt\u00f6zet ellen\u00e9re min\u00e9l ink\u00e1bb emberi, k\u00f6zvetlen gesztusokkal \u00e9lj\u00fcnk, \u00fagy legy\u00fcnk jelen a gyermek \u00e1gya mellett, hogy biztons\u00e1got adjunk neki.<\/p>\n<p><strong>Mennyiben jelentett speci\u00e1lis helyzetet, hogy a gyermekell\u00e1t\u00e1sban a l\u00e1togat\u00e1si tilalomban is biztos\u00edtani kell a sz\u00fcl\u0151, t\u00f6rv\u00e9nyes k\u00e9pvisel\u0151 jelenl\u00e9t\u00e9t? <\/strong><\/p>\n<p>A gyermek COVID-ell\u00e1t\u00e1s egy specialit\u00e1sa a hozz\u00e1tartoz\u00f3 jelenl\u00e9te, ami n\u00e1lunk ugyan\u00fagy a mindennapok r\u00e9sze a pand\u00e9mia alatt is, mint m\u00e1skor. Ez mindenk\u00e9pp adott egy pluszt, hiszen seg\u00edts\u00e9get jelent az \u00e1pol\u00e1sban, emellett a sz\u00fcl\u0151 a beteg gyermeke minden rezd\u00fcl\u00e9s\u00e9t ismeri, gyorsan detekt\u00e1lja az \u00e1llapot\u00e1ban be\u00e1ll\u00f3 v\u00e1ltoz\u00e1sokat. A sz\u00fcl\u0151vel mindig is csapatk\u00e9nt dolgozunk egy\u00fctt, de a j\u00e1rv\u00e1ny alatt ennek az egy\u00fcttm\u0171k\u00f6d\u00e9snek a szerepe tov\u00e1bb er\u0151s\u00f6d\u00f6tt. K\u00fcl\u00f6n figyelt\u00fcnk arra, hogy az izol\u00e1lt k\u00f3rteremben tart\u00f3zkod\u00f3 sz\u00fcl\u0151 sz\u00e1m\u00e1ra folyamatosan biztos\u00edtsuk a kommunik\u00e1ci\u00f3 \u00e9s a konzult\u00e1ci\u00f3 lehet\u0151s\u00e9g\u00e9t, ig\u00e9nybe v\u00e9ve a telefonos \u00e9s vide\u00f3h\u00edv\u00e1sok lehet\u0151s\u00e9g\u00e9t is. Ebben az \u00e1ltal\u00e1noss\u00e1gban is bizonytalan helyzetben, amit fokoz a gyermek miatti agg\u00f3d\u00e1s, k\u00fcl\u00f6n\u00f6sen fontos minden bizalmat er\u0151s\u00edt\u0151 eszk\u00f6z bevet\u00e9se. Ugyanakkor mindez dupla figyelmet, obszerv\u00e1ci\u00f3t is ig\u00e9nyelt r\u00e9sz\u00fcnkr\u0151l.<\/p>\n<p><strong>Milyen fontos tanuls\u00e1gokkal, tapasztalatokkal szolg\u00e1l ez a jelenlegi helyzet? <\/strong><\/p>\n<p>A csekklist\u00e1k eml\u00edtett megn\u00f6vekedett szerepe, az online kommunik\u00e1ci\u00f3s eszk\u00f6z\u00f6k kieg\u00e9sz\u00edt\u0151 alkalmaz\u00e1sa mind olyan, amit k\u00e9s\u0151bb is megtartunk, be\u00e9p\u00edt\u00fcnk a mindennapokba. Ugyanakkor ha egy sz\u00f3ban kellene \u00f6sszegeznem, akkor az \u00f6sszetartoz\u00e1st eml\u00edten\u00e9m. B\u00fcszke vagyok arra, hogy olyan koll\u00e9g\u00e1kkal dolgozhatok egy\u00fctt, akik a kih\u00edv\u00e1sokkal teli helyzetben is helyt\u00e1lltak, a k\u00f6z\u00f6s c\u00e9l el\u00e9r\u00e9se \u00e9rdek\u00e9ben az emberi er\u0151 hat\u00e1rait feszeget\u0151 munk\u00e1t v\u00e9geztek. En\u00e9lk\u00fcl nem tudtuk volna ilyen magas sz\u00ednvonalon m\u0171k\u00f6dtetni a COVID \u00e9s intermedier oszt\u00e1lyunkat az \u00e1ltal\u00e1nos ell\u00e1t\u00e1s mellett, mik\u00f6zben folyamatos a munka a long COVID ambulanci\u00e1n \u00e9s az olt\u00f3pontunkon is.<\/p>\n<p>Dobozi P\u00e1lma<br \/>\nFot\u00f3: Kov\u00e1cs Attila &#8211; Semmelweis Egyetem<\/p>\n","protected":false},"excerpt":{"rendered":"<p>Cikksorozatunk keret\u00e9ben dr. Szab\u00f3 Attila igazgat\u00f3 \u00e9s Czira Anita f\u0151n\u0151v\u00e9r besz\u00e9lt az elm\u00falt id\u0151szak tapasztalatair\u00f3l. <\/p>\n","protected":false},"author":13,"featured_media":103873,"comment_status":"closed","ping_status":"closed","sticky":false,"template":"","format":"standard","meta":{"_acf_changed":false,"footnotes":""},"categories":[154,168],"tags":[4274,4257],"class_list":["post-103861","post","type-post","status-publish","format-standard","has-post-thumbnail","hentry","category-egeszseg","category-kiemelt","tag-covid-ellatok","tag-koronavirus"],"acf":[],"_links":{"self":[{"href":"https:\/\/semmelweis.hu\/hirek\/wp-json\/wp\/v2\/posts\/103861","targetHints":{"allow":["GET"]}}],"collection":[{"href":"https:\/\/semmelweis.hu\/hirek\/wp-json\/wp\/v2\/posts"}],"about":[{"href":"https:\/\/semmelweis.hu\/hirek\/wp-json\/wp\/v2\/types\/post"}],"author":[{"embeddable":true,"href":"https:\/\/semmelweis.hu\/hirek\/wp-json\/wp\/v2\/users\/13"}],"replies":[{"embeddable":true,"href":"https:\/\/semmelweis.hu\/hirek\/wp-json\/wp\/v2\/comments?post=103861"}],"version-history":[{"count":5,"href":"https:\/\/semmelweis.hu\/hirek\/wp-json\/wp\/v2\/posts\/103861\/revisions"}],"predecessor-version":[{"id":103874,"href":"https:\/\/semmelweis.hu\/hirek\/wp-json\/wp\/v2\/posts\/103861\/revisions\/103874"}],"wp:featuredmedia":[{"embeddable":true,"href":"https:\/\/semmelweis.hu\/hirek\/wp-json\/wp\/v2\/media\/103873"}],"wp:attachment":[{"href":"https:\/\/semmelweis.hu\/hirek\/wp-json\/wp\/v2\/media?parent=103861"}],"wp:term":[{"taxonomy":"category","embeddable":true,"href":"https:\/\/semmelweis.hu\/hirek\/wp-json\/wp\/v2\/categories?post=103861"},{"taxonomy":"post_tag","embeddable":true,"href":"https:\/\/semmelweis.hu\/hirek\/wp-json\/wp\/v2\/tags?post=103861"}],"curies":[{"name":"wp","href":"https:\/\/api.w.org\/{rel}","templated":true}]}}