{"id":10386,"date":"2012-03-08T10:01:03","date_gmt":"2012-03-08T09:01:03","guid":{"rendered":"http:\/\/semmelweis-egyetem.hu\/hirek\/?p=10386"},"modified":"2018-02-14T12:31:20","modified_gmt":"2018-02-14T11:31:20","slug":"talentum-es-inspiracio-elindult-a-semmelweis-kutatoi-szalon","status":"publish","type":"post","link":"https:\/\/semmelweis.hu\/hirek\/2012\/03\/08\/talentum-es-inspiracio-elindult-a-semmelweis-kutatoi-szalon\/","title":{"rendered":"Talentum \u00e9s inspir\u00e1ci\u00f3: elindult a Semmelweis Kutat\u00f3i Szalon"},"content":{"rendered":"<p>\u201eAhol a talentum \u00e9s az inspir\u00e1ci\u00f3 tal\u00e1lkozik\u201d \u2013 ezzel a szlogennel indult el a Semmelweis Egyetem \u00faj rendezv\u00e9nysorozata, a Semmelweis Kutat\u00f3i Szalon. Az els\u0151 alkalom h\u00e1zigazd\u00e1ja dr. Tulassay Tivadar rektor volt, aki megnyit\u00f3j\u00e1ban arr\u00f3l a meg\u00e1llap\u00edt\u00e1sr\u00f3l is besz\u00e9lt, miszerint kezd\u00fcnk eljutni a vil\u00e1g komplexit\u00e1s\u00e1nak a felismer\u00e9s\u00e9ig, ugyanakkor a komplexit\u00e1sb\u00f3l ad\u00f3d\u00f3 probl\u00e9m\u00e1kra nem tudjuk a helyes v\u00e1laszt, nincs r\u00e1 recept. A rektor \u00fagy fogalmazott, egyfajta recept lehet, ha alkot\u00f3i k\u00f6z\u00f6ss\u00e9geket hozunk l\u00e9tre, er\u0151s\u00edtve a koh\u00e9zi\u00f3s er\u0151t.<\/p>\n<p><a href=\"https:\/\/semmelweis.hu\/hirek\/files\/2012\/03\/szalon2.jpg\"><img loading=\"lazy\" decoding=\"async\" class=\"alignright size-medium wp-image-10387\" src=\"https:\/\/semmelweis.hu\/hirek\/files\/2012\/03\/szalon2-300x200.jpg\" alt=\"\" width=\"300\" height=\"200\" srcset=\"https:\/\/semmelweis.hu\/hirek\/files\/2012\/03\/szalon2-300x200.jpg 300w, https:\/\/semmelweis.hu\/hirek\/files\/2012\/03\/szalon2-600x400.jpg 600w\" sizes=\"auto, (max-width: 300px) 100vw, 300px\" \/><\/a>Dr. Tulassay Tivadar eml\u00e9keztetett arra: imm\u00e1r k\u00e9t \u00e9ve rendszeresen sz\u00e1mos olyan rendezv\u00e9nynek ad helyet a Szalon, ahol els\u0151sorban nem a tudom\u00e1ny, hanem a m\u0171v\u00e9szetek olt\u00e1r\u00e1n \u00e1ldoznak. Ugyanakkor az izol\u00e1ci\u00f3val szemben a kit\u00e1rulkoz\u00e1st \u00e9s a kapcsolat\u00e9p\u00edt\u00e9st fontosnak tart\u00f3 professzorok r\u00e9sz\u00e9r\u0151l \u00f3hatatlan felmer\u00fclt az ig\u00e9ny, hogy legyen tudom\u00e1nyos szalon is. \u201eAz elk\u00e9pzel\u00e9s\u00fcnk az, hogy nagy, nemzetk\u00f6zi szinten m\u00e1r m\u00e9rhet\u0151 karriert befutott tud\u00f3sokat h\u00edvjunk meg a rendezv\u00e9nyre, illetve olyanokat, akik m\u00e9g csak p\u00e1ly\u00e1juk derek\u00e1n vannak, de bebizony\u00edtott\u00e1k, hogy kiv\u00e1l\u00f3ak, \u00e9s rem\u00e9lhet\u0151, hogy a k\u00f6vetkez\u0151 \u00e9vekben m\u00e9g nagyobb karriert futnak be\u201d \u2013 fogalmazott a rektor. Emellett az egyetem \u00faj tansz\u00e9kvezet\u0151i majd itt mutathatj\u00e1k be a tudom\u00e1nyter\u00fclet\u00fckr\u0151l sz\u00f3l\u00f3 sz\u00e9kfoglal\u00f3 el\u0151ad\u00e1sukat.<\/p>\n<p><a href=\"https:\/\/semmelweis.hu\/hirek\/files\/2012\/03\/szalon3.jpg\"><img loading=\"lazy\" decoding=\"async\" class=\"alignleft size-medium wp-image-10388\" src=\"https:\/\/semmelweis.hu\/hirek\/files\/2012\/03\/szalon3-200x300.jpg\" alt=\"\" width=\"200\" height=\"300\" srcset=\"https:\/\/semmelweis.hu\/hirek\/files\/2012\/03\/szalon3-200x300.jpg 200w, https:\/\/semmelweis.hu\/hirek\/files\/2012\/03\/szalon3-266x400.jpg 266w, https:\/\/semmelweis.hu\/hirek\/files\/2012\/03\/szalon3.jpg 683w\" sizes=\"auto, (max-width: 200px) 100vw, 200px\" \/><\/a>A Semmelweis Kutat\u00f3i Szalon nyit\u00f3 el\u0151ad\u00e1s\u00e1t dr. Freund Tam\u00e1s (int\u00e9zetigazgat\u00f3, kutat\u00f3professzor, az MTA rendes tagja, MTA K\u00eds\u00e9rleti Orvostudom\u00e1nyi Kutat\u00f3int\u00e9zet Cellul\u00e1ris \u00e9s H\u00e1l\u00f3zat Neurobiol\u00f3giai Oszt\u00e1ly) tartotta, \u201eBels\u0151 vil\u00e1gunk \u00e9s a mem\u00f3ria \u2013 az inform\u00e1ci\u00f3robban\u00e1s hat\u00e1sai\u201d c\u00edmmel. Mint eml\u00e9keztetett: szinte m\u00e1r sz\u00e1ll\u00f3ige, hogy az agy megismer\u00e9se korunk legnagyobb kih\u00edv\u00e1sa, s feltehetj\u00fck azt a k\u00f6lt\u0151i k\u00e9rd\u00e9st, hogy vajon maga a megismer\u00e9st v\u00e9gz\u0151 szerkezet valaha megismerheti-e \u00f6nmag\u00e1t. Az agyon bel\u00fcl is a legkomplexebb szerkezet az agyk\u00e9reg, amely valamennyi magasabb rend\u0171 idegm\u0171k\u00f6d\u00e9s\u00fcnk\u00e9rt felel\u0151s. Itt keletkeznek az eredeti, \u00faj gondolataink, emellett agyk\u00e9rg\u00fcnk az, amely k\u00e9pes saj\u00e1t l\u00e9tez\u00e9s\u00fcnk tudat\u00e1ban lenni, s felteszi a legfontosabb k\u00e9rd\u00e9seket, \u00edgy azt is, mi l\u00e9tez\u00e9s\u00fcnk \u00e9rtelme. Dr. Freund Tam\u00e1s el\u0151ad\u00e1s\u00e1ban egyebek mellett kit\u00e9rt arra is, hogy a korunkra jellemz\u0151 inform\u00e1ci\u00f3robban\u00e1s az agy sz\u00e1m\u00e1ra drasztikus k\u00f6rnyezetv\u00e1ltoz\u00e1sk\u00e9nt \u00e9rt\u00e9kelhet\u0151. Az emberi agy keresi a megbirk\u00f3z\u00e1si strat\u00e9gi\u00e1kat, ezek k\u00f6z\u00e9 tartozhat a telev\u00edzi\u00f3 kidob\u00e1sa \u00e9pp\u00fagy, mint a nagyv\u00e1rosokb\u00f3l val\u00f3 menek\u00fcl\u00e9s, vagy \u00e9ppen az alkohol, \u00e9s m\u00e1s tudatm\u00f3dos\u00edt\u00f3 szerek fogyaszt\u00e1sa. A t\u00f6bbs\u00e9gnek azonban nem siker\u00fcl megem\u00e9szteni ezt az \u00faj k\u00f6rnyezetet, ami sikertelens\u00e9ghez, kr\u00f3nikus stressz\u00e9lm\u00e9nyhez vezet. Mindez magyar\u00e1zatot ad a pszichi\u00e1triai \u00e9s neurol\u00f3giai betegs\u00e9gek gyors terjed\u00e9s\u00e9re is.<\/p>\n<p><a href=\"https:\/\/semmelweis.hu\/hirek\/files\/2012\/03\/szalon6.jpg\"><img loading=\"lazy\" decoding=\"async\" class=\"alignright size-medium wp-image-10389\" src=\"https:\/\/semmelweis.hu\/hirek\/files\/2012\/03\/szalon6-200x300.jpg\" alt=\"\" width=\"200\" height=\"300\" srcset=\"https:\/\/semmelweis.hu\/hirek\/files\/2012\/03\/szalon6-200x300.jpg 200w, https:\/\/semmelweis.hu\/hirek\/files\/2012\/03\/szalon6-266x400.jpg 266w, https:\/\/semmelweis.hu\/hirek\/files\/2012\/03\/szalon6.jpg 683w\" sizes=\"auto, (max-width: 200px) 100vw, 200px\" \/><\/a>A m\u00e1rcius 6-i Kutat\u00f3i Szalon m\u00e1sik el\u0151ad\u00f3ja dr. Kellermayer Rich\u00e1rd (Assistant Professor of Pediatrics, Section of Gastroenterology, Hepatology and Nutrition, Baylor College of Medicine, Houston, Texas, USA) \u201eA DNS-metil\u00e1ci\u00f3 \u00e9s a mikrobiom kapcsolata\u201d c\u00edmmel tartott el\u0151ad\u00e1st. A 2007 \u00f3ta az Egyes\u00fclt \u00c1llamokban, Houston-ban dolgoz\u00f3 kutat\u00f3 a gyullad\u00e1sos b\u00e9lbetegs\u00e9gek (IBD) szempontj\u00e1b\u00f3l vil\u00e1g\u00edtotta meg ezt a kapcsolatot. Ezeknek a betegs\u00e9gek k\u00e9t f\u0151 \u00e1ga ismert: a Chron-betegs\u00e9g \u00e9s a colitis ulcerosa. Az IBD incidenci\u00e1ja vil\u00e1gszerte &#8211; els\u0151sorban a nyugati \u00e9letst\u00edlus terjed\u00e9s\u00e9vel \u2013 n\u0151, jelenleg minden 250. ember \u00e9rintett. Ennek ellen\u00e9re m\u00e9g mindig nem tudhat\u00f3, hogy mi okozza ezeket a betegs\u00e9geket, ugyanakkor a kutat\u00f3k hatalmas energi\u00e1k fektetnek a k\u00f3rokok jobb megismer\u00e9s\u00e9be, hogy \u00fajabb ter\u00e1pi\u00e1s lehet\u0151s\u00e9g ny\u00edljanak meg a betegek el\u0151tt. A mai tud\u00e1sunk szerint t\u00falfokozott immunv\u00e1lasz hat\u00e1s\u00e1ra alakulnak ki ezek a betegs\u00e9gek \u2013 mondta dr. Kellermayer Rich\u00e1rd, aki bemutatta az IBD- re val\u00f3 hajlammal \u00e9s a betegs\u00e9g kialakul\u00e1s\u00e1val kapcsolatos vizsg\u00e1lataikat.<\/p>\n<figure id=\"attachment_10390\" aria-describedby=\"caption-attachment-10390\" style=\"width: 540px\" class=\"wp-caption aligncenter\"><a href=\"https:\/\/semmelweis.hu\/hirek\/files\/2012\/03\/szalon4.jpg\"><img loading=\"lazy\" decoding=\"async\" class=\"size-large wp-image-10390 \" src=\"https:\/\/semmelweis.hu\/hirek\/files\/2012\/03\/szalon4-600x400.jpg\" alt=\"\" width=\"540\" height=\"360\" srcset=\"https:\/\/semmelweis.hu\/hirek\/files\/2012\/03\/szalon4-600x400.jpg 600w, https:\/\/semmelweis.hu\/hirek\/files\/2012\/03\/szalon4-300x200.jpg 300w\" sizes=\"auto, (max-width: 540px) 100vw, 540px\" \/><\/a><figcaption id=\"caption-attachment-10390\" class=\"wp-caption-text\">Fot\u00f3k: Andrasovszky P\u00e9ter<\/figcaption><\/figure>\n<p>A Semmelweis Kutat\u00f3i Szalont ebben a szemeszterben m\u00e9g h\u00e1romszor rendezik meg. A k\u00f6vetkez\u0151 est id\u0151pontja \u00e1prilis 10., k\u00e9t el\u0151ad\u00f3ja dr. Buday L\u00e1szl\u00f3 (MTA Enzimol\u00f3giai Int\u00e9zet) \u00e9s dr. Proh\u00e1szka Zolt\u00e1n (SE, III. Sz. Belgy\u00f3gy\u00e1szati Klinika) lesz. A m\u00e1jus 8-i Kutat\u00f3i Szalonban dr. Ferdinandy P\u00e9ter (SE Farmakol\u00f3giai \u00e9s Farmakoter\u00e1pi\u00e1s Int\u00e9zet) \u00e9s <a href=\"https:\/\/semmelweis.hu\/hirek\/2012\/02\/08\/hat-orszag-kutatoi-egyutt-keresik-a-gyulladasos-betegsegek-ellenszeret-a-semmelweis-egyetem-vezetesevel\/\" target=\"_blank\">Dr. M\u00f3csai Attila<\/a> (SE \u00c9lettani Int\u00e9zet) lesz a vend\u00e9g, m\u00edg j\u00fanius 5-\u00e9n dr. Palkovits Mikl\u00f3s (MTA rendes tagja, SE Anat\u00f3miai, Sz\u00f6vet- \u00e9s Fejl\u0151d\u00e9stani Int\u00e9zet) \u00e9s<a href=\"https:\/\/semmelweis.hu\/hirek\/2012\/02\/28\/fiatal-kutatok-komoly-elismeresek-i-dr-csanady-laszlo-a-legnagyobb-jovo-elott-allo-tudosoknak-jaro-dij-nyertese\/\" target=\"_blank\"> dr. Csan\u00e1dy L\u00e1szl\u00f3<\/a> (SE Orvosi Biok\u00e9miai Int\u00e9zet) ad el\u0151. DP<\/p>\n<p>&nbsp;<\/p>\n<p><a href=\"https:\/\/semmelweis.hu\/hirek\/files\/2012\/03\/kutatoegyetemi-logosor.jpg\"><img loading=\"lazy\" decoding=\"async\" class=\"aligncenter size-large wp-image-10393\" src=\"https:\/\/semmelweis.hu\/hirek\/files\/2012\/03\/kutatoegyetemi-logosor-600x101.jpg\" alt=\"\" width=\"600\" height=\"101\" srcset=\"https:\/\/semmelweis.hu\/hirek\/files\/2012\/03\/kutatoegyetemi-logosor-600x101.jpg 600w, https:\/\/semmelweis.hu\/hirek\/files\/2012\/03\/kutatoegyetemi-logosor-300x50.jpg 300w\" sizes=\"auto, (max-width: 600px) 100vw, 600px\" \/><\/a><\/p>\n<p>&nbsp;<\/p>\n","protected":false},"excerpt":{"rendered":"<p>\u201eAhol a talentum \u00e9s az inspir\u00e1ci\u00f3 tal\u00e1lkozik\u201d \u2013 ezzel a szlogennel indult el a Semmelweis Egyetem \u00faj rendezv\u00e9nysorozata, a Semmelweis Kutat\u00f3i Szalon. Az els\u0151 alkalom h\u00e1zigazd\u00e1ja dr. Tulassay Tivadar rektor volt, aki megnyit\u00f3j\u00e1ban arr\u00f3l a meg\u00e1llap\u00edt\u00e1sr\u00f3l is besz\u00e9lt, miszerint kezd\u00fcnk eljutni a vil\u00e1g komplexit\u00e1s\u00e1nak a felismer\u00e9s\u00e9ig, ugyanakkor a komplexit\u00e1sb\u00f3l ad\u00f3d\u00f3 probl\u00e9m\u00e1kra nem tudjuk a helyes &hellip;<\/p>\n","protected":false},"author":13,"featured_media":10391,"comment_status":"closed","ping_status":"open","sticky":false,"template":"","format":"standard","meta":{"_acf_changed":false,"footnotes":""},"categories":[161,168],"tags":[1688,160,188],"class_list":["post-10386","post","type-post","status-publish","format-standard","has-post-thumbnail","hentry","category-tudomany","category-kiemelt","tag-kutatoi-szalon","tag-ske","tag-tudomanyos-hirek-rendezvenyek"],"acf":[],"_links":{"self":[{"href":"https:\/\/semmelweis.hu\/hirek\/wp-json\/wp\/v2\/posts\/10386","targetHints":{"allow":["GET"]}}],"collection":[{"href":"https:\/\/semmelweis.hu\/hirek\/wp-json\/wp\/v2\/posts"}],"about":[{"href":"https:\/\/semmelweis.hu\/hirek\/wp-json\/wp\/v2\/types\/post"}],"author":[{"embeddable":true,"href":"https:\/\/semmelweis.hu\/hirek\/wp-json\/wp\/v2\/users\/13"}],"replies":[{"embeddable":true,"href":"https:\/\/semmelweis.hu\/hirek\/wp-json\/wp\/v2\/comments?post=10386"}],"version-history":[{"count":3,"href":"https:\/\/semmelweis.hu\/hirek\/wp-json\/wp\/v2\/posts\/10386\/revisions"}],"predecessor-version":[{"id":30816,"href":"https:\/\/semmelweis.hu\/hirek\/wp-json\/wp\/v2\/posts\/10386\/revisions\/30816"}],"wp:featuredmedia":[{"embeddable":true,"href":"https:\/\/semmelweis.hu\/hirek\/wp-json\/wp\/v2\/media\/10391"}],"wp:attachment":[{"href":"https:\/\/semmelweis.hu\/hirek\/wp-json\/wp\/v2\/media?parent=10386"}],"wp:term":[{"taxonomy":"category","embeddable":true,"href":"https:\/\/semmelweis.hu\/hirek\/wp-json\/wp\/v2\/categories?post=10386"},{"taxonomy":"post_tag","embeddable":true,"href":"https:\/\/semmelweis.hu\/hirek\/wp-json\/wp\/v2\/tags?post=10386"}],"curies":[{"name":"wp","href":"https:\/\/api.w.org\/{rel}","templated":true}]}}