{"id":103750,"date":"2021-05-14T13:54:59","date_gmt":"2021-05-14T11:54:59","guid":{"rendered":"https:\/\/semmelweis.hu\/hirek\/?p=103750"},"modified":"2026-03-24T08:33:10","modified_gmt":"2026-03-24T07:33:10","slug":"elhunyt-dr-faller-jozsef-egyetemi-tanar","status":"publish","type":"post","link":"https:\/\/semmelweis.hu\/hirek\/2021\/05\/14\/elhunyt-dr-faller-jozsef-egyetemi-tanar\/","title":{"rendered":"Elhunyt dr. Faller J\u00f3zsef egyetemi tan\u00e1r"},"content":{"rendered":"<p>\u00c9let\u00e9nek 85. \u00e9v\u00e9ben elhunyt dr. Faller J\u00f3zsef egyetemi tan\u00e1r, <span style=\"font-size: 1rem\">a Semmelweis Egyetem professor emeritusa, az orvostudom\u00e1nyok doktor.<\/span><\/p>\n<p><em>Nekrol\u00f3g<\/em><\/p>\n<p><img loading=\"lazy\" decoding=\"async\" class=\"alignleft size-full wp-image-103754\" src=\"https:\/\/semmelweis.hu\/hirek\/files\/2021\/05\/Fallar-J\u00f3zsef-nekrol\u00f3g-2.jpg\" alt=\"\" width=\"173\" height=\"211\" \/>1936. okt\u00f3ber 11-\u00e9n sz\u00fcletett Szombathelyen. A Budapesti Orvostudom\u00e1nyi Egyetemen 1961-ben szerzett diplom\u00e1t k\u00f6vet\u0151en, r\u00f6vid mosonmagyar\u00f3v\u00e1ri kit\u00e9r\u0151 ut\u00e1n 17 \u00e9ven \u00e1t az Egyetem I. Sz. Seb\u00e9szeti Klinik\u00e1j\u00e1n dolgozott, a seb\u00e9szet teljes palett\u00e1j\u00e1t <span style=\"font-size: 1rem\">m\u0171velve<\/span><span style=\"font-size: 1rem\">. Gyorsan kibontakoz\u00f3 szakmai sikerei \u00e9s elismerts\u00e9ge ok\u00e1n kapott megh\u00edv\u00e1st a III. Sz. Seb\u00e9szeti Klinik\u00e1ra 1983-ban. Professzori kinevez\u00e9s\u00e9t 1986-ban kapta k\u00e9zhez. 1987-1997 k\u00f6z\u00f6tt a Seb\u00e9szeti Tansz\u00e9k, majd 1997-2001 k\u00f6z\u00f6tt a K\u00fatv\u00f6lgyi Klinikai T\u00f6mbben m\u0171k\u00f6d\u0151 II. Sz. Seb\u00e9szeti Klinika igazgat\u00f3jak\u00e9nt tev\u00e9kenykedett.<\/span><\/p>\n<p>A Magyar Seb\u00e9sz T\u00e1rsas\u00e1g vezet\u0151s\u00e9gi tagjak\u00e9nt a Magyar Seb\u00e9szet c\u00edm\u0171 szakmai foly\u00f3irat szerkeszt\u0151je, majd f\u0151szerkeszt\u0151je volt 1991-2005 k\u00f6z\u00f6tt. Id\u0151k\u00f6zben a t\u00e1rsas\u00e1g titk\u00e1ri, f\u0151titk\u00e1ri, majd eln\u00f6ki funkci\u00f3it t\u00f6lt\u00f6tte be. Az Akad\u00e9miai doktor c\u00edmet 1996-ban nyerte el. 1997-ben tartotta a seb\u00e9szeti berkekben a legnagyobb elismer\u00e9sk\u00e9nt sz\u00e1mon tartott Balassa-eml\u00e9kel\u0151ad\u00e1st. A Magyar K\u00f6zt\u00e1rsas\u00e1gi \u00c9rdemrend k\u00f6z\u00e9pkeresztj\u00e9t 2001-ben vette \u00e1t. 25 \u00e9ven \u00e1t volt tagja a Seb\u00e9szeti Szakmai Koll\u00e9giumnak, \u00e9s a legut\u00f3bbi \u00e9vekig az Eg\u00e9szs\u00e9g\u00fcgyi Tudom\u00e1nyos Tan\u00e1csnak.<\/p>\n<p>Az igazgat\u00f3i teend\u0151k \u00e1tad\u00e1s\u00e1t k\u00f6vet\u0151en \u00e9veken \u00e1t r\u00e9szt vett a klinika munk\u00e1j\u00e1ban, b\u00f6lcs tan\u00e1csaival, sok \u00e9vtizedes tapasztalat\u00e1val seg\u00edtette a gy\u00f3gy\u00edt\u00e1st.<\/p>\n<p>A szorgalom, a tehets\u00e9g, a tud\u00e1s jutalmak\u00e9nt jutott az orvosi p\u00e1lya cs\u00facsaira. Karizmatikus egy\u00e9nis\u00e9ge mellett a m\u00e9lyen \u00e9rz\u0151, emberi lelk\u00fclete var\u00e1zsolta el k\u00f6rnyezet\u00e9t, vonzotta megsz\u00e1ml\u00e1lhatatlan bar\u00e1tj\u00e1t. Egy\u00fctt\u00e9rz\u00e9se, szakmai megb\u00edzhat\u00f3s\u00e1ga kiv\u00edvta betegei bizalm\u00e1t. P\u00e9ld\u00e1j\u00e1t, eml\u00e9k\u00e9t meg\u0151rizve, tan\u00edt\u00e1s\u00e1t \u00e9s tapasztalatait tov\u00e1bbadva tehetj\u00fck feledhetetlenn\u00e9 gazdag \u00e9let\u00e9t, \u00e9s enyh\u00edthetj\u00fck a nagyon f\u00e1jdalmas b\u00facs\u00faz\u00e1st.<\/p>\n<p>Nyugodj\u00e1l b\u00e9k\u00e9ben Professzor \u00dar! Legyen N\u00e9ked k\u00f6nny\u0171 a f\u00f6ld!<\/p>\n<p>A\u00a0 II. Sz. Seb\u00e9szeti Klinika munkat\u00e1rsai<\/p>\n<p>&nbsp;<\/p>\n","protected":false},"excerpt":{"rendered":"<p>\u00c9let\u00e9nek 85. \u00e9v\u00e9ben elhunyt dr. Faller J\u00f3zsef egyetemi tan\u00e1r, a Semmelweis Egyetem professor emeritusa, az orvostudom\u00e1nyok doktor.<\/p>\n","protected":false},"author":101751,"featured_media":60875,"comment_status":"closed","ping_status":"closed","sticky":false,"template":"","format":"standard","meta":{"_acf_changed":false,"footnotes":""},"categories":[157],"tags":[4108],"class_list":["post-103750","post","type-post","status-publish","format-standard","has-post-thumbnail","hentry","category-semmelweis-vilag","tag-gyaszhir"],"acf":[],"_links":{"self":[{"href":"https:\/\/semmelweis.hu\/hirek\/wp-json\/wp\/v2\/posts\/103750","targetHints":{"allow":["GET"]}}],"collection":[{"href":"https:\/\/semmelweis.hu\/hirek\/wp-json\/wp\/v2\/posts"}],"about":[{"href":"https:\/\/semmelweis.hu\/hirek\/wp-json\/wp\/v2\/types\/post"}],"author":[{"embeddable":true,"href":"https:\/\/semmelweis.hu\/hirek\/wp-json\/wp\/v2\/users\/101751"}],"replies":[{"embeddable":true,"href":"https:\/\/semmelweis.hu\/hirek\/wp-json\/wp\/v2\/comments?post=103750"}],"version-history":[{"count":4,"href":"https:\/\/semmelweis.hu\/hirek\/wp-json\/wp\/v2\/posts\/103750\/revisions"}],"predecessor-version":[{"id":103756,"href":"https:\/\/semmelweis.hu\/hirek\/wp-json\/wp\/v2\/posts\/103750\/revisions\/103756"}],"wp:featuredmedia":[{"embeddable":true,"href":"https:\/\/semmelweis.hu\/hirek\/wp-json\/wp\/v2\/media\/60875"}],"wp:attachment":[{"href":"https:\/\/semmelweis.hu\/hirek\/wp-json\/wp\/v2\/media?parent=103750"}],"wp:term":[{"taxonomy":"category","embeddable":true,"href":"https:\/\/semmelweis.hu\/hirek\/wp-json\/wp\/v2\/categories?post=103750"},{"taxonomy":"post_tag","embeddable":true,"href":"https:\/\/semmelweis.hu\/hirek\/wp-json\/wp\/v2\/tags?post=103750"}],"curies":[{"name":"wp","href":"https:\/\/api.w.org\/{rel}","templated":true}]}}