{"id":103074,"date":"2021-04-11T14:00:43","date_gmt":"2021-04-11T12:00:43","guid":{"rendered":"https:\/\/semmelweis.hu\/hirek\/?p=103074"},"modified":"2021-04-12T10:16:27","modified_gmt":"2021-04-12T08:16:27","slug":"szenior-akademia-fokuszban-a-fejfajas","status":"publish","type":"post","link":"https:\/\/semmelweis.hu\/hirek\/2021\/04\/11\/szenior-akademia-fokuszban-a-fejfajas\/","title":{"rendered":"Szenior Akad\u00e9mia \u2013 f\u00f3kuszban a fejf\u00e1j\u00e1s"},"content":{"rendered":"<div class=\"lead\">A Szenior Akad\u00e9mia 2021-es tavaszi online szemeszter\u00e9nek hatodik alkalm\u00e1n dr. Bereczki D\u00e1niel, a Neurol\u00f3giai Klinika igazgat\u00f3ja tartott el\u0151ad\u00e1st a fejf\u00e1j\u00e1sok t\u00edpusair\u00f3l, gyakoris\u00e1g\u00e1r\u00f3l, a h\u00e1tt\u00e9rben el\u0151fordul\u00f3 lehets\u00e9ges okokr\u00f3l \u00e9s a ter\u00e1pi\u00e1s megold\u00e1sokr\u00f3l. Kit\u00e9rt arra is, hogy mikor kell komolyabb betegs\u00e9gekre gondolni a t\u00fcnetek h\u00e1tter\u00e9ben, milyen esetekben lehet sz\u00fcks\u00e9g k\u00e9palkot\u00f3 vizsg\u00e1latra \u00e9s k\u00fcl\u00f6n sz\u00f3lt az id\u0151sebb koroszt\u00e1ly k\u00f6r\u00e9ben el\u0151fordul\u00f3 fejf\u00e1j\u00e1sr\u00f3l is.<\/div>\n<p><a href=\"https:\/\/semmelweis.hu\/hirek\/files\/2021\/04\/RS27545_20120112-IMG_6458-scr.jpg\"><img loading=\"lazy\" decoding=\"async\" class=\"alignright wp-image-103082 size-medium\" src=\"https:\/\/semmelweis.hu\/hirek\/files\/2021\/04\/RS27545_20120112-IMG_6458-scr-267x400.jpg\" alt=\"\" width=\"267\" height=\"400\" srcset=\"https:\/\/semmelweis.hu\/hirek\/files\/2021\/04\/RS27545_20120112-IMG_6458-scr-267x400.jpg 267w, https:\/\/semmelweis.hu\/hirek\/files\/2021\/04\/RS27545_20120112-IMG_6458-scr.jpg 500w\" sizes=\"auto, (max-width: 267px) 100vw, 267px\" \/><\/a>A fejf\u00e1j\u00e1s az egyik leggyakoribb panasz a h\u00e1ziorvosokn\u00e1l \u00e9s a neurol\u00f3giai szakrendel\u00e9seken is, minden m\u00e1sodik embert \u00e9rint az \u00e9lete sor\u00e1n. Gyakran t\u00e1rsulnak hozz\u00e1 pszich\u00e9s panaszok, els\u0151sorban p\u00e9ld\u00e1ul depresszi\u00f3; ez is mutatja, hogy komplex probl\u00e9m\u00e1r\u00f3l van sz\u00f3 \u2013 mutatott r\u00e1 el\u0151ad\u00e1s\u00e1ban dr. Bereczki D\u00e1niel, a Neurol\u00f3giai Klinika igazgat\u00f3ja. Mint eml\u00e9keztetett, a fejf\u00e1j\u00e1sokat el\u0151sz\u00f6r harminc \u00e9vvel ezel\u0151tt oszt\u00e1lyozt\u00e1k tudom\u00e1nyos alapon, a mindennapi klinikai gyakorlatban alkalmazott jelenlegi besorol\u00e1s 2018-ban k\u00e9sz\u00fclt.<\/p>\n<p>Eszerint megk\u00fcl\u00f6nb\u00f6ztetj\u00fck az els\u0151dleges fejf\u00e1j\u00e1st, amikor maga a fejf\u00e1j\u00e1s a betegs\u00e9g (pl. tenzi\u00f3s fejf\u00e1j\u00e1s, migr\u00e9n), valamint a m\u00e1sodlagos fejf\u00e1j\u00e1st, amikor a panasz valamilyen m\u00e1s betegs\u00e9g t\u00fcnetek\u00e9nt jelenik meg (pl. magas v\u00e9rnyom\u00e1s, szem\u00e9szeti betegs\u00e9gek, vashi\u00e1nyos v\u00e9rszeg\u00e9nys\u00e9g, egyes gyullad\u00e1sos betegs\u00e9gek, agyvel\u0151-gyullad\u00e1s, agydaganatok). Amikor valaki orvoshoz fordul, az els\u0151 feladat annak az eld\u00f6nt\u00e9se, hogy e k\u00e9t nagy csoport melyik\u00e9be sorolhat\u00f3 \u2013 a fejf\u00e1j\u00f3sok 90 sz\u00e1zal\u00e9k\u00e1nak els\u0151dleges fejf\u00e1j\u00e1sa van \u2013 emelte ki az el\u0151ad\u00f3. Ez ut\u00f3bbi esetben a k\u00f6vetkez\u0151 d\u00f6nt\u00e9si pont az, hogy csak mag\u00e1t a fenn\u00e1ll\u00f3 f\u00e1jdalmat sz\u00fcks\u00e9ges kezelni, vagy a panasz olyan gyakran jelentkezik, hogy megel\u0151z\u0151 kezel\u00e9s, \u00fan. intervallumter\u00e1pia kell a fejf\u00e1j\u00f3s id\u0151szakok k\u00f6z\u00f6tt.<\/p>\n<div class=\"fontos_div\">\n<p>Az els\u0151dleges t\u00edpus\u00fa fejf\u00e1j\u00e1sok k\u00f6z\u00fcl a tenzi\u00f3s fejf\u00e1j\u00e1s a leggyakoribb, ritk\u00e1bb, de m\u00e9gis jobban ismert a migr\u00e9n, \u00e9s ide tartozik m\u00e9g a viszonylag ritka cluster fejf\u00e1j\u00e1s.<\/p>\n<\/div>\n<p>A tenzi\u00f3s t\u00edpus\u00fa fejf\u00e1j\u00e1s tompa, nyom\u00f3, fesz\u00edt\u0151 t\u00edpus\u00fa k\u00e9toldali f\u00e1jdalom, amit nem fokoz a fizikai aktivit\u00e1s, n\u00e9h\u00e1ny perct\u0151l napokig tarthat, kimer\u00fclts\u00e9g, stresszhelyzet er\u0151s\u00edti, de \u00e1ltal\u00e1ban a munkak\u00e9pess\u00e9get nem befoly\u00e1solja. Gyakoris\u00e1gt\u00f3l f\u00fcgg\u0151en lehet epizodikus vagy kr\u00f3nikus.<\/p>\n<p>A migr\u00e9n er\u0151s, l\u00fcktet\u0151, g\u00f6rcs\u00f6s f\u00e1jdalmat jelent, amit a fizikai meger\u0151ltet\u00e9s fokoz, a munkak\u00e9pess\u00e9get g\u00e1tolja, az er\u0151s f\u00e9ny-, hang-, szagingerek zavarj\u00e1k a beteget, h\u00e1nyinger, h\u00e1ny\u00e1s is el\u0151fordul. Feln\u0151ttekn\u00e9l legal\u00e1bb 4, gyerekekn\u00e9l legal\u00e1bb 2 \u00f3r\u00e1ig tart, de ak\u00e1r napokig el\u0151h\u00faz\u00f3dhat. Sz\u00f3 esett az \u00fan. aura t\u00fcnetekr\u0151l is, ami minden \u00f6t\u00f6dik migr\u00e9nesn\u00e9l megel\u0151zi a rohamot. Ezek olyan neurol\u00f3giai t\u00fcnetek, mint a l\u00e1t\u00f3t\u00e9rkies\u00e9s, szikr\u00e1k, cikk-cakk vonalak megjelen\u00e9se; ezek f\u00e9l \u00f3r\u00e1val a migr\u00e9n el\u0151tt jelentkeznek.<\/p>\n<div class=\"fontos_div\">\n<p>Mindk\u00e9t t\u00edpus\u00fa fejf\u00e1j\u00e1s k\u00e9tszer, h\u00e1romszor gyakoribb n\u0151k eset\u00e9ben, az orvoshoz fordul\u00f3kat vizsg\u00e1lva pedig m\u00e9g magasabb ez az ar\u00e1ny, n\u00e9gy, \u00f6tsz\u00f6r\u00f6s. A f\u00e9rfiak nem sz\u00edvesen keresik fel a rendel\u00e9st ezzel a probl\u00e9m\u00e1val \u2013 osztotta meg tapasztalatait dr. Bereczki D\u00e1niel.<\/p>\n<\/div>\n<p>A cluster fejf\u00e1j\u00e1s a fentiekkel ellent\u00e9tben f\u00e9rfiakn\u00e1l gyakoribb, \u00e1ltal\u00e1ban harminc \u00e9v k\u00f6r\u00fcli doh\u00e1nyz\u00f3kn\u00e1l fordul el\u0151. Tipikusan ciklikusan, \u00fagynevezett clusterekben jelentkezik a f\u00e1jdalom, amely egyoldali, szem m\u00f6g\u00f6tt jelentkez\u0151 nagyon er\u0151s, \u00e9s gyakran \u00e9jszaka l\u00e9p fel, 15-30 perct\u0151l m\u00e1sf\u00e9l \u00f3r\u00e1ig tarthat.<\/p>\n<p>A kr\u00f3nikus fejf\u00e1j\u00e1ban szenved\u0151k gyakran a kellet\u00e9n\u00e9l t\u00f6bb f\u00e1jdalomcsillap\u00edt\u00f3t szednek, \u00e9s ebben az esetben jelentkezhet a gy\u00f3gyszerek okozta fejf\u00e1j\u00e1s. Err\u0151l akkor besz\u00e9l\u00fcnk, ha a beteg napi szinten szed f\u00e1jdalomcsillap\u00edt\u00f3t, aminek bev\u00e9tel\u00e9t k\u00f6vet\u0151en f\u00e9l-egy \u00f3r\u00e1val cs\u00f6kken vagy megsz\u0171nik a fejf\u00e1j\u00e1sa, majd a gy\u00f3gyszer hat\u00e1s\u00e1nak m\u00falt\u00e1val \u00fajra jelentkezik, \u00e9s gyakran eg\u00e9sz napig tart, csak az intenzit\u00e1sa v\u00e1ltozik. Enyhe, k\u00e9toldali, homlok- \u00e9s hal\u00e1nt\u00e9kt\u00e1ji f\u00e1jdalom jellemz\u0151 ebben az esetben, ami a gy\u00f3gyszer elhagy\u00e1s\u00e1val er\u0151s\u00f6dik.<\/p>\n<figure id=\"attachment_103075\" aria-describedby=\"caption-attachment-103075\" style=\"width: 950px\" class=\"wp-caption aligncenter\"><img loading=\"lazy\" decoding=\"async\" class=\"size-full wp-image-103075\" src=\"https:\/\/semmelweis.hu\/hirek\/files\/2021\/04\/RS27852_KA-20150129-IMG_0418-mr-kutatas-scr.jpg\" alt=\"\" width=\"950\" height=\"633\" srcset=\"https:\/\/semmelweis.hu\/hirek\/files\/2021\/04\/RS27852_KA-20150129-IMG_0418-mr-kutatas-scr.jpg 950w, https:\/\/semmelweis.hu\/hirek\/files\/2021\/04\/RS27852_KA-20150129-IMG_0418-mr-kutatas-scr-400x267.jpg 400w, https:\/\/semmelweis.hu\/hirek\/files\/2021\/04\/RS27852_KA-20150129-IMG_0418-mr-kutatas-scr-900x600.jpg 900w, https:\/\/semmelweis.hu\/hirek\/files\/2021\/04\/RS27852_KA-20150129-IMG_0418-mr-kutatas-scr-768x512.jpg 768w, https:\/\/semmelweis.hu\/hirek\/files\/2021\/04\/RS27852_KA-20150129-IMG_0418-mr-kutatas-scr-753x502.jpg 753w, https:\/\/semmelweis.hu\/hirek\/files\/2021\/04\/RS27852_KA-20150129-IMG_0418-mr-kutatas-scr-203x135.jpg 203w\" sizes=\"auto, (max-width: 950px) 100vw, 950px\" \/><figcaption id=\"caption-attachment-103075\" class=\"wp-caption-text\">MR-vizsg\u00e1lat. A fot\u00f3 illusztr\u00e1ci\u00f3.<\/figcaption><\/figure>\n<p>Dr. Bereczki D\u00e1niel kiemelte: fontos k\u00e9rd\u00e9s, hogy mikor sz\u00fcks\u00e9ges k\u00e9palkot\u00f3 vizsg\u00e1lattal (CT, MRI) tiszt\u00e1zni azt, hogy van-e kopony\u00e1n bel\u00fcl olyan elv\u00e1ltoz\u00e1s, ami a fejf\u00e1j\u00e1s okoz\u00f3ja lehet. \u00c1ltal\u00e1noss\u00e1gban ismert, t\u00edpusos, ism\u00e9tl\u0151d\u0151 migr\u00e9nes rohamok eset\u00e9n feleslegesnek tartj\u00e1k a k\u00e9palkot\u00f3 vizsg\u00e1latot, ugyanakkor ha valakin\u00e9l el\u0151sz\u00f6r fordul el\u0151 ilyen er\u0151s migr\u00e9nes f\u00e1jdalom, akkor sz\u00fcks\u00e9ges lehet \u2013 mutatott r\u00e1, ismertetve a hazai \u00e9s amerikai aj\u00e1nl\u00e1sokat is.<\/p>\n<p>K\u00e9palkot\u00f3 vizsg\u00e1lat javasolt az amerikai ir\u00e1nyelvek szerint, ha:<\/p>\n<ul style=\"list-style-type: square\">\n<li>g\u00f3ct\u00fcnetek figyelhet\u0151k meg (pl. l\u00e1t\u00f3t\u00e9rkies\u00e9s, egyik oldali v\u00e9gtagok gyeng\u00e9bbek),<\/li>\n<li>a fejf\u00e1j\u00e1s egyre er\u0151s\u00f6d\u0151, \u00fan. progressz\u00edv fejf\u00e1j\u00e1s,<\/li>\n<li>kor\u00e1bban nem volt fejf\u00e1j\u00f3s,<\/li>\n<li>a fejf\u00e1j\u00e1s \u201e\u00fct\u00e9sszer\u0171en\u201d kezd\u0151d\u00f6tt, vagyis az elej\u00e9n a legs\u00falyosabb,<\/li>\n<li>az er\u0151lk\u00f6d\u00e9s fokozza a f\u00e1jdalmat,<\/li>\n<li>egy\u00e9b m\u00e1s betegs\u00e9gre utal\u00f3 t\u00fcnetek vannak,<\/li>\n<li>epilepszia k\u00eds\u00e9ret\u00e9ben jelentkezik.<\/li>\n<\/ul>\n<p>Hasonl\u00f3an fogalmaznak az eur\u00f3pai ir\u00e1nyelvek, valamint a <a href=\"http:\/\/www.fejfajas-tarsasag.hu\/hirek.aspx\">Magyar Fejf\u00e1j\u00e1s T\u00e1rsas\u00e1g<\/a> is \u2013 ut\u00f3bbi aj\u00e1nl\u00e1sa kiemeli azt is, hogy ha v\u00e1ltoz\u00e1s \u00e1ll be egy fejf\u00e1j\u00e1sban, annak gyakoris\u00e1g\u00e1ban, jelleg\u00e9ben, akkor szint\u00e9n sz\u00fcks\u00e9ges lehet k\u00e9palkot\u00f3 diagnosztik\u00e1ra. \u00dajonnan jelentkez\u0151, napokig tart\u00f3 fejf\u00e1j\u00e1sn\u00e1l pedig akkor is \u00e9rdemes k\u00e9palkot\u00f3 vizsg\u00e1latot v\u00e9gezni, ha fiatal eg\u00e9szs\u00e9gesnek t\u0171n\u0151 betegr\u0151l van sz\u00f3.<\/p>\n<p>Dr. Bereczki D\u00e1niel v\u00e9gigtekintett a fejf\u00e1j\u00e1s kezel\u00e9s\u00e9nek t\u00f6rt\u00e9net\u00e9n is, ami t\u00f6bb ezer \u00e9vre ny\u00falik vissza; m\u00e1r az \u00f3kori Egyiptomb\u00f3l is fennmaradtak ezzel kapcsolatos papiruszok. A migr\u00e9n hazai kezel\u00e9s\u00e9nek fejl\u0151d\u00e9s\u00e9t ismertetve kit\u00e9rt egyebek mellett az elm\u00falt n\u00e9h\u00e1ny \u00e9v gy\u00f3gyszerfejleszt\u00e9s\u00e9nek egyik c\u00e9lpontj\u00e1ra, a CGRP feh\u00e9rje ellent\u00e9telez\u00e9s\u00e9re. Sz\u00f3lt arr\u00f3l, hogy a nem t\u00fal er\u0151s migr\u00e9nes rohamot ak\u00e1r f\u00e9l-egy \u00f3r\u00e1s alv\u00e1s is megsz\u00fcntetheti, a rohamok megel\u0151z\u00e9s\u00e9ben pedig seg\u00edt a rendszeres \u00e9letm\u00f3d \u00e9s sportol\u00e1s, rendszeres alv\u00e1s, a kiv\u00e1lt\u00f3 faktorok (pl. v\u00f6r\u00f6sbor, sajt, ha ez a tapasztalat) ker\u00fcl\u00e9se. A kezel\u00e9s hat\u00e1soss\u00e1g\u00e1t neh\u00e9z objekt\u00edven meg\u00edt\u00e9lni kr\u00f3nikus fejf\u00e1j\u00e1s eset\u00e9n, ez\u00e9rt javasolt fejf\u00e1j\u00e1s-napl\u00f3t vezetni.<\/p>\n<p>K\u00fcl\u00f6n kit\u00e9rt az 50 \u00e9ven fel\u00fcl kezd\u0151d\u0151 fejf\u00e1j\u00e1sokra, amelyek k\u00f6z\u00f6tt kevesebb az els\u0151dleges fejf\u00e1j\u00e1s, gyakoribb a t\u00fcneti, \u00edgy k\u00fcl\u00f6n k\u00f6r\u00fcltekint\u00e9st ig\u00e9nyelnek, gyakrabban indokolt k\u00e9palkot\u00f3 vizsg\u00e1lat. Ezeknek a fejf\u00e1j\u00e1soknak a h\u00e1tter\u00e9ben \u00e1llhat id\u0151sebb korban:<\/p>\n<ul style=\"list-style-type: square\">\n<li>trauma<\/li>\n<li>agyi \u00e9rbetegs\u00e9g<\/li>\n<li>tumor<\/li>\n<li>z\u00f6ld h\u00e1lyog<\/li>\n<li>hal\u00e1nt\u00e9kart\u00e9ria-gyullad\u00e1s<\/li>\n<li>kor\u00e1bban nem ismert magas v\u00e9rnyom\u00e1s<\/li>\n<li>alv\u00e1si apno\u00e9<\/li>\n<li>nyaki degenerat\u00edv gerincbetegs\u00e9g<\/li>\n<li>t\u00falzott gy\u00f3gyszerhaszn\u00e1lat<\/li>\n<\/ul>\n<p>\u00a0Az 50 \u00e9v feletti els\u0151dleges, vagyis nem t\u00fcneti fejf\u00e1j\u00e1sok k\u00f6z\u00e9 tartozik az alv\u00e1si fejf\u00e1j\u00e1s, ami alv\u00e1s k\u00f6zben jelentkezik \u00e9s fel\u00e9breszti a beteget.<\/p>\n<p><a href=\"https:\/\/semmelweis.hu\/hirek\/files\/2021\/04\/Bereczki-Fejf\u00e1j\u00e1s-Senior-Akad\u00e9mia-2021.pdf\" target=\"_blank\" rel=\"noopener noreferrer\">Az el\u0151ad\u00e1s diasora ide kattintva tekinthet\u0151 meg.\u00a0<\/a><\/p>\n<div class=\"keretes w-100\">\n<p>Dr. Bereczki D\u00e1niel 2007 \u00f3ta vezeti az egyetem Neurol\u00f3giai Klinik\u00e1j\u00e1t, ezt megel\u0151z\u0151en a Debreceni Egyetemen dolgozott, \u00e9s \u00e1ltal\u00e1nos orvosi diplom\u00e1j\u00e1t is ott szerezte 1984-ben. 1988-ban neurol\u00f3gi\u00e1b\u00f3l, 1994-ben pszichi\u00e1tri\u00e1b\u00f3l tett szakvizsg\u00e1t, PhD tudom\u00e1nyos fokozat\u00e1t 1994-ben, MTA doktori fokozat\u00e1t 2001-ben szerezte meg. Sz\u00e1mos k\u00fclf\u00f6ldi szakmai tapasztalatot szerzett vend\u00e9gkutat\u00f3k\u00e9nt \u00e9s vend\u00e9gprofesszork\u00e9nt a vil\u00e1g t\u00f6bb orsz\u00e1g\u00e1ban, t\u00f6bbek k\u00f6z\u00f6tt az USA-ban, Jap\u00e1nban, Hollandi\u00e1ban. F\u0151 kutat\u00e1si ter\u00fcletei k\u00f6z\u00e9 tartoznak az agyi \u00e9rbetegs\u00e9gek, az agyi v\u00e9rkering\u00e9s zavarai, valamint a fejf\u00e1j\u00e1s. Sz\u00e1mos tudom\u00e1nyos t\u00e1rsas\u00e1gban szerepet v\u00e1llal, \u00edgy a Magyar Stroke T\u00e1rsas\u00e1g alap\u00edt\u00f3 tagja, kor\u00e1bbi eln\u00f6ke, jelenlegi eln\u00f6ks\u00e9gi tagja.\u00a0<\/p>\n<\/div>\n<p>Dobozi P\u00e1lma<br \/>\nFot\u00f3: Kov\u00e1cs Attila &#8211; Semmelweis Egyetem<\/p>\n<p><em>Az egyetem \u2013 alap\u00edt\u00e1s\u00e1nak 250 \u00e9ves jubileum\u00e1ra eml\u00e9kezve \u2013 2019-ben ind\u00edtotta el a lakoss\u00e1gnak, f\u0151k\u00e9nt az id\u0151sebb koroszt\u00e1lynak \u00e9s hozz\u00e1tartoz\u00f3inak sz\u00f3l\u00f3 ingyenes szabadel\u0151ad\u00e1s-sorozat\u00e1t dr. Nagy Zolt\u00e1n professor emeritus szakmai vezet\u00e9s\u00e9vel, amely a j\u00e1rv\u00e1nyhelyzetben online folytat\u00f3dik. A Szenior Akad\u00e9mi\u00e1n az \u00e9rdekl\u0151d\u0151k az egyetem vezet\u0151 professzorainak tolm\u00e1csol\u00e1s\u00e1ban nyerhetnek bepillant\u00e1st az orvostudom\u00e1ny leg\u00fajabb eredm\u00e9nyeibe, \u00e9s kaphatnak hasznos ismereteket a leggyakoribb betegs\u00e9gekr\u0151l, azok megel\u0151z\u00e9s\u00e9t\u0151l a felismer\u00e9sen \u00e1t a ter\u00e1pi\u00e1ig.<\/em><\/p>\n","protected":false},"excerpt":{"rendered":"<p>Dr. Bereczki D\u00e1niel, a Neurol\u00f3giai Klinika igazgat\u00f3ja az \u00f6tven \u00e9ven fel\u00fcl kezd\u0151d\u0151 fejf\u00e1j\u00e1sokr\u00f3l is besz\u00e9lt. <\/p>\n","protected":false},"author":13,"featured_media":103081,"comment_status":"closed","ping_status":"closed","sticky":false,"template":"","format":"standard","meta":{"_acf_changed":false,"footnotes":""},"categories":[154,168],"tags":[4240,4218,4249],"class_list":["post-103074","post","type-post","status-publish","format-standard","has-post-thumbnail","hentry","category-egeszseg","category-kiemelt","tag-jubileumi-hirek","tag-semmelweis-250","tag-szenior-akademia"],"acf":[],"_links":{"self":[{"href":"https:\/\/semmelweis.hu\/hirek\/wp-json\/wp\/v2\/posts\/103074","targetHints":{"allow":["GET"]}}],"collection":[{"href":"https:\/\/semmelweis.hu\/hirek\/wp-json\/wp\/v2\/posts"}],"about":[{"href":"https:\/\/semmelweis.hu\/hirek\/wp-json\/wp\/v2\/types\/post"}],"author":[{"embeddable":true,"href":"https:\/\/semmelweis.hu\/hirek\/wp-json\/wp\/v2\/users\/13"}],"replies":[{"embeddable":true,"href":"https:\/\/semmelweis.hu\/hirek\/wp-json\/wp\/v2\/comments?post=103074"}],"version-history":[{"count":6,"href":"https:\/\/semmelweis.hu\/hirek\/wp-json\/wp\/v2\/posts\/103074\/revisions"}],"predecessor-version":[{"id":103097,"href":"https:\/\/semmelweis.hu\/hirek\/wp-json\/wp\/v2\/posts\/103074\/revisions\/103097"}],"wp:featuredmedia":[{"embeddable":true,"href":"https:\/\/semmelweis.hu\/hirek\/wp-json\/wp\/v2\/media\/103081"}],"wp:attachment":[{"href":"https:\/\/semmelweis.hu\/hirek\/wp-json\/wp\/v2\/media?parent=103074"}],"wp:term":[{"taxonomy":"category","embeddable":true,"href":"https:\/\/semmelweis.hu\/hirek\/wp-json\/wp\/v2\/categories?post=103074"},{"taxonomy":"post_tag","embeddable":true,"href":"https:\/\/semmelweis.hu\/hirek\/wp-json\/wp\/v2\/tags?post=103074"}],"curies":[{"name":"wp","href":"https:\/\/api.w.org\/{rel}","templated":true}]}}