{"id":10305,"date":"2012-03-02T08:07:59","date_gmt":"2012-03-02T08:07:59","guid":{"rendered":"http:\/\/semmelweis-egyetem.hu\/hirek\/?p=10305"},"modified":"2015-05-08T11:44:38","modified_gmt":"2015-05-08T09:44:38","slug":"metszetszeminarium-es-dijatado-a-ii-sz-patologiai-intezetben","status":"publish","type":"post","link":"https:\/\/semmelweis.hu\/hirek\/2012\/03\/02\/metszetszeminarium-es-dijatado-a-ii-sz-patologiai-intezetben\/","title":{"rendered":"Metszetkonzult\u00e1ci\u00f3 \u00e9s d\u00edj\u00e1tad\u00f3 a II. Sz. Patol\u00f3giai Int\u00e9zetben"},"content":{"rendered":"<p>Ism\u00e9t \u00f6sszegy\u0171ltek az orsz\u00e1g minden pontj\u00e1r\u00f3l a patol\u00f3gus szakemberek a II. Sz. Patol\u00f3giai Int\u00e9zet tanterm\u00e9ben az Orsz\u00e1gos Metszetkonzult\u00e1ci\u00f3ra. Az \u00e9vente h\u00e1romszor megtartott rendezv\u00e9nyt, amelynek f\u0151 c\u00e9lja a folyamatos szakmai tov\u00e1bbk\u00e9pz\u00e9s, dr. Jellinek Harry ind\u00edtotta m\u00e9g az 1970-es \u00e9vekben.<\/p>\n<p><a href=\"https:\/\/semmelweis.hu\/hirek\/files\/2012\/03\/metszet3.jpg\"><img loading=\"lazy\" decoding=\"async\" class=\"alignleft size-medium wp-image-10309\" src=\"https:\/\/semmelweis.hu\/hirek\/files\/2012\/03\/metszet3-300x200.jpg\" alt=\"\" width=\"300\" height=\"200\" srcset=\"https:\/\/semmelweis.hu\/hirek\/files\/2012\/03\/metszet3-300x200.jpg 300w, https:\/\/semmelweis.hu\/hirek\/files\/2012\/03\/metszet3-597x400.jpg 597w, https:\/\/semmelweis.hu\/hirek\/files\/2012\/03\/metszet3-600x400.jpg 600w\" sizes=\"auto, (max-width: 300px) 100vw, 300px\" \/><\/a>\u201eA metszetek az ut\u00f3bbi \u00e9vekben digit\u00e1lis form\u00e1ban el\u00e9rhet\u0151ek legal\u00e1bb egy h\u00f3nappal a metszetkonzult\u00e1ci\u00f3 el\u0151tt, \u00edgy mindenkinek lehet\u0151s\u00e9ge van a diagn\u00f3zisokat fel\u00e1ll\u00edtani, megold\u00e1sait bek\u00fcldeni. Az \u00e9rdekes, tanuls\u00e1gos, neh\u00e9z esetek r\u00e9szletes bemutat\u00e1s\u00e1t minden alkalommal egy m\u00e1sik k\u00f3rh\u00e1zi oszt\u00e1ly vagy egyetemi patol\u00f3giai int\u00e9zet v\u00e1llalja, az ut\u00f3bbi id\u0151ben egyre gyakrabban k\u00fclf\u00f6ldr\u0151l is h\u00edvunk vend\u00e9gel\u0151ad\u00f3kat. A bemutat\u00e1s sor\u00e1n a bek\u00fcld\u00f6tt diagn\u00f3zisok t\u00fckr\u00e9ben t\u00f6rt\u00e9nik az esetek diszkusszi\u00f3ja\u201d \u2013 sz\u00e1molt be az idei els\u0151 ilyen konzult\u00e1ci\u00f3r\u00f3l dr. Kulka Janina, a II. Sz. Patol\u00f3giai Int\u00e9zet igazgat\u00f3helyettese.<\/p>\n<p>A mostani konzult\u00e1ci\u00f3 vend\u00e9ge dr. Boz\u00f3ky B\u00e9la volt, aki p\u00e1lyafut\u00e1s\u00e1t a Szegedi Orvostudom\u00e1nyi Egyetemen, az Ormos Jen\u0151 professzor vezette Patol\u00f3giai Int\u00e9zetben kezdte, s jelenleg a sv\u00e9dorsz\u00e1gi Karolinska Egyetem Patol\u00f3giai Int\u00e9zet\u00e9ben dolgozik. A Metszetkonzult\u00e1ci\u00f3 akkredit\u00e1lt tov\u00e1bbk\u00e9pz\u00e9sk\u00e9nt szolg\u00e1lja a hazai szakemberek tud\u00e1s\u00e1nak folyamatos szinten tart\u00e1s\u00e1t \u2013 hangs\u00falyozta dr. Kulka Janina.<\/p>\n<p>T\u00f6bb \u00e9vtizedes hagyom\u00e1nyt k\u00f6vetve a Magyar Patol\u00f3gusok T\u00e1rsas\u00e1ga \u00e9s a Magyar Onkol\u00f3gusok T\u00e1rsas\u00e1ga a 2011-es \u00e9vre is meghirdette a Krompecher \u00d6d\u00f6n p\u00e1ly\u00e1zatot, \u201eA vez\u00e9relt cytologiai mintav\u00e9telek helye a betegell\u00e1t\u00e1sban\u201d c\u00edmmel. A nyertesek a konzult\u00e1ci\u00f3 el\u0151tt vehett\u00e9k \u00e1t a d\u00edjakat. Az \u00fcnneps\u00e9gen a Krompecher csal\u00e1d k\u00e9pviselet\u00e9ben jelen volt dr. Korompay J\u00e1nos, Korompay G\u00e9za \u00e9s dr. Korompay Anna, a Magyar Onkol\u00f3gusok T\u00e1rsas\u00e1g\u00e1t dr. G\u0151d\u00e9ny M\u00e1ria, a MOT eln\u00f6ke k\u00e9pviselte.<\/p>\n<figure id=\"attachment_10306\" aria-describedby=\"caption-attachment-10306\" style=\"width: 540px\" class=\"wp-caption aligncenter\"><a href=\"https:\/\/semmelweis.hu\/hirek\/files\/2012\/03\/dij1.jpg\"><img loading=\"lazy\" decoding=\"async\" class=\"size-large wp-image-10306 \" src=\"https:\/\/semmelweis.hu\/hirek\/files\/2012\/03\/dij1-600x356.jpg\" alt=\"\" width=\"540\" height=\"320\" srcset=\"https:\/\/semmelweis.hu\/hirek\/files\/2012\/03\/dij1-600x356.jpg 600w, https:\/\/semmelweis.hu\/hirek\/files\/2012\/03\/dij1-300x178.jpg 300w\" sizes=\"auto, (max-width: 540px) 100vw, 540px\" \/><\/a><figcaption id=\"caption-attachment-10306\" class=\"wp-caption-text\">Fot\u00f3k: Kar\u00e1th Zita<\/figcaption><\/figure>\n<p>I. helyezett:<\/p>\n<p>\u201eORCA\u201d jelig\u00e9vel \u00c1cs Bal\u00e1zs, Semmelweis Egyetem, \u00c1ltal\u00e1nos Orvostudom\u00e1nyi Kar, IV. \u00e9vfolyamos hallgat\u00f3ja. \u0150 a II. Sz. Patol\u00f3giai Int\u00e9zet di\u00e1kk\u00f6r\u00f6s hallgat\u00f3ja, aki egy\u00e9bk\u00e9nt az idei Tudom\u00e1nyos Di\u00e1kk\u00f6ri Konferenci\u00e1n is els\u0151 helyez\u00e9st \u00e9rt el. A b\u00edr\u00e1l\u00f3 bizotts\u00e1g kiemelte, hogy a p\u00e1lymunk\u00e1ban saj\u00e1t kutat\u00e1sair\u00f3l is r\u00e9szletesen besz\u00e1molt.<\/p>\n<p>II. helyezett:<\/p>\n<p>\u201eTADEUSZ\u201d jelig\u00e9vel S\u00e1ghi M\u00e1rton, Semmelweis Egyetem, \u00c1ltal\u00e1nos Orvostudom\u00e1nyi Kar V. \u00e9vfolyamos hallgat\u00f3ja. \u0150 szint\u00e9n a II.sz. Patol\u00f3giai Int\u00e9zet\u00e9nek di\u00e1kk\u00f6r\u00f6s hallgat\u00f3ja, aki harmad\u00e9ves kora \u00f3ta rendszeresen bej\u00e1r az int\u00e9zetbe \u00e9s itt els\u0151sorban a cytol\u00f3giai diagnosztik\u00e1t tanulja \u00fagy, hogy a leletez\u0151 patol\u00f3gussal egy\u00fctt vizsg\u00e1lja a keneteket.<\/p>\n<p>III. helyezett:<\/p>\n<p>\u201eEsti Korn\u00e9l\u201d jelig\u00e9vel Ol\u00e1h Roland, a P\u00e9csi Tudom\u00e1nyegyetem \u00c1ltal\u00e1nos Orvostudom\u00e1nyi Kar VI. \u00e9vfolyamos hallgat\u00f3ja.<\/p>\n","protected":false},"excerpt":{"rendered":"<p>Ism\u00e9t \u00f6sszegy\u0171ltek az orsz\u00e1g minden pontj\u00e1r\u00f3l a patol\u00f3gus szakemberek a II. Sz. Patol\u00f3giai Int\u00e9zet tanterm\u00e9ben az Orsz\u00e1gos Metszetkonzult\u00e1ci\u00f3ra. Az \u00e9vente h\u00e1romszor megtartott rendezv\u00e9nyt, amelynek f\u0151 c\u00e9lja a folyamatos szakmai tov\u00e1bbk\u00e9pz\u00e9s, dr. Jellinek Harry ind\u00edtotta m\u00e9g az 1970-es \u00e9vekben. <a href=\"https:\/\/semmelweis.hu\/hirek\/files\/2012\/03\/metszet3.jpg\"><\/a> \u201eA metszetek az ut\u00f3bbi \u00e9vekben digit\u00e1lis form\u00e1ban el\u00e9rhet\u0151ek legal\u00e1bb egy h\u00f3nappal a metszetkonzult\u00e1ci\u00f3 el\u0151tt, \u00edgy mindenkinek lehet\u0151s\u00e9ge &hellip;<\/p>\n","protected":false},"author":13,"featured_media":10309,"comment_status":"closed","ping_status":"open","sticky":false,"template":"","format":"standard","meta":{"_acf_changed":false,"footnotes":""},"categories":[161,168],"tags":[188],"class_list":["post-10305","post","type-post","status-publish","format-standard","has-post-thumbnail","hentry","category-tudomany","category-kiemelt","tag-tudomanyos-hirek-rendezvenyek"],"acf":[],"_links":{"self":[{"href":"https:\/\/semmelweis.hu\/hirek\/wp-json\/wp\/v2\/posts\/10305","targetHints":{"allow":["GET"]}}],"collection":[{"href":"https:\/\/semmelweis.hu\/hirek\/wp-json\/wp\/v2\/posts"}],"about":[{"href":"https:\/\/semmelweis.hu\/hirek\/wp-json\/wp\/v2\/types\/post"}],"author":[{"embeddable":true,"href":"https:\/\/semmelweis.hu\/hirek\/wp-json\/wp\/v2\/users\/13"}],"replies":[{"embeddable":true,"href":"https:\/\/semmelweis.hu\/hirek\/wp-json\/wp\/v2\/comments?post=10305"}],"version-history":[{"count":2,"href":"https:\/\/semmelweis.hu\/hirek\/wp-json\/wp\/v2\/posts\/10305\/revisions"}],"predecessor-version":[{"id":40884,"href":"https:\/\/semmelweis.hu\/hirek\/wp-json\/wp\/v2\/posts\/10305\/revisions\/40884"}],"wp:featuredmedia":[{"embeddable":true,"href":"https:\/\/semmelweis.hu\/hirek\/wp-json\/wp\/v2\/media\/10309"}],"wp:attachment":[{"href":"https:\/\/semmelweis.hu\/hirek\/wp-json\/wp\/v2\/media?parent=10305"}],"wp:term":[{"taxonomy":"category","embeddable":true,"href":"https:\/\/semmelweis.hu\/hirek\/wp-json\/wp\/v2\/categories?post=10305"},{"taxonomy":"post_tag","embeddable":true,"href":"https:\/\/semmelweis.hu\/hirek\/wp-json\/wp\/v2\/tags?post=10305"}],"curies":[{"name":"wp","href":"https:\/\/api.w.org\/{rel}","templated":true}]}}