{"id":102976,"date":"2021-04-02T08:00:15","date_gmt":"2021-04-02T06:00:15","guid":{"rendered":"https:\/\/semmelweis.hu\/hirek\/?p=102976"},"modified":"2021-04-01T10:17:33","modified_gmt":"2021-04-01T08:17:33","slug":"szenior-akademia-fokuszban-a-fogak-megtartasa","status":"publish","type":"post","link":"https:\/\/semmelweis.hu\/hirek\/2021\/04\/02\/szenior-akademia-fokuszban-a-fogak-megtartasa\/","title":{"rendered":"Szenior Akad\u00e9mia \u2013 f\u00f3kuszban a fogak megtart\u00e1sa"},"content":{"rendered":"<div class=\"lead\">Hogyan \u0151rizhetn\u00e9nk meg mindny\u00e1jan sok\u00e1ig a fogainkat? c\u00edmmel tartott el\u0151ad\u00e1st dr. Bartha K\u00e1roly, a Fogorvostudom\u00e1nyi Kar d\u00e9k\u00e1nhelyettese, a Konzerv\u00e1l\u00f3 Fog\u00e1szati Klinika egyetemi docense a Szenior Akad\u00e9mia 2021-es tavaszi szemeszter\u00e9nek \u00f6t\u00f6dik alkalm\u00e1n. A szakember egyebek mellett sz\u00f3lt arr\u00f3l is, hogy milyen szoros kapcsolat van a sz\u00e1j megfelel\u0151 \u00e1llapota \u00e9s az \u00e1ltal\u00e1nos eg\u00e9szs\u00e9g k\u00f6z\u00f6tt.<\/div>\n<p><img loading=\"lazy\" decoding=\"async\" class=\"alignleft size-medium wp-image-102978\" src=\"https:\/\/semmelweis.hu\/hirek\/files\/2021\/04\/RS90724_IMG_1799-scr-267x400.jpg\" alt=\"\" width=\"267\" height=\"400\" srcset=\"https:\/\/semmelweis.hu\/hirek\/files\/2021\/04\/RS90724_IMG_1799-scr-267x400.jpg 267w, https:\/\/semmelweis.hu\/hirek\/files\/2021\/04\/RS90724_IMG_1799-scr.jpg 500w\" sizes=\"auto, (max-width: 267px) 100vw, 267px\" \/>Az eg\u00e9szs\u00e9ges sz\u00e1j t\u00f6bb szempontb\u00f3l fontos, \u00e9pp\u00fagy kell a r\u00e1g\u00e1shoz, hangk\u00e9pz\u00e9shez, mint a j\u00f3 megjelen\u00e9shez, \u00f6nbecs\u00fcl\u00e9shez, \u00e9s a fogak megl\u00e9te az arcmagass\u00e1g megtart\u00e1s\u00e1hoz is n\u00e9lk\u00fcl\u00f6zhetetlen. A fogak \u00e9ps\u00e9g\u00e9nek meg\u0151rz\u00e9se \u00e9rdek\u00e9ben mindenkinek mag\u00e1nak is t\u00f6r\u0151dnie kell a sz\u00e1ja eg\u00e9szs\u00e9g\u00e9vel, \u00e9s term\u00e9szetesen nem \u00e1rt egy j\u00f3 fogorvos sem \u2013 jegyezte meg dr. Bartha K\u00e1roly, hozz\u00e1t\u00e9ve, a j\u00f3 szakembert az a c\u00e9l vezeti, hogy minim\u00e1lis fogveszt\u00e9ssel j\u00e1rjon az \u00e9vek m\u00fal\u00e1sa. \u201eA mi feladatunk a prevenci\u00f3val, hogy egy jobb \u00e9letmin\u0151s\u00e9get biztos\u00edtsunk p\u00e1ciens\u00fcnk sz\u00e1m\u00e1ra, hiszen nem mindegy mennyit szenved\u00fcnk a fogainkkal. A j\u00f3l m\u0171k\u00f6d\u0151 prevenci\u00f3hoz arra lenne sz\u00fcks\u00e9g, hogy a lakoss\u00e1g eg\u00e9szs\u00e9gtudatos legyen, meglegyenek az ehhez sz\u00fcks\u00e9ges ismeretek, m\u00e1sr\u00e9szt alapvet\u0151 fontoss\u00e1g\u00fa a fog\u00e1szati ell\u00e1t\u00e1s min\u0151s\u00e9ge, az, hogy minden egyes kezel\u00e9s a prevenci\u00f3 megfelel\u0151 szintj\u00e9t szolg\u00e1lja&#8221; \u2013 r\u00e9szletezte.<\/p>\n<p>\u201eManaps\u00e1g az \u00fan. \u00e9letm\u00f3d- vagy viselked\u00e9sbetegs\u00e9gek azok, amelyek a legt\u00f6bb probl\u00e9m\u00e1t okozz\u00e1k\u201d \u2013 magyar\u00e1zta dr. Bartha K\u00e1roly. Ezek \u00e1llnak a f\u0151, hal\u00e1loz\u00e1st okoz\u00f3 betegs\u00e9gek (pl. r\u00e1kbetegs\u00e9g, diab\u00e9tesz, kering\u00e9si betegs\u00e9gek) mellett az olyan fog\u00e1szati probl\u00e9m\u00e1k h\u00e1tter\u00e9ben is, mint a fogszuvasod\u00e1s, a fog\u00e1gybetegs\u00e9g vagy a sz\u00e1j\u00fcregi traum\u00e1k. Az \u00fan. \u00e9letm\u00f3dbetegs\u00e9geket okoz\u00f3 t\u00e9nyez\u0151k k\u00f6z\u00e9 tartozik:<\/p>\n<ul style=\"list-style-type: square\">\n<li>az eg\u00e9szs\u00e9gtelen t\u00e1pl\u00e1lkoz\u00e1s<\/li>\n<li>a stressz<\/li>\n<li>a kontroll hi\u00e1nya<\/li>\n<li>a rossz higi\u00e9n\u00e9<\/li>\n<li>a doh\u00e1nyz\u00e1s<\/li>\n<li>az alkohol<\/li>\n<li>a mozg\u00e1shi\u00e1ny<\/li>\n<li>\u00e9s a s\u00e9r\u00fcl\u00e9sek is.<\/li>\n<\/ul>\n<p>A vil\u00e1gon el\u0151fordul\u00f3 betegs\u00e9gek k\u00f6z\u00fcl a feln\u0151ttekn\u00e9l a leggyakoribb a kezeletlen szuvas fog, m\u00edg a s\u00falyos fog\u00e1gybetegs\u00e9g a hatodik helyen \u00e1ll; szint\u00e9n besz\u00e9des, hogy a sz\u00e1j\u00fcregi r\u00e1k ott van a 10 leggyakoribb daganatos megbeteged\u00e9s k\u00f6z\u00f6tt \u2013 mutatott r\u00e1 a d\u00e9k\u00e1nhelyettes, hozz\u00e1t\u00e9ve: ha a fog\u00e1szati prevenci\u00f3 vagy a jobb sz\u00e1jeg\u00e9szs\u00e9g ter\u00e9n el\u0151rel\u00e9p\u00fcnk, az az \u00e1ltal\u00e1nos eg\u00e9szs\u00e9g\u00fcgyet tekintve is komoly javul\u00e1st eredm\u00e9nyezne. A vil\u00e1g n\u00e9pess\u00e9g\u00e9nek ugyanis 90 sz\u00e1zal\u00e9k\u00e1n\u00e1l fordulnak el\u0151 fog\u00e1szati probl\u00e9m\u00e1k.<\/p>\n<div class=\"fontos_div\">\n<p>A World Health Organization (WHO) szerint az \u00e1ltal\u00e1nos eg\u00e9szs\u00e9g nem k\u00e9pzelhet\u0151 el a sz\u00e1j\u00fcregi eg\u00e9szs\u00e9g n\u00e9lk\u00fcl. Dr. Bartha K\u00e1roly szerint fog\u00e1gybetegs\u00e9g eset\u00e9n sz\u00e1mos egy\u00e9b eg\u00e9szs\u00e9g\u00fcgyi probl\u00e9ma, \u00edgy a kering\u00e9si betegs\u00e9gek, a korasz\u00fcl\u00e9s vagy kis sz\u00fclet\u00e9si s\u00faly \u00e9s a t\u00fcd\u0151gyullad\u00e1s gyakoris\u00e1ga is n\u00f6vekszik.<\/p>\n<\/div>\n<p>Ezt k\u00f6vet\u0151en a d\u00e9k\u00e1nhelyettes besz\u00e9lt a fog\u00e1szati prevenci\u00f3r\u00f3l: bemutatta a ter\u00fclet \u201eatyj\u00e1t\u201d, W. D. Millert \u2013 az \u0151 nev\u00e9hez f\u0171z\u0151dik a Miller-te\u00f3ri\u00e1nak nevezett, ma is helyt\u00e1ll\u00f3 gondolat, amely szerint a sz\u00e1j bakt\u00e9riumai elbontj\u00e1k a cukrot, abb\u00f3l savat k\u00e9peznek, \u00e9s ez okozza a fogszuvasod\u00e1st. Ezt k\u00f6vet\u0151en \u201eA tiszta fog sosem lyukad ki\u201d lett a jelsz\u00f3, amely megalapozta a prevenci\u00f3t \u00e9s elvezetett a fogkr\u00e9mek, fogkef\u00e9k kifejleszt\u00e9s\u00e9ig. Az elm\u00falt 100 \u00e9v legfontosabb \u00fczenetei fog\u00e1szati szempontb\u00f3l a j\u00f3 sz\u00e1jhigi\u00e9nia, a helyes t\u00e1pl\u00e1lkoz\u00e1s fontoss\u00e1ga \u00e9s a rendszeres fogorvosi vizitek voltak \u2013 foglalta \u00f6ssze dr. Bartha K\u00e1roly. Mint elmondta, manaps\u00e1g a tudom\u00e1nyos eredm\u00e9nyekre t\u00e1maszkodva a f\u0151 c\u00e9l a cukorfogyaszt\u00e1s gyakoris\u00e1g\u00e1nak \u00e9s mennyis\u00e9g\u00e9nek cs\u00f6kkent\u00e9se az \u00e1ltal\u00e1nos t\u00e1pl\u00e1lkoz\u00e1si elvekkel \u00f6sszhangban (azaz cukor helyett ne magas s\u00f3- vagy zs\u00edrtartalm\u00fa \u00e9teleket egy\u00fcnk); de szint\u00e9n fontos, hogy a manaps\u00e1g eg\u00e9szs\u00e9gesnek tartott sok gy\u00fcm\u00f6lcs \u00e9s gy\u00fcm\u00f6lcsl\u00e9 fogyaszt\u00e1sa a fogak k\u00e1rosod\u00e1s\u00e1t, dent\u00e1lis er\u00f3zi\u00f3t okozhat.<\/p>\n<p><img loading=\"lazy\" decoding=\"async\" class=\"aligncenter wp-image-102979 size-full\" src=\"https:\/\/semmelweis.hu\/hirek\/files\/2021\/04\/RS90753_IMG_1676-scr.jpg\" alt=\"\" width=\"950\" height=\"633\" srcset=\"https:\/\/semmelweis.hu\/hirek\/files\/2021\/04\/RS90753_IMG_1676-scr.jpg 950w, https:\/\/semmelweis.hu\/hirek\/files\/2021\/04\/RS90753_IMG_1676-scr-400x267.jpg 400w, https:\/\/semmelweis.hu\/hirek\/files\/2021\/04\/RS90753_IMG_1676-scr-900x600.jpg 900w, https:\/\/semmelweis.hu\/hirek\/files\/2021\/04\/RS90753_IMG_1676-scr-768x512.jpg 768w, https:\/\/semmelweis.hu\/hirek\/files\/2021\/04\/RS90753_IMG_1676-scr-753x502.jpg 753w, https:\/\/semmelweis.hu\/hirek\/files\/2021\/04\/RS90753_IMG_1676-scr-203x135.jpg 203w\" sizes=\"auto, (max-width: 950px) 100vw, 950px\" \/><\/p>\n<div class=\"keretes\">\n<p>Dr. Bartha K\u00e1roly 1980-ban v\u00e9gzett az egyetem Fogorvostudom\u00e1nyi Kar\u00e1n. 1980 szeptember\u00e9t\u0151l az \u00e1llami fog\u00e1szati ell\u00e1t\u00e1s keret\u00e9ben Budapesten dolgozott fogorvosk\u00e9nt, majd 1989 j\u00falius\u00e1ban tan\u00e1rseg\u00e9dnek nevezt\u00e9k ki az egyetem Konzerv\u00e1l\u00f3 Fog\u00e1szati Klinik\u00e1j\u00e1ra. Jelenleg is itt dolgozik, egyetemi docensi beoszt\u00e1sban. Az 1996-ban \u00fajonnan bevezetett Prevent\u00edv fog\u00e1szat c. t\u00e1rgy oktat\u00e1s\u00e1ban a kezdetekt\u0151l fogva akt\u00edvan r\u00e9szt vesz, 2014-\u00f3ta m\u00e1r mint a t\u00e1rgy tant\u00e1rgyi el\u0151ad\u00f3ja. A fog\u00e1szati prevenci\u00f3 oktat\u00e1s\u00e1n, fejleszt\u00e9s\u00e9n, a megel\u0151z\u00e9ssel kapcsolatos ismeretek terjeszt\u00e9s\u00e9n k\u00edv\u00fcl a klinik\u00e1n foly\u00f3 oktat\u00e1ssal \u00e1ltal\u00e1ban is mindig sz\u00edvesen \u00e9s sokat foglalkozott, 2015-\u00f3ta pedig a kar oktat\u00e1si d\u00e9k\u00e1nhelyettesek\u00e9nt tev\u00e9kenykedik.<\/p>\n<\/div>\n<p>A d\u00e9k\u00e1nhelyettes besz\u00e1molt a skandin\u00e1v modellr\u0151l, amely szerint a rendszeres fog\u00e1szati ellen\u0151rz\u00e9s mellett az ott \u00e9l\u0151knek aj\u00e1nlott professzion\u00e1lis tiszt\u00edt\u00e1son is r\u00e9szt venni\u00fck, amelyet nem csak a fogorvosok, hanem a sz\u00e1jhigi\u00e9nikusok elv\u00e9gezhetnek. Ezzel szemben itthon jelenleg sajnos nincsen sz\u00e9les t\u00f6megeket \u00e9rint\u0151 fog\u00e1szati prevenci\u00f3s program \u2013 mutatott r\u00e1. Ezut\u00e1n besz\u00e9lt a fogelveszt\u00e9sr\u0151l is, amelynek okai k\u00f6z\u00e9 tartozik t\u00f6bbek k\u00f6z\u00f6tt a rossz sz\u00e1jhigi\u00e9n\u00e9 \u00e9s a doh\u00e1nyz\u00e1s. Kit\u00e9rt a fogszuvasod\u00e1s kialakul\u00e1s\u00e1ban szerepet j\u00e1tsz\u00f3 t\u00e9nyez\u0151kre, a szocio\u00f6kon\u00f3miai jellemz\u0151kre \u00e9s a biol\u00f3giai meghat\u00e1rozotts\u00e1gra is. \u201eA szoci\u00e1lis helyzet alapvet\u0151en befoly\u00e1solja milyen a sz\u00e1nk \u00e1llapota, eg\u00e9szs\u00e9ge\u201d \u2013 emelte ki.<\/p>\n<p>El\u0151ad\u00e1sa v\u00e9g\u00e9n dr. Bartha K\u00e1roly a fluoridok prevenci\u00f3ban bet\u00f6lt\u00f6tt szerep\u00e9r\u0151l besz\u00e9lt. A fluoridok alkalmaz\u00e1s\u00e1t, a fogszuvasod\u00e1s megel\u0151z\u00e9s\u00e9ben j\u00e1tszott hat\u00e1s\u00e1nak m\u00f3dj\u00e1t ma m\u00e1r teljesen m\u00e1sk\u00e9ppen l\u00e1tjuk, mint ak\u00e1r t\u00edz \u00e9vvel ezel\u0151tt. L\u00e9nyegesen megv\u00e1ltozott a fluoridtablett\u00e1k alkalmaz\u00e1si m\u00f3dja is, m\u00edg kor\u00e1bban \u00fagy gondoltuk, hogy minden gyereknek meg kell kapnia, manaps\u00e1g m\u00e1r csak kiz\u00e1r\u00f3lag a cariesszel, vagyis fogszuvasod\u00e1ssal kapcsolatos rizik\u00f3val rendelkez\u0151 p\u00e1cienseknek szabad fel\u00edrni, \u00e9s az adagol\u00e1s is l\u00e9nyegesen v\u00e1ltozott a nemzetk\u00f6zi irodalom szerint, amit azonban a hazai el\u0151\u00edr\u00e1sok nem k\u00f6vettek. Nagyon fontos lesz\u00f6gezni, hogy a fogszuvasod\u00e1s nem fluorid hi\u00e1nybetegs\u00e9g, a fluorid ugyanis nem egy vitamin, amelyre felt\u00e9tlen\u00fcl sz\u00fcks\u00e9ge van a szervezet\u00fcnknek, hanem egy olyan anyag, amely nagyon hat\u00e9konyan alkalmazhat\u00f3 a fogszuvasod\u00e1s megel\u0151z\u00e9s\u00e9ben. A d\u00e9k\u00e1nhelyettes \u00edgy foglalta \u00f6ssze el\u0151ad\u00e1s\u00e1nak legf\u0151bb \u00fczeneteit:<\/p>\n<ul style=\"list-style-type: square\">\n<li>Fontos a j\u00f3 sz\u00e1jhigi\u00e9nia! (legal\u00e1bb naponta k\u00e9tszeri fogmos\u00e1s, legal\u00e1bb 2 percig fluoridos fogkr\u00e9mmel)<\/li>\n<li>Fontos a helyes t\u00e1pl\u00e1lkoz\u00e1s! (cukor \u00e9s nassol\u00e1s n\u00e9lk\u00fcl)<\/li>\n<li>Sz\u00fcks\u00e9gesek a rendszeres fogorvosi vizitek, professzion\u00e1lis sz\u00e1jhigi\u00e9n\u00e9s kezel\u00e9sekkel egybek\u00f6tve.<\/li>\n<\/ul>\n<p><a href=\"https:\/\/semmelweis.hu\/hirek\/files\/2021\/04\/Bartha-Karoly_szenior.pdf\" target=\"_blank\" rel=\"noopener noreferrer\">Az el\u0151ad\u00e1s diasora ide kattintva n\u00e9zhet\u0151 meg.<\/a>\u00a0<\/p>\n<p>Szab\u00f3 \u00c1d\u00e1m <br \/>\nFot\u00f3: Kov\u00e1cs Attila &#8211; Semmelweis Egyetem<\/p>\n<p><em>Az egyetem \u2013 alap\u00edt\u00e1s\u00e1nak 250 \u00e9ves jubileum\u00e1ra eml\u00e9kezve \u2013 2019-ben ind\u00edtotta el a lakoss\u00e1gnak, f\u0151k\u00e9nt az id\u0151sebb koroszt\u00e1lynak \u00e9s hozz\u00e1tartoz\u00f3inak sz\u00f3l\u00f3 ingyenes szabadel\u0151ad\u00e1s-sorozat\u00e1t dr. Nagy Zolt\u00e1n professor emeritus szakmai vezet\u00e9s\u00e9vel, amely a j\u00e1rv\u00e1nyhelyzetben online folytat\u00f3dik. A Szenior Akad\u00e9mi\u00e1n az \u00e9rdekl\u0151d\u0151k az egyetem vezet\u0151 professzorainak tolm\u00e1csol\u00e1s\u00e1ban nyerhetnek bepillant\u00e1st az orvostudom\u00e1ny leg\u00fajabb eredm\u00e9nyeibe, \u00e9s kaphatnak hasznos ismereteket a leggyakoribb betegs\u00e9gekr\u0151l, azok megel\u0151z\u00e9s\u00e9t\u0151l a felismer\u00e9sen \u00e1t a ter\u00e1pi\u00e1ig.\u00a0<\/em><\/p>\n","protected":false},"excerpt":{"rendered":"<p>Az idei Szenior Akad\u00e9mia \u00f6t\u00f6dik alkalm\u00e1n dr. Bartha K\u00e1roly tartott el\u0151ad\u00e1st. <\/p>\n","protected":false},"author":13,"featured_media":102977,"comment_status":"closed","ping_status":"closed","sticky":false,"template":"","format":"standard","meta":{"_acf_changed":false,"footnotes":""},"categories":[154,168],"tags":[4240,4218,4249],"class_list":["post-102976","post","type-post","status-publish","format-standard","has-post-thumbnail","hentry","category-egeszseg","category-kiemelt","tag-jubileumi-hirek","tag-semmelweis-250","tag-szenior-akademia"],"acf":[],"_links":{"self":[{"href":"https:\/\/semmelweis.hu\/hirek\/wp-json\/wp\/v2\/posts\/102976","targetHints":{"allow":["GET"]}}],"collection":[{"href":"https:\/\/semmelweis.hu\/hirek\/wp-json\/wp\/v2\/posts"}],"about":[{"href":"https:\/\/semmelweis.hu\/hirek\/wp-json\/wp\/v2\/types\/post"}],"author":[{"embeddable":true,"href":"https:\/\/semmelweis.hu\/hirek\/wp-json\/wp\/v2\/users\/13"}],"replies":[{"embeddable":true,"href":"https:\/\/semmelweis.hu\/hirek\/wp-json\/wp\/v2\/comments?post=102976"}],"version-history":[{"count":4,"href":"https:\/\/semmelweis.hu\/hirek\/wp-json\/wp\/v2\/posts\/102976\/revisions"}],"predecessor-version":[{"id":102984,"href":"https:\/\/semmelweis.hu\/hirek\/wp-json\/wp\/v2\/posts\/102976\/revisions\/102984"}],"wp:featuredmedia":[{"embeddable":true,"href":"https:\/\/semmelweis.hu\/hirek\/wp-json\/wp\/v2\/media\/102977"}],"wp:attachment":[{"href":"https:\/\/semmelweis.hu\/hirek\/wp-json\/wp\/v2\/media?parent=102976"}],"wp:term":[{"taxonomy":"category","embeddable":true,"href":"https:\/\/semmelweis.hu\/hirek\/wp-json\/wp\/v2\/categories?post=102976"},{"taxonomy":"post_tag","embeddable":true,"href":"https:\/\/semmelweis.hu\/hirek\/wp-json\/wp\/v2\/tags?post=102976"}],"curies":[{"name":"wp","href":"https:\/\/api.w.org\/{rel}","templated":true}]}}