{"id":102965,"date":"2021-04-06T06:00:58","date_gmt":"2021-04-06T04:00:58","guid":{"rendered":"https:\/\/semmelweis.hu\/hirek\/?p=102965"},"modified":"2021-04-03T19:56:57","modified_gmt":"2021-04-03T17:56:57","slug":"szazeves-dr-george-berci-sebeszprofesszor-az-egyetem-diszdoktora","status":"publish","type":"post","link":"https:\/\/semmelweis.hu\/hirek\/2021\/04\/06\/szazeves-dr-george-berci-sebeszprofesszor-az-egyetem-diszdoktora\/","title":{"rendered":"Sz\u00e1z\u00e9ves dr. George Berci seb\u00e9szprofesszor, az egyetem d\u00edszdoktora"},"content":{"rendered":"<div class=\"lead\">Sz\u00e1z\u00e9ves sz\u00fclet\u00e9snapj\u00e1t \u00fcnnepelte dr. George Berci (B\u00e9rci Gy\u00f6rgy), a Semmelweis Egyetem d\u00edszdoktora, akinek sz\u00e1mos m\u0171ve m\u00e9rf\u00f6ldk\u0151 a seb\u00e9szet t\u00f6rt\u00e9net\u00e9ben. Kiemelt jelent\u0151s\u00e9g\u0171 innovat\u00edv tev\u00e9kenys\u00e9ge az olyan modern m\u0171t\u00e9ti elj\u00e1r\u00e1sok ter\u00e9n mint a minim\u00e1lisan invaz\u00edv seb\u00e9szet, a laparoszk\u00f3pos technika. Dr. Merkely B\u00e9la rektor \u00fcdv\u00f6zl\u0151 lev\u00e9llel k\u00f6sz\u00f6nt\u00f6tte a seb\u00e9szprofesszort, amelyben kiemelte: \u00e9letm\u0171ve be\u00e9p\u00fclt az orvosk\u00e9pz\u00e9s kurrikulum\u00e1ba. Az al\u00e1bbiakban dr. S\u00e1ndor J\u00f3zsef, a K\u00eds\u00e9rletes Seb\u00e9szeti \u00e9s M\u0171t\u00e9ttani Tansz\u00e9k tudom\u00e1nyos tan\u00e1csad\u00f3ja m\u00e9ltatja az \u00fcnnepeltet.\u00a0<\/div>\n<figure id=\"attachment_102966\" aria-describedby=\"caption-attachment-102966\" style=\"width: 400px\" class=\"wp-caption alignleft\"><img loading=\"lazy\" decoding=\"async\" class=\"size-medium wp-image-102966\" src=\"https:\/\/semmelweis.hu\/hirek\/files\/2021\/03\/RS5354_IMG_4862-scr-1-400x267.jpg\" alt=\"\" width=\"400\" height=\"267\" srcset=\"https:\/\/semmelweis.hu\/hirek\/files\/2021\/03\/RS5354_IMG_4862-scr-1-400x267.jpg 400w, https:\/\/semmelweis.hu\/hirek\/files\/2021\/03\/RS5354_IMG_4862-scr-1-900x600.jpg 900w, https:\/\/semmelweis.hu\/hirek\/files\/2021\/03\/RS5354_IMG_4862-scr-1-768x512.jpg 768w, https:\/\/semmelweis.hu\/hirek\/files\/2021\/03\/RS5354_IMG_4862-scr-1-753x502.jpg 753w, https:\/\/semmelweis.hu\/hirek\/files\/2021\/03\/RS5354_IMG_4862-scr-1-203x135.jpg 203w, https:\/\/semmelweis.hu\/hirek\/files\/2021\/03\/RS5354_IMG_4862-scr-1.jpg 950w\" sizes=\"auto, (max-width: 400px) 100vw, 400px\" \/><figcaption id=\"caption-attachment-102966\" class=\"wp-caption-text\">Fot\u00f3: D. Kiss Bal\u00e1zs<\/figcaption><\/figure>\n<p>Rendk\u00edv\u00fcl kalandos, megpr\u00f3b\u00e1ltat\u00e1sokkal terhelt \u00e9letp\u00e1lya, a zene vil\u00e1g\u00e1nak b\u0171v\u00f6lete, \u00fcld\u00f6ztet\u00e9s a sz\u00e9ls\u0151jobb, majd a sz\u00e9ls\u0151bal oldalr\u00f3l, menek\u00fcl\u00e9s haz\u00e1j\u00e1b\u00f3l, Magyarorsz\u00e1gr\u00f3l, majd a modern seb\u00e9szet vil\u00e1g\u00e1nak \u00fatt\u00f6r\u0151je, \u00fajfajta elj\u00e1r\u00e1sok \u00e9s berendez\u00e9sek megalkot\u00f3ja \u2013 \u00edgy foglalhat\u00f3 \u00f6ssze dr. George Berci (B\u00e9rci Gy\u00f6rgy) \u00e9let\u00e9nek 100 \u00e9ve.<\/p>\n<p>N\u00e9gy orsz\u00e1gban: Magyarorsz\u00e1gon, Ausztri\u00e1ban, Ausztr\u00e1li\u00e1ban \u00e9s az Egyes\u00fclt \u00c1llamokban \u00e9lt, ut\u00f3bbi a lakhelye jelenleg is. Neve \u00f6sszefon\u00f3dik a laparoszk\u00f3pos seb\u00e9szet l\u00e9trej\u00f6tt\u00e9vel. T\u00f6bbsz\u00e1z k\u00f6zlem\u00e9ny, tizenk\u00e9t k\u00f6nyv, 35 szabadalom, tan\u00edt\u00f3 vide\u00f3k sora mutatja aktivit\u00e1s\u00e1t. K\u00e9nyszer\u0171 emigr\u00e1ci\u00f3ja ut\u00e1n t\u00f6bbsz\u00f6r visszat\u00e9rt Magyarorsz\u00e1gra, seg\u00edtett az \u00fajfajta elj\u00e1r\u00e1sok megismer\u00e9s\u00e9ben. A Semmelweis Egyetem herceghalmi seb\u00e9szeti gyakorl\u00f3k\u00f6zpontja az \u0151 nev\u00e9t viseli. Az Egyes\u00fclt \u00c1llamok egyetemein az a szok\u00e1s, hogy egy-egy katedr\u00e1t valaki, h\u00edres egy\u00e9nis\u00e9gr\u0151l neveznek el, \u00edgy j\u00f6tt l\u00e9tre a \u201eMinim\u00e1lisan Invaz\u00edv Seb\u00e9szet George Berci Tisztelet\u00e9re\u201d Los Angelesben. A Magyar Seb\u00e9sz T\u00e1rsas\u00e1g Tiszteleti Tagj\u00e1v\u00e1 avatta, 2011-ben megkapta a hetvenh\u00e9tezer tagot k\u00e9pvisel\u0151 American College of Surgeons legnagyobb elismer\u00e9s\u00e9t a \u201eJacobson Innovation Awardot\u201d.<\/p>\n<figure id=\"attachment_102968\" aria-describedby=\"caption-attachment-102968\" style=\"width: 950px\" class=\"wp-caption aligncenter\"><img loading=\"lazy\" decoding=\"async\" class=\"wp-image-102968 size-full\" src=\"https:\/\/semmelweis.hu\/hirek\/files\/2021\/03\/RS17331__ZZS0535-scr.jpg\" alt=\"\" width=\"950\" height=\"626\" srcset=\"https:\/\/semmelweis.hu\/hirek\/files\/2021\/03\/RS17331__ZZS0535-scr.jpg 950w, https:\/\/semmelweis.hu\/hirek\/files\/2021\/03\/RS17331__ZZS0535-scr-400x264.jpg 400w, https:\/\/semmelweis.hu\/hirek\/files\/2021\/03\/RS17331__ZZS0535-scr-900x593.jpg 900w, https:\/\/semmelweis.hu\/hirek\/files\/2021\/03\/RS17331__ZZS0535-scr-768x506.jpg 768w, https:\/\/semmelweis.hu\/hirek\/files\/2021\/03\/RS17331__ZZS0535-scr-753x496.jpg 753w, https:\/\/semmelweis.hu\/hirek\/files\/2021\/03\/RS17331__ZZS0535-scr-203x135.jpg 203w\" sizes=\"auto, (max-width: 950px) 100vw, 950px\" \/><figcaption id=\"caption-attachment-102968\" class=\"wp-caption-text\">Gyakorlat az egyetem dr. George Bercir\u0151l elnevezett laborj\u00e1ban. Fot\u00f3: Kov\u00e1cs Attila &#8211; Semmelweis Egyetem<\/figcaption><\/figure>\n<div class=\"keretes\">\n<p>Dr. Merkely B\u00e9la lev\u00e9lben k\u00f6sz\u00f6nt\u00f6tte dr. George Bercit, amelyben kiemelte: a professzor \u00e9letm\u0171ve be\u00e9p\u00fclt az orvosk\u00e9pz\u00e9s kurrikulum\u00e1ba. A K\u00eds\u00e9rletes \u00e9s Seb\u00e9szeti M\u0171t\u00e9ttani Tansz\u00e9k r\u00f3la elnevezett George Berci Seb\u00e9szeti Gyakorl\u00f3 \u00e9s Kutat\u00f3 Laborat\u00f3riuma a seb\u00e9szet gyakorlati oktat\u00e1s\u00e1ban \u00e9s a tudom\u00e1nyos kutat\u00e1sban is fontos szerepet t\u00f6lt be, ahol k\u00f6zel t\u00edz \u00e9ve oktatjuk magyar, angol \u00e9s n\u00e9met nyelven a \u201ek\u00eds\u00e9rletes \u00e9s seb\u00e9szeti m\u0171t\u00e9ttan\u201d k\u00f6telez\u0151 tant\u00e1rgyat a gradu\u00e1lis k\u00e9pz\u00e9sben, posztgradu\u00e1lis k\u00e9pz\u00e9s keret\u00e9ben pedig a manu\u00e1lis szakm\u00e1k elk\u00f6telezettjeinek tartunk seb\u00e9szeti skill tr\u00e9ning tanfolyamokat \u2013 fogalmaz level\u00e9ben az egyetem rektora.\u00a0<\/p>\n<\/div>\n<p>2012-ben, munk\u00e1ss\u00e1ga elismer\u00e9sek\u00e9nt egyetem\u00fcnk a \u201eDoctor Honoris Causa\u201d c\u00edmmel ruh\u00e1zta fel. Dr. George Berci azonban nemcsak kiemelked\u0151 seb\u00e9sz, hanem v\u00e9gtelen\u00fcl szer\u00e9ny, j\u00f3 humor\u00fa, seg\u00edt\u0151k\u00e9sz egy\u00e9nis\u00e9g \u2013 egy kongresszuson nem tud \u00fagy v\u00e9gigmenni a foly\u00f3s\u00f3n, hogy ne lenne n\u00e9h\u00e1ny kedves szava a vil\u00e1g minden t\u00e1j\u00e1r\u00f3l \u00f6sszesereglett r\u00e9sztvev\u0151kh\u00f6z. Jelenleg, sz\u00e1z\u00e9ves kor\u00e1ban Los Angelesben, a karant\u00e9n vil\u00e1g\u00e1ban is leny\u0171g\u00f6z\u0151 aktivit\u00e1ssal dolgozik: napokban jelenik meg \u00faj k\u00f6nyve, szervezi, hogy haz\u00e1j\u00e1ba ker\u00fclj\u00f6n egy olyan, \u00faj \u00e1ltala szerkesztett m\u0171t\u00e9ti rendszer, melynek seg\u00edts\u00e9g\u00e9vel m\u00e9g pontosabban lehet oper\u00e1lni.<\/p>\n<p>Sz\u00fclet\u00e9snapj\u00e1n bar\u00e1tai, koll\u00e9g\u00e1i, tan\u00edtv\u00e1nyai nemzetk\u00f6zi on-line tal\u00e1lkoz\u00f3n \u00fcnnepelt\u00e9k Los Angelesben, melynek sor\u00e1n meghatottan mondott k\u00f6sz\u00f6netet az elhangzottak\u00e9rt, majd seg\u00edtett felszeletelni az \u00f3ri\u00e1s tort\u00e1t. Sz\u00fclet\u00e9snapj\u00e1n \u00fcdv\u00f6zl\u0151 lev\u00e9llel k\u00f6sz\u00f6nt\u00f6tte dr. Merkely B\u00e9la rektor, valamint dr. Ferencz Andrea, K\u00eds\u00e9rletes Seb\u00e9szeti \u00e9s M\u0171t\u00e9ttani Tansz\u00e9k igazgat\u00f3ja is.<\/p>\n<p>Sz\u00fclet\u00e9snapj\u00e1n azt k\u00edv\u00e1njuk, folytassa j\u00f3 er\u0151ben, eg\u00e9szs\u00e9gben munk\u00e1j\u00e1t, miel\u0151bb l\u00e1togasson haza, hozz\u00e1nk, sz\u00fcks\u00e9g\u00fcnk van tapasztalataira, b\u00f6lcsess\u00e9g\u00e9re.<\/p>\n<p>Dr. S\u00e1ndor J\u00f3zsef, egyetemi tan\u00e1r, K\u00eds\u00e9rleti Seb\u00e9szeti \u00e9s M\u0171t\u00e9ttani Tansz\u00e9k<\/p>\n","protected":false},"excerpt":{"rendered":"<p>Sz\u00e1mos m\u0171ve m\u00e9rf\u00f6ldk\u0151 a seb\u00e9szetben, az egyetemen laborat\u00f3rium viseli a nev\u00e9t. <\/p>\n","protected":false},"author":13,"featured_media":102967,"comment_status":"closed","ping_status":"closed","sticky":false,"template":"","format":"standard","meta":{"_acf_changed":false,"footnotes":""},"categories":[157,168],"tags":[],"class_list":["post-102965","post","type-post","status-publish","format-standard","has-post-thumbnail","hentry","category-semmelweis-vilag","category-kiemelt"],"acf":[],"_links":{"self":[{"href":"https:\/\/semmelweis.hu\/hirek\/wp-json\/wp\/v2\/posts\/102965","targetHints":{"allow":["GET"]}}],"collection":[{"href":"https:\/\/semmelweis.hu\/hirek\/wp-json\/wp\/v2\/posts"}],"about":[{"href":"https:\/\/semmelweis.hu\/hirek\/wp-json\/wp\/v2\/types\/post"}],"author":[{"embeddable":true,"href":"https:\/\/semmelweis.hu\/hirek\/wp-json\/wp\/v2\/users\/13"}],"replies":[{"embeddable":true,"href":"https:\/\/semmelweis.hu\/hirek\/wp-json\/wp\/v2\/comments?post=102965"}],"version-history":[{"count":5,"href":"https:\/\/semmelweis.hu\/hirek\/wp-json\/wp\/v2\/posts\/102965\/revisions"}],"predecessor-version":[{"id":102975,"href":"https:\/\/semmelweis.hu\/hirek\/wp-json\/wp\/v2\/posts\/102965\/revisions\/102975"}],"wp:featuredmedia":[{"embeddable":true,"href":"https:\/\/semmelweis.hu\/hirek\/wp-json\/wp\/v2\/media\/102967"}],"wp:attachment":[{"href":"https:\/\/semmelweis.hu\/hirek\/wp-json\/wp\/v2\/media?parent=102965"}],"wp:term":[{"taxonomy":"category","embeddable":true,"href":"https:\/\/semmelweis.hu\/hirek\/wp-json\/wp\/v2\/categories?post=102965"},{"taxonomy":"post_tag","embeddable":true,"href":"https:\/\/semmelweis.hu\/hirek\/wp-json\/wp\/v2\/tags?post=102965"}],"curies":[{"name":"wp","href":"https:\/\/api.w.org\/{rel}","templated":true}]}}