{"id":102575,"date":"2021-03-18T13:18:01","date_gmt":"2021-03-18T12:18:01","guid":{"rendered":"https:\/\/semmelweis.hu\/hirek\/?p=102575"},"modified":"2021-03-26T18:35:36","modified_gmt":"2021-03-26T17:35:36","slug":"fotoriport-covid-ellatas-az-aitk-n","status":"publish","type":"post","link":"https:\/\/semmelweis.hu\/hirek\/2021\/03\/18\/fotoriport-covid-ellatas-az-aitk-n\/","title":{"rendered":"Fot\u00f3riport: COVID-ell\u00e1t\u00e1s az AITK-n"},"content":{"rendered":"<p>A Semmelweis Egyetem Aneszteziol\u00f3giai \u00e9s Intenz\u00edv Ter\u00e1pi\u00e1s Klinik\u00e1j\u00e1nak (AITK) s\u00e1rga \u00e9s v\u00f6r\u00f6s z\u00f3n\u00e1j\u00e1ba enged bepillant\u00e1st az al\u00e1bbi k\u00e9priport. Ez az els\u0151 r\u00e9sze annak a fot\u00f3sorozatnak, amellyel az egyetem COVID-ell\u00e1t\u00e1sban legink\u00e1bb \u00e9rintett ter\u00fcleteit mutatjuk be. Az egyetem munkat\u00e1rsainak m\u00e9g soha ennyi intenz\u00edv ter\u00e1pi\u00e1ra szorul\u00f3 beteget nem kellett ell\u00e1tniuk, de elk\u00f6telezettek azir\u00e1nt, hogy a rendk\u00edv\u00fcli helyzetben is helyt\u00e1lljanak a betegek gy\u00f3gyul\u00e1sa \u00e9rdek\u00e9ben. A felv\u00e9teleket Kov\u00e1cs Attila, az egyetem Kommunik\u00e1ci\u00f3s Igazgat\u00f3s\u00e1g\u00e1nak f\u00e9nyk\u00e9p\u00e9sze k\u00e9sz\u00edtette.<\/p>\n\r\n        [slb_exclude]\r\n        <div class=\"row galeria-wrapper mx-0 h-auto\">\r\n            <div class=\"col-9 pl-0 pr-2\">\r\n            <span class=\"gallery-item frame\">\r\n\t\t\t\t<div class=\"galeria-left-img\"><a href=\"https:\/\/semmelweis.hu\/hirek\/files\/2021\/03\/RS129815_C19A9869-scr.jpg\"><img src=https:\/\/semmelweis.hu\/hirek\/files\/2021\/03\/RS129815_C19A9869-scr.jpg  \r\n                            alt=\"COVID ell\u00e1t\u00e1s az Aneszteziol\u00f3giai \u00e9s Intenz\u00edv Ter\u00e1pi\u00e1s Klinik\u00e1n 2021.03. Fot\u00f3: Kov\u00e1cs Attila - Semmelweis Egyetem\" \r\n                            class=\"attachment-sote-gallery-big size-sote-gallery-big\" \r\n                            srcset=\"https:\/\/semmelweis.hu\/hirek\/files\/2021\/03\/RS129815_C19A9869-scr-400x267.jpg 400w, https:\/\/semmelweis.hu\/hirek\/files\/2021\/03\/RS129815_C19A9869-scr-900x600.jpg 900w, https:\/\/semmelweis.hu\/hirek\/files\/2021\/03\/RS129815_C19A9869-scr-768x512.jpg 768w, https:\/\/semmelweis.hu\/hirek\/files\/2021\/03\/RS129815_C19A9869-scr-753x502.jpg 753w, https:\/\/semmelweis.hu\/hirek\/files\/2021\/03\/RS129815_C19A9869-scr-203x135.jpg 203w, https:\/\/semmelweis.hu\/hirek\/files\/2021\/03\/RS129815_C19A9869-scr.jpg 1200w\" ><\/a><\/div>\r\n            <\/span>\r\n\r\n            <\/div>\r\n\r\n\t\t\t<div class=\"col-3 pl-0 pr-0\">\r\n\t\t\t\t<div class=\"galeria-right-img d-flex justify-content-between flex-column h-100 w-100 px-0 mx-0 \">\r\n                <div class=\"galeria-box\">\r\n\t\t\t\t\t<h3 class=\"galeria-title\">Gal\u00e9ria<\/h3>\r\n\t\t\t\t\t<div class=\"galeria-subtitle\">\r\n\r\n\t\t\t\t\t\t<div class=\"galeria-page-counter\"><span>19<\/span>k\u00e9p<\/div>\r\n                    <\/div> <\/div>\r\n                    <span class=\"gallery-item frame d-none d-md-flex\">\r\n\t\t\t\t\t<div class=\"galeria-small-img mt-0\"><a href=\"https:\/\/semmelweis.hu\/hirek\/files\/2021\/03\/RS129401_C19A0133-scr.jpg\"><img src=https:\/\/semmelweis.hu\/hirek\/files\/2021\/03\/RS129401_C19A0133-scr.jpg \r\n                                alt=\"COVID ell\u00e1t\u00e1s az Aneszteziol\u00f3giai \u00e9s Intenz\u00edv Ter\u00e1pi\u00e1s Klinik\u00e1n 2021.03. Fot\u00f3: Kov\u00e1cs Attila - Semmelweis Egyetem\"  \r\n                                class=\"attachment-sote-gallery-small size-sote-gallery-small\" \r\n                                srcset=\"https:\/\/semmelweis.hu\/hirek\/files\/2021\/03\/RS129401_C19A0133-scr-400x267.jpg 400w, https:\/\/semmelweis.hu\/hirek\/files\/2021\/03\/RS129401_C19A0133-scr-900x600.jpg 900w, https:\/\/semmelweis.hu\/hirek\/files\/2021\/03\/RS129401_C19A0133-scr-768x512.jpg 768w, https:\/\/semmelweis.hu\/hirek\/files\/2021\/03\/RS129401_C19A0133-scr-753x502.jpg 753w, https:\/\/semmelweis.hu\/hirek\/files\/2021\/03\/RS129401_C19A0133-scr-203x135.jpg 203w, https:\/\/semmelweis.hu\/hirek\/files\/2021\/03\/RS129401_C19A0133-scr.jpg 1200w\" ><\/a><\/div>\r\n                    <\/span>\r\n                    <span class=\"gallery-item frame d-none d-md-flex\">\r\n\t\t\t\t\t<div class=\"galeria-small-img mt-0\"><a href=\"https:\/\/semmelweis.hu\/hirek\/files\/2021\/03\/RS129409_C19A0172-scr.jpg\"><img src=https:\/\/semmelweis.hu\/hirek\/files\/2021\/03\/RS129409_C19A0172-scr.jpg \r\n                                alt=\"COVID ell\u00e1t\u00e1s az Aneszteziol\u00f3giai \u00e9s Intenz\u00edv Ter\u00e1pi\u00e1s Klinik\u00e1n 2021.03. Fot\u00f3: Kov\u00e1cs Attila - Semmelweis Egyetem\" \r\n                                class=\"attachment-sote-gallery-small size-sote-gallery-small\" \r\n                                srcset=\"https:\/\/semmelweis.hu\/hirek\/files\/2021\/03\/RS129409_C19A0172-scr-400x250.jpg 400w, https:\/\/semmelweis.hu\/hirek\/files\/2021\/03\/RS129409_C19A0172-scr-900x562.jpg 900w, https:\/\/semmelweis.hu\/hirek\/files\/2021\/03\/RS129409_C19A0172-scr-768x479.jpg 768w, https:\/\/semmelweis.hu\/hirek\/files\/2021\/03\/RS129409_C19A0172-scr-753x470.jpg 753w, https:\/\/semmelweis.hu\/hirek\/files\/2021\/03\/RS129409_C19A0172-scr.jpg 1200w\" ><\/a><\/div>\r\n                    <\/span>\r\n\r\n                <\/div>\r\n\r\n            <\/div>\r\n\r\n            <span class=\"gallery-item\"><div class=\"hidden\"><a href=\"https:\/\/semmelweis.hu\/hirek\/files\/2021\/03\/RS129444_C19A0347-scr.jpg\">\r\n        <img src=https:\/\/semmelweis.hu\/hirek\/files\/2021\/03\/RS129444_C19A0347-scr.jpg alt=\"COVID ell\u00e1t\u00e1s az Aneszteziol\u00f3giai \u00e9s Intenz\u00edv Ter\u00e1pi\u00e1s Klinik\u00e1n 2021.03. Fot\u00f3: Kov\u00e1cs Attila - Semmelweis Egyetem\" class=\"attachment-sote-gallery-big size-sote-gallery-big\" srcset=\"https:\/\/semmelweis.hu\/hirek\/files\/2021\/03\/RS129444_C19A0347-scr-400x267.jpg 400w, https:\/\/semmelweis.hu\/hirek\/files\/2021\/03\/RS129444_C19A0347-scr-900x600.jpg 900w, https:\/\/semmelweis.hu\/hirek\/files\/2021\/03\/RS129444_C19A0347-scr-768x512.jpg 768w, https:\/\/semmelweis.hu\/hirek\/files\/2021\/03\/RS129444_C19A0347-scr-753x502.jpg 753w, https:\/\/semmelweis.hu\/hirek\/files\/2021\/03\/RS129444_C19A0347-scr-203x135.jpg 203w, https:\/\/semmelweis.hu\/hirek\/files\/2021\/03\/RS129444_C19A0347-scr.jpg 1200w\" >\r\n        <\/a><\/div><\/span><span class=\"gallery-item\"><div class=\"hidden\"><a href=\"https:\/\/semmelweis.hu\/hirek\/files\/2021\/03\/RS129481_C19A0531-scr.jpg\">\r\n        <img src=https:\/\/semmelweis.hu\/hirek\/files\/2021\/03\/RS129481_C19A0531-scr.jpg alt=\"COVID ell\u00e1t\u00e1s az Aneszteziol\u00f3giai \u00e9s Intenz\u00edv Ter\u00e1pi\u00e1s Klinik\u00e1n 2021.03. Fot\u00f3: Kov\u00e1cs Attila - Semmelweis Egyetem\" class=\"attachment-sote-gallery-big size-sote-gallery-big\" srcset=\"https:\/\/semmelweis.hu\/hirek\/files\/2021\/03\/RS129481_C19A0531-scr-400x267.jpg 400w, https:\/\/semmelweis.hu\/hirek\/files\/2021\/03\/RS129481_C19A0531-scr-900x600.jpg 900w, https:\/\/semmelweis.hu\/hirek\/files\/2021\/03\/RS129481_C19A0531-scr-768x512.jpg 768w, https:\/\/semmelweis.hu\/hirek\/files\/2021\/03\/RS129481_C19A0531-scr-753x502.jpg 753w, https:\/\/semmelweis.hu\/hirek\/files\/2021\/03\/RS129481_C19A0531-scr-203x135.jpg 203w, https:\/\/semmelweis.hu\/hirek\/files\/2021\/03\/RS129481_C19A0531-scr.jpg 1200w\" >\r\n        <\/a><\/div><\/span><span class=\"gallery-item\"><div class=\"hidden\"><a href=\"https:\/\/semmelweis.hu\/hirek\/files\/2021\/03\/RS129569_C19A8981-scr.jpg\">\r\n        <img src=https:\/\/semmelweis.hu\/hirek\/files\/2021\/03\/RS129569_C19A8981-scr.jpg alt=\"COVID ell\u00e1t\u00e1s az Aneszteziol\u00f3giai \u00e9s Intenz\u00edv Ter\u00e1pi\u00e1s Klinik\u00e1n 2021.03. Fot\u00f3: Kov\u00e1cs Attila - Semmelweis Egyetem\" class=\"attachment-sote-gallery-big size-sote-gallery-big\" srcset=\"https:\/\/semmelweis.hu\/hirek\/files\/2021\/03\/RS129569_C19A8981-scr-400x242.jpg 400w, https:\/\/semmelweis.hu\/hirek\/files\/2021\/03\/RS129569_C19A8981-scr-900x545.jpg 900w, https:\/\/semmelweis.hu\/hirek\/files\/2021\/03\/RS129569_C19A8981-scr-768x465.jpg 768w, https:\/\/semmelweis.hu\/hirek\/files\/2021\/03\/RS129569_C19A8981-scr-753x456.jpg 753w, https:\/\/semmelweis.hu\/hirek\/files\/2021\/03\/RS129569_C19A8981-scr.jpg 1200w\" >\r\n        <\/a><\/div><\/span><span class=\"gallery-item\"><div class=\"hidden\"><a href=\"https:\/\/semmelweis.hu\/hirek\/files\/2021\/03\/RS129611_C19A9111-scr.jpg\">\r\n        <img src=https:\/\/semmelweis.hu\/hirek\/files\/2021\/03\/RS129611_C19A9111-scr.jpg alt=\"COVID ell\u00e1t\u00e1s az Aneszteziol\u00f3giai \u00e9s Intenz\u00edv Ter\u00e1pi\u00e1s Klinik\u00e1n 2021.03. Fot\u00f3: Kov\u00e1cs Attila - Semmelweis Egyetem\" class=\"attachment-sote-gallery-big size-sote-gallery-big\" srcset=\"https:\/\/semmelweis.hu\/hirek\/files\/2021\/03\/RS129611_C19A9111-scr-400x267.jpg 400w, https:\/\/semmelweis.hu\/hirek\/files\/2021\/03\/RS129611_C19A9111-scr-900x600.jpg 900w, https:\/\/semmelweis.hu\/hirek\/files\/2021\/03\/RS129611_C19A9111-scr-768x512.jpg 768w, https:\/\/semmelweis.hu\/hirek\/files\/2021\/03\/RS129611_C19A9111-scr-753x502.jpg 753w, https:\/\/semmelweis.hu\/hirek\/files\/2021\/03\/RS129611_C19A9111-scr-203x135.jpg 203w, https:\/\/semmelweis.hu\/hirek\/files\/2021\/03\/RS129611_C19A9111-scr.jpg 1200w\" >\r\n        <\/a><\/div><\/span><span class=\"gallery-item\"><div class=\"hidden\"><a href=\"https:\/\/semmelweis.hu\/hirek\/files\/2021\/03\/RS129707_C19A9429-scr.jpg\">\r\n        <img src=https:\/\/semmelweis.hu\/hirek\/files\/2021\/03\/RS129707_C19A9429-scr.jpg alt=\"COVID ell\u00e1t\u00e1s az Aneszteziol\u00f3giai \u00e9s Intenz\u00edv Ter\u00e1pi\u00e1s Klinik\u00e1n 2021.03. Fot\u00f3: Kov\u00e1cs Attila - Semmelweis Egyetem\" class=\"attachment-sote-gallery-big size-sote-gallery-big\" srcset=\"https:\/\/semmelweis.hu\/hirek\/files\/2021\/03\/RS129707_C19A9429-scr-400x239.jpg 400w, https:\/\/semmelweis.hu\/hirek\/files\/2021\/03\/RS129707_C19A9429-scr-900x539.jpg 900w, https:\/\/semmelweis.hu\/hirek\/files\/2021\/03\/RS129707_C19A9429-scr-768x460.jpg 768w, https:\/\/semmelweis.hu\/hirek\/files\/2021\/03\/RS129707_C19A9429-scr-753x451.jpg 753w, https:\/\/semmelweis.hu\/hirek\/files\/2021\/03\/RS129707_C19A9429-scr.jpg 1200w\" >\r\n        <\/a><\/div><\/span><span class=\"gallery-item\"><div class=\"hidden\"><a href=\"https:\/\/semmelweis.hu\/hirek\/files\/2021\/03\/RS129715_C19A9445-scr.jpg\">\r\n        <img src=https:\/\/semmelweis.hu\/hirek\/files\/2021\/03\/RS129715_C19A9445-scr.jpg alt=\"COVID ell\u00e1t\u00e1s az Aneszteziol\u00f3giai \u00e9s Intenz\u00edv Ter\u00e1pi\u00e1s Klinik\u00e1n 2021.03. Fot\u00f3: Kov\u00e1cs Attila - Semmelweis Egyetem\" class=\"attachment-sote-gallery-big size-sote-gallery-big\" srcset=\"https:\/\/semmelweis.hu\/hirek\/files\/2021\/03\/RS129715_C19A9445-scr-400x267.jpg 400w, https:\/\/semmelweis.hu\/hirek\/files\/2021\/03\/RS129715_C19A9445-scr-900x600.jpg 900w, https:\/\/semmelweis.hu\/hirek\/files\/2021\/03\/RS129715_C19A9445-scr-768x512.jpg 768w, https:\/\/semmelweis.hu\/hirek\/files\/2021\/03\/RS129715_C19A9445-scr-753x502.jpg 753w, https:\/\/semmelweis.hu\/hirek\/files\/2021\/03\/RS129715_C19A9445-scr-203x135.jpg 203w, https:\/\/semmelweis.hu\/hirek\/files\/2021\/03\/RS129715_C19A9445-scr.jpg 1200w\" >\r\n        <\/a><\/div><\/span><span class=\"gallery-item\"><div class=\"hidden\"><a href=\"https:\/\/semmelweis.hu\/hirek\/files\/2021\/03\/RS129748_C19A9526-scr.jpg\">\r\n        <img src=https:\/\/semmelweis.hu\/hirek\/files\/2021\/03\/RS129748_C19A9526-scr.jpg alt=\"COVID ell\u00e1t\u00e1s az Aneszteziol\u00f3giai \u00e9s Intenz\u00edv Ter\u00e1pi\u00e1s Klinik\u00e1n 2021.03. Fot\u00f3: Kov\u00e1cs Attila - Semmelweis Egyetem\" class=\"attachment-sote-gallery-big size-sote-gallery-big\" srcset=\"https:\/\/semmelweis.hu\/hirek\/files\/2021\/03\/RS129748_C19A9526-scr-400x267.jpg 400w, https:\/\/semmelweis.hu\/hirek\/files\/2021\/03\/RS129748_C19A9526-scr-900x600.jpg 900w, https:\/\/semmelweis.hu\/hirek\/files\/2021\/03\/RS129748_C19A9526-scr-768x512.jpg 768w, https:\/\/semmelweis.hu\/hirek\/files\/2021\/03\/RS129748_C19A9526-scr-753x502.jpg 753w, https:\/\/semmelweis.hu\/hirek\/files\/2021\/03\/RS129748_C19A9526-scr-203x135.jpg 203w, https:\/\/semmelweis.hu\/hirek\/files\/2021\/03\/RS129748_C19A9526-scr.jpg 1200w\" >\r\n        <\/a><\/div><\/span><span class=\"gallery-item\"><div class=\"hidden\"><a href=\"https:\/\/semmelweis.hu\/hirek\/files\/2021\/03\/RS129759_C19A9591-scr.jpg\">\r\n        <img src=https:\/\/semmelweis.hu\/hirek\/files\/2021\/03\/RS129759_C19A9591-scr.jpg alt=\"COVID ell\u00e1t\u00e1s az Aneszteziol\u00f3giai \u00e9s Intenz\u00edv Ter\u00e1pi\u00e1s Klinik\u00e1n 2021.03. Fot\u00f3: Kov\u00e1cs Attila - Semmelweis Egyetem\" class=\"attachment-sote-gallery-big size-sote-gallery-big\" srcset=\"https:\/\/semmelweis.hu\/hirek\/files\/2021\/03\/RS129759_C19A9591-scr-400x267.jpg 400w, https:\/\/semmelweis.hu\/hirek\/files\/2021\/03\/RS129759_C19A9591-scr-900x600.jpg 900w, https:\/\/semmelweis.hu\/hirek\/files\/2021\/03\/RS129759_C19A9591-scr-768x512.jpg 768w, https:\/\/semmelweis.hu\/hirek\/files\/2021\/03\/RS129759_C19A9591-scr-753x502.jpg 753w, https:\/\/semmelweis.hu\/hirek\/files\/2021\/03\/RS129759_C19A9591-scr-203x135.jpg 203w, https:\/\/semmelweis.hu\/hirek\/files\/2021\/03\/RS129759_C19A9591-scr.jpg 1200w\" >\r\n        <\/a><\/div><\/span><span class=\"gallery-item\"><div class=\"hidden\"><a href=\"https:\/\/semmelweis.hu\/hirek\/files\/2021\/03\/RS129799_C19A9752-scr.jpg\">\r\n        <img src=https:\/\/semmelweis.hu\/hirek\/files\/2021\/03\/RS129799_C19A9752-scr.jpg alt=\"COVID ell\u00e1t\u00e1s az Aneszteziol\u00f3giai \u00e9s Intenz\u00edv Ter\u00e1pi\u00e1s Klinik\u00e1n 2021.03. Fot\u00f3: Kov\u00e1cs Attila - Semmelweis Egyetem\" class=\"attachment-sote-gallery-big size-sote-gallery-big\" srcset=\"https:\/\/semmelweis.hu\/hirek\/files\/2021\/03\/RS129799_C19A9752-scr-400x267.jpg 400w, https:\/\/semmelweis.hu\/hirek\/files\/2021\/03\/RS129799_C19A9752-scr-900x600.jpg 900w, https:\/\/semmelweis.hu\/hirek\/files\/2021\/03\/RS129799_C19A9752-scr-768x512.jpg 768w, https:\/\/semmelweis.hu\/hirek\/files\/2021\/03\/RS129799_C19A9752-scr-753x502.jpg 753w, https:\/\/semmelweis.hu\/hirek\/files\/2021\/03\/RS129799_C19A9752-scr-203x135.jpg 203w, https:\/\/semmelweis.hu\/hirek\/files\/2021\/03\/RS129799_C19A9752-scr.jpg 1200w\" >\r\n        <\/a><\/div><\/span><span class=\"gallery-item\"><div class=\"hidden\"><a href=\"https:\/\/semmelweis.hu\/hirek\/files\/2021\/03\/RS129813_C19A9861-scr.jpg\">\r\n        <img src=https:\/\/semmelweis.hu\/hirek\/files\/2021\/03\/RS129813_C19A9861-scr.jpg alt=\"COVID ell\u00e1t\u00e1s az Aneszteziol\u00f3giai \u00e9s Intenz\u00edv Ter\u00e1pi\u00e1s Klinik\u00e1n 2021.03. Fot\u00f3: Kov\u00e1cs Attila - Semmelweis Egyetem\" class=\"attachment-sote-gallery-big size-sote-gallery-big\" srcset=\"https:\/\/semmelweis.hu\/hirek\/files\/2021\/03\/RS129813_C19A9861-scr-400x267.jpg 400w, https:\/\/semmelweis.hu\/hirek\/files\/2021\/03\/RS129813_C19A9861-scr-900x600.jpg 900w, https:\/\/semmelweis.hu\/hirek\/files\/2021\/03\/RS129813_C19A9861-scr-768x512.jpg 768w, https:\/\/semmelweis.hu\/hirek\/files\/2021\/03\/RS129813_C19A9861-scr-753x502.jpg 753w, https:\/\/semmelweis.hu\/hirek\/files\/2021\/03\/RS129813_C19A9861-scr-203x135.jpg 203w, https:\/\/semmelweis.hu\/hirek\/files\/2021\/03\/RS129813_C19A9861-scr.jpg 1200w\" >\r\n        <\/a><\/div><\/span><span class=\"gallery-item\"><div class=\"hidden\"><a href=\"https:\/\/semmelweis.hu\/hirek\/files\/2021\/03\/RS129834_C19A9950-scr.jpg\">\r\n        <img src=https:\/\/semmelweis.hu\/hirek\/files\/2021\/03\/RS129834_C19A9950-scr.jpg alt=\"COVID ell\u00e1t\u00e1s az Aneszteziol\u00f3giai \u00e9s Intenz\u00edv Ter\u00e1pi\u00e1s Klinik\u00e1n 2021.03. Fot\u00f3: Kov\u00e1cs Attila - Semmelweis Egyetem\" class=\"attachment-sote-gallery-big size-sote-gallery-big\" srcset=\"https:\/\/semmelweis.hu\/hirek\/files\/2021\/03\/RS129834_C19A9950-scr-400x267.jpg 400w, https:\/\/semmelweis.hu\/hirek\/files\/2021\/03\/RS129834_C19A9950-scr-900x600.jpg 900w, https:\/\/semmelweis.hu\/hirek\/files\/2021\/03\/RS129834_C19A9950-scr-768x512.jpg 768w, https:\/\/semmelweis.hu\/hirek\/files\/2021\/03\/RS129834_C19A9950-scr-753x502.jpg 753w, https:\/\/semmelweis.hu\/hirek\/files\/2021\/03\/RS129834_C19A9950-scr-203x135.jpg 203w, https:\/\/semmelweis.hu\/hirek\/files\/2021\/03\/RS129834_C19A9950-scr.jpg 1200w\" >\r\n        <\/a><\/div><\/span><span class=\"gallery-item\"><div class=\"hidden\"><a href=\"https:\/\/semmelweis.hu\/hirek\/files\/2021\/03\/RS129919_C19A0684-scr.jpg\">\r\n        <img src=https:\/\/semmelweis.hu\/hirek\/files\/2021\/03\/RS129919_C19A0684-scr.jpg alt=\"COVID ell\u00e1t\u00e1s az Aneszteziol\u00f3giai \u00e9s Intenz\u00edv Ter\u00e1pi\u00e1s Klinik\u00e1n 2021.03. Fot\u00f3: Kov\u00e1cs Attila - Semmelweis Egyetem\" class=\"attachment-sote-gallery-big size-sote-gallery-big\" srcset=\"https:\/\/semmelweis.hu\/hirek\/files\/2021\/03\/RS129919_C19A0684-scr-400x267.jpg 400w, https:\/\/semmelweis.hu\/hirek\/files\/2021\/03\/RS129919_C19A0684-scr-900x600.jpg 900w, https:\/\/semmelweis.hu\/hirek\/files\/2021\/03\/RS129919_C19A0684-scr-768x512.jpg 768w, https:\/\/semmelweis.hu\/hirek\/files\/2021\/03\/RS129919_C19A0684-scr-753x502.jpg 753w, https:\/\/semmelweis.hu\/hirek\/files\/2021\/03\/RS129919_C19A0684-scr-203x135.jpg 203w, https:\/\/semmelweis.hu\/hirek\/files\/2021\/03\/RS129919_C19A0684-scr.jpg 1200w\" >\r\n        <\/a><\/div><\/span><span class=\"gallery-item\"><div class=\"hidden\"><a href=\"https:\/\/semmelweis.hu\/hirek\/files\/2021\/03\/RS129920_C19A9294-scr.jpg\">\r\n        <img src=https:\/\/semmelweis.hu\/hirek\/files\/2021\/03\/RS129920_C19A9294-scr.jpg alt=\"COVID ell\u00e1t\u00e1s az Aneszteziol\u00f3giai \u00e9s Intenz\u00edv Ter\u00e1pi\u00e1s Klinik\u00e1n 2021.03. Fot\u00f3: Kov\u00e1cs Attila - Semmelweis Egyetem\" class=\"attachment-sote-gallery-big size-sote-gallery-big\" srcset=\"https:\/\/semmelweis.hu\/hirek\/files\/2021\/03\/RS129920_C19A9294-scr-400x267.jpg 400w, https:\/\/semmelweis.hu\/hirek\/files\/2021\/03\/RS129920_C19A9294-scr-900x600.jpg 900w, https:\/\/semmelweis.hu\/hirek\/files\/2021\/03\/RS129920_C19A9294-scr-768x512.jpg 768w, https:\/\/semmelweis.hu\/hirek\/files\/2021\/03\/RS129920_C19A9294-scr-753x502.jpg 753w, https:\/\/semmelweis.hu\/hirek\/files\/2021\/03\/RS129920_C19A9294-scr-203x135.jpg 203w, https:\/\/semmelweis.hu\/hirek\/files\/2021\/03\/RS129920_C19A9294-scr.jpg 1200w\" >\r\n        <\/a><\/div><\/span><span class=\"gallery-item\"><div class=\"hidden\"><a href=\"https:\/\/semmelweis.hu\/hirek\/files\/2021\/03\/RS129921_C19A0048-scr.jpg\">\r\n        <img src=https:\/\/semmelweis.hu\/hirek\/files\/2021\/03\/RS129921_C19A0048-scr.jpg alt=\"COVID ell\u00e1t\u00e1s az Aneszteziol\u00f3giai \u00e9s Intenz\u00edv Ter\u00e1pi\u00e1s Klinik\u00e1n 2021.03. Fot\u00f3: Kov\u00e1cs Attila - Semmelweis Egyetem\" class=\"attachment-sote-gallery-big size-sote-gallery-big\" srcset=\"https:\/\/semmelweis.hu\/hirek\/files\/2021\/03\/RS129921_C19A0048-scr-400x267.jpg 400w, https:\/\/semmelweis.hu\/hirek\/files\/2021\/03\/RS129921_C19A0048-scr-900x600.jpg 900w, https:\/\/semmelweis.hu\/hirek\/files\/2021\/03\/RS129921_C19A0048-scr-768x512.jpg 768w, https:\/\/semmelweis.hu\/hirek\/files\/2021\/03\/RS129921_C19A0048-scr-753x502.jpg 753w, https:\/\/semmelweis.hu\/hirek\/files\/2021\/03\/RS129921_C19A0048-scr-203x135.jpg 203w, https:\/\/semmelweis.hu\/hirek\/files\/2021\/03\/RS129921_C19A0048-scr.jpg 1200w\" >\r\n        <\/a><\/div><\/span><span class=\"gallery-item\"><div class=\"hidden\"><a href=\"https:\/\/semmelweis.hu\/hirek\/files\/2021\/03\/RS129924_C19A0307-scr.jpg\">\r\n        <img src=https:\/\/semmelweis.hu\/hirek\/files\/2021\/03\/RS129924_C19A0307-scr.jpg alt=\"COVID ell\u00e1t\u00e1s az Aneszteziol\u00f3giai \u00e9s Intenz\u00edv Ter\u00e1pi\u00e1s Klinik\u00e1n 2021.03. Fot\u00f3: Kov\u00e1cs Attila - Semmelweis Egyetem\" class=\"attachment-sote-gallery-big size-sote-gallery-big\" srcset=\"https:\/\/semmelweis.hu\/hirek\/files\/2021\/03\/RS129924_C19A0307-scr-400x267.jpg 400w, https:\/\/semmelweis.hu\/hirek\/files\/2021\/03\/RS129924_C19A0307-scr-900x600.jpg 900w, https:\/\/semmelweis.hu\/hirek\/files\/2021\/03\/RS129924_C19A0307-scr-768x512.jpg 768w, https:\/\/semmelweis.hu\/hirek\/files\/2021\/03\/RS129924_C19A0307-scr-753x502.jpg 753w, https:\/\/semmelweis.hu\/hirek\/files\/2021\/03\/RS129924_C19A0307-scr-203x135.jpg 203w, https:\/\/semmelweis.hu\/hirek\/files\/2021\/03\/RS129924_C19A0307-scr.jpg 1200w\" >\r\n        <\/a><\/div><\/span><span class=\"gallery-item\"><div class=\"hidden\"><a href=\"https:\/\/semmelweis.hu\/hirek\/files\/2021\/03\/RS129925_C19A9037-scr.jpg\">\r\n        <img src=https:\/\/semmelweis.hu\/hirek\/files\/2021\/03\/RS129925_C19A9037-scr.jpg alt=\"COVID ell\u00e1t\u00e1s az Aneszteziol\u00f3giai \u00e9s Intenz\u00edv Ter\u00e1pi\u00e1s Klinik\u00e1n 2021.03. Fot\u00f3: Kov\u00e1cs Attila - Semmelweis Egyetem\" class=\"attachment-sote-gallery-big size-sote-gallery-big\" srcset=\"https:\/\/semmelweis.hu\/hirek\/files\/2021\/03\/RS129925_C19A9037-scr-400x267.jpg 400w, https:\/\/semmelweis.hu\/hirek\/files\/2021\/03\/RS129925_C19A9037-scr-900x600.jpg 900w, https:\/\/semmelweis.hu\/hirek\/files\/2021\/03\/RS129925_C19A9037-scr-768x512.jpg 768w, https:\/\/semmelweis.hu\/hirek\/files\/2021\/03\/RS129925_C19A9037-scr-753x502.jpg 753w, https:\/\/semmelweis.hu\/hirek\/files\/2021\/03\/RS129925_C19A9037-scr-203x135.jpg 203w, https:\/\/semmelweis.hu\/hirek\/files\/2021\/03\/RS129925_C19A9037-scr.jpg 1200w\" >\r\n        <\/a><\/div><\/span>\r\n            <\/div>\r\n\r\n            [\/slb_exclude]\r\n\t\n<div id=\"GroupWiseSection_1616411912000_kovacs.eszter@semmelweis-univ.hu_79AE05810C1E0000A8B8FDB1764A2942_\" class=\"GroupWiseMessageBody\">\n<div>A k\u00e9pek csak az egyetem j\u00f3v\u00e1hagy\u00e1s\u00e1val haszn\u00e1lhat\u00f3k, szabad felhaszn\u00e1l\u00e1sra nem tudunk lehet\u0151s\u00e9get biztos\u00edtani.<\/div>\n<\/div>\n","protected":false},"excerpt":{"rendered":"<p>\u00daj k\u00e9priport-sorozatunkban az egyetem COVID-ell\u00e1t\u00e1sban leg\u00e9rintettebb egys\u00e9geit mutatjuk be. <\/p>\n","protected":false},"author":169,"featured_media":102580,"comment_status":"closed","ping_status":"closed","sticky":false,"template":"","format":"standard","meta":{"_acf_changed":false,"footnotes":""},"categories":[154,168],"tags":[4279,4257,4260],"class_list":["post-102575","post","type-post","status-publish","format-standard","has-post-thumbnail","hentry","category-egeszseg","category-kiemelt","tag-covid-ellatok-fotoriport","tag-koronavirus","tag-koronavirus-betegellatas"],"acf":[],"_links":{"self":[{"href":"https:\/\/semmelweis.hu\/hirek\/wp-json\/wp\/v2\/posts\/102575","targetHints":{"allow":["GET"]}}],"collection":[{"href":"https:\/\/semmelweis.hu\/hirek\/wp-json\/wp\/v2\/posts"}],"about":[{"href":"https:\/\/semmelweis.hu\/hirek\/wp-json\/wp\/v2\/types\/post"}],"author":[{"embeddable":true,"href":"https:\/\/semmelweis.hu\/hirek\/wp-json\/wp\/v2\/users\/169"}],"replies":[{"embeddable":true,"href":"https:\/\/semmelweis.hu\/hirek\/wp-json\/wp\/v2\/comments?post=102575"}],"version-history":[{"count":7,"href":"https:\/\/semmelweis.hu\/hirek\/wp-json\/wp\/v2\/posts\/102575\/revisions"}],"predecessor-version":[{"id":102738,"href":"https:\/\/semmelweis.hu\/hirek\/wp-json\/wp\/v2\/posts\/102575\/revisions\/102738"}],"wp:featuredmedia":[{"embeddable":true,"href":"https:\/\/semmelweis.hu\/hirek\/wp-json\/wp\/v2\/media\/102580"}],"wp:attachment":[{"href":"https:\/\/semmelweis.hu\/hirek\/wp-json\/wp\/v2\/media?parent=102575"}],"wp:term":[{"taxonomy":"category","embeddable":true,"href":"https:\/\/semmelweis.hu\/hirek\/wp-json\/wp\/v2\/categories?post=102575"},{"taxonomy":"post_tag","embeddable":true,"href":"https:\/\/semmelweis.hu\/hirek\/wp-json\/wp\/v2\/tags?post=102575"}],"curies":[{"name":"wp","href":"https:\/\/api.w.org\/{rel}","templated":true}]}}