{"id":101976,"date":"2021-02-24T06:00:15","date_gmt":"2021-02-24T05:00:15","guid":{"rendered":"https:\/\/semmelweis.hu\/hirek\/?p=101976"},"modified":"2021-02-23T16:00:22","modified_gmt":"2021-02-23T15:00:22","slug":"szenior-akademia-fokuszban-az-agyi-verkeringes-es-a-kognitiv-funkciok","status":"publish","type":"post","link":"https:\/\/semmelweis.hu\/hirek\/2021\/02\/24\/szenior-akademia-fokuszban-az-agyi-verkeringes-es-a-kognitiv-funkciok\/","title":{"rendered":"Szenior Akad\u00e9mia \u2013 f\u00f3kuszban az agyi v\u00e9rkering\u00e9s \u00e9s a kognit\u00edv funkci\u00f3k"},"content":{"rendered":"<div class=\"lead\">A Szenior Akad\u00e9mia 2021-es tavaszi online szemeszter\u00e9nek m\u00e1sodik alkalm\u00e1n dr. Beny\u00f3 Zolt\u00e1n egyetemi tan\u00e1r, a Transzl\u00e1ci\u00f3s Medicina Int\u00e9zet igazgat\u00f3ja, a Doktori Tan\u00e1cs eln\u00f6ke tartott el\u0151ad\u00e1st az agyi v\u00e9rkering\u00e9s m\u0171k\u00f6d\u00e9s\u00e9r\u0151l \u00e9s szab\u00e1lyoz\u00e1s\u00e1r\u00f3l, valamint arr\u00f3l, mindezek hogyan befoly\u00e1solj\u00e1k id\u0151s korban a megismer\u00e9si, gondolkod\u00e1si m\u0171k\u00f6d\u00e9seket, azaz kognit\u00edv funkci\u00f3kat. T\u00f6bbek k\u00f6z\u00f6tt sz\u00f3 esett az agyi v\u00e9rkering\u00e9s autoregul\u00e1ci\u00f3j\u00e1r\u00f3l, a vaszkul\u00e1ris kognit\u00edv zavarokr\u00f3l \u00e9s az Alzheimer-k\u00f3rr\u00f3l is.<\/div>\n<p><img loading=\"lazy\" decoding=\"async\" class=\"size-medium wp-image-99343 alignleft\" src=\"https:\/\/semmelweis.hu\/hirek\/files\/2020\/10\/124831_transform-400x386.jpg\" alt=\"\" width=\"400\" height=\"386\" srcset=\"https:\/\/semmelweis.hu\/hirek\/files\/2020\/10\/124831_transform-400x386.jpg 400w, https:\/\/semmelweis.hu\/hirek\/files\/2020\/10\/124831_transform-829x800.jpg 829w, https:\/\/semmelweis.hu\/hirek\/files\/2020\/10\/124831_transform-768x741.jpg 768w, https:\/\/semmelweis.hu\/hirek\/files\/2020\/10\/124831_transform-1536x1482.jpg 1536w, https:\/\/semmelweis.hu\/hirek\/files\/2020\/10\/124831_transform-2048x1975.jpg 2048w, https:\/\/semmelweis.hu\/hirek\/files\/2020\/10\/124831_transform-753x726.jpg 753w\" sizes=\"auto, (max-width: 400px) 100vw, 400px\" \/>\u201eId\u0151s\u00f6d\u0151 t\u00e1rsadalomban \u00e9l\u00fcnk, az agyi v\u00e9rkering\u00e9s zavarai pedig a kor el\u0151re haladt\u00e1val k\u00f6ztudottan fokoz\u00f3dnak, \u00e9pp ez\u00e9rt egyre komolyabb feladatot jelentenek az eg\u00e9szs\u00e9g\u00fcgynek, a szoci\u00e1lis ell\u00e1t\u00f3h\u00e1l\u00f3zatnak \u00e9s a t\u00e1rsadalomnak\u201d \u2013 mutatott r\u00e1 el\u0151ad\u00e1s\u00e1nak kezdet\u00e9n dr. Beny\u00f3 Zolt\u00e1n. A Transzl\u00e1ci\u00f3s Medicina Int\u00e9zet igazgat\u00f3ja \u00e9s a Doktori Tan\u00e1cs eln\u00f6ke el\u0151sz\u00f6r bemutatta az agyi erek anat\u00f3mi\u00e1j\u00e1t: a szerv v\u00e9rell\u00e1t\u00e1s\u00e1\u00e9rt n\u00e9gy \u00e9r is felel\u0151s, ez is azt mutatja, milyen fontos a szervezet sz\u00e1m\u00e1ra, hogy az agy folyamatosan elegend\u0151 v\u00e9rt kapjon.<\/p>\n<p>Ez a szerv a testt\u00f6meg\u00fcnk kb. 2 sz\u00e1zal\u00e9k\u00e1t teszi ki, ehhez k\u00e9pest a sz\u00edvb\u0151l percenk\u00e9nt kipump\u00e1lt v\u00e9rmennyis\u00e9g 15 sz\u00e1zal\u00e9ka jut ide; a szervezet oxig\u00e9nfelhaszn\u00e1l\u00e1s\u00e1nak azonban m\u00e1r 20 sz\u00e1zal\u00e9k\u00e1\u00e9rt, m\u00edg gl\u00fck\u00f3zfelhaszn\u00e1l\u00e1s\u00e1nak 25 sz\u00e1zal\u00e9k\u00e1\u00e9rt az agy felel\u0151s \u2013 ismertette, hozz\u00e1t\u00e9ve: az agynak nagyon nagy oxig\u00e9n- \u00e9s energiaig\u00e9nye van, norm\u00e1lis m\u0171k\u00f6d\u00e9s\u00e9hez k\u00fcl\u00f6n\u00f6sen fontos a megfelel\u0151 v\u00e9rell\u00e1t\u00e1s.<\/p>\n<blockquote>\n<p>Ha agyunk csak 5 m\u00e1sodpercig nem kap megfelel\u0151 mennyis\u00e9g\u0171 v\u00e9rt \u00e9s oxig\u00e9nt, annak m\u00e1r \u00e1jul\u00e1s a k\u00f6vetkezm\u00e9nye, m\u00edg ha 5 percig \u00e1ll le az agy v\u00e9rell\u00e1t\u00e1sa, az m\u00e1r visszaford\u00edthatatlan idegsejt-k\u00e1rosod\u00e1st vonhat maga ut\u00e1n<\/p>\n<\/blockquote>\n<p>\u2013 magyar\u00e1zta, hozz\u00e1t\u00e9ve: az agy a sz\u00edvvel egy\u00fctt mindig priorit\u00e1st \u00e9lvez szervezet\u00fcnk v\u00e9rell\u00e1t\u00e1sa tekintet\u00e9ben. Ugyanakkor a t\u00falzott v\u00e9r\u00e1raml\u00e1s is k\u00e1ros lehet, hiszen agyv\u00e9rz\u00e9shez vagy agyi \u00f6d\u00e9m\u00e1hoz is vezethet.<\/p>\n<p>Az agyi erek k\u00e9pesek \u00fagy szab\u00e1lyozni \u00e1tm\u00e9r\u0151j\u00fcket, hogy megakad\u00e1lyozhass\u00e1k, ha a v\u00e9rnyom\u00e1s emelked\u00e9s\u00e9vel t\u00fal sok, vagy annak cs\u00f6kken\u00e9s\u00e9vel t\u00fal kev\u00e9s v\u00e9r jutna az agyba \u2013 ez az agyi v\u00e9rkering\u00e9s autoregul\u00e1ci\u00f3ja, amelyr\u0151l dr. Beny\u00f3 Zolt\u00e1n elmondta: ez gondoskodik arr\u00f3l, hogy a v\u00e9rnyom\u00e1st\u00f3l f\u00fcggetlen m\u00e9rt\u00e9k\u0171 legyen az agy v\u00e9rell\u00e1t\u00e1sa. N\u00f6vekv\u0151 v\u00e9rnyom\u00e1s eset\u00e9n az agyi erek \u00f6sszeh\u00faz\u00f3dnak, megakad\u00e1lyozva az agyi \u00f6d\u00e9m\u00e1t vagy agyv\u00e9rz\u00e9st; m\u00edg cs\u00f6kken\u0151 v\u00e9rnyom\u00e1sra ellazul\u00e1ssal v\u00e1laszolnak, ami az \u00e1jul\u00e1st\u00f3l \u00e9s agyl\u00e1gyul\u00e1st\u00f3l igyekszik megv\u00e9deni szervezet\u00fcnket. Ez a szab\u00e1lyoz\u00e1si funkci\u00f3 id\u0151sebb korban azonban n\u00e9mileg besz\u0171k\u00fcl, \u00e9s a v\u00e9rnyom\u00e1singadoz\u00e1sok elleni v\u00e9dekez\u00e9s is gyeng\u00fcl, ez\u00e9rt gyakoribb\u00e1 v\u00e1lnak az iszk\u00e9mi\u00e1s \u00e9s v\u00e9rz\u00e9ses stroke-ok \u2013 tette hozz\u00e1 az igazgat\u00f3, aki besz\u00e9lt arr\u00f3l is, hogyan alkalmazkodik az agyi v\u00e9rkering\u00e9s a l\u00e9gz\u00e9si funkci\u00f3k v\u00e1ltoz\u00e1s\u00e1hoz, \u00e9s hogyan biztos\u00edtja az agy oxig\u00e9nell\u00e1t\u00e1s\u00e1t az art\u00e9ri\u00e1s v\u00e9r cs\u00f6kkent oxig\u00e9ntartalma mellett is.<\/p>\n<p>Dr. Beny\u00f3 Zolt\u00e1n el\u0151ad\u00e1s\u00e1ban ismertette a flow-metabolism coupling, vagyis a \u201eneurovaszkul\u00e1ris egys\u00e9g\u201d m\u0171k\u00f6d\u00e9s\u00e9t is \u2013 ennek az a c\u00e9lja, hogy az agyi v\u00e9r\u00e1raml\u00e1s szintje alkalmazkodjon az idegsejtek v\u00e1ltoz\u00f3 ig\u00e9nyeihez. A funkcion\u00e1lis agyi k\u00e9palkot\u00f3 elj\u00e1r\u00e1sokr\u00f3l elmondta: az a l\u00e9nyeg\u00fck, hogy az idegsejtek aktivit\u00e1sa kapcs\u00e1n kialakul\u00f3 v\u00e9r\u00e1raml\u00e1s-v\u00e1ltoz\u00e1sokat detekt\u00e1lj\u00e1k. A PET \u00e9s SPECT k\u00e9pes fokoz\u00f3d\u00f3 v\u00e9r\u00e1raml\u00e1s eset\u00e9n megmutatni, mely agyi r\u00e9gi\u00f3k b\u00edrnak emelkedett aktivit\u00e1ssal; m\u00edg a BOLD fMRI \u00e9s az fNIRS azt mutatj\u00e1k meg, hogyan v\u00e1ltozik meg egy adott agyi r\u00e9gi\u00f3ban az oxig\u00e9n szintje.<\/p>\n<div class=\"fontos_div\">\n<p>A XX. sz\u00e1zadban a sz\u00fclet\u00e9skor v\u00e1rhat\u00f3 \u00e9letkor t\u00f6bb mint 20 \u00e9vvel n\u0151tt, a 65 \u00e9v feletti koroszt\u00e1ly ar\u00e1nya pedig t\u00f6bb orsz\u00e1gban \u2013 p\u00e9ld\u00e1ul N\u00e9metorsz\u00e1gban \u00e9s Jap\u00e1nban \u2013 meghaladja a 20 sz\u00e1zal\u00e9kot \u2013 magyar\u00e1zta dr. Beny\u00f3 Zolt\u00e1n, hozz\u00e1t\u00e9ve: Eur\u00f3p\u00e1ban a 65-84 \u00e9v k\u00f6z\u00f6ttiek kb. 45 sz\u00e1zal\u00e9ka szenved valamilyen kognit\u00edv zavarban, \u00edgy ez tal\u00e1n a legfontosabb t\u00e1rsadalmi \u00e9s eg\u00e9szs\u00e9g\u00fcgyi probl\u00e9m\u00e1t jelenti napjainkban.<\/p>\n<\/div>\n<p>A korral v\u00e1ltoz\u00f3 \u00e9lettani funkci\u00f3k\u00e9rt nagy m\u00e9rt\u00e9kben az agyi v\u00e9rkering\u00e9si rendszer v\u00e1ltoz\u00e1sai felel\u0151sek \u2013 mutatott r\u00e1, kiemelve az agyi v\u00e9rkering\u00e9s eg\u00e9szs\u00e9g\u00e9nek fontoss\u00e1g\u00e1t.<\/p>\n<p>A v\u00e9rkering\u00e9s \u00e9s a kognit\u00edv funkci\u00f3k k\u00f6z\u00f6tti \u00f6sszef\u00fcgg\u00e9s m\u00e1r r\u00e9g\u00f3ta ismert, az ezzel kapcsolatos tud\u00e1sunk azonban jelent\u0151s \u00e1talakul\u00e1son ment kereszt\u00fcl az elm\u00falt m\u00e1sf\u00e9l \u00e9vsz\u00e1zadban \u2013 emelte ki dr. Beny\u00f3 Zolt\u00e1n. Bemutatta a vaszkul\u00e1ris kognit\u00edv zavarok koncepci\u00f3j\u00e1nak fejl\u0151d\u00e9s\u00e9t is: az agyi \u00e9relmeszesed\u00e9s jelent\u0151s\u00e9g\u00e9t a XX. sz\u00e1zad elej\u00e9n ismert\u00e9k fel; majd az 1970-es \u00e9vekben r\u00e1j\u00f6ttek, hogy az agy kognit\u00edv funkci\u00f3j\u00e1nak megv\u00e1ltoz\u00e1s\u00e1hoz nem felt\u00e9tlen\u00fcl kell nagym\u00e9rt\u00e9k\u0171 \u00e9relmeszesed\u00e9snek vagy stroke-nak bek\u00f6vetkeznie, ugyanis a kis erecsk\u00e9k elz\u00e1r\u00f3d\u00e1sa vagy megszakad\u00e1sa is komoly zavarokat okozhat az agyban \u2013 ekkor vezett\u00e9k be a multiinfarktusos demencia fogalm\u00e1t. A \u201970-es, \u201980-as \u00e9vekben v\u00e1lt nyilv\u00e1nval\u00f3v\u00e1, hogy az alzheimeres t\u00fcnetek h\u00e1tter\u00e9ben vaszkul\u00e1ris zavar is \u00e1llhat; az 1990-es \u00e9vekben pedig bebizony\u00edtott\u00e1k, hogy morfol\u00f3giai elv\u00e1ltoz\u00e1s n\u00e9lk\u00fcl, puszt\u00e1n a v\u00e9r\u00e1raml\u00e1s cs\u00f6kkent szab\u00e1lyozotts\u00e1ga is kognit\u00edv zavarokhoz vezethet \u2013 ide k\u00f6thet\u0151 a vaszkul\u00e1ris kognit\u00edv zavarok korai felismer\u00e9se \u2013 a Transzl\u00e1ci\u00f3s Medicina Int\u00e9zet igazgat\u00f3ja ezek bemutat\u00e1sa mellett sz\u00f3t ejtett az id\u0151s korral j\u00e1r\u00f3 agyi mikrocirkul\u00e1ci\u00f3s elv\u00e1ltoz\u00e1sokr\u00f3l is.<\/p>\n<figure id=\"attachment_102040\" aria-describedby=\"caption-attachment-102040\" style=\"width: 2320px\" class=\"wp-caption aligncenter\"><a href=\"https:\/\/semmelweis.hu\/hirek\/files\/2021\/02\/27843_transform.jpg\"><img loading=\"lazy\" decoding=\"async\" class=\"wp-image-102040 size-full\" src=\"https:\/\/semmelweis.hu\/hirek\/files\/2021\/02\/27843_transform.jpg\" alt=\"\" width=\"2320\" height=\"1520\" srcset=\"https:\/\/semmelweis.hu\/hirek\/files\/2021\/02\/27843_transform.jpg 2320w, https:\/\/semmelweis.hu\/hirek\/files\/2021\/02\/27843_transform-400x262.jpg 400w, https:\/\/semmelweis.hu\/hirek\/files\/2021\/02\/27843_transform-900x590.jpg 900w, https:\/\/semmelweis.hu\/hirek\/files\/2021\/02\/27843_transform-768x503.jpg 768w, https:\/\/semmelweis.hu\/hirek\/files\/2021\/02\/27843_transform-1536x1006.jpg 1536w, https:\/\/semmelweis.hu\/hirek\/files\/2021\/02\/27843_transform-2048x1342.jpg 2048w, https:\/\/semmelweis.hu\/hirek\/files\/2021\/02\/27843_transform-753x493.jpg 753w\" sizes=\"auto, (max-width: 2320px) 100vw, 2320px\" \/><\/a><figcaption id=\"caption-attachment-102040\" class=\"wp-caption-text\">MR vizsg\u00e1lat (illusztr\u00e1ci\u00f3), fot\u00f3: Kov\u00e1cs Attila &#8211; Semmelweis Egyetem<\/figcaption><\/figure>\n<p>\u201eAz agyban kialakulhatnak k\u00fcl\u00f6nb\u00f6z\u0151 \u00e9relz\u00e1r\u00f3d\u00e1sok, vagy \u00e9rs\u00e9r\u00fcl\u00e9sek kapcs\u00e1n v\u00e9rz\u00e9sek \u2013 ezek s\u00falyosan k\u00e1ros\u00edtj\u00e1k a k\u00f6zponti idegrendszer funkci\u00f3it\u201d \u2013 h\u00edvta fel a figyelmet dr. Beny\u00f3 Zolt\u00e1n, hozz\u00e1t\u00e9ve: az agyi mikro-v\u00e9rz\u00e9sek a rutin vizsg\u00e1latokhoz haszn\u00e1lt MRI \u00e9s CT elj\u00e1r\u00e1ssal nem l\u00e1that\u00f3ak, azonban az id\u0151sek 30-50 sz\u00e1zal\u00e9k\u00e1t is \u00e9rinthetik, megszaporod\u00e1suk pedig a kognit\u00edv funkci\u00f3k besz\u0171k\u00fcl\u00e9s\u00e9t okozhatja. Ezt k\u00f6vet\u0151en el\u0151ad\u00e1s\u00e1ban bemutatta a v\u00e9r-agy g\u00e1t \u00e9letkorral \u00f6sszef\u00fcgg\u0151 le\u00e9p\u00fcl\u00e9s\u00e9t, valamint azokat a mikrocirkul\u00e1ci\u00f3s elv\u00e1ltoz\u00e1sokat \u2013 pl. az endoth\u00e9l diszfunkci\u00f3ja, a roml\u00f3 neurovaszkul\u00e1ris csatol\u00e1s, az autoregul\u00e1ci\u00f3 zavara, valamint a mikro\u00e9r-h\u00e1l\u00f3zat ritkul\u00e1sa \u2013 melyek az Alzheimer k\u00f3rhoz hasonl\u00f3 t\u00fcneteket okozhatnak.<\/p>\n<div class=\"keretes w-100\">\n<p>Dr. Beny\u00f3 Zolt\u00e1n 1992-ben v\u00e9gzett a Semmelweis Egyetem \u00e1ltal\u00e1nos orvosi szak\u00e1n summa cum laude min\u0151s\u00edt\u00e9ssel. 1998-ban orvostudom\u00e1ny kandid\u00e1tusa (PhD) c\u00edmet szerzett, 2006-ban megkapta a Magyar Tudom\u00e1nyos Akad\u00e9mia doktora min\u0151s\u00edt\u00e9st, 2008-ban pedig habilit\u00e1lt. Sz\u00e1mtalan tudom\u00e1nyos \u00e9s szakmai t\u00e1rsas\u00e1gban t\u00f6lt be megb\u00edzat\u00e1s: t\u00f6bbek k\u00f6z\u00f6tt a Magyar \u00c9lettani T\u00e1rsas\u00e1g vezet\u0151s\u00e9gi tagja; a Semmelweis Egyetem Rektori P\u00e1lyamunka \u00c9rt\u00e9kel\u0151 Bizotts\u00e1g tagja; a Magyar \u00c9lettani Alap\u00edtv\u00e1ny kurat\u00f3rium\u00e1nak eln\u00f6ke; a Semmelweis Egyetem Szoci\u00e1lis \u00e9s Es\u00e9lyegyenl\u0151s\u00e9gi Bizotts\u00e1g\u00e1nak eln\u00f6ke; az MTA k\u00f6zgy\u0171l\u00e9si k\u00e9pvisel\u0151je. <br \/>\n1992-1995 k\u00f6z\u00f6tt TMB \u00f6szt\u00f6nd\u00edjas, 1995-2000 k\u00f6z\u00f6tt egyetemi tan\u00e1rseg\u00e9d, 2000-2006-ban egyetemi adjunktus, majd 2006-t\u00f3l 2010-ig egyetemi docens. 2008 \u00e9s 2010 k\u00f6z\u00f6tt igazgat\u00f3helyettesi poz\u00edci\u00f3t t\u00f6lt\u00f6tt be, 2010 \u00f3ta egyetemi tan\u00e1r \u00e9s igazgat\u00f3 \u2013 jelenleg a Transzl\u00e1ci\u00f3s Medicina Int\u00e9zetet vezeti \u00e9s a Doktori Tan\u00e1cs eln\u00f6ke. <br \/>\nT\u00f6bb elismer\u00e9s \u00e9s \u00f6szt\u00f6nd\u00edj tulajdonosa \u2013 t\u00f6bbek k\u00f6z\u00f6tt a Rektori p\u00e1lyamunka I. d\u00edj\u00e1nak; az Alexander von Humboldt \u00d6szt\u00f6nd\u00edjnak; a Bolyai Kutat\u00e1si \u00d6szt\u00f6nd\u00edjnak; a Richter Gedeon Kutat\u00e1si Jutalomd\u00edjnak; a Marie Curie Individual Fellowship-nek; a Kiv\u00e1l\u00f3 Tudom\u00e1nyos Di\u00e1kk\u00f6ri Nevel\u0151 egyetemi kit\u00fcntet\u00e9snek \u00e9s a XXX. Jubileumi OTDK Eml\u00e9k\u00e9remnek. <br \/>\nF\u0151bb kutat\u00e1si ter\u00fcletei k\u00f6z\u00e9 tartozik a v\u00e9rkering\u00e9si rendszer \u00e9lettana \u00e9s k\u00f3r\u00e9lettana; az agyi v\u00e9rkering\u00e9s szab\u00e1lyoz\u00e1sa; az endothelium \u00e9s a simaizom jel\u00e1tviteli folyamatai; a lipid medi\u00e1torok \u00e9lettani \u00e9s k\u00f3r\u00e9lettani funkci\u00f3i a v\u00e9rkering\u00e9si rendszerben, valamint a tumor-angiogenezis szab\u00e1lyoz\u00e1sa.<br \/>\nAz Acta Physiologica Hungarica \u00e9s az Orvosi Hetilap szerkeszt\u0151bizotts\u00e1g\u00e1nak a tagja, b\u00edr\u00e1l\u00f3 tev\u00e9kenys\u00e9get l\u00e1t el t\u00f6bb tudom\u00e1nyos foly\u00f3iratn\u00e1l (pl. British Journal of Pharmacology; Neuroscience Letters; Journal of Neuroscience Research; Pathophysiology) \u00e9s tudom\u00e1nyos szervezetn\u00e9l (Diabetes UK; ETT; Magyar \u00d6szt\u00f6nd\u00edj Bizotts\u00e1g; National Heart Foundation of New Zealand; NKFIH).<\/p>\n<\/div>\n<p><em>Az egyetem \u2013 alap\u00edt\u00e1s\u00e1nak 250 \u00e9ves jubileum\u00e1ra eml\u00e9kezve \u2013 2019-ben ind\u00edtotta el a lakoss\u00e1gnak, f\u0151k\u00e9nt az id\u0151sebb koroszt\u00e1lynak \u00e9s hozz\u00e1tartoz\u00f3inak sz\u00f3l\u00f3 ingyenes szabadel\u0151ad\u00e1s-sorozat\u00e1t. A Szenior Akad\u00e9mi\u00e1n az \u00e9rdekl\u0151d\u0151k az egyetem vezet\u0151 professzorainak tolm\u00e1csol\u00e1s\u00e1ban nyerhetnek bepillant\u00e1st az orvostudom\u00e1ny leg\u00fajabb eredm\u00e9nyeibe, \u00e9s kaphatnak hasznos ismereteket a leggyakoribb betegs\u00e9gekr\u0151l, azok megel\u0151z\u00e9s\u00e9t\u0151l a felismer\u00e9sen \u00e1t a ter\u00e1pi\u00e1ig.<\/em><\/p>\n<p><a href=\"https:\/\/semmelweis.hu\/hirek\/files\/2021\/02\/Szenior-Akad\u00e9mia-el\u0151ad\u00e1s-2021.-02.-15.pdf\" target=\"_blank\" rel=\"noopener noreferrer\">A teljes el\u0151ad\u00e1s diasora ide kattintva t\u00f6lthet\u0151 le (pdf).<\/a><\/p>\n<p>A Szenior Akad\u00e9mia el\u0151ad\u00e1sai visszan\u00e9zhet\u0151ek <a href=\"https:\/\/www.youtube.com\/playlist?list=PLCehZAqE0dwmEjfetMhaOPiKracsYNJBG\" target=\"_blank\" rel=\"noopener noreferrer\">erre a linkre kattintva<\/a> az egyetem Youtube csatorn\u00e1j\u00e1n<\/p>\n<p>Szab\u00f3 \u00c1d\u00e1m<br \/>\nFot\u00f3: Kov\u00e1cs Attila &#8211; Semmelweis Egyetem<\/p>\n","protected":false},"excerpt":{"rendered":"<p>Dr. Beny\u00f3 Zolt\u00e1n, a Transzl\u00e1ci\u00f3s Medicina Int\u00e9zet igazgat\u00f3ja t\u00f6bbek k\u00f6z\u00f6tt besz\u00e9lt az agyi v\u00e9rkering\u00e9s autoregul\u00e1ci\u00f3j\u00e1r\u00f3l, \u00e9s az Alzheimer-k\u00f3rr\u00f3l is.<\/p>\n","protected":false},"author":101751,"featured_media":102042,"comment_status":"closed","ping_status":"closed","sticky":false,"template":"","format":"standard","meta":{"_acf_changed":false,"footnotes":""},"categories":[154,168],"tags":[4240,4218,4249],"class_list":["post-101976","post","type-post","status-publish","format-standard","has-post-thumbnail","hentry","category-egeszseg","category-kiemelt","tag-jubileumi-hirek","tag-semmelweis-250","tag-szenior-akademia"],"acf":[],"_links":{"self":[{"href":"https:\/\/semmelweis.hu\/hirek\/wp-json\/wp\/v2\/posts\/101976","targetHints":{"allow":["GET"]}}],"collection":[{"href":"https:\/\/semmelweis.hu\/hirek\/wp-json\/wp\/v2\/posts"}],"about":[{"href":"https:\/\/semmelweis.hu\/hirek\/wp-json\/wp\/v2\/types\/post"}],"author":[{"embeddable":true,"href":"https:\/\/semmelweis.hu\/hirek\/wp-json\/wp\/v2\/users\/101751"}],"replies":[{"embeddable":true,"href":"https:\/\/semmelweis.hu\/hirek\/wp-json\/wp\/v2\/comments?post=101976"}],"version-history":[{"count":7,"href":"https:\/\/semmelweis.hu\/hirek\/wp-json\/wp\/v2\/posts\/101976\/revisions"}],"predecessor-version":[{"id":102048,"href":"https:\/\/semmelweis.hu\/hirek\/wp-json\/wp\/v2\/posts\/101976\/revisions\/102048"}],"wp:featuredmedia":[{"embeddable":true,"href":"https:\/\/semmelweis.hu\/hirek\/wp-json\/wp\/v2\/media\/102042"}],"wp:attachment":[{"href":"https:\/\/semmelweis.hu\/hirek\/wp-json\/wp\/v2\/media?parent=101976"}],"wp:term":[{"taxonomy":"category","embeddable":true,"href":"https:\/\/semmelweis.hu\/hirek\/wp-json\/wp\/v2\/categories?post=101976"},{"taxonomy":"post_tag","embeddable":true,"href":"https:\/\/semmelweis.hu\/hirek\/wp-json\/wp\/v2\/tags?post=101976"}],"curies":[{"name":"wp","href":"https:\/\/api.w.org\/{rel}","templated":true}]}}