{"id":101962,"date":"2021-02-19T18:20:38","date_gmt":"2021-02-19T17:20:38","guid":{"rendered":"https:\/\/semmelweis.hu\/hirek\/?p=101962"},"modified":"2021-02-19T19:20:58","modified_gmt":"2021-02-19T18:20:58","slug":"nincs-csodalatosabb-hivatas-mint-masok-segitese","status":"publish","type":"post","link":"https:\/\/semmelweis.hu\/hirek\/2021\/02\/19\/nincs-csodalatosabb-hivatas-mint-masok-segitese\/","title":{"rendered":"&#8222;Nincs csod\u00e1latosabb hivat\u00e1s, mint m\u00e1sok seg\u00edt\u00e9se&#8221;"},"content":{"rendered":"<blockquote>\n<p style=\"text-align: left\">\u201eAz ember ott kezd\u0151dik, hogy teremt valamit. Valakinek lenni a semmib\u0151l. Nem a legkisebb, hanem a legnagyobb ellen\u00e1ll\u00e1st keresni. Csak azt \u00e9rdemes megcsin\u00e1lni, ami lehetetlen.\u201d <br \/>\n\u00a0 \u00a0 \u00a0 \u00a0 \u00a0 \u00a0 \u00a0 \u00a0 \u00a0 \u00a0 \u00a0 \u00a0 \u00a0 \u00a0 \u00a0 \u00a0 \u00a0 \u00a0 \u00a0 \u00a0 \u00a0 \u00a0 \u00a0 \u00a0 \u00a0 \u00a0 \u00a0 \u00a0 \u00a0 \u00a0 \u00a0 \u00a0 \u00a0 \u00a0 \u00a0 \u00a0 \u00a0 \u00a0 \u00a0 \u00a0 \u00a0 \u00a0 Hamvas B\u00e9la<\/p>\n<\/blockquote>\n<p>Nincs csod\u00e1latosabb hivat\u00e1s, mint m\u00e1sok seg\u00edt\u00e9se, az elesettek, betegek \u00e1pol\u00e1sa gy\u00f3gy\u00edt\u00e1sa, sokszor a lehetetlen lek\u00fczd\u00e9se. Kossuth Zsuzsanna eml\u00e9k\u00e9re, ma haz\u00e1nkban a Magyar \u00c1pol\u00f3k Napj\u00e1t \u00fcnnepelj\u00fck. Kossuth Zsuzsanna nemcsak haz\u00e1nkban, hanem nemzetk\u00f6zi szinten is megel\u0151zte kor\u00e1t \u00e9s az els\u0151k k\u00f6z\u00f6tt szervezte meg Kossuth Lajos felk\u00e9r\u00e9s\u00e9re az Orsz\u00e1gos F\u0151\u00e1pol\u00f3i Hivatalt.<\/p>\n<p>Az \u00e1pol\u00f3i hivat\u00e1s az egyik legszentebb, amelynek l\u00e9nyege a beteg embert\u00e1rsaink \u00f6nzetlen seg\u00edt\u00e9se.<\/p>\n<p>A mostani, kih\u00edv\u00e1sokkal teli napokban \u00e9rzi igaz\u00e1n mindenki az \u00e1pol\u00f3i hivat\u00e1s fontoss\u00e1g\u00e1t, de neh\u00e9zs\u00e9geit is. A Semmelweis Egyetemen dolgoz\u00f3 2250 \u00e1pol\u00f3 \u00e9s szakdolgoz\u00f3 mindig magas szinten gyakorolta \u00e9s gyakorolja hivat\u00e1s\u00e1t. A COVID-19 pand\u00e9mia megmutatta, hogy a k\u00fcl\u00f6nleges, kih\u00edv\u00e1sokkal teli helyzetekre is igaz, hogy a Semmelweis Egyetem \u00e1pol\u00f3i \u00e9s szakdolgoz\u00f3i elk\u00f6telezettek, csapatk\u00e9nt tudnak dolgozni \u00e9s klinik\u00e1kon \u00e1t\u00edvel\u0151en seg\u00edtik egym\u00e1s munk\u00e1j\u00e1t. \u00d6n\u00f6k az elm\u00falt \u00e9vtizedek sor\u00e1n soha nem l\u00e1tott \u00f6sszefog\u00e1st mutattak, amely m\u00e1sok sz\u00e1m\u00e1ra is p\u00e9lda\u00e9rt\u00e9k\u0171. A COVID-19 okozta v\u00e9szhelyzetben, a frontvonalban harcolnak a l\u00e1thatatlan ellens\u00e9g ellen. \u00c1pol\u00f3ink a frontharcosok, a rem\u00e9nys\u00e9gek, hogy a j\u00e1rv\u00e1ny elleni harcot sikerre vissz\u00fck.<\/p>\n<p>A Semmelweis Egyetem vezet\u00e9se, munkat\u00e1rsai \u00e9s betegeik is k\u00f6sz\u00f6nik az \u00d6n\u00f6k munk\u00e1j\u00e1t.<\/p>\n<p>Isten \u00e9ltesse \u00e9s Isten \u00f3vja \u00d6n\u00f6ket!<\/p>\n<p>&nbsp;<\/p>\n<p>\u00a0 \u00a0 \u00a0 \u00a0 \u00a0 \u00a0 \u00a0 \u00a0 \u00a0 \u00a0 \u00a0 \u00a0 \u00a0 \u00a0 \u00a0 \u00a0 \u00a0 \u00a0 \u00a0 \u00a0 \u00a0 \u00a0 \u00a0 \u00a0 \u00a0 \u00a0 \u00a0 \u00a0 \u00a0 \u00a0 \u00a0 \u00a0 \u00a0 \u00a0 \u00a0 \u00a0 \u00a0 \u00a0 \u00a0 \u00a0 \u00a0 \u00a0 \u00a0 \u00a0 \u00a0 \u00a0 \u00a0 \u00a0 \u00a0 \u00a0Dr. Szab\u00f3 Attila<br \/>\n\u00a0 \u00a0 \u00a0 \u00a0 \u00a0 \u00a0 \u00a0 \u00a0 \u00a0 \u00a0 \u00a0 \u00a0 \u00a0 \u00a0 \u00a0 \u00a0 \u00a0 \u00a0 \u00a0 \u00a0 \u00a0 \u00a0 \u00a0 \u00a0 \u00a0 \u00a0 \u00a0 \u00a0 \u00a0 \u00a0 \u00a0 \u00a0 \u00a0 \u00a0 \u00a0 \u00a0 \u00a0 \u00a0 \u00a0 \u00a0 \u00a0 \u00a0 \u00a0 \u00a0 \u00a0 \u00a0 \u00a0 Klinikai K\u00f6zpont, eln\u00f6k<\/p>\n<p>&nbsp;<\/p>\n<p>Kiemelt k\u00e9p (illusztr\u00e1ci\u00f3): pixabay<\/p>\n<p>&nbsp;<\/p>\n","protected":false},"excerpt":{"rendered":"<p>Dr. Szab\u00f3 Attila k\u00f6sz\u00f6nt\u0151je a Magyar \u00c1pol\u00f3k Napja alkalm\u00e1b\u00f3l. <\/p>\n","protected":false},"author":101282,"featured_media":101972,"comment_status":"closed","ping_status":"closed","sticky":false,"template":"","format":"standard","meta":{"_acf_changed":false,"footnotes":""},"categories":[154,168],"tags":[],"class_list":["post-101962","post","type-post","status-publish","format-standard","has-post-thumbnail","hentry","category-egeszseg","category-kiemelt"],"acf":[],"_links":{"self":[{"href":"https:\/\/semmelweis.hu\/hirek\/wp-json\/wp\/v2\/posts\/101962","targetHints":{"allow":["GET"]}}],"collection":[{"href":"https:\/\/semmelweis.hu\/hirek\/wp-json\/wp\/v2\/posts"}],"about":[{"href":"https:\/\/semmelweis.hu\/hirek\/wp-json\/wp\/v2\/types\/post"}],"author":[{"embeddable":true,"href":"https:\/\/semmelweis.hu\/hirek\/wp-json\/wp\/v2\/users\/101282"}],"replies":[{"embeddable":true,"href":"https:\/\/semmelweis.hu\/hirek\/wp-json\/wp\/v2\/comments?post=101962"}],"version-history":[{"count":6,"href":"https:\/\/semmelweis.hu\/hirek\/wp-json\/wp\/v2\/posts\/101962\/revisions"}],"predecessor-version":[{"id":101974,"href":"https:\/\/semmelweis.hu\/hirek\/wp-json\/wp\/v2\/posts\/101962\/revisions\/101974"}],"wp:featuredmedia":[{"embeddable":true,"href":"https:\/\/semmelweis.hu\/hirek\/wp-json\/wp\/v2\/media\/101972"}],"wp:attachment":[{"href":"https:\/\/semmelweis.hu\/hirek\/wp-json\/wp\/v2\/media?parent=101962"}],"wp:term":[{"taxonomy":"category","embeddable":true,"href":"https:\/\/semmelweis.hu\/hirek\/wp-json\/wp\/v2\/categories?post=101962"},{"taxonomy":"post_tag","embeddable":true,"href":"https:\/\/semmelweis.hu\/hirek\/wp-json\/wp\/v2\/tags?post=101962"}],"curies":[{"name":"wp","href":"https:\/\/api.w.org\/{rel}","templated":true}]}}