{"id":101863,"date":"2021-02-17T06:00:44","date_gmt":"2021-02-17T05:00:44","guid":{"rendered":"https:\/\/semmelweis.hu\/hirek\/?p=101863"},"modified":"2021-02-17T15:23:22","modified_gmt":"2021-02-17T14:23:22","slug":"elsokent-alkalmaztak-celzott-anti-citokin-kezelest-covid-19-utani-sokszervi-gyulladasban-a-semmelweis-egyetemen","status":"publish","type":"post","link":"https:\/\/semmelweis.hu\/hirek\/2021\/02\/17\/elsokent-alkalmaztak-celzott-anti-citokin-kezelest-covid-19-utani-sokszervi-gyulladasban-a-semmelweis-egyetemen\/","title":{"rendered":"Els\u0151k\u00e9nt alkalmaztak c\u00e9lzott anti-citokin kezel\u00e9st COVID-19 ut\u00e1ni sokszervi gyullad\u00e1sban a Semmelweis Egyetemen"},"content":{"rendered":"<div class=\"lead\"><strong>Panaszmentesen otthon\u00e1ba t\u00e1vozott a Semmelweis Egyetem II. Sz. Gyermekgy\u00f3gy\u00e1szati Klinik\u00e1j\u00e1r\u00f3l az a 6 \u00e9ves, sokszervi gyullad\u00e1sban szenved\u0151 kisfi\u00fa, akinek a kezel\u00e9se sor\u00e1n az orsz\u00e1gban els\u0151k\u00e9nt alkalmaztak c\u00e9lzott biol\u00f3giai ter\u00e1pi\u00e1t.<\/strong><\/div>\n<p><img loading=\"lazy\" decoding=\"async\" class=\"alignright wp-image-101865 size-medium\" src=\"https:\/\/semmelweis.hu\/hirek\/files\/2021\/02\/RS126228_C19A9312-scr-400x267.jpg\" alt=\"\" width=\"400\" height=\"267\" srcset=\"https:\/\/semmelweis.hu\/hirek\/files\/2021\/02\/RS126228_C19A9312-scr-400x267.jpg 400w, https:\/\/semmelweis.hu\/hirek\/files\/2021\/02\/RS126228_C19A9312-scr-900x600.jpg 900w, https:\/\/semmelweis.hu\/hirek\/files\/2021\/02\/RS126228_C19A9312-scr-768x512.jpg 768w, https:\/\/semmelweis.hu\/hirek\/files\/2021\/02\/RS126228_C19A9312-scr-753x502.jpg 753w, https:\/\/semmelweis.hu\/hirek\/files\/2021\/02\/RS126228_C19A9312-scr-203x135.jpg 203w, https:\/\/semmelweis.hu\/hirek\/files\/2021\/02\/RS126228_C19A9312-scr.jpg 1200w\" sizes=\"auto, (max-width: 400px) 100vw, 400px\" \/>K\u00e9t h\u00e9ttel ezel\u0151tt egy budapesti k\u00f3rh\u00e1zban vett\u00e9k fel el\u0151sz\u00f6r az \u00e9rintett beteg gyermeket, aki az ilyenkor javasolt szteroid \u00e9s immunglobulin ter\u00e1pi\u00e1t kapta, azonban \u00e1tmeneti javul\u00e1s ut\u00e1n \u00fajra bel\u00e1zasodott, romlottak a labor\u00e9rt\u00e9kei, ez\u00e9rt k\u00e9rt\u00e9k \u00e1tv\u00e9tel\u00e9t a Semmelweis Egyetem gyermekreumatol\u00f3giai centrum\u00e1ba.<\/p>\n<p>\u201eAz els\u0151dleges, \u00fagynevezett standard kezel\u00e9si elj\u00e1r\u00e1sokra a sokszervi gyullad\u00e1sban szenved\u0151 gyerekek d\u00f6nt\u0151 t\u00f6bbs\u00e9ge azonnal reag\u00e1l, \u00e9s gyorsan, n\u00e9h\u00e1ny nap alatt megsz\u0171nnek a panaszaik. Vannak azonban ter\u00e1pia-rezisztens esetek, illetve olyan viharos t\u00fcnetekkel j\u00e1r\u00f3 s\u00falyos esetek, ahol egy\u00e9b kezel\u00e9sekre is sz\u00fcks\u00e9g van. Ilyenkor hozhat gy\u00f3gyul\u00e1st a biol\u00f3giai ter\u00e1pia\u201d \u2013 hangs\u00falyozta dr. Constantin Tam\u00e1s, a Semmelweis Egyetem II. Sz. Gyermekgy\u00f3gy\u00e1szati Klinik\u00e1j\u00e1nak egyetemi docense.<\/p>\n<p>A gyermekreumatol\u00f3gi\u00e1ban is egyre kiterjedtebben alkalmazott biol\u00f3giai ter\u00e1pi\u00e1k nev\u00fcket az el\u0151\u00e1ll\u00edt\u00e1suk sor\u00e1n alkalmazott biol\u00f3giai technol\u00f3gi\u00e1r\u00f3l kapt\u00e1k, melyek hat\u00e1smechanizmusa, hogy a kezel\u00e9s sor\u00e1n a betegs\u00e9g kialakul\u00e1s\u00e1ban szerepet j\u00e1tsz\u00f3 szab\u00e1lyoz\u00f3 feh\u00e9rj\u00e9ket veszik c\u00e9lba. \u201eHa a szteroidot a betegs\u00e9get t\u00e1mad\u00f3 s\u00f6r\u00e9tes puskak\u00e9nt k\u00e9pzelj\u00fck el, akkor ezek a modern k\u00e9sz\u00edtm\u00e9nyek a mi t\u00e1vcs\u00f6ves pusk\u00e1ink\u201d \u2013 magyar\u00e1zta szeml\u00e9ltet\u00e9s\u00fcl dr. Constantin Tam\u00e1s.<\/p>\n<p><img loading=\"lazy\" decoding=\"async\" class=\"alignleft wp-image-101864 size-medium\" src=\"https:\/\/semmelweis.hu\/hirek\/files\/2021\/02\/Constantin-Tama\u0301s040-PS_web-2-400x267.jpg\" alt=\"\" width=\"400\" height=\"267\" srcset=\"https:\/\/semmelweis.hu\/hirek\/files\/2021\/02\/Constantin-Tama\u0301s040-PS_web-2-400x267.jpg 400w, https:\/\/semmelweis.hu\/hirek\/files\/2021\/02\/Constantin-Tama\u0301s040-PS_web-2-900x601.jpg 900w, https:\/\/semmelweis.hu\/hirek\/files\/2021\/02\/Constantin-Tama\u0301s040-PS_web-2-768x512.jpg 768w, https:\/\/semmelweis.hu\/hirek\/files\/2021\/02\/Constantin-Tama\u0301s040-PS_web-2-1536x1025.jpg 1536w, https:\/\/semmelweis.hu\/hirek\/files\/2021\/02\/Constantin-Tama\u0301s040-PS_web-2-2048x1367.jpg 2048w, https:\/\/semmelweis.hu\/hirek\/files\/2021\/02\/Constantin-Tama\u0301s040-PS_web-2-753x502.jpg 753w, https:\/\/semmelweis.hu\/hirek\/files\/2021\/02\/Constantin-Tama\u0301s040-PS_web-2-203x135.jpg 203w\" sizes=\"auto, (max-width: 400px) 100vw, 400px\" \/><\/p>\n<p>A szakember az alkalmazott biol\u00f3giai ter\u00e1pi\u00e1r\u00f3l sz\u00f3lva elmondta: az anakinra nev\u0171 hat\u00f3anyagot eredetileg a feln\u0151ttkori rheumatoid arthritis kezel\u00e9s\u00e9re fejlesztett\u00e9k ki, de nem hozott \u00e1t\u00fct\u0151 eredm\u00e9nyeket, \u00edgy nem ker\u00fclt be a reumatol\u00f3gusok mindennapi klinikai gyakorlat\u00e1ba. A gyermekreumatol\u00f3gusok ezzel szemben gyakran alkalmazz\u00e1k, ugyanis bizonyos extr\u00e9m gyullad\u00e1sos \u00e1llapottal j\u00e1r\u00f3 betegs\u00e9gekben \u2013 ide tartozik a sokszervi gyullad\u00e1s is \u2013 nagy hat\u00e9konys\u00e1ggal b\u00edr.<\/p>\n<p>B\u00e1r a kisfi\u00fa nagyon elesett \u00e1llapotban, csillap\u00edthatatlan l\u00e1zzal ker\u00fclt a klinik\u00e1ra, az id\u0151ben megkezdett, biol\u00f3giai ter\u00e1pi\u00e1val siker\u00fclt megel\u0151zni nemcsak a szervi k\u00e1rosod\u00e1st, de azt is, hogy a gyermek \u00fajra intenz\u00edv oszt\u00e1lyra ker\u00fclj\u00f6n. P\u00e1r napos kezel\u00e9s ut\u00e1n labor\u00e9rt\u00e9kei is normaliz\u00e1l\u00f3dtak, t\u00fcnet \u00e9s panaszmentesen t\u00e1vozhatott a Semmelweis Egyetem klinik\u00e1j\u00e1r\u00f3l.<\/p>\n<p>Bor\u00edt\u00f3k\u00e9p (illusztr\u00e1ci\u00f3): Kov\u00e1cs Attila \u2013 Semmelweis Egyetem<\/p>\n<p>&nbsp;<\/p>\n","protected":false},"excerpt":{"rendered":"<p>Egy hat\u00e9ves kisfi\u00fa volt az els\u0151 beteg, akin haz\u00e1nkban sikerrel alkalmazt\u00e1k a c\u00e9lzott biol\u00f3giai ter\u00e1pi\u00e1t. <\/p>\n","protected":false},"author":101748,"featured_media":101865,"comment_status":"closed","ping_status":"closed","sticky":false,"template":"","format":"standard","meta":{"_acf_changed":false,"footnotes":""},"categories":[154,168],"tags":[4257,4260],"class_list":["post-101863","post","type-post","status-publish","format-standard","has-post-thumbnail","hentry","category-egeszseg","category-kiemelt","tag-koronavirus","tag-koronavirus-betegellatas"],"acf":[],"_links":{"self":[{"href":"https:\/\/semmelweis.hu\/hirek\/wp-json\/wp\/v2\/posts\/101863","targetHints":{"allow":["GET"]}}],"collection":[{"href":"https:\/\/semmelweis.hu\/hirek\/wp-json\/wp\/v2\/posts"}],"about":[{"href":"https:\/\/semmelweis.hu\/hirek\/wp-json\/wp\/v2\/types\/post"}],"author":[{"embeddable":true,"href":"https:\/\/semmelweis.hu\/hirek\/wp-json\/wp\/v2\/users\/101748"}],"replies":[{"embeddable":true,"href":"https:\/\/semmelweis.hu\/hirek\/wp-json\/wp\/v2\/comments?post=101863"}],"version-history":[{"count":3,"href":"https:\/\/semmelweis.hu\/hirek\/wp-json\/wp\/v2\/posts\/101863\/revisions"}],"predecessor-version":[{"id":101872,"href":"https:\/\/semmelweis.hu\/hirek\/wp-json\/wp\/v2\/posts\/101863\/revisions\/101872"}],"wp:featuredmedia":[{"embeddable":true,"href":"https:\/\/semmelweis.hu\/hirek\/wp-json\/wp\/v2\/media\/101865"}],"wp:attachment":[{"href":"https:\/\/semmelweis.hu\/hirek\/wp-json\/wp\/v2\/media?parent=101863"}],"wp:term":[{"taxonomy":"category","embeddable":true,"href":"https:\/\/semmelweis.hu\/hirek\/wp-json\/wp\/v2\/categories?post=101863"},{"taxonomy":"post_tag","embeddable":true,"href":"https:\/\/semmelweis.hu\/hirek\/wp-json\/wp\/v2\/tags?post=101863"}],"curies":[{"name":"wp","href":"https:\/\/api.w.org\/{rel}","templated":true}]}}