{"id":101722,"date":"2021-02-10T06:00:23","date_gmt":"2021-02-10T05:00:23","guid":{"rendered":"https:\/\/semmelweis.hu\/hirek\/?p=101722"},"modified":"2021-02-10T06:49:21","modified_gmt":"2021-02-10T05:49:21","slug":"a-dentinvastagsag-kiszamitasara-kinal-egyedulallo-diagnosztikai-lehetoseget-az-innovacio-dijat-elnyert-fogaszati-meroeszkoz","status":"publish","type":"post","link":"https:\/\/semmelweis.hu\/hirek\/2021\/02\/10\/a-dentinvastagsag-kiszamitasara-kinal-egyedulallo-diagnosztikai-lehetoseget-az-innovacio-dijat-elnyert-fogaszati-meroeszkoz\/","title":{"rendered":"A dentinvastags\u00e1g kisz\u00e1m\u00edt\u00e1s\u00e1ra k\u00edn\u00e1l egyed\u00fcl\u00e1ll\u00f3 diagnosztikai lehet\u0151s\u00e9get az Innov\u00e1ci\u00f3 D\u00edjat elnyert m\u00e9r\u0151eszk\u00f6z"},"content":{"rendered":"<div class=\"lead\">Dr. Dob\u00f3 Nagy Csaba az Or\u00e1lis Diagnosztikai Tansz\u00e9k igazgat\u00f3ja \u00e9s Orb\u00e1n G\u00e1bor, a tansz\u00e9k tudom\u00e1nyos seg\u00e9dmunkat\u00e1rsa nyert\u00e9k el a 2020-as Innov\u00e1ci\u00f3s D\u00edjat a klinikai kutat\u00f3 kateg\u00f3ri\u00e1ban. Projektj\u00fckben egy olyan m\u00e9r\u0151eszk\u00f6z\u00f6n dolgoznak, mely a gyakorlati fogorvostudom\u00e1ny sz\u00e1m\u00e1ra k\u00edn\u00e1l egyed\u00fcl\u00e1ll\u00f3 diagnosztikai lehet\u0151s\u00e9get a dentinvastags\u00e1g kisz\u00e1m\u00edt\u00e1s\u00e1ra. Az \u00e1ltaluk fejlesztett m\u00e9r\u0151m\u0171szer lehet\u0151s\u00e9get ad a kezel\u00e9st v\u00e9gz\u0151 fogorvosnak a dentinr\u00e9teg vastags\u00e1g\u00e1nak megm\u00e9r\u00e9s\u00e9re, megel\u0151zve ezzel a fogb\u00e9l felsz\u00ednre ker\u00fcl\u00e9s\u00e9t. Az eszk\u00f6z fontos eleme lehet minden \u00e1ltal\u00e1nos fog\u00e1szati beavatkoz\u00e1sokat v\u00e9gz\u0151 rendel\u0151nek.<\/div>\n<p><a href=\"https:\/\/semmelweis.hu\/hirek\/files\/2021\/02\/RS127772_C19A0649-scr.jpg\"><img loading=\"lazy\" decoding=\"async\" class=\"alignright size-medium wp-image-101724\" src=\"https:\/\/semmelweis.hu\/hirek\/files\/2021\/02\/RS127772_C19A0649-scr-400x267.jpg\" alt=\"\" width=\"400\" height=\"267\" srcset=\"https:\/\/semmelweis.hu\/hirek\/files\/2021\/02\/RS127772_C19A0649-scr-400x267.jpg 400w, https:\/\/semmelweis.hu\/hirek\/files\/2021\/02\/RS127772_C19A0649-scr-900x600.jpg 900w, https:\/\/semmelweis.hu\/hirek\/files\/2021\/02\/RS127772_C19A0649-scr-768x512.jpg 768w, https:\/\/semmelweis.hu\/hirek\/files\/2021\/02\/RS127772_C19A0649-scr-753x502.jpg 753w, https:\/\/semmelweis.hu\/hirek\/files\/2021\/02\/RS127772_C19A0649-scr-203x135.jpg 203w, https:\/\/semmelweis.hu\/hirek\/files\/2021\/02\/RS127772_C19A0649-scr.jpg 1200w\" sizes=\"auto, (max-width: 400px) 100vw, 400px\" \/><\/a>A fog\u00e1szati beavatkoz\u00e1s sor\u00e1n, ha r\u00e9tegelt\u00e1vol\u00edt\u00e1sra (f\u00far\u00e1sra) ker\u00fcl a sor, jelenleg a fogorvos kez\u00e9nek finommotoros mozg\u00e1sa \u00e9s tapasztalat\u00e1nak f\u00fcggv\u00e9nye, hogy a visszamarad\u00f3 dentinr\u00e9teg milyen vastag maradhat \u2013 magyar\u00e1zta dr. Dob\u00f3 Nagy Csaba. Az Or\u00e1lis Diagnosztikai Tansz\u00e9k igazgat\u00f3ja kifejtette: a prepar\u00e1l\u00e1s sor\u00e1n nem mindig t\u00f6rt\u00e9nik minden tank\u00f6nyvszer\u0171en, p\u00e9ld\u00e1ul egy d\u0151lt fogat m\u00e1shogyan kell prepar\u00e1lni, mint egy egyenesen \u00e1ll\u00f3t, de a t\u00f6m\u00e9sekn\u00e9l is mindig v\u00e1ltoz\u00f3 az \u00fcregalak\u00edt\u00e1s form\u00e1ja. Az egyedi prepar\u00e1l\u00e1sokban azonban a fogorvosnak nincs t\u00e1mpontja arra, hogy hol is sz\u00e1m\u00edthat a fogb\u00e9l k\u00f6zels\u00e9g\u00e9re; az \u00e1ltal\u00e1nos gyakorlat szerint 0,5 mm al\u00e1 nem v\u00e9kony\u00edtanak dentinr\u00e9teget, mert a fogb\u00e9lbe t\u00f6rt\u00e9n\u0151 f\u00far\u00e1snak s\u00falyos k\u00f6vetkezm\u00e9nyei vannak, egy egyszer\u0171 fogt\u00f6m\u00e9sb\u0151l k\u00f6nnyen lehet gy\u00f6k\u00e9rkezel\u00e9s \u2013 mutatott r\u00e1 az igazgat\u00f3, aki erre a gyakorlati probl\u00e9m\u00e1ra szeretett volna megold\u00e1st tal\u00e1lni.<\/p>\n<p>Az Orb\u00e1n G\u00e1borral val\u00f3 k\u00f6z\u00f6s munk\u00e1ja nagyj\u00e1b\u00f3l h\u00e1rom \u00e9vvel ezel\u0151tt kezd\u0151d\u00f6tt, aki ekkor a Magyar Tudom\u00e1nyos Akad\u00e9mia (MTA) Term\u00e9szettudom\u00e1nyi Kutat\u00f3k\u00f6zpontj\u00e1nak (TTK) Kognit\u00edv Idegtudom\u00e1nyi \u00e9s Pszichol\u00f3giai Int\u00e9zet\u00e9ben (KPI) kutatott idegsz\u00f6vetbe implant\u00e1lt mikroelektr\u00f3dok t\u00e9mak\u00f6rben M\u00e1rton Gergely t\u00e9mavezet\u00e9se alatt. Dr. Dob\u00f3 Nagy Csaba \u2013 aki egy\u00e9b kutat\u00e1sai r\u00e9v\u00e9n kapcsolatban volt a KPI int\u00e9zet\u00e9vel \u2013 olyan k\u00e9rd\u00e9ssel fordult hozz\u00e1m, hogy ha kis m\u00e9retben tudok agyi elektr\u00f3dokkal m\u00e9rni, akkor ugyanazt meg tudn\u00e1m-e val\u00f3s\u00edtani emberi fogon is \u2013 \u00edgy ker\u00fcltem a Fogorvostudom\u00e1nyi Karra \u2013 id\u00e9zte fel Orb\u00e1n G\u00e1bor, aki menet k\u00f6zben tudom\u00e1nyos seg\u00e9dmunkat\u00e1rsk\u00e9nt csatlakozott a tansz\u00e9khez. Nagy el\u0151nyt jelentett a k\u00f6z\u00f6s munk\u00e1ban, hogy G\u00e1bor m\u00e1r j\u00e1rtas volt az idegtudom\u00e1nyok elektrofiziol\u00f3gia eszk\u00f6zparkj\u00e1ban \u2013 osztotta meg az igazgat\u00f3. A k\u00f6zel h\u00fasz \u00e9ve elk\u00e9pzelt \u00f6tlet megval\u00f3s\u00edt\u00e1s\u00e1nak nagy lend\u00fcletet adott az egyetemen kialakult innov\u00e1ci\u00f3t val\u00f3ban seg\u00edt\u0151 \u00e9s \u00e9rt\u00e9kk\u00e9nt kezel\u0151 k\u00f6rnyezet is \u2013 v\u00e9li az igazgat\u00f3.<\/p>\n<p><img loading=\"lazy\" decoding=\"async\" class=\"alignleft wp-image-101725 size-full\" src=\"https:\/\/semmelweis.hu\/hirek\/files\/2021\/02\/RS127774_C19A0664-scr.jpg\" alt=\"\" width=\"1200\" height=\"800\" srcset=\"https:\/\/semmelweis.hu\/hirek\/files\/2021\/02\/RS127774_C19A0664-scr.jpg 1200w, https:\/\/semmelweis.hu\/hirek\/files\/2021\/02\/RS127774_C19A0664-scr-400x267.jpg 400w, https:\/\/semmelweis.hu\/hirek\/files\/2021\/02\/RS127774_C19A0664-scr-900x600.jpg 900w, https:\/\/semmelweis.hu\/hirek\/files\/2021\/02\/RS127774_C19A0664-scr-768x512.jpg 768w, https:\/\/semmelweis.hu\/hirek\/files\/2021\/02\/RS127774_C19A0664-scr-753x502.jpg 753w, https:\/\/semmelweis.hu\/hirek\/files\/2021\/02\/RS127774_C19A0664-scr-203x135.jpg 203w\" sizes=\"auto, (max-width: 1200px) 100vw, 1200px\" \/>Orb\u00e1n G\u00e1bor villamosm\u00e9rn\u00f6kk\u00e9nt a projektben is a m\u00e9rn\u00f6ki fejleszt\u00e9st v\u00e9gezte. Maga a dentin n\u00e9gyzetmillim\u00e9terenk\u00e9nt ak\u00e1r t\u00f6bb t\u00edzezer mikro m\u00e9ret\u0171 csatorn\u00e1t tartalmaz, amiben ionos folyad\u00e9k tal\u00e1lhat\u00f3, \u00edgy a dentint tekinthetj\u00fck \u00fagy, mint egy elektromos vezet\u0151 anyagot, aminek pedig m\u00e9rhet\u0151 az elektromos impedanci\u00e1ja \u2013 magyar\u00e1zta. Kutat\u00e1saikban emberi b\u00f6lcsess\u00e9gfogb\u00f3l prepar\u00e1lt dentin korongokon vizsg\u00e1lt\u00e1k az impedancia \u00e9s a dentin vastags\u00e1ga k\u00f6z\u00f6tti ar\u00e1nyoss\u00e1got, ami \u00e1ltal m\u00e9rhet\u0151v\u00e9 v\u00e1lik a fogb\u00e9l \u00e9s a felsz\u00edn k\u00f6z\u00f6tti t\u00e1vols\u00e1g. M\u00e9r\u00e9seik sor\u00e1n korrel\u00e1ci\u00f3t fedeztek fel a vastags\u00e1g \u00e9s az impedancia k\u00f6z\u00f6tt, amit egy k\u00e9zi eszk\u00f6z fel tudna haszn\u00e1lni a vastags\u00e1g sz\u00e1m\u00edt\u00e1sra \u2013 id\u00e9zt\u00e9k fel a kezdeti l\u00e9p\u00e9seket. Eredm\u00e9nyeiket tudom\u00e1nyos foly\u00f3iratokban is publik\u00e1lt\u00e1k.<\/p>\n<p><img loading=\"lazy\" decoding=\"async\" class=\"alignleft wp-image-101729 size-medium\" src=\"https:\/\/semmelweis.hu\/hirek\/files\/2021\/02\/RS127768_C19A0628-scr-400x259.jpg\" alt=\"\" width=\"400\" height=\"259\" srcset=\"https:\/\/semmelweis.hu\/hirek\/files\/2021\/02\/RS127768_C19A0628-scr-400x259.jpg 400w, https:\/\/semmelweis.hu\/hirek\/files\/2021\/02\/RS127768_C19A0628-scr-900x583.jpg 900w, https:\/\/semmelweis.hu\/hirek\/files\/2021\/02\/RS127768_C19A0628-scr-768x497.jpg 768w, https:\/\/semmelweis.hu\/hirek\/files\/2021\/02\/RS127768_C19A0628-scr-753x488.jpg 753w, https:\/\/semmelweis.hu\/hirek\/files\/2021\/02\/RS127768_C19A0628-scr.jpg 1200w\" sizes=\"auto, (max-width: 400px) 100vw, 400px\" \/>Az \u00e1ltaluk fejlesztett m\u00e9r\u0151m\u0171szer az eml\u00edtett technol\u00f3gia seg\u00edts\u00e9g\u00e9vel lehet\u0151s\u00e9get ad a kezel\u00e9st v\u00e9gz\u0151 fogorvosnak a dentinr\u00e9teg vastags\u00e1g\u00e1nak megm\u00e9r\u00e9s\u00e9re, megel\u0151zhet\u0151v\u00e9 t\u00e9ve ezzel a fogb\u00e9l felsz\u00ednre ker\u00fcl\u00e9s\u00e9t. Az els\u0151 sikeres b\u00f6lcsess\u00e9gfog prepar\u00e1ci\u00f3s k\u00eds\u00e9rletek ut\u00e1n a technol\u00f3gia kialak\u00edt\u00e1sa k\u00f6vetkezett: a saj\u00e1t elektronika tervez\u00e9se, \u00e9s az arra k\u00e9sz\u00fcl\u0151 adatfeldolgoz\u00f3 \u00e9s megjelen\u00edt\u0151 szoftver fejleszt\u00e9se m\u00e1r elk\u00e9sz\u00fclt, jelenleg a protot\u00edpus fejleszt\u00e9s\u00e9n dolgoznak \u2013 ismertett\u00e9k. Az eszk\u00f6z fontos eleme lehet minden \u00e1ltal\u00e1nos fog\u00e1szati beavatkoz\u00e1sokat v\u00e9gz\u0151 rendel\u0151nek \u2013 mutattak r\u00e1 a d\u00edjazottak.<\/p>\n<p>Orb\u00e1n G\u00e1bor tudom\u00e1nyos seg\u00e9dmunkat\u00e1rsi poz\u00edci\u00f3ja mellett az \u00d3budai Egyetem PhD hallgat\u00f3ja, doktori t\u00e9zisei fel\u00e9t a fog\u00e1szati t\u00e9m\u00e1ban v\u00e9gzett kutat\u00e1sai adj\u00e1k, m\u00e1sik r\u00e9sz\u00e9t pedig a TTK-ban v\u00e9gzett idegtudom\u00e1nyi kutat\u00e1sai.<\/p>\n<p>B\u00f3di Bernadett<br \/>\nFot\u00f3: Kov\u00e1cs Attila &#8211; Semmelweis Egyetem<\/p>\n<p>&nbsp;<\/p>\n<p>&nbsp;<\/p>\n","protected":false},"excerpt":{"rendered":"<p>Az eszk\u00f6z fontos eleme lehet minden \u00e1ltal\u00e1nos fog\u00e1szati beavatkoz\u00e1sokat v\u00e9gz\u0151 rendel\u0151nek.<\/p>\n","protected":false},"author":101282,"featured_media":101729,"comment_status":"closed","ping_status":"closed","sticky":false,"template":"","format":"standard","meta":{"_acf_changed":false,"footnotes":""},"categories":[154,168],"tags":[3996],"class_list":["post-101722","post","type-post","status-publish","format-standard","has-post-thumbnail","hentry","category-egeszseg","category-kiemelt","tag-interju"],"acf":[],"_links":{"self":[{"href":"https:\/\/semmelweis.hu\/hirek\/wp-json\/wp\/v2\/posts\/101722","targetHints":{"allow":["GET"]}}],"collection":[{"href":"https:\/\/semmelweis.hu\/hirek\/wp-json\/wp\/v2\/posts"}],"about":[{"href":"https:\/\/semmelweis.hu\/hirek\/wp-json\/wp\/v2\/types\/post"}],"author":[{"embeddable":true,"href":"https:\/\/semmelweis.hu\/hirek\/wp-json\/wp\/v2\/users\/101282"}],"replies":[{"embeddable":true,"href":"https:\/\/semmelweis.hu\/hirek\/wp-json\/wp\/v2\/comments?post=101722"}],"version-history":[{"count":6,"href":"https:\/\/semmelweis.hu\/hirek\/wp-json\/wp\/v2\/posts\/101722\/revisions"}],"predecessor-version":[{"id":101756,"href":"https:\/\/semmelweis.hu\/hirek\/wp-json\/wp\/v2\/posts\/101722\/revisions\/101756"}],"wp:featuredmedia":[{"embeddable":true,"href":"https:\/\/semmelweis.hu\/hirek\/wp-json\/wp\/v2\/media\/101729"}],"wp:attachment":[{"href":"https:\/\/semmelweis.hu\/hirek\/wp-json\/wp\/v2\/media?parent=101722"}],"wp:term":[{"taxonomy":"category","embeddable":true,"href":"https:\/\/semmelweis.hu\/hirek\/wp-json\/wp\/v2\/categories?post=101722"},{"taxonomy":"post_tag","embeddable":true,"href":"https:\/\/semmelweis.hu\/hirek\/wp-json\/wp\/v2\/tags?post=101722"}],"curies":[{"name":"wp","href":"https:\/\/api.w.org\/{rel}","templated":true}]}}