{"id":10146,"date":"2012-02-21T06:08:03","date_gmt":"2012-02-21T06:08:03","guid":{"rendered":"http:\/\/semmelweis-egyetem.hu\/hirek\/?p=10146"},"modified":"2012-02-21T15:26:08","modified_gmt":"2012-02-21T15:26:08","slug":"37-ev-a-farmakokinetika-es-a-metabolizmus-kutatas-szolgalataban-issekutz-dij-dr-klebovich-imrenek","status":"publish","type":"post","link":"https:\/\/semmelweis.hu\/hirek\/2012\/02\/21\/37-ev-a-farmakokinetika-es-a-metabolizmus-kutatas-szolgalataban-issekutz-dij-dr-klebovich-imrenek\/","title":{"rendered":"37 \u00e9v a farmakokinetika \u00e9s a metabolizmus kutat\u00e1s szolg\u00e1lat\u00e1ban: Issekutz d\u00edj dr. Klebovich Imr\u00e9nek"},"content":{"rendered":"<figure id=\"attachment_10148\" aria-describedby=\"caption-attachment-10148\" style=\"width: 300px\" class=\"wp-caption alignright\"><a href=\"https:\/\/semmelweis.hu\/hirek\/files\/2012\/02\/P1040185_uj.jpg\"><img loading=\"lazy\" decoding=\"async\" class=\"size-medium wp-image-10148\" src=\"https:\/\/semmelweis.hu\/hirek\/files\/2012\/02\/P1040185_uj-300x276.jpg\" alt=\"\" width=\"300\" height=\"276\" srcset=\"https:\/\/semmelweis.hu\/hirek\/files\/2012\/02\/P1040185_uj-300x276.jpg 300w, https:\/\/semmelweis.hu\/hirek\/files\/2012\/02\/P1040185_uj-434x400.jpg 434w, https:\/\/semmelweis.hu\/hirek\/files\/2012\/02\/P1040185_uj.jpg 1478w\" sizes=\"auto, (max-width: 300px) 100vw, 300px\" \/><\/a><figcaption id=\"caption-attachment-10148\" class=\"wp-caption-text\">Dr. Klebovich Imre<\/figcaption><\/figure>\n<p>A Magyar K\u00eds\u00e9rleti \u00e9s Klinikai Farmakol\u00f3giai T\u00e1rsas\u00e1g a 2011. \u00e9vi Issekutz d\u00edj\u00e1nak \u00e1tad\u00e1si \u00fcnneps\u00e9g\u00e9t 2012. febru\u00e1r 14-\u00e9n rendezte meg a Semmelweis Egyetem Elm\u00e9leti Orvostudom\u00e1nyi K\u00f6zpont Hevessy term\u00e9ben.<\/p>\n<p>A T\u00e1rsas\u00e1g vezet\u0151s\u00e9ge \u00e9s tags\u00e1ga dr. Klebovich Imr\u00e9nek, a Semmelweis Egyetem Gy\u00f3gyszer\u00e9szeti Int\u00e9zete igazgat\u00f3j\u00e1nak \u00edt\u00e9lte oda az igen rangos tudom\u00e1nyos d\u00edjat.<\/p>\n<p>Az \u00fcl\u00e9st dr. F\u00fcrst Zsuzsanna professzor, a T\u00e1rsas\u00e1g eln\u00f6ke nyitotta meg, ezut\u00e1n dr. Tekes Korn\u00e9lia f\u0151titk\u00e1r ismertette a d\u00edjazott \u00e9let\u00fatj\u00e1t.<\/p>\n<p>Az \u00fcnnepelt &#8222;37 \u00e9v a farmakokinetika \u00e9s a metabolizmus kutat\u00e1s szolg\u00e1lat\u00e1ban&#8221; c\u00edmmel tartotta meg el\u0151ad\u00e1s\u00e1t, amelyben szemelv\u00e9nyeket mutatott be munk\u00e1ss\u00e1g\u00e1b\u00f3l.<\/p>\n<p>Bevezet\u0151j\u00e9ben megeml\u00e9kezett dr. Issekutz B\u00e9la professzorr\u00f3l, a d\u00edj n\u00e9vad\u00f3j\u00e1r\u00f3l, aki 1886-ban sz\u00fcletett K\u0151halmon \u00e9s 1979-ben halt meg Budapesten. Kossuth-d\u00edjas farmakol\u00f3gus volt, a k\u00eds\u00e9rleti farmakol\u00f3gia megalap\u00edt\u00f3ja, az MTA rendes tagja.<\/p>\n<p><a href=\"https:\/\/semmelweis.hu\/hirek\/files\/2012\/02\/P1040191.jpg\"><img loading=\"lazy\" decoding=\"async\" class=\"alignright size-medium wp-image-10149\" src=\"https:\/\/semmelweis.hu\/hirek\/files\/2012\/02\/P1040191-199x300.jpg\" alt=\"\" width=\"199\" height=\"300\" srcset=\"https:\/\/semmelweis.hu\/hirek\/files\/2012\/02\/P1040191-199x300.jpg 199w, https:\/\/semmelweis.hu\/hirek\/files\/2012\/02\/P1040191-265x400.jpg 265w, https:\/\/semmelweis.hu\/hirek\/files\/2012\/02\/P1040191.jpg 1360w\" sizes=\"auto, (max-width: 199px) 100vw, 199px\" \/><\/a>Dr. Klebovich Imre a Richter Gedeon gy\u00e1rban t\u00f6bbek k\u00f6z\u00f6tt a diazepam hum\u00e1n farmakokinetik\u00e1j\u00e1val \u00e9s els\u0151k\u00e9nt bioekvivalencia vizsg\u00e1lat\u00e1val foglalkozott. Az enzim induktor origin\u00e1lis molekula, a <sup>14<\/sup>C-jelzett flumecinol farmakokinetik\u00e1j\u00e1t \u00e9s metabolizmus\u00e1t vizsg\u00e1lta k\u00fcl\u00f6nb\u00f6z\u0151 fajokban, patk\u00e1nyban, kuty\u00e1ban \u00e9s emberben.\u00a0 Ezek a r\u00e9szletes vizsg\u00e1latok jelent\u0151sen hozz\u00e1j\u00e1rultak a Zixoryn<sup>\u00ae<\/sup> t\u00f6rzsk\u00f6nyvez\u00e9s\u00e9hez sz\u00e1mos orsz\u00e1gban.<\/p>\n<p>1989-ben az EGIS Gy\u00f3gyszergy\u00e1r Nyrt. Farmakokinetikai Kutat\u00f3 Laborat\u00f3rium\u00e1nak megalap\u00edt\u00f3ja, \u00e9s 15 \u00e9ven at vezet\u0151je volt. A Clastinol<sup>\u00ae<\/sup> \u00e9s Tavegyl<sup>\u00ae<\/sup> k\u00e9sz\u00edtm\u00e9nyek hum\u00e1n farmakokinetikai g\u00f6rb\u00e9inek \u00f6sszehasonl\u00edt\u00e1s\u00e1t HPLC-MS\/MS m\u00f3dszer seg\u00edts\u00e9g\u00e9vel v\u00e9gezte. Jelent\u0151s munk\u00e1nak sz\u00e1m\u00edtott a nitroglicerin metabolizmus\u00e1nak vizsg\u00e1lata. A nifedipin tabletta hum\u00e1n farmakokinetikai \u00e9s \u00e9telinterakci\u00f3s vizsg\u00e1lata els\u0151 volt az orsz\u00e1gban. Dr. Klebovich Imr\u00e9nek lehet\u0151s\u00e9ge ny\u00edlt origin\u00e1lis hat\u00f3anyagokkal is foglalkozni. Ezek k\u00f6z\u00fcl kiemelkedik a deramciclan \u00faj anxiolitikummal v\u00e9gzett kutat\u00e1sok. A hat\u00f3anyag felsz\u00edv\u00f3d\u00e1si \u00e9s farmakokinetikai profilj\u00e1nak meghat\u00e1roz\u00e1s\u00e1ra, gyors \u00f6sszehasonl\u00edt\u00f3 \u201efingerprint\u201dm\u00f3dszert dolgozott ki. A szervmegoszl\u00e1s vizsg\u00e1latain\u00e1l kiemelt szerepet j\u00e1tszott az agyr\u00e9gi\u00f3k k\u00f6z\u00f6tti megoszl\u00e1s elemz\u00e9se, \u00e9s a front\u00e1lis cortex PET vizsg\u00e1lata. Gyors penetr\u00e1ci\u00f3t \u00e9szleltek az egyes szervekben, sz\u00f6vetekben.\u00a0 Bizony\u00edtott\u00e1k, hogy a magzatba \u00e9s az anyatejbe nem jut \u00e1t a CNS molekula, sem a metabolitjai. A f\u0151 metabolizmus utak \u00f6sszefoglal\u00e1sa igen gazdag k\u00e9pet mutatott.\u00a0 83 minor \u00e9s major metabolitot tudtak izol\u00e1lni \u00e9s azonos\u00edtani emberben \u00e9s tov\u00e1bbi n\u00e9gy speciesben, amely nagy fajspecifikuss\u00e1got mutatott.<\/p>\n<p>A Semmelweis Egyetem Gy\u00f3gyszer\u00e9szeti Int\u00e9zet\u00e9ben in vitro \u00e9s in vivo \u00f6sszehasonl\u00edt\u00f3\u00a0 vizsg\u00e1latokat v\u00e9gzett munkat\u00e1rsaival. Tov\u00e1bb\u00e1\u00a0\u00e9tel interakci\u00f3k felder\u00edt\u00e9s\u00e9t v\u00e9gezt\u00e9k t\u00f6bbek k\u00f6z\u00f6tt ciprofloxacin tabletta eset\u00e9ben, vizsg\u00e1lva a kalcium ionok, a feh\u00e9rje, tov\u00e1bb\u00e1 a sov\u00e1ny valamint a zs\u00edros tejjel t\u00f6rt\u00e9n\u0151 k\u00f6lcs\u00f6nhat\u00e1sok jelleg\u00e9t.<\/p>\n<p><a href=\"https:\/\/semmelweis.hu\/hirek\/files\/2012\/02\/P1040189.jpg\"><img loading=\"lazy\" decoding=\"async\" class=\"size-medium wp-image-10147 alignleft\" src=\"https:\/\/semmelweis.hu\/hirek\/files\/2012\/02\/P1040189-269x300.jpg\" alt=\"\" width=\"269\" height=\"300\" srcset=\"https:\/\/semmelweis.hu\/hirek\/files\/2012\/02\/P1040189-269x300.jpg 269w, https:\/\/semmelweis.hu\/hirek\/files\/2012\/02\/P1040189-358x400.jpg 358w, https:\/\/semmelweis.hu\/hirek\/files\/2012\/02\/P1040189.jpg 1132w\" sizes=\"auto, (max-width: 269px) 100vw, 269px\" \/><\/a>A farmakokinetikai \u00e9s metabolizmus kutat\u00e1sokhoz, sz\u00e1mos \u00faj speci\u00e1lis bioanalitikai m\u00f3dszert dolgozott ki a bioanalitika, radioanalitika, spektroszk\u00f3pia bevon\u00e1s\u00e1val. Dr. Klebovich Imre a Gy\u00f3gyszer\u00e9sztudom\u00e1nyi Karon a \u201eBioanalitikai m\u00f3dszerek a farmakokinetik\u00e1ban&#8221; c\u00edmmel, mint k\u00f6telez\u0151en v\u00e1laszthat\u00f3 t\u00e1rgyat oktatja t\u00f6bb mint 25 \u00e9ve.<\/p>\n<p>El\u0151ad\u00e1sa v\u00e9g\u00e9n dr. Klebovich Imre k\u00f6sz\u00f6netet mondott azon egykori \u00e9s jelenlegi munkat\u00e1rsainak, akivel megoszthatta eredm\u00e9nyes \u00e9vtizedeinek kutat\u00f3 munk\u00e1j\u00e1t.<\/p>\n<p>Az Issekutz d\u00edjat dr. F\u00fcrst Zsuzsanna, a Magyar K\u00eds\u00e9rletes \u00e9s Klinikai Farmakol\u00f3giai T\u00e1rsas\u00e1g eln\u00f6ke adta \u00e1t.<\/p>\n<p>Stampf Gy\u00f6rgy<\/p>\n<p>SzZs<\/p>\n","protected":false},"excerpt":{"rendered":"<p>A Magyar K\u00eds\u00e9rleti \u00e9s Klinikai Farmakol\u00f3giai T\u00e1rsas\u00e1g a 2011. \u00e9vi Issekutz d\u00edj\u00e1nak \u00e1tad\u00e1si \u00fcnneps\u00e9g\u00e9t 2012. febru\u00e1r 14-\u00e9n rendezte meg a Semmelweis Egyetem Elm\u00e9leti Orvostudom\u00e1nyi K\u00f6zpont Hevessy term\u00e9ben. A T\u00e1rsas\u00e1g vezet\u0151s\u00e9ge \u00e9s tags\u00e1ga dr. Klebovich Imr\u00e9nek, a Semmelweis Egyetem Gy\u00f3gyszer\u00e9szeti Int\u00e9zete igazgat\u00f3j\u00e1nak \u00edt\u00e9lte oda az igen rangos tudom\u00e1nyos d\u00edjat. Az \u00fcl\u00e9st dr. F\u00fcrst Zsuzsanna professzor, a &hellip;<\/p>\n","protected":false},"author":10,"featured_media":10149,"comment_status":"closed","ping_status":"open","sticky":false,"template":"","format":"standard","meta":{"_acf_changed":false,"footnotes":""},"categories":[161,168],"tags":[188],"class_list":["post-10146","post","type-post","status-publish","format-standard","has-post-thumbnail","hentry","category-tudomany","category-kiemelt","tag-tudomanyos-hirek-rendezvenyek"],"acf":[],"_links":{"self":[{"href":"https:\/\/semmelweis.hu\/hirek\/wp-json\/wp\/v2\/posts\/10146","targetHints":{"allow":["GET"]}}],"collection":[{"href":"https:\/\/semmelweis.hu\/hirek\/wp-json\/wp\/v2\/posts"}],"about":[{"href":"https:\/\/semmelweis.hu\/hirek\/wp-json\/wp\/v2\/types\/post"}],"author":[{"embeddable":true,"href":"https:\/\/semmelweis.hu\/hirek\/wp-json\/wp\/v2\/users\/10"}],"replies":[{"embeddable":true,"href":"https:\/\/semmelweis.hu\/hirek\/wp-json\/wp\/v2\/comments?post=10146"}],"version-history":[{"count":1,"href":"https:\/\/semmelweis.hu\/hirek\/wp-json\/wp\/v2\/posts\/10146\/revisions"}],"predecessor-version":[{"id":10161,"href":"https:\/\/semmelweis.hu\/hirek\/wp-json\/wp\/v2\/posts\/10146\/revisions\/10161"}],"wp:featuredmedia":[{"embeddable":true,"href":"https:\/\/semmelweis.hu\/hirek\/wp-json\/wp\/v2\/media\/10149"}],"wp:attachment":[{"href":"https:\/\/semmelweis.hu\/hirek\/wp-json\/wp\/v2\/media?parent=10146"}],"wp:term":[{"taxonomy":"category","embeddable":true,"href":"https:\/\/semmelweis.hu\/hirek\/wp-json\/wp\/v2\/categories?post=10146"},{"taxonomy":"post_tag","embeddable":true,"href":"https:\/\/semmelweis.hu\/hirek\/wp-json\/wp\/v2\/tags?post=10146"}],"curies":[{"name":"wp","href":"https:\/\/api.w.org\/{rel}","templated":true}]}}