{"id":101327,"date":"2021-01-14T12:23:47","date_gmt":"2021-01-14T11:23:47","guid":{"rendered":"https:\/\/semmelweis.hu\/hirek\/?p=101327"},"modified":"2021-01-14T12:23:47","modified_gmt":"2021-01-14T11:23:47","slug":"semmelweis-online-nyilt-nap-mar-tobb-mint-3000-en-regisztraltak","status":"publish","type":"post","link":"https:\/\/semmelweis.hu\/hirek\/2021\/01\/14\/semmelweis-online-nyilt-nap-mar-tobb-mint-3000-en-regisztraltak\/","title":{"rendered":"Semmelweis Online Ny\u00edlt Nap \u2013 m\u00e1r t\u00f6bb mint 3000-en regisztr\u00e1ltak"},"content":{"rendered":"<div class=\"lead\">Az eddigi regisztr\u00e1ci\u00f3k alapj\u00e1n legt\u00f6bben az \u00c1ltal\u00e1nos Orvostudom\u00e1nyi Kar (\u00c1OK), valamint az Eg\u00e9szs\u00e9gtudom\u00e1nyi Kar (ETK) \u00e9s a Fogorvostudom\u00e1nyi Kar (FOK) ir\u00e1nt \u00e9rdekl\u0151dtek, de sokakat vonzanak az egyetem t\u00f6bbi kar\u00e1nak, valamint szakk\u00e9pz\u0151 iskol\u00e1inak, tudom\u00e1nyos di\u00e1kk\u00f6ri \u00e9s tehets\u00e9ggondoz\u00f3 programjainak el\u0151ad\u00e1sai is. A program kezdete el\u0151tt egy nappal m\u00e1r t\u00f6bb mint 3 ezren regisztr\u00e1ltak a Semmelweis Online Ny\u00edlt Napra, de tov\u00e1bbra is lehet jelentkezni.<\/div>\n<p>Az egyetem id\u00e9n rendhagy\u00f3 m\u00f3don, online rendezi meg ny\u00edlt napj\u00e1t \u2013 a janu\u00e1r 15-16-i Semmelweis Online Ny\u00edlt Napon az egyetem mind a hat kara, a tudom\u00e1nyos \u00e9s tehets\u00e9ggondoz\u00f3 programok, valamint a szakk\u00e9pz\u0151 iskol\u00e1k is bemutatkoznak.<\/p>\n<p>Az \u00f6sszegyetemi esem\u00e9nyre m\u00e1r t\u00f6bb mint 3000-en regisztr\u00e1ltak. Az eddigi jelentkez\u00e9sek alapj\u00e1n k\u00fcl\u00f6n\u00f6sen n\u00e9pszer\u0171nek sz\u00e1m\u00edtanak az \u00c1OK, valamint az ETK \u00e9s a FOK k\u00e9pz\u00e9sei, de a t\u00f6bbi kar, a szakk\u00e9pz\u0151 iskol\u00e1k, a Tudom\u00e1nyos Di\u00e1kk\u00f6r, valamint a Kerpel-Fronius \u00d6d\u00f6n Tehets\u00e9ggondoz\u00f3 Program el\u0151ad\u00e1sai, t\u00e1j\u00e9koztat\u00f3i \u00e9s bemutat\u00f3i ir\u00e1nt is nagy az \u00e9rdekl\u0151d\u00e9s.<\/p>\n<p>Tov\u00e1bbra is lehet regisztr\u00e1lni az <a href=\"https:\/\/semmelweis.hu\/felvetelizoknek\/nyilt-napok\/\">Online Ny\u00edlt Nap oldal\u00e1n<\/a> \u2013 a Zoomon kereszt\u00fcl k\u00f6zvet\u00edtett interakt\u00edv programok k\u00f6z\u00fcl t\u00f6bb eset\u00e9ben is lehet\u0151s\u00e9g lesz k\u00e9rdezni az el\u0151ad\u00f3kat \u00e9s hallgat\u00f3kat. Ha azonban valamelyikre betelnek a helyek, \u00e9l\u0151 k\u00f6zvet\u00edt\u00e9s form\u00e1j\u00e1ban is k\u00f6vethet\u0151ek maradnak az el\u0151ad\u00e1sok \u2013 ezeknek linkj\u00e9t e-mailen kapj\u00e1k meg a regisztr\u00e1l\u00f3k.<\/p>\n<p><a href=\"https:\/\/semmelweis.hu\/felvetelizoknek\/nyilt-napok\/\">Tov\u00e1bbi inform\u00e1ci\u00f3 a linkre kattintva olvashat\u00f3.<\/a><\/p>\n<p>Szab\u00f3 \u00c1d\u00e1m<br \/>\nFot\u00f3: Kov\u00e1cs Attila &#8211; Semmelweis Egyetem (illusztr\u00e1ci\u00f3)<\/p>\n","protected":false},"excerpt":{"rendered":"<p>Az eddigi regisztr\u00e1ci\u00f3k alapj\u00e1n legt\u00f6bben az \u00c1OK, valamint az ETK \u00e9s a FOK ir\u00e1nt \u00e9rdekl\u0151dtek, de a t\u00f6bbi program is n\u00e9pszer\u0171.<\/p>\n","protected":false},"author":101751,"featured_media":101332,"comment_status":"closed","ping_status":"closed","sticky":false,"template":"","format":"standard","meta":{"_acf_changed":false,"footnotes":""},"categories":[3533,168],"tags":[1165],"class_list":["post-101327","post","type-post","status-publish","format-standard","has-post-thumbnail","hentry","category-hallgatok-oktatas","category-kiemelt","tag-nyilt-nap"],"acf":[],"_links":{"self":[{"href":"https:\/\/semmelweis.hu\/hirek\/wp-json\/wp\/v2\/posts\/101327","targetHints":{"allow":["GET"]}}],"collection":[{"href":"https:\/\/semmelweis.hu\/hirek\/wp-json\/wp\/v2\/posts"}],"about":[{"href":"https:\/\/semmelweis.hu\/hirek\/wp-json\/wp\/v2\/types\/post"}],"author":[{"embeddable":true,"href":"https:\/\/semmelweis.hu\/hirek\/wp-json\/wp\/v2\/users\/101751"}],"replies":[{"embeddable":true,"href":"https:\/\/semmelweis.hu\/hirek\/wp-json\/wp\/v2\/comments?post=101327"}],"version-history":[{"count":1,"href":"https:\/\/semmelweis.hu\/hirek\/wp-json\/wp\/v2\/posts\/101327\/revisions"}],"predecessor-version":[{"id":101328,"href":"https:\/\/semmelweis.hu\/hirek\/wp-json\/wp\/v2\/posts\/101327\/revisions\/101328"}],"wp:featuredmedia":[{"embeddable":true,"href":"https:\/\/semmelweis.hu\/hirek\/wp-json\/wp\/v2\/media\/101332"}],"wp:attachment":[{"href":"https:\/\/semmelweis.hu\/hirek\/wp-json\/wp\/v2\/media?parent=101327"}],"wp:term":[{"taxonomy":"category","embeddable":true,"href":"https:\/\/semmelweis.hu\/hirek\/wp-json\/wp\/v2\/categories?post=101327"},{"taxonomy":"post_tag","embeddable":true,"href":"https:\/\/semmelweis.hu\/hirek\/wp-json\/wp\/v2\/tags?post=101327"}],"curies":[{"name":"wp","href":"https:\/\/api.w.org\/{rel}","templated":true}]}}