{"id":101189,"date":"2021-01-09T06:11:01","date_gmt":"2021-01-09T05:11:01","guid":{"rendered":"https:\/\/semmelweis.hu\/hirek\/?p=101189"},"modified":"2021-01-07T09:11:33","modified_gmt":"2021-01-07T08:11:33","slug":"szenior-akademia-fokuszban-a-pszichiatriai-betegellatas","status":"publish","type":"post","link":"https:\/\/semmelweis.hu\/hirek\/2021\/01\/09\/szenior-akademia-fokuszban-a-pszichiatriai-betegellatas\/","title":{"rendered":"Szenior Akad\u00e9mia \u2013 f\u00f3kuszban a pszichi\u00e1triai betegell\u00e1t\u00e1s"},"content":{"rendered":"<div class=\"lead\">A Szenior Akad\u00e9mia 2020-as \u0151szi online szemeszter\u00e9nek tizenegyedik alkalm\u00e1n a pszichi\u00e1triai betegell\u00e1t\u00e1s t\u00f6rt\u00e9net\u00e9vel, annak kutat\u00e1si \u00fajdons\u00e1gaival ismerkedhettek meg az \u00e9rdekl\u0151d\u0151k. Dr. R\u00e9thelyi J\u00e1nos, a Pszichi\u00e1triai \u00e9s Pszichoter\u00e1pi\u00e1s Klinika igazgat\u00f3ja egyebek mellett bemutatta a leggyakoribb pszichi\u00e1triai betegs\u00e9geket, k\u00f6zt\u00fck a depresszi\u00f3t, a szorong\u00e1sos zavarokat \u00e9s a poszttraum\u00e1s stressz zavart (PTSD). T\u00f6rt\u00e9neti visszatekint\u00e9s\u00e9ben a k\u00f6z\u00e9pkort\u00f3l kezdve v\u00e9gig vette a pszichi\u00e1tria legfontosabb \u00e1llom\u00e1sait, \u00fatt\u00f6r\u0151 szem\u00e9lyis\u00e9geit, majd kit\u00e9rt az int\u00e9zetben foly\u00f3 kutat\u00e1sokra is.<\/div>\n<p>Dr. R\u00e9thelyi J\u00e1nos <a href=\"https:\/\/semmelweis.hu\/hirek\/files\/2021\/01\/R\u00e9thelyi_20201207_Szenior.pdf\">el\u0151ad\u00e1s\u00e1ban<\/a> kifejtette, a pszichi\u00e1tria a ment\u00e1lis vagy lelki betegs\u00e9gek gy\u00f3gy\u00edt\u00e1s\u00e1val foglalkoz\u00f3 klinikai orvostudom\u00e1ny, mely a neurobiol\u00f3gia, a t\u00e1rsadalomtudom\u00e1nyok \u00e9s szoci\u00e1lis gondolkod\u00e1s tal\u00e1lkoz\u00e1si pontja is egyben. Mint mondta, a pszichi\u00e1triai betegs\u00e9gek a hangulat, a kognit\u00edv folyamatok, a gondolkod\u00e1s, a magatart\u00e1s s\u00falyos \u00e9s tart\u00f3s zavarai, melyek a szoci\u00e1lis funkci\u00f3 \u00e9s teljes\u00edtm\u00e9ny cs\u00f6kken\u00e9s\u00e9hez, k\u00e1rosod\u00e1s\u00e1hoz vezetnek. Ismertette a k\u00fcl\u00f6nb\u00f6z\u0151 pszichi\u00e1triai betegs\u00e9gcsoportokat, \u00fagy, mint a depresszi\u00f3t, poszttraum\u00e1s stressz zavart (PTSD), szkizofr\u00e9ni\u00e1t, hangulat-, szorong\u00e1sos-, szem\u00e9lyis\u00e9g-, \u00e9s viselked\u00e9szavarokat, illetve a gyermekpszichi\u00e1triai betegs\u00e9geket. Ezek k\u00f6z\u00fcl r\u00e9szletesebben kit\u00e9rt a depresszi\u00f3ra, melynek t\u00fcnetei k\u00f6z\u00f6tt eml\u00edtette az abnorm\u00e1lis szomor\u00fas\u00e1got, \u00f6r\u00f6mtelens\u00e9get, motiv\u00e1ci\u00f3 \u00e9s energia cs\u00f6kken\u00e9st, szomatikus t\u00fcneteket, kil\u00e1t\u00e1stalans\u00e1got \u00e9s az \u00f6ngyilkoss\u00e1gi gondolatokat. Poszttraum\u00e1s stressz zavarr\u00f3l akkor besz\u00e9l\u00fcnk, ha valaki \u00e9letet vesz\u00e9lyeztet\u0151 helyzetet \u00e9l \u00e1t, ahol nem testileg s\u00e9r\u00fcl meg, a lelki sokkon azonban egy h\u00f3nap eltelt\u00e9vel sem tud t\u00fall\u00e9pni, \u00fajra \u00e9s \u00fajra \u00e1t\u00e9li a traumatikus \u00e9lm\u00e9nyeket \u2013 fejtette ki.<\/p>\n<p>El\u0151ad\u00e1sa tov\u00e1bbi r\u00e9sz\u00e9ben bemutatta a Pszichi\u00e1triai \u00e9s Pszichoter\u00e1pi\u00e1s Klinik\u00e1t, kiemelve, hogy k\u00e9t telephely\u00fck\u00f6n a h\u00e9t fekv\u0151beteg r\u00e9szlegen k\u00f6zel 200 \u00e1ggyal ter\u00fcleti ell\u00e1t\u00e1st v\u00e9gz\u0151 s\u00falyponti szakk\u00f3rh\u00e1zk\u00e9nt m\u0171k\u00f6dnek, emellett egyes s\u00falyos, speci\u00e1lis k\u00f3rk\u00e9pek eset\u00e9ben az orsz\u00e1g eg\u00e9sz r\u00e9sz\u00e9r\u0151l fogadnak p\u00e1cienseket. A pszichi\u00e1triai betegek szerte\u00e1gaz\u00f3, korszer\u0171 ell\u00e1t\u00e1s\u00e1ban jelent\u0151s szerepet j\u00e1tszanak ambul\u00e1ns szakrendel\u00e9seik, gondoz\u00f3 szolg\u00e1lataik \u2013 ismertette.<\/p>\n<p><a href=\"https:\/\/semmelweis.hu\/hirek\/files\/2021\/01\/RS127065_Szenior-akad\u00e9mia_rethelyi-janos-scr.jpg\"><img loading=\"lazy\" decoding=\"async\" class=\"aligncenter size-full wp-image-101190\" src=\"https:\/\/semmelweis.hu\/hirek\/files\/2021\/01\/RS127065_Szenior-akad\u00e9mia_rethelyi-janos-scr.jpg\" alt=\"\" width=\"1200\" height=\"788\" srcset=\"https:\/\/semmelweis.hu\/hirek\/files\/2021\/01\/RS127065_Szenior-akad\u00e9mia_rethelyi-janos-scr.jpg 1200w, https:\/\/semmelweis.hu\/hirek\/files\/2021\/01\/RS127065_Szenior-akad\u00e9mia_rethelyi-janos-scr-400x263.jpg 400w, https:\/\/semmelweis.hu\/hirek\/files\/2021\/01\/RS127065_Szenior-akad\u00e9mia_rethelyi-janos-scr-900x591.jpg 900w, https:\/\/semmelweis.hu\/hirek\/files\/2021\/01\/RS127065_Szenior-akad\u00e9mia_rethelyi-janos-scr-768x504.jpg 768w, https:\/\/semmelweis.hu\/hirek\/files\/2021\/01\/RS127065_Szenior-akad\u00e9mia_rethelyi-janos-scr-753x494.jpg 753w\" sizes=\"auto, (max-width: 1200px) 100vw, 1200px\" \/><\/a><\/p>\n<div class=\"keretes\">\n<p>Dr. R\u00e9thelyi J\u00e1nos 1999-ben diplom\u00e1zott a Semmelweis Orvostudom\u00e1nyi Egyetem \u00c1ltal\u00e1nos Orvostudom\u00e1nyi Kar\u00e1n. 1999-2003-ig az egyetem Magatart\u00e1studom\u00e1nyi Int\u00e9zet\u00e9nek \u00f6szt\u00f6nd\u00edjas doktori hallgat\u00f3ja, majd\u00a0 tudom\u00e1nyos munkat\u00e1rsa lett. 2001-2003 k\u00f6z\u00f6tt az Eg\u00e9szs\u00e9g\u00fcgyi Menedzserk\u00e9pz\u0151 K\u00f6zpont vend\u00e9goktat\u00f3ja, majd munkat\u00e1rsa volt. \u00a02005-ben ker\u00fclt a Pszichi\u00e1triai \u00e9s Pszichoter\u00e1pi\u00e1s Klinik\u00e1ra, melynek h\u00e1rom \u00e9vig volt az oktat\u00e1si igazgat\u00f3-helyettese, illetve az akut pszichi\u00e1triai oszt\u00e1ly vezet\u0151je, 2016-t\u00f3l pedig a klinika igazgat\u00f3ja. A Magyar Tudom\u00e1nyos Akad\u00e9mia \u00e9s a Semmelweis Egyetem Nemzeti Agykutat\u00e1si Programj\u00e1nak Molekul\u00e1ris pszichi\u00e1triai \u00e9s in vitro betegs\u00e9gmodellez\u00e9si kutat\u00f3csoport vezet\u0151je. F\u0151 \u00e9rdekl\u0151d\u00e9si ter\u00fclete a pszichi\u00e1triai genetika, a viselked\u00e9s-genetika, az \u0151ssejt alap\u00fa in vitro betegs\u00e9gmodellez\u00e9s, a kognit\u00edv idegtudom\u00e1nyok, a pszichi\u00e1triai epidemiol\u00f3gia \u00e9s a magatart\u00e1studom\u00e1nyok. A Magyar Pszichi\u00e1triai T\u00e1rsas\u00e1g vezet\u0151s\u00e9gi tagja, a Szakmai Koll\u00e9gium Pszichi\u00e1triai \u00e9s Pszichoter\u00e1pi\u00e1s Tan\u00e1cs\u00e1nak tagja,\u00a0 tov\u00e1bb\u00e1 tagja t\u00f6bb nemzetk\u00f6zi t\u00e1rsas\u00e1gnak is, mint p\u00e9ld\u00e1ul a European College of Neuropsychopharmacology (ECNP) \u00e9s International Society of Psychiatric Genetics (ISPG), illetve a Society for Neuroscience (SfN).<\/p>\n<\/div>\n<p>&nbsp;<\/p>\n<p>T\u00f6rt\u00e9neti \u00e1ttekint\u00e9s\u00e9ben felid\u00e9zte, hogy m\u00e1r a k\u00f6z\u00e9pkorban \u00e9p\u00edtettek \u00fagynevezett t\u00e9bolyd\u00e1kat, ahol gyakran embertelen k\u00f6r\u00fclm\u00e9nyek k\u00f6z\u00f6tt tartott\u00e1k a betegeket. Magyarorsz\u00e1gon a 19. sz\u00e1zadban \u00e9p\u00fclt meg Lip\u00f3tmez\u0151n az Orsz\u00e1gos Elme- \u00e9s Ideggy\u00f3gyint\u00e9zt, amit k\u00e9s\u0151bbi Orsz\u00e1gos Pszichi\u00e1triai \u00e9s Neurol\u00f3giai Int\u00e9zett\u00e9 (OPNI) kereszteltek. Megeml\u00e9kezett a pszichi\u00e1tria t\u00f6rt\u00e9net\u00e9nek hazai nagyjair\u00f3l, k\u00f6zt\u00fck Laufenauer K\u00e1rolyr\u00f3l, akinek nev\u00e9hez f\u0171z\u0151dik az els\u0151 pszichi\u00e1triai tansz\u00e9k l\u00e9trehoz\u00e1sa 1882-ben a Szent R\u00f3kus K\u00f3rh\u00e1z ter\u00fclet\u00e9n. Kiemelte a pszichoanal\u00edzis megalkot\u00f3j\u00e1t, Sigmund Freudot, \u00e9s Emil Kr\u00e4pelint, aki a pszichi\u00e1triai betegs\u00e9gek els\u0151 klasszifik\u00e1ci\u00f3j\u00e1t alkotta meg, illetve sz\u00f3lt a 20. sz\u00e1zad m\u00e1sodik fel\u00e9ben kialakult \u00fagynevezett antipszichi\u00e1tria mozgalomr\u00f3l, mely megk\u00e9rd\u0151jelezte az eg\u00e9sz pszichi\u00e1tria l\u00e9tjogosults\u00e1g\u00e1t. Felid\u00e9zte, hogy 1908-ban a Szent R\u00f3kus K\u00f3rh\u00e1zb\u00f3l a Balassa utc\u00e1ba k\u00f6lt\u00f6z\u00f6tt az Elme- \u00e9s Idegk\u00f3rtani Klinika, melyben kulcsszerepet j\u00e1tszott a klinika egykori vezet\u0151je, Moravcsik Ern\u0151 Emil, aki \u00fagy gondolta, a pszichi\u00e1triai klinik\u00e1nak egy \u201eegys\u00e9ges, minden tekintetben megfelel\u0151 otthont\u201d kell teremtenie. El\u0151ad\u00e1s\u00e1ban utalt r\u00e1, hogy a pszichi\u00e1triai ell\u00e1t\u00e1s 140 \u00e9v ut\u00e1n ism\u00e9t visszat\u00e9rt a Szent R\u00f3kus K\u00f3rh\u00e1zba, mely j\u00fanius 1-t\u0151l a Semmelweis Egyetem r\u00e9szenk\u00e9nt, annak Szent R\u00f3kus Klinikai T\u00f6mbjek\u00e9nt m\u0171k\u00f6dik.<\/p>\n<p>Dr. R\u00e9thelyi J\u00e1nos hangs\u00falyozta, a gy\u00f3gyszeres kezel\u00e9sek fejl\u0151d\u00e9s\u00e9vel cs\u00f6kkent a k\u00f3rh\u00e1zi kezel\u00e9sek ar\u00e1nya \u00e9s id\u0151tartama is. Mint mondta, egyre nagyobb szerepet kap a k\u00f6z\u00f6ss\u00e9gi pszichi\u00e1triai ell\u00e1t\u00e1s, mely keret\u00e9ben a p\u00e1ciensek a lak\u00f3hely\u00fckh\u00f6z k\u00f6zel, ig\u00e9nyeiknek megfelel\u0151 komplex ell\u00e1t\u00e1st kapnak. Kiemelte, hogy vil\u00e1gszerte nagy hangs\u00falyt fektetnek a pszichi\u00e1triai betegs\u00e9gekkel kapcsolatos el\u0151\u00edt\u00e9letek cs\u00f6kkent\u00e9s\u00e9re az \u00fagynevezett antistigma programok keret\u00e9ben.<\/p>\n<p>Hangs\u00falyozta, hogy a pszichi\u00e1triai betegs\u00e9gek jobb meg\u00e9rt\u00e9s\u00e9hez elengedhetetlenek az innovat\u00edv, modern kutat\u00e1sok is. A klinik\u00e1n foly\u00f3 kutat\u00e1sok k\u00f6z\u00fcl kiemelte a genetikai vizsg\u00e1latokat, mely sor\u00e1n arra keresik a v\u00e1laszt, hogy bizonyos genetikai vari\u00e1nsok kapcsolatban \u00e1llnak-e a pszichi\u00e1triai betegs\u00e9gekkel. Emellett folynak m\u00e9g hum\u00e1n elektrofiziol\u00f3gia \u00e9s agyi k\u00e9palkot\u00e1ssal kapcsolatos kutat\u00e1sok, ahol elektroenkefalogr\u00e1fi\u00e1s m\u00f3dszerrel (EEG) vagy agyi k\u00e9palkot\u00e1ssal keresik a pszichi\u00e1triai betegs\u00e9ggel \u00e9l\u0151k agy\u00e1ban l\u00e9v\u0151 elt\u00e9r\u00e9seket. Megfigyelt\u00e9k p\u00e9ld\u00e1ul, hogy a szkizofr\u00e9n betegekn\u00e9l az \u00e9rzelmek feldolgoz\u00e1sa k\u00f6zben m\u00e1sk\u00e9pp aktiv\u00e1l\u00f3dnak bizonyos agyi ter\u00fcletek. A farmakogenetikai vizsg\u00e1latok pedig arra adhatnak v\u00e1laszt, hogy genetikai hat\u00e1sok befoly\u00e1solj\u00e1k-e azt, hogy valaki melyik gy\u00f3gyszerre reag\u00e1l \u00e9s melyikre nem. \u00a0<\/p>\n<p>Az egyetem \u2013 alap\u00edt\u00e1s\u00e1nak 250 \u00e9ves jubileum\u00e1ra eml\u00e9kezve \u2013 2019-ben ind\u00edtotta el a lakoss\u00e1gnak, f\u0151k\u00e9nt az id\u0151sebb koroszt\u00e1lynak \u00e9s hozz\u00e1tartoz\u00f3inak sz\u00f3l\u00f3 ingyenes szabadel\u0151ad\u00e1s-sorozat\u00e1t. A Szenior Akad\u00e9mi\u00e1n az \u00e9rdekl\u0151d\u0151k az egyetem vezet\u0151 professzorainak tolm\u00e1csol\u00e1s\u00e1ban nyerhetnek bepillant\u00e1st az orvostudom\u00e1ny leg\u00fajabb eredm\u00e9nyeibe, \u00e9s kaphatnak hasznos ismereteket a leggyakoribb betegs\u00e9gekr\u0151l, azok megel\u0151z\u00e9s\u00e9t\u0151l a felismer\u00e9sen \u00e1t a ter\u00e1pi\u00e1ig.<\/p>\n<p>A teljes el\u0151ad\u00e1s diasora\u00a0<a href=\"https:\/\/semmelweis.hu\/hirek\/files\/2021\/01\/R\u00e9thelyi_20201207_Szenior.pdf\">ide kattintva let\u00f6lthet\u0151<\/a>\u00a0(pdf).<\/p>\n<p>A Szenior Akad\u00e9mia el\u0151ad\u00e1sai visszan\u00e9zhet\u0151k az egyetem\u00a0<a href=\"https:\/\/www.youtube.com\/playlist?list=PLCehZAqE0dwmEjfetMhaOPiKracsYNJBG\">Youtube csatorn\u00e1j\u00e1n<\/a><\/p>\n<p>B\u00f3di Bernadett<br \/>\nFot\u00f3: Kov\u00e1cs Attila &#8211; Semmelweis Egyetem<\/p>\n","protected":false},"excerpt":{"rendered":"<p>Sz\u00f3 esett a pszichi\u00e1triai betegell\u00e1t\u00e1s t\u00f6rt\u00e9nete mellett annak kutat\u00e1si \u00fajdons\u00e1gair\u00f3l is. <\/p>\n","protected":false},"author":101282,"featured_media":101190,"comment_status":"closed","ping_status":"closed","sticky":false,"template":"","format":"standard","meta":{"_acf_changed":false,"footnotes":""},"categories":[154,168],"tags":[4240,4218,4249],"class_list":["post-101189","post","type-post","status-publish","format-standard","has-post-thumbnail","hentry","category-egeszseg","category-kiemelt","tag-jubileumi-hirek","tag-semmelweis-250","tag-szenior-akademia"],"acf":[],"_links":{"self":[{"href":"https:\/\/semmelweis.hu\/hirek\/wp-json\/wp\/v2\/posts\/101189","targetHints":{"allow":["GET"]}}],"collection":[{"href":"https:\/\/semmelweis.hu\/hirek\/wp-json\/wp\/v2\/posts"}],"about":[{"href":"https:\/\/semmelweis.hu\/hirek\/wp-json\/wp\/v2\/types\/post"}],"author":[{"embeddable":true,"href":"https:\/\/semmelweis.hu\/hirek\/wp-json\/wp\/v2\/users\/101282"}],"replies":[{"embeddable":true,"href":"https:\/\/semmelweis.hu\/hirek\/wp-json\/wp\/v2\/comments?post=101189"}],"version-history":[{"count":5,"href":"https:\/\/semmelweis.hu\/hirek\/wp-json\/wp\/v2\/posts\/101189\/revisions"}],"predecessor-version":[{"id":101196,"href":"https:\/\/semmelweis.hu\/hirek\/wp-json\/wp\/v2\/posts\/101189\/revisions\/101196"}],"wp:featuredmedia":[{"embeddable":true,"href":"https:\/\/semmelweis.hu\/hirek\/wp-json\/wp\/v2\/media\/101190"}],"wp:attachment":[{"href":"https:\/\/semmelweis.hu\/hirek\/wp-json\/wp\/v2\/media?parent=101189"}],"wp:term":[{"taxonomy":"category","embeddable":true,"href":"https:\/\/semmelweis.hu\/hirek\/wp-json\/wp\/v2\/categories?post=101189"},{"taxonomy":"post_tag","embeddable":true,"href":"https:\/\/semmelweis.hu\/hirek\/wp-json\/wp\/v2\/tags?post=101189"}],"curies":[{"name":"wp","href":"https:\/\/api.w.org\/{rel}","templated":true}]}}