{"id":101137,"date":"2021-01-01T08:22:50","date_gmt":"2021-01-01T07:22:50","guid":{"rendered":"https:\/\/semmelweis.hu\/hirek\/?p=101137"},"modified":"2022-12-29T12:27:15","modified_gmt":"2022-12-29T11:27:15","slug":"kislany-az-ev-elso-ujszulottje-a-semmelweis-egyetemen","status":"publish","type":"post","link":"https:\/\/semmelweis.hu\/hirek\/2021\/01\/01\/kislany-az-ev-elso-ujszulottje-a-semmelweis-egyetemen\/","title":{"rendered":"Kisl\u00e1ny az \u00e9v els\u0151 \u00fajsz\u00fcl\u00f6ttje a Semmelweis Egyetemen"},"content":{"rendered":"<div class=\"lead\">Egy \u00f3ra ut\u00e1n h\u00e9t perccel j\u00f6tt vil\u00e1gra a Semmelweis Egyetem Sz\u00fcl\u00e9szeti \u00e9s N\u0151gy\u00f3gy\u00e1szati Klinika \u00dcll\u0151i \u00fati r\u00e9szleg\u00e9n az int\u00e9zm\u00e9ny els\u0151 \u00fajsz\u00fcl\u00f6ttje a 2021-es \u00e9vben.<\/div>\n<p><a href=\"https:\/\/semmelweis.hu\/hirek\/files\/2021\/01\/RS7345_20120827-IMG_3846-scr-1.jpg\"><img loading=\"lazy\" decoding=\"async\" class=\"alignright wp-image-101140 size-medium\" src=\"https:\/\/semmelweis.hu\/hirek\/files\/2021\/01\/RS7345_20120827-IMG_3846-scr-1-400x267.jpg\" alt=\"\" width=\"400\" height=\"267\" srcset=\"https:\/\/semmelweis.hu\/hirek\/files\/2021\/01\/RS7345_20120827-IMG_3846-scr-1-400x267.jpg 400w, https:\/\/semmelweis.hu\/hirek\/files\/2021\/01\/RS7345_20120827-IMG_3846-scr-1-900x600.jpg 900w, https:\/\/semmelweis.hu\/hirek\/files\/2021\/01\/RS7345_20120827-IMG_3846-scr-1-768x512.jpg 768w, https:\/\/semmelweis.hu\/hirek\/files\/2021\/01\/RS7345_20120827-IMG_3846-scr-1-753x502.jpg 753w, https:\/\/semmelweis.hu\/hirek\/files\/2021\/01\/RS7345_20120827-IMG_3846-scr-1-203x135.jpg 203w, https:\/\/semmelweis.hu\/hirek\/files\/2021\/01\/RS7345_20120827-IMG_3846-scr-1.jpg 950w\" sizes=\"auto, (max-width: 400px) 100vw, 400px\" \/><\/a>A 4000 grammos s\u00fallyal \u00e9s 58 centim\u00e9terrel term\u00e9szetes \u00faton sz\u00fcletett kisl\u00e1nyt a sz\u00fclei kar\u00e1csonyra v\u00e1rt\u00e1k, de n\u00e9h\u00e1ny nappal k\u00e9s\u0151bb, \u00faj\u00e9vkor \u00e9rkezett meg.<\/p>\n<p>A Zs\u00f3fia Zo\u00e9 n\u00e9vre keresztelt kisl\u00e1ny a csal\u00e1d els\u0151 gyermeke, \u00e9s apai r\u00e9szr\u0151l az els\u0151 unoka is. Az \u00e9desanya, Borb\u00e9lyn\u00e9 Luk\u00e1cs Daniella Bettina elmondta: nagyon boldogok, hiszen kisl\u00e1nyt szerettek volna. A baba sz\u00fclet\u00e9s\u00e9n\u00e9l jelen volt az \u00e9desapa, Borb\u00e9ly Norbert is.<\/p>\n<p>Az \u00e9desanya \u00e9s az \u00fajsz\u00fcl\u00f6tt is j\u00f3l van.<\/p>\n<p>D\u00e1vid Orsolya<br \/>\nFot\u00f3: (illusztr\u00e1ci\u00f3): Kov\u00e1cs Attila \u2013 Semmelweis Egyetem<\/p>\n","protected":false},"excerpt":{"rendered":"<p>Egy \u00f3ra ut\u00e1n h\u00e9t perccel sz\u00fcletett az int\u00e9zm\u00e9ny els\u0151 kisbab\u00e1ja az \u00faj esztend\u0151ben.  <\/p>\n","protected":false},"author":101748,"featured_media":101140,"comment_status":"closed","ping_status":"closed","sticky":false,"template":"","format":"standard","meta":{"_acf_changed":false,"footnotes":""},"categories":[154,168],"tags":[4121],"class_list":["post-101137","post","type-post","status-publish","format-standard","has-post-thumbnail","hentry","category-egeszseg","category-kiemelt","tag-temaajanlo"],"acf":[],"_links":{"self":[{"href":"https:\/\/semmelweis.hu\/hirek\/wp-json\/wp\/v2\/posts\/101137","targetHints":{"allow":["GET"]}}],"collection":[{"href":"https:\/\/semmelweis.hu\/hirek\/wp-json\/wp\/v2\/posts"}],"about":[{"href":"https:\/\/semmelweis.hu\/hirek\/wp-json\/wp\/v2\/types\/post"}],"author":[{"embeddable":true,"href":"https:\/\/semmelweis.hu\/hirek\/wp-json\/wp\/v2\/users\/101748"}],"replies":[{"embeddable":true,"href":"https:\/\/semmelweis.hu\/hirek\/wp-json\/wp\/v2\/comments?post=101137"}],"version-history":[{"count":5,"href":"https:\/\/semmelweis.hu\/hirek\/wp-json\/wp\/v2\/posts\/101137\/revisions"}],"predecessor-version":[{"id":123590,"href":"https:\/\/semmelweis.hu\/hirek\/wp-json\/wp\/v2\/posts\/101137\/revisions\/123590"}],"wp:featuredmedia":[{"embeddable":true,"href":"https:\/\/semmelweis.hu\/hirek\/wp-json\/wp\/v2\/media\/101140"}],"wp:attachment":[{"href":"https:\/\/semmelweis.hu\/hirek\/wp-json\/wp\/v2\/media?parent=101137"}],"wp:term":[{"taxonomy":"category","embeddable":true,"href":"https:\/\/semmelweis.hu\/hirek\/wp-json\/wp\/v2\/categories?post=101137"},{"taxonomy":"post_tag","embeddable":true,"href":"https:\/\/semmelweis.hu\/hirek\/wp-json\/wp\/v2\/tags?post=101137"}],"curies":[{"name":"wp","href":"https:\/\/api.w.org\/{rel}","templated":true}]}}