{"id":100885,"date":"2020-12-18T08:37:14","date_gmt":"2020-12-18T07:37:14","guid":{"rendered":"https:\/\/semmelweis.hu\/hirek\/?p=100885"},"modified":"2020-12-18T08:37:14","modified_gmt":"2020-12-18T07:37:14","slug":"japan-konferencian-adtak-elo-a-semmelweis-egyetem-szakemberei","status":"publish","type":"post","link":"https:\/\/semmelweis.hu\/hirek\/2020\/12\/18\/japan-konferencian-adtak-elo-a-semmelweis-egyetem-szakemberei\/","title":{"rendered":"Jap\u00e1n konferenci\u00e1n adtak el\u0151 a Semmelweis Egyetem szakemberei"},"content":{"rendered":"<div class=\"lead\">A jap\u00e1n Society for Fluorescence Guided Surgery tudom\u00e1nyos t\u00e1rsas\u00e1g harmadik, \u00e9ves tal\u00e1lkoz\u00f3j\u00e1n tartott el\u0151ad\u00e1st a V\u00e1rosmajori Sz\u00edv- \u00e9s \u00c9rgy\u00f3gy\u00e1szati Klinika K\u00eds\u00e9rletes Seb\u00e9szeti \u00e9s M\u0171t\u00e9ttani Tansz\u00e9k\u00e9nek vezet\u0151je, dr. Ferencz Andrea \u00e9s a tansz\u00e9k tudom\u00e1nyos tan\u00e1csad\u00f3ja, dr. S\u00e1ndor J\u00f3zsef.<\/div>\n<p>A Society for Fluorescence Guided Surgery online megrendezett esem\u00e9ny\u00e9n dr. Ferencz Andrea, a Semmelweis Egyetem V\u00e1rosmajori Sz\u00edv- \u00e9s \u00c9rgy\u00f3gy\u00e1szati Klinik\u00e1j\u00e1hoz tartoz\u00f3 K\u00eds\u00e9rletes Seb\u00e9szeti \u00e9s M\u0171t\u00e9ttani Tansz\u00e9k\u00e9nek vezet\u0151je a gasztrointesztin\u00e1lis traktus ter\u00fclet\u00e9n alkalmazott k\u00eds\u00e9rletes munka eredm\u00e9nyeir\u0151l sz\u00e1molt be. El\u0151ad\u00e1s\u00e1t a fluorescence-elj\u00e1r\u00e1s hibrid haszn\u00e1lat\u00e1r\u00f3l sz\u00f3l\u00f3 szekci\u00f3 keret\u00e9ben tartotta, amelynek felel\u0151se, dr. W\u00e9ber Gy\u00f6rgy, a tansz\u00e9k kor\u00e1bbi vezet\u0151je volt.<\/p>\n<p>A h\u00e1zigazd\u00e1k dr. S\u00e1ndor J\u00f3zsefet, a K\u00eds\u00e9rletes Seb\u00e9szeti \u00e9s M\u0171t\u00e9ttani Tansz\u00e9k tudom\u00e1nyos tan\u00e1csad\u00f3j\u00e1t k\u00e9rt\u00e9k fel a tavaly elhunyt Masaki Kitajima professzorra eml\u00e9kez\u0151 nyit\u00f3el\u0151ad\u00e1s megtart\u00e1s\u00e1ra. A 78 \u00e9vesen sz\u00edvrohamban elhunyt tud\u00f3s a modern seb\u00e9szet meghat\u00e1roz\u00f3 egy\u00e9nis\u00e9ge volt: \u0151 \u00e1llt a Jap\u00e1n Seb\u00e9sz T\u00e1rsas\u00e1g \u00e9s a Nemzetk\u00f6zi Seb\u00e9sz T\u00e1rsas\u00e1g \u00e9l\u00e9n, valamint a Jap\u00e1n- Magyar Seb\u00e9sz T\u00e1rsas\u00e1g alap\u00edt\u00f3 t\u00e1rseln\u00f6ke volt. Munk\u00e1ss\u00e1g\u00e1t a Semmelweis Egyetem Doctor Honoris Causa kit\u00fcntet\u00e9ssel ismerte el.<\/p>\n<p>Az okt\u00f3ber 16-i esem\u00e9ny a j\u00e1rv\u00e1nyhelyzetre tekintettel Toki\u00f3b\u00f3l az online t\u00e9rbe k\u00f6lt\u00f6z\u00f6tt. A virtu\u00e1lis rendezv\u00e9nyhez a vil\u00e1g 13 orsz\u00e1g\u00e1nak t\u00f6bb sz\u00e1z r\u00e9sztvev\u0151je csatlakozott. A konferencia t\u00e9m\u00e1ja a modern seb\u00e9szet egyik leg\u00edg\u00e9retesebb, a hat\u00e9konys\u00e1got jelent\u0151s m\u00e9rt\u00e9kben n\u00f6vel\u0151 \u00e1gazata, a fluorescence-elj\u00e1r\u00e1s, a fluoreszk\u00e1l\u00e1s seb\u00e9szeti alkalmaz\u00e1sa volt. A m\u00f3dszer seg\u00edts\u00e9g\u00e9vel a m\u0171t\u00e9t k\u00f6zben l\u00e1that\u00f3v\u00e1 v\u00e1lik t\u00f6bbek k\u00f6z\u00f6tt a daganatos elv\u00e1ltoz\u00e1sok pontos kiterjed\u00e9se, a m\u0171t\u00e9t sor\u00e1n \u00f6sszevarrt b\u00e9lszakaszok v\u00e9rell\u00e1t\u00e1sa. A V\u00e1rosmajori Sz\u00edv- \u00e9s \u00c9rgy\u00f3gy\u00e1szati Klinika K\u00eds\u00e9rletes Seb\u00e9szeti \u00e9s M\u0171t\u00e9ttani Tansz\u00e9ke illetve a jap\u00e1n International University of Health and Welfare kutat\u00f3i t\u00f6bb \u00e9ves egy\u00fcttm\u0171k\u00f6d\u00e9s keret\u00e9ben vizsg\u00e1lj\u00e1k a m\u00f3dszer gyakorlati alkalmaz\u00e1s\u00e1nak tov\u00e1bbi lehet\u0151s\u00e9geit.<\/p>\n<p>Borb\u00e9ly Zsuzsa<br \/>\nFot\u00f3 forr\u00e1sa: Dr. S\u00e1ndor J\u00f3zsef<\/p>\n","protected":false},"excerpt":{"rendered":"<p>A konferencia t\u00e9m\u00e1ja a modern seb\u00e9szet egyik leg\u00edg\u00e9retesebb, a hat\u00e9konys\u00e1got jelent\u0151s m\u00e9rt\u00e9kben n\u00f6vel\u0151 \u00e1gazata.<\/p>\n","protected":false},"author":101842,"featured_media":100886,"comment_status":"closed","ping_status":"closed","sticky":false,"template":"","format":"standard","meta":{"_acf_changed":false,"footnotes":""},"categories":[161],"tags":[],"class_list":["post-100885","post","type-post","status-publish","format-standard","has-post-thumbnail","hentry","category-tudomany"],"acf":[],"_links":{"self":[{"href":"https:\/\/semmelweis.hu\/hirek\/wp-json\/wp\/v2\/posts\/100885","targetHints":{"allow":["GET"]}}],"collection":[{"href":"https:\/\/semmelweis.hu\/hirek\/wp-json\/wp\/v2\/posts"}],"about":[{"href":"https:\/\/semmelweis.hu\/hirek\/wp-json\/wp\/v2\/types\/post"}],"author":[{"embeddable":true,"href":"https:\/\/semmelweis.hu\/hirek\/wp-json\/wp\/v2\/users\/101842"}],"replies":[{"embeddable":true,"href":"https:\/\/semmelweis.hu\/hirek\/wp-json\/wp\/v2\/comments?post=100885"}],"version-history":[{"count":5,"href":"https:\/\/semmelweis.hu\/hirek\/wp-json\/wp\/v2\/posts\/100885\/revisions"}],"predecessor-version":[{"id":100921,"href":"https:\/\/semmelweis.hu\/hirek\/wp-json\/wp\/v2\/posts\/100885\/revisions\/100921"}],"wp:featuredmedia":[{"embeddable":true,"href":"https:\/\/semmelweis.hu\/hirek\/wp-json\/wp\/v2\/media\/100886"}],"wp:attachment":[{"href":"https:\/\/semmelweis.hu\/hirek\/wp-json\/wp\/v2\/media?parent=100885"}],"wp:term":[{"taxonomy":"category","embeddable":true,"href":"https:\/\/semmelweis.hu\/hirek\/wp-json\/wp\/v2\/categories?post=100885"},{"taxonomy":"post_tag","embeddable":true,"href":"https:\/\/semmelweis.hu\/hirek\/wp-json\/wp\/v2\/tags?post=100885"}],"curies":[{"name":"wp","href":"https:\/\/api.w.org\/{rel}","templated":true}]}}