{"id":100822,"date":"2020-12-14T10:42:55","date_gmt":"2020-12-14T09:42:55","guid":{"rendered":"https:\/\/semmelweis.hu\/hirek\/?p=100822"},"modified":"2020-12-15T09:42:26","modified_gmt":"2020-12-15T08:42:26","slug":"siastok-2020-95-intezmenybol-regisztraltak-resztvevok","status":"publish","type":"post","link":"https:\/\/semmelweis.hu\/hirek\/2020\/12\/14\/siastok-2020-95-intezmenybol-regisztraltak-resztvevok\/","title":{"rendered":"SIASTOK 2020: 95 int\u00e9zm\u00e9nyb\u0151l regisztr\u00e1ltak r\u00e9sztvev\u0151k"},"content":{"rendered":"<div class=\"lead\">A S\u00fcrg\u0151ss\u00e9gi, Intenz\u00edv Ter\u00e1pi\u00e1s, Aneszteziol\u00f3giai Szakter\u00fcletek \u00e9s T\u00e1rsszakm\u00e1k Orsz\u00e1gos Konferenci\u00e1j\u00e1ra id\u00e9n 95 int\u00e9zm\u00e9nyb\u0151l mintegy 450 r\u00e9sztvev\u0151 regisztr\u00e1lt. A k\u00e9tnapos online program szinte minden szekci\u00f3j\u00e1ban t\u00e1rgyaltak koronav\u00edrussal kapcsolatos k\u00e9rd\u00e9seket. A SIASTOK \u00e9s SzVITA el\u0151ad\u00e1sai a regisztr\u00e1ltak sz\u00e1m\u00e1ra december 31-ig el\u00e9rhet\u0151k a rendezv\u00e9nyek online fel\u00fclet\u00e9n.<\/div>\n<p>Id\u00e9n 10. alkalommal, k\u00f6zel sz\u00e1z int\u00e9zm\u00e9ny r\u00e9szv\u00e9tel\u00e9vel rendezte meg a Semmelweis Egyetem Aneszteziol\u00f3giai \u00e9s Intenz\u00edv Ter\u00e1pi\u00e1s Klinik\u00e1ja a SIASTOK (S\u00fcrg\u0151ss\u00e9gi, Intenz\u00edv Ter\u00e1pi\u00e1s, Aneszteziol\u00f3giai Szakter\u00fcletek \u00e9s T\u00e1rsszakm\u00e1k Orsz\u00e1gos Konferenci\u00e1ja) \u00e9s 5. alkalommal a SzVITA (Szakmai V\u00e1ndorgy\u0171l\u00e9s Intenz\u00edv Ter\u00e1pi\u00e1s \u00e9s Aneszteziol\u00f3giai Szakdolgoz\u00f3knak) elnevez\u00e9s\u0171 rendezv\u00e9nyeit.<\/p>\n<p>A konferencia szervez\u0151bizotts\u00e1gnak eln\u00f6ke, dr. G\u00e1l J\u00e1nos, az AITK igazgat\u00f3ja k\u00f6sz\u00f6nt\u0151j\u00e9ben a rendezv\u00e9ny id\u0151szer\u0171s\u00e9g\u00e9re mutatott r\u00e1. Mint fogalmazott, a f\u00e9lelem gyakran az ismeretek hi\u00e1ny\u00e1b\u00f3l fakad, abb\u00f3l, hogy k\u00e9telked\u00fcnk, meg tudunk-e birk\u00f3zni az ismeretlen \u00e9s nem kisz\u00e1m\u00edthat\u00f3 helyzettel. \u201eEnnek a hi\u00e1nynak, bizonytalans\u00e1gnak az egyik leghat\u00e9konyabb ter\u00e1pi\u00e1ja a tud\u00e1s fejleszt\u00e9se, a biztons\u00e1got \u00e9s alkalmazkod\u00e1st megteremt\u0151 ismeretanyag megszerz\u00e9se. \u00c9ppen ez\u00e9rt fontos, hogy olyan id\u0151szakban, amikor energi\u00e1inkat l\u00e1tsz\u00f3lag teljesen lemer\u00edtheti az adott helyzettel val\u00f3 birk\u00f3z\u00e1s, helyet \u00e9s lehet\u0151s\u00e9get adjunk a tud\u00e1s fejleszt\u00e9s\u00e9nek, a tov\u00e1bbk\u00e9pz\u00e9seknek\u201d \u2013 emelte ki.<\/p>\n<p>A hagyom\u00e1nyosan tavasszal tartott kongresszus id\u00e9n biztons\u00e1gi okokb\u00f3l okt\u00f3berben ker\u00fclt megrendez\u00e9sre. A megv\u00e1ltozott k\u00f6r\u00fclm\u00e9nyeket a rendezv\u00e9ny online, koncentr\u00e1lt form\u00e1ja mellett az el\u0151ad\u00e1sok tematik\u00e1ja is t\u00fckr\u00f6zte. A COVID-dal kapcsolatos k\u00e9rd\u00e9seknek szentelt\u00e9k a bevezet\u0151 webinariumot. Itt a t\u00e9m\u00e1k k\u00f6z\u00f6tt \u00e9rintett\u00e9k a koronav\u00edrusra val\u00f3 felk\u00e9sz\u00fcl\u00e9st, a hozz\u00e1 kapcsol\u00f3d\u00f3 klinikai tapasztalatokat, illetve megvizsg\u00e1lt\u00e1k a Tiencsinben (Tianjin) t\u00f6rt\u00e9ntek tanuls\u00e1gait, valamint a hemoszt\u00e1zis v\u00e1ltoz\u00e1sait is COVID-19-ben.<\/p>\n<p>A f\u0151bb tematikus blokkok k\u00f6z\u00f6tt szerepelt az infektol\u00f3gia \u00e9s az intenz\u00edv ter\u00e1pia aktualit\u00e1sai mellett a betegbiztons\u00e1g, betegjog k\u00e9rd\u00e9sei, illetve kiemelt egys\u00e9gben jelent meg az eg\u00e9szs\u00e9g\u00fcgy b\u00e1zis\u00e1t ad\u00f3 szakdolgoz\u00f3k szekci\u00f3ja is. Szinte valamennyi blokkban felmer\u00fcltek a COVID-19-cel kapcsolatos t\u00e9m\u00e1k, hiszen mind az intenz\u00edv ter\u00e1pi\u00e1t, mind az aneszt\u00e9zi\u00e1t komolyan \u00e9rinti a betegs\u00e9g. A j\u00e1rv\u00e1nyhelyzet miatt volt indokolt, hogy a tervezettn\u00e9l el\u0151bb \u00e9s online megtarts\u00e1k a programot: \u00edgy juthattak el min\u00e9l hamarabb a legaktu\u00e1lisabb inform\u00e1ci\u00f3k a szakemberekhez.<\/p>\n<p>Az adott t\u00e9mak\u00f6r\u00f6ket felvezet\u0151 hiteles szaktekint\u00e9lyek a kapcsol\u00f3d\u00f3 aktu\u00e1lis ir\u00e1nyelveket \u00e9s aj\u00e1nl\u00e1sokat is \u00e1ttekintett\u00e9k, \u00edgy a gondolat\u00e9breszt\u0151 el\u0151ad\u00e1sok \u00e9s k\u00e9pz\u00e9sek egyben a szintentart\u00f3 tov\u00e1bbk\u00e9pz\u00e9s szerep\u00e9t is bet\u00f6lt\u00f6tt\u00e9k. A bevezet\u0151 COVID webinar el\u0151ad\u00e1sai november 30-ig, a SIASTOK \u00e9s SzVITA el\u0151ad\u00e1sai december 31-ig el\u00e9rhet\u0151k a rendezv\u00e9nyek online fel\u00fclet\u00e9n, regisztr\u00e1ltak sz\u00e1m\u00e1ra.<\/p>\n<p>A 2020. okt\u00f3ber 30-31-\u00e9n rendezett online programra 450 r\u00e9sztvev\u0151 regisztr\u00e1lt az orsz\u00e1g 95 int\u00e9zm\u00e9ny\u00e9b\u0151l. A k\u00e9tnapos programban 12 szekci\u00f3ban 42 el\u0151ad\u00e1s szerepelt.<\/p>\n<p>Borb\u00e9ly Zsuzsa<br \/>\nFot\u00f3 (kiemelt k\u00e9p): Kov\u00e1cs Attila &#8211; Semmelweis Egyetem<\/p>\n","protected":false},"excerpt":{"rendered":"<p>Az id\u00e9n online megrendezett program szinte minden szekci\u00f3j\u00e1ban t\u00e1rgyaltak koronav\u00edrussal kapcsolatos k\u00e9rd\u00e9seket. <\/p>\n","protected":false},"author":101842,"featured_media":100824,"comment_status":"closed","ping_status":"closed","sticky":false,"template":"","format":"standard","meta":{"_acf_changed":false,"footnotes":""},"categories":[154],"tags":[],"class_list":["post-100822","post","type-post","status-publish","format-standard","has-post-thumbnail","hentry","category-egeszseg"],"acf":[],"_links":{"self":[{"href":"https:\/\/semmelweis.hu\/hirek\/wp-json\/wp\/v2\/posts\/100822","targetHints":{"allow":["GET"]}}],"collection":[{"href":"https:\/\/semmelweis.hu\/hirek\/wp-json\/wp\/v2\/posts"}],"about":[{"href":"https:\/\/semmelweis.hu\/hirek\/wp-json\/wp\/v2\/types\/post"}],"author":[{"embeddable":true,"href":"https:\/\/semmelweis.hu\/hirek\/wp-json\/wp\/v2\/users\/101842"}],"replies":[{"embeddable":true,"href":"https:\/\/semmelweis.hu\/hirek\/wp-json\/wp\/v2\/comments?post=100822"}],"version-history":[{"count":5,"href":"https:\/\/semmelweis.hu\/hirek\/wp-json\/wp\/v2\/posts\/100822\/revisions"}],"predecessor-version":[{"id":100855,"href":"https:\/\/semmelweis.hu\/hirek\/wp-json\/wp\/v2\/posts\/100822\/revisions\/100855"}],"wp:featuredmedia":[{"embeddable":true,"href":"https:\/\/semmelweis.hu\/hirek\/wp-json\/wp\/v2\/media\/100824"}],"wp:attachment":[{"href":"https:\/\/semmelweis.hu\/hirek\/wp-json\/wp\/v2\/media?parent=100822"}],"wp:term":[{"taxonomy":"category","embeddable":true,"href":"https:\/\/semmelweis.hu\/hirek\/wp-json\/wp\/v2\/categories?post=100822"},{"taxonomy":"post_tag","embeddable":true,"href":"https:\/\/semmelweis.hu\/hirek\/wp-json\/wp\/v2\/tags?post=100822"}],"curies":[{"name":"wp","href":"https:\/\/api.w.org\/{rel}","templated":true}]}}