{"id":100811,"date":"2020-12-12T11:31:50","date_gmt":"2020-12-12T10:31:50","guid":{"rendered":"https:\/\/semmelweis.hu\/hirek\/?p=100811"},"modified":"2020-12-12T18:49:38","modified_gmt":"2020-12-12T17:49:38","slug":"gabor-denes-dijat-kapott-dr-fekete-andrea","status":"publish","type":"post","link":"https:\/\/semmelweis.hu\/hirek\/2020\/12\/12\/gabor-denes-dijat-kapott-dr-fekete-andrea\/","title":{"rendered":"G\u00e1bor D\u00e9nes-d\u00edjat kapott dr. Fekete Andrea"},"content":{"rendered":"<div class=\"lead\">Dr. Fekete Andrea, az I. Sz. Gyermekgy\u00f3gy\u00e1szati Klinika egyetemi docense is r\u00e9szes\u00fclt a civil szf\u00e9ra egyik legnevesebb elismer\u00e9s\u00e9ben, melyet a kiemelked\u0151, innov\u00e1ci\u00f3n alapul\u00f3 teljes\u00edtm\u00e9nyek\u00e9rt \u00edt\u00e9lnek oda.<\/div>\n<p>32. alkalommal \u00edt\u00e9lt\u00e9k oda a NOVOFER Alap\u00edtv\u00e1ny \u00e1ltal 1989-ben l\u00e9trehozott G\u00e1bor D\u00e9nes-d\u00edjat, amely c\u00e9lja a m\u0171szaki-szellemi alkot\u00e1sok, a m\u00e9rn\u00f6ki munka \u00e9s a technol\u00f3giai fejleszt\u00e9s egy\u00fcttes\u00e9n alapul\u00f3 innov\u00e1ci\u00f3ban megsz\u00fcletett kiemelked\u0151 teljes\u00edtm\u00e9nyek elismer\u00e9se. Az idei d\u00edjazottak k\u00f6z\u00f6tt van dr. Fekete Andrea kutat\u00f3 gyermekorvos, a Semmelweis Egyetem I. Sz. Gyermekgy\u00f3gy\u00e1szati Klinik\u00e1j\u00e1nak egyetemi docense, a SigmaDrugs egyetemi spin-off c\u00e9g t\u00e1rsalap\u00edt\u00f3 \u00fcgyvezet\u0151je. Az elismer\u00e9st a diab\u00e9tesz okozta sokszervi sz\u00f6v\u0151dm\u00e9nyek le\u00edr\u00e1s\u00e1\u00e9rt \u00e9s \u00faj ter\u00e1pi\u00e1s lehet\u0151s\u00e9gek felfedez\u00e9s\u00e9\u00e9rt, valamint a sz\u00f6vethegesed\u00e9sek kezel\u00e9s\u00e9ben \u00faj c\u00e9lmolekul\u00e1k \u00e9s biol\u00f3giai v\u00e9d\u0151 mechanizmusok azonos\u00edt\u00e1s\u00e1ban vitt vezet\u0151 szerep\u00e9\u00e9rt \u00e9rdemelte ki, amelynek egyik eredm\u00e9nye, novemberben megkezd\u0151d\u00f6tt az a f\u00e1zis II tanulm\u00e1ny, amelynek keretei k\u00f6z\u00f6tt k\u00f6z\u00e9ps\u00falyos COVID betegek r\u00e9szes\u00fclnek fluvoxamin ter\u00e1pi\u00e1ban.<\/p>\n<p><img loading=\"lazy\" decoding=\"async\" class=\"aligncenter size-full wp-image-100814\" src=\"https:\/\/semmelweis.hu\/hirek\/files\/2020\/12\/RS126286_C19A0021-scr.jpg\" alt=\"\" width=\"1200\" height=\"800\" srcset=\"https:\/\/semmelweis.hu\/hirek\/files\/2020\/12\/RS126286_C19A0021-scr.jpg 1200w, https:\/\/semmelweis.hu\/hirek\/files\/2020\/12\/RS126286_C19A0021-scr-400x267.jpg 400w, https:\/\/semmelweis.hu\/hirek\/files\/2020\/12\/RS126286_C19A0021-scr-900x600.jpg 900w, https:\/\/semmelweis.hu\/hirek\/files\/2020\/12\/RS126286_C19A0021-scr-768x512.jpg 768w, https:\/\/semmelweis.hu\/hirek\/files\/2020\/12\/RS126286_C19A0021-scr-753x502.jpg 753w, https:\/\/semmelweis.hu\/hirek\/files\/2020\/12\/RS126286_C19A0021-scr-203x135.jpg 203w\" sizes=\"auto, (max-width: 1200px) 100vw, 1200px\" \/>A dr. Fekete Andrea vezette kutat\u00f3csoportr\u00f3l, amely a t\u00fcd\u0151hegesed\u00e9s kezel\u00e9s\u00e9ben hat\u00e9kony fluvoxamin ter\u00e1pia eredm\u00e9nyess\u00e9g\u00e9t vizsg\u00e1lja, <a href=\"https:\/\/semmelweis.hu\/hirek\/2020\/11\/06\/uj-magyar-szabadalom-remeny-a-covid-19-szovodmenyeinek-gyogyitasara\/\" target=\"_blank\" rel=\"noopener noreferrer\">ebben a cikk\u00fcnkben \u00edrtunk b\u0151vebben<\/a>.<\/p>\n<p>Az elismer\u00e9s \u00fcnnep\u00e9lyes \u00e1tad\u00e1sa hagyom\u00e1nyosan decemberben, az Orsz\u00e1gh\u00e1zban t\u00f6rt\u00e9nik, \u00e1m id\u00e9n a j\u00e1rv\u00e1nyhelyzet miatt ezt j\u00f6v\u0151 \u00e9vre halasztott\u00e1k. A d\u00edjr\u00f3l sz\u00f3l\u00f3 \u00e9ves kiadv\u00e1ny azonban let\u00f6lthet\u0151 a <a href=\"http:\/\/www.gabordenes.hu\/gabor-denes-dij-2020\/\">hivatalos honlapr\u00f3l<\/a> \u00e9s digit\u00e1lisan is olvashat\u00f3.<\/p>\n<p>A G\u00e1bor D\u00e9nes-d\u00edjban eddig 248-an r\u00e9szes\u00fcltek, id\u00e9n 7 f\u0151nek \u00edt\u00e9ltek oda, egy f\u0151t pedig In Memoriam d\u00edjaztak. A 2020. \u00e9vi d\u00edjazottak teljes <a href=\"http:\/\/www.gabordenes.hu\/gabor-denes-dij-2020\/\">list\u00e1ja ide kattintva olvashat\u00f3<\/a>.<\/p>\n<p>Szab\u00f3 \u00c1d\u00e1m<br \/>\nFot\u00f3: Kov\u00e1cs Attila &#8211; Semmelweis Egyetem<\/p>\n","protected":false},"excerpt":{"rendered":"<p>Az elismer\u00e9s a civil szf\u00e9ra egyik legnevesebb d\u00edja, melyet a kiemelked\u0151, innov\u00e1ci\u00f3n alapul\u00f3 teljes\u00edtm\u00e9nyek\u00e9rt \u00edt\u00e9lnek oda.<\/p>\n","protected":false},"author":101751,"featured_media":100814,"comment_status":"closed","ping_status":"closed","sticky":false,"template":"","format":"standard","meta":{"_acf_changed":false,"footnotes":""},"categories":[157,168],"tags":[],"class_list":["post-100811","post","type-post","status-publish","format-standard","has-post-thumbnail","hentry","category-semmelweis-vilag","category-kiemelt"],"acf":[],"_links":{"self":[{"href":"https:\/\/semmelweis.hu\/hirek\/wp-json\/wp\/v2\/posts\/100811","targetHints":{"allow":["GET"]}}],"collection":[{"href":"https:\/\/semmelweis.hu\/hirek\/wp-json\/wp\/v2\/posts"}],"about":[{"href":"https:\/\/semmelweis.hu\/hirek\/wp-json\/wp\/v2\/types\/post"}],"author":[{"embeddable":true,"href":"https:\/\/semmelweis.hu\/hirek\/wp-json\/wp\/v2\/users\/101751"}],"replies":[{"embeddable":true,"href":"https:\/\/semmelweis.hu\/hirek\/wp-json\/wp\/v2\/comments?post=100811"}],"version-history":[{"count":5,"href":"https:\/\/semmelweis.hu\/hirek\/wp-json\/wp\/v2\/posts\/100811\/revisions"}],"predecessor-version":[{"id":100819,"href":"https:\/\/semmelweis.hu\/hirek\/wp-json\/wp\/v2\/posts\/100811\/revisions\/100819"}],"wp:featuredmedia":[{"embeddable":true,"href":"https:\/\/semmelweis.hu\/hirek\/wp-json\/wp\/v2\/media\/100814"}],"wp:attachment":[{"href":"https:\/\/semmelweis.hu\/hirek\/wp-json\/wp\/v2\/media?parent=100811"}],"wp:term":[{"taxonomy":"category","embeddable":true,"href":"https:\/\/semmelweis.hu\/hirek\/wp-json\/wp\/v2\/categories?post=100811"},{"taxonomy":"post_tag","embeddable":true,"href":"https:\/\/semmelweis.hu\/hirek\/wp-json\/wp\/v2\/tags?post=100811"}],"curies":[{"name":"wp","href":"https:\/\/api.w.org\/{rel}","templated":true}]}}